{"id":72211,"date":"2022-03-26T05:50:56","date_gmt":"2022-03-26T09:50:56","guid":{"rendered":"https:\/\/www.eldiario.net\/portal\/?p=72211"},"modified":"2022-03-26T05:50:56","modified_gmt":"2022-03-26T09:50:56","slug":"presunto-feminicida-de-vania-t-fue-enviado-a-chonchocoro","status":"publish","type":"post","link":"https:\/\/www.eldiario.net\/portal\/2022\/03\/26\/presunto-feminicida-de-vania-t-fue-enviado-a-chonchocoro\/","title":{"rendered":"Presunto feminicida de Vania T.  fue enviado a Chonchocoro"},"content":{"rendered":"<p>El juez del Juzgado Tercero Anticorrupci\u00f3n y de Violencia Contra la Mujer, determin\u00f3 ayer enviar con detenci\u00f3n preventiva, por seis meses, al penal de m\u00e1xima seguridad de Chonchocoro al presunto feminicida de Vania T.<br \/>\nVladimir I., presunto feminicida, fue detenido la tarde del mi\u00e9rcoles por la Polic\u00eda en el municipio de San Borja, en el departamento de Beni, donde hab\u00eda huido luego de declarar que su pareja se hab\u00eda quitado la vida.<br \/>\nDe acuerdo a la coordinadora de la Fiscal\u00eda de La Paz, Nilda Calle, Vladimir confes\u00f3 a su amigo, a trav\u00e9s de mensajes de Facebook, que cometi\u00f3 el crimen.<br \/>\nDe acuerdo con los antecedentes del caso, el hecho ocurri\u00f3 la noche del 18 de febrero en el domicilio de la pareja y la madrugada del 19, el padre acompa\u00f1\u00f3 a su hijo para prestar su declaraci\u00f3n donde dijo que Vania se hab\u00eda quitado la vida, despu\u00e9s ambos se retiraron y no se supo m\u00e1s del sindicado.<br \/>\nEl amigo de Vladimir que fue enviado con detenci\u00f3n preventiva el jueves, declar\u00f3 que, mediante un chat, le confes\u00f3 el crimen. \u201cMe llam\u00f3 una tarde para contarme de las peleas que ten\u00eda con su enamorada. Pasaron cuatro d\u00edas y me escribi\u00f3: me la voy a bajar. Yo respondo que no haga eso, y le dije que le voy a denunciar\u201d, se lee en la declaraci\u00f3n del amigo, a la que tuvo acceso Unitel.<br \/>\nLa declaraci\u00f3n del amigo dice que el 18 de febrero de 2022, Vladimir le envi\u00f3 un video que mostraba a la joven sin vida. \u201cEstaba tirada en el piso boca arriba y con los ojos abiertos, estaba solo con ropa interior\u201d, a\u00f1adi\u00f3.<br \/>\nEl amigo dijo tambi\u00e9n que el padre de Vladimir ten\u00eda la intenci\u00f3n de ayudar a su hijo a salir del pa\u00eds. \u201cMe dijo que su pap\u00e1 lo iba a ayudar a salir del pa\u00eds\u201d, agreg\u00f3.<br \/>\nLa autopsia estableci\u00f3 que Vania fue agredida de forma continua y los ex\u00e1menes forenses descartaron que se hubiera tratado de un suicidio.<\/p>\n","protected":false},"excerpt":{"rendered":"<p>El juez del Juzgado Tercero Anticorrupci\u00f3n y de Violencia Contra la Mujer, determin\u00f3 ayer enviar con detenci\u00f3n preventiva, por seis meses, al penal de m\u00e1xima seguridad de Chonchocoro al presunto feminicida de Vania T. Vladimir I., presunto feminicida, fue detenido la tarde del mi\u00e9rcoles por la Polic\u00eda en el municipio de San Borja, en el [&hellip;]<\/p>\n","protected":false},"author":1,"featured_media":72212,"comment_status":"closed","ping_status":"closed","sticky":false,"template":"","format":"standard","meta":{"_acf_changed":false,"footnotes":""},"categories":[39],"tags":[],"class_list":["post-72211","post","type-post","status-publish","format-standard","has-post-thumbnail","category-sociedad"],"acf":{"antetitulo":""},"yoast_head":"<!-- This site is optimized with the Yoast SEO plugin v28.3 - https:\/\/yoast.com\/product\/yoast-seo-wordpress\/ -->\n<title>Presunto feminicida de Vania T. fue enviado a Chonchocoro - El Diario - Bolivia<\/title>\n<meta name=\"robots\" content=\"index, follow, max-snippet:-1, max-image-preview:large, max-video-preview:-1\" \/>\n<link rel=\"canonical\" href=\"https:\/\/www.eldiario.net\/portal\/2022\/03\/26\/presunto-feminicida-de-vania-t-fue-enviado-a-chonchocoro\/\" \/>\n<meta property=\"og:locale\" content=\"es_ES\" \/>\n<meta property=\"og:type\" content=\"article\" \/>\n<meta property=\"og:title\" content=\"Presunto feminicida de Vania T. fue enviado a Chonchocoro - El Diario - Bolivia\" \/>\n<meta property=\"og:description\" content=\"El juez del Juzgado Tercero Anticorrupci\u00f3n y de Violencia Contra la Mujer, determin\u00f3 ayer enviar con detenci\u00f3n preventiva, por seis meses, al penal de m\u00e1xima seguridad de Chonchocoro al presunto feminicida de Vania T. Vladimir I., presunto feminicida, fue detenido la tarde del mi\u00e9rcoles por la Polic\u00eda en el municipio de San Borja, en el [&hellip;]\" \/>\n<meta property=\"og:url\" content=\"https:\/\/www.eldiario.net\/portal\/2022\/03\/26\/presunto-feminicida-de-vania-t-fue-enviado-a-chonchocoro\/\" \/>\n<meta property=\"og:site_name\" content=\"El Diario - Bolivia\" \/>\n<meta property=\"article:publisher\" content=\"https:\/\/www.facebook.com\/eldiario.bolivia\/\" \/>\n<meta property=\"article:published_time\" content=\"2022-03-26T09:50:56+00:00\" \/>\n<meta property=\"og:image\" content=\"https:\/\/www.eldiario.net\/portal\/wp-content\/uploads\/2022\/03\/VANIA-1.jpg\" \/>\n\t<meta property=\"og:image:width\" content=\"1599\" \/>\n\t<meta property=\"og:image:height\" content=\"1066\" \/>\n\t<meta property=\"og:image:type\" content=\"image\/jpeg\" \/>\n<meta name=\"author\" content=\"Jeanette\" \/>\n<meta name=\"twitter:card\" content=\"summary_large_image\" \/>\n<meta name=\"twitter:creator\" content=\"@eldiario_net\" \/>\n<meta name=\"twitter:site\" content=\"@eldiario_net\" \/>\n<meta name=\"twitter:label1\" content=\"Escrito por\" \/>\n\t<meta name=\"twitter:data1\" content=\"Jeanette\" \/>\n\t<meta name=\"twitter:label2\" content=\"Tiempo de lectura\" \/>\n\t<meta name=\"twitter:data2\" content=\"2 minutos\" \/>\n<script type=\"application\/ld+json\" class=\"yoast-schema-graph\">{\"@context\":\"https:\\\/\\\/schema.org\",\"@graph\":[{\"@type\":\"Article\",\"@id\":\"https:\\\/\\\/www.eldiario.net\\\/portal\\\/2022\\\/03\\\/26\\\/presunto-feminicida-de-vania-t-fue-enviado-a-chonchocoro\\\/#article\",\"isPartOf\":{\"@id\":\"https:\\\/\\\/www.eldiario.net\\\/portal\\\/2022\\\/03\\\/26\\\/presunto-feminicida-de-vania-t-fue-enviado-a-chonchocoro\\\/\"},\"author\":{\"name\":\"Jeanette\",\"@id\":\"https:\\\/\\\/www.eldiario.net\\\/portal\\\/#\\\/schema\\\/person\\\/f46445640444750d7d753ccd04ae01b7\"},\"headline\":\"Presunto feminicida de Vania T. fue enviado a Chonchocoro\",\"datePublished\":\"2022-03-26T09:50:56+00:00\",\"mainEntityOfPage\":{\"@id\":\"https:\\\/\\\/www.eldiario.net\\\/portal\\\/2022\\\/03\\\/26\\\/presunto-feminicida-de-vania-t-fue-enviado-a-chonchocoro\\\/\"},\"wordCount\":359,\"publisher\":{\"@id\":\"https:\\\/\\\/www.eldiario.net\\\/portal\\\/#organization\"},\"image\":{\"@id\":\"https:\\\/\\\/www.eldiario.net\\\/portal\\\/2022\\\/03\\\/26\\\/presunto-feminicida-de-vania-t-fue-enviado-a-chonchocoro\\\/#primaryimage\"},\"thumbnailUrl\":\"https:\\\/\\\/www.eldiario.net\\\/portal\\\/wp-content\\\/uploads\\\/2022\\\/03\\\/VANIA-1.jpg\",\"articleSection\":[\"Sociedad - Seguridad\"],\"inLanguage\":\"es\"},{\"@type\":\"WebPage\",\"@id\":\"https:\\\/\\\/www.eldiario.net\\\/portal\\\/2022\\\/03\\\/26\\\/presunto-feminicida-de-vania-t-fue-enviado-a-chonchocoro\\\/\",\"url\":\"https:\\\/\\\/www.eldiario.net\\\/portal\\\/2022\\\/03\\\/26\\\/presunto-feminicida-de-vania-t-fue-enviado-a-chonchocoro\\\/\",\"name\":\"Presunto feminicida de Vania T. fue enviado a Chonchocoro - El Diario - Bolivia\",\"isPartOf\":{\"@id\":\"https:\\\/\\\/www.eldiario.net\\\/portal\\\/#website\"},\"primaryImageOfPage\":{\"@id\":\"https:\\\/\\\/www.eldiario.net\\\/portal\\\/2022\\\/03\\\/26\\\/presunto-feminicida-de-vania-t-fue-enviado-a-chonchocoro\\\/#primaryimage\"},\"image\":{\"@id\":\"https:\\\/\\\/www.eldiario.net\\\/portal\\\/2022\\\/03\\\/26\\\/presunto-feminicida-de-vania-t-fue-enviado-a-chonchocoro\\\/#primaryimage\"},\"thumbnailUrl\":\"https:\\\/\\\/www.eldiario.net\\\/portal\\\/wp-content\\\/uploads\\\/2022\\\/03\\\/VANIA-1.jpg\",\"datePublished\":\"2022-03-26T09:50:56+00:00\",\"breadcrumb\":{\"@id\":\"https:\\\/\\\/www.eldiario.net\\\/portal\\\/2022\\\/03\\\/26\\\/presunto-feminicida-de-vania-t-fue-enviado-a-chonchocoro\\\/#breadcrumb\"},\"inLanguage\":\"es\",\"potentialAction\":[{\"@type\":\"ReadAction\",\"target\":[\"https:\\\/\\\/www.eldiario.net\\\/portal\\\/2022\\\/03\\\/26\\\/presunto-feminicida-de-vania-t-fue-enviado-a-chonchocoro\\\/\"]}]},{\"@type\":\"ImageObject\",\"inLanguage\":\"es\",\"@id\":\"https:\\\/\\\/www.eldiario.net\\\/portal\\\/2022\\\/03\\\/26\\\/presunto-feminicida-de-vania-t-fue-enviado-a-chonchocoro\\\/#primaryimage\",\"url\":\"https:\\\/\\\/www.eldiario.net\\\/portal\\\/wp-content\\\/uploads\\\/2022\\\/03\\\/VANIA-1.jpg\",\"contentUrl\":\"https:\\\/\\\/www.eldiario.net\\\/portal\\\/wp-content\\\/uploads\\\/2022\\\/03\\\/VANIA-1.jpg\",\"width\":1599,\"height\":1066,\"caption\":\"VLADIMIR I., PRESUNTO FEMINICIDA DE VANIA T., CUANDO FUE PRESENTADO A LOS MEDIOS DE COMUNICACI\u00d3N.\"},{\"@type\":\"BreadcrumbList\",\"@id\":\"https:\\\/\\\/www.eldiario.net\\\/portal\\\/2022\\\/03\\\/26\\\/presunto-feminicida-de-vania-t-fue-enviado-a-chonchocoro\\\/#breadcrumb\",\"itemListElement\":[{\"@type\":\"ListItem\",\"position\":1,\"name\":\"Portada\",\"item\":\"https:\\\/\\\/www.eldiario.net\\\/portal\\\/\"},{\"@type\":\"ListItem\",\"position\":2,\"name\":\"Presunto feminicida de Vania T. fue enviado a Chonchocoro\"}]},{\"@type\":\"WebSite\",\"@id\":\"https:\\\/\\\/www.eldiario.net\\\/portal\\\/#website\",\"url\":\"https:\\\/\\\/www.eldiario.net\\\/portal\\\/\",\"name\":\"El Diario - Decano de la prensa nacional\",\"description\":\"El Diario - Decano de la prensa nacional\",\"publisher\":{\"@id\":\"https:\\\/\\\/www.eldiario.net\\\/portal\\\/#organization\"},\"potentialAction\":[{\"@type\":\"SearchAction\",\"target\":{\"@type\":\"EntryPoint\",\"urlTemplate\":\"https:\\\/\\\/www.eldiario.net\\\/portal\\\/?s={search_term_string}\"},\"query-input\":{\"@type\":\"PropertyValueSpecification\",\"valueRequired\":true,\"valueName\":\"search_term_string\"}}],\"inLanguage\":\"es\"},{\"@type\":\"Organization\",\"@id\":\"https:\\\/\\\/www.eldiario.net\\\/portal\\\/#organization\",\"name\":\"El Diario - Decano de la prensa nacional\",\"url\":\"https:\\\/\\\/www.eldiario.net\\\/portal\\\/\",\"logo\":{\"@type\":\"ImageObject\",\"inLanguage\":\"es\",\"@id\":\"https:\\\/\\\/www.eldiario.net\\\/portal\\\/#\\\/schema\\\/logo\\\/image\\\/\",\"url\":\"https:\\\/\\\/www.eldiario.net\\\/portal\\\/wp-content\\\/uploads\\\/2023\\\/07\\\/logo_ED.jpg\",\"contentUrl\":\"https:\\\/\\\/www.eldiario.net\\\/portal\\\/wp-content\\\/uploads\\\/2023\\\/07\\\/logo_ED.jpg\",\"width\":272,\"height\":52,\"caption\":\"El Diario - Decano de la prensa nacional\"},\"image\":{\"@id\":\"https:\\\/\\\/www.eldiario.net\\\/portal\\\/#\\\/schema\\\/logo\\\/image\\\/\"},\"sameAs\":[\"https:\\\/\\\/www.facebook.com\\\/eldiario.bolivia\\\/\",\"https:\\\/\\\/x.com\\\/eldiario_net\"]},{\"@type\":\"Person\",\"@id\":\"https:\\\/\\\/www.eldiario.net\\\/portal\\\/#\\\/schema\\\/person\\\/f46445640444750d7d753ccd04ae01b7\",\"name\":\"Jeanette\",\"image\":{\"@type\":\"ImageObject\",\"inLanguage\":\"es\",\"@id\":\"https:\\\/\\\/secure.gravatar.com\\\/avatar\\\/3ea2118a5f7dad2b7138b1187a6b7ee55f160b9968b66013c3a3ef39dd7e5798?s=96&d=mm&r=g\",\"url\":\"https:\\\/\\\/secure.gravatar.com\\\/avatar\\\/3ea2118a5f7dad2b7138b1187a6b7ee55f160b9968b66013c3a3ef39dd7e5798?s=96&d=mm&r=g\",\"contentUrl\":\"https:\\\/\\\/secure.gravatar.com\\\/avatar\\\/3ea2118a5f7dad2b7138b1187a6b7ee55f160b9968b66013c3a3ef39dd7e5798?s=96&d=mm&r=g\",\"caption\":\"Jeanette\"},\"sameAs\":[\"https:\\\/\\\/www.eldiario.net\\\/portal\"],\"url\":\"https:\\\/\\\/www.eldiario.net\\\/portal\\\/author\\\/jeanette\\\/\"}]}<\/script>\n<!-- \/ Yoast SEO plugin. -->","yoast_head_json":{"title":"Presunto feminicida de Vania T. fue enviado a Chonchocoro - El Diario - Bolivia","robots":{"index":"index","follow":"follow","max-snippet":"max-snippet:-1","max-image-preview":"max-image-preview:large","max-video-preview":"max-video-preview:-1"},"canonical":"https:\/\/www.eldiario.net\/portal\/2022\/03\/26\/presunto-feminicida-de-vania-t-fue-enviado-a-chonchocoro\/","og_locale":"es_ES","og_type":"article","og_title":"Presunto feminicida de Vania T. fue enviado a Chonchocoro - El Diario - Bolivia","og_description":"El juez del Juzgado Tercero Anticorrupci\u00f3n y de Violencia Contra la Mujer, determin\u00f3 ayer enviar con detenci\u00f3n preventiva, por seis meses, al penal de m\u00e1xima seguridad de Chonchocoro al presunto feminicida de Vania T. Vladimir I., presunto feminicida, fue detenido la tarde del mi\u00e9rcoles por la Polic\u00eda en el municipio de San Borja, en el [&hellip;]","og_url":"https:\/\/www.eldiario.net\/portal\/2022\/03\/26\/presunto-feminicida-de-vania-t-fue-enviado-a-chonchocoro\/","og_site_name":"El Diario - Bolivia","article_publisher":"https:\/\/www.facebook.com\/eldiario.bolivia\/","article_published_time":"2022-03-26T09:50:56+00:00","og_image":[{"width":1599,"height":1066,"url":"https:\/\/www.eldiario.net\/portal\/wp-content\/uploads\/2022\/03\/VANIA-1.jpg","type":"image\/jpeg"}],"author":"Jeanette","twitter_card":"summary_large_image","twitter_creator":"@eldiario_net","twitter_site":"@eldiario_net","twitter_misc":{"Escrito por":"Jeanette","Tiempo de lectura":"2 minutos"},"schema":{"@context":"https:\/\/schema.org","@graph":[{"@type":"Article","@id":"https:\/\/www.eldiario.net\/portal\/2022\/03\/26\/presunto-feminicida-de-vania-t-fue-enviado-a-chonchocoro\/#article","isPartOf":{"@id":"https:\/\/www.eldiario.net\/portal\/2022\/03\/26\/presunto-feminicida-de-vania-t-fue-enviado-a-chonchocoro\/"},"author":{"name":"Jeanette","@id":"https:\/\/www.eldiario.net\/portal\/#\/schema\/person\/f46445640444750d7d753ccd04ae01b7"},"headline":"Presunto feminicida de Vania T. fue enviado a Chonchocoro","datePublished":"2022-03-26T09:50:56+00:00","mainEntityOfPage":{"@id":"https:\/\/www.eldiario.net\/portal\/2022\/03\/26\/presunto-feminicida-de-vania-t-fue-enviado-a-chonchocoro\/"},"wordCount":359,"publisher":{"@id":"https:\/\/www.eldiario.net\/portal\/#organization"},"image":{"@id":"https:\/\/www.eldiario.net\/portal\/2022\/03\/26\/presunto-feminicida-de-vania-t-fue-enviado-a-chonchocoro\/#primaryimage"},"thumbnailUrl":"https:\/\/www.eldiario.net\/portal\/wp-content\/uploads\/2022\/03\/VANIA-1.jpg","articleSection":["Sociedad - Seguridad"],"inLanguage":"es"},{"@type":"WebPage","@id":"https:\/\/www.eldiario.net\/portal\/2022\/03\/26\/presunto-feminicida-de-vania-t-fue-enviado-a-chonchocoro\/","url":"https:\/\/www.eldiario.net\/portal\/2022\/03\/26\/presunto-feminicida-de-vania-t-fue-enviado-a-chonchocoro\/","name":"Presunto feminicida de Vania T. fue enviado a Chonchocoro - El Diario - Bolivia","isPartOf":{"@id":"https:\/\/www.eldiario.net\/portal\/#website"},"primaryImageOfPage":{"@id":"https:\/\/www.eldiario.net\/portal\/2022\/03\/26\/presunto-feminicida-de-vania-t-fue-enviado-a-chonchocoro\/#primaryimage"},"image":{"@id":"https:\/\/www.eldiario.net\/portal\/2022\/03\/26\/presunto-feminicida-de-vania-t-fue-enviado-a-chonchocoro\/#primaryimage"},"thumbnailUrl":"https:\/\/www.eldiario.net\/portal\/wp-content\/uploads\/2022\/03\/VANIA-1.jpg","datePublished":"2022-03-26T09:50:56+00:00","breadcrumb":{"@id":"https:\/\/www.eldiario.net\/portal\/2022\/03\/26\/presunto-feminicida-de-vania-t-fue-enviado-a-chonchocoro\/#breadcrumb"},"inLanguage":"es","potentialAction":[{"@type":"ReadAction","target":["https:\/\/www.eldiario.net\/portal\/2022\/03\/26\/presunto-feminicida-de-vania-t-fue-enviado-a-chonchocoro\/"]}]},{"@type":"ImageObject","inLanguage":"es","@id":"https:\/\/www.eldiario.net\/portal\/2022\/03\/26\/presunto-feminicida-de-vania-t-fue-enviado-a-chonchocoro\/#primaryimage","url":"https:\/\/www.eldiario.net\/portal\/wp-content\/uploads\/2022\/03\/VANIA-1.jpg","contentUrl":"https:\/\/www.eldiario.net\/portal\/wp-content\/uploads\/2022\/03\/VANIA-1.jpg","width":1599,"height":1066,"caption":"VLADIMIR I., PRESUNTO FEMINICIDA DE VANIA T., CUANDO FUE PRESENTADO A LOS MEDIOS DE COMUNICACI\u00d3N."},{"@type":"BreadcrumbList","@id":"https:\/\/www.eldiario.net\/portal\/2022\/03\/26\/presunto-feminicida-de-vania-t-fue-enviado-a-chonchocoro\/#breadcrumb","itemListElement":[{"@type":"ListItem","position":1,"name":"Portada","item":"https:\/\/www.eldiario.net\/portal\/"},{"@type":"ListItem","position":2,"name":"Presunto feminicida de Vania T. fue enviado a Chonchocoro"}]},{"@type":"WebSite","@id":"https:\/\/www.eldiario.net\/portal\/#website","url":"https:\/\/www.eldiario.net\/portal\/","name":"El Diario - Decano de la prensa nacional","description":"El Diario - Decano de la prensa nacional","publisher":{"@id":"https:\/\/www.eldiario.net\/portal\/#organization"},"potentialAction":[{"@type":"SearchAction","target":{"@type":"EntryPoint","urlTemplate":"https:\/\/www.eldiario.net\/portal\/?s={search_term_string}"},"query-input":{"@type":"PropertyValueSpecification","valueRequired":true,"valueName":"search_term_string"}}],"inLanguage":"es"},{"@type":"Organization","@id":"https:\/\/www.eldiario.net\/portal\/#organization","name":"El Diario - Decano de la prensa nacional","url":"https:\/\/www.eldiario.net\/portal\/","logo":{"@type":"ImageObject","inLanguage":"es","@id":"https:\/\/www.eldiario.net\/portal\/#\/schema\/logo\/image\/","url":"https:\/\/www.eldiario.net\/portal\/wp-content\/uploads\/2023\/07\/logo_ED.jpg","contentUrl":"https:\/\/www.eldiario.net\/portal\/wp-content\/uploads\/2023\/07\/logo_ED.jpg","width":272,"height":52,"caption":"El Diario - Decano de la prensa nacional"},"image":{"@id":"https:\/\/www.eldiario.net\/portal\/#\/schema\/logo\/image\/"},"sameAs":["https:\/\/www.facebook.com\/eldiario.bolivia\/","https:\/\/x.com\/eldiario_net"]},{"@type":"Person","@id":"https:\/\/www.eldiario.net\/portal\/#\/schema\/person\/f46445640444750d7d753ccd04ae01b7","name":"Jeanette","image":{"@type":"ImageObject","inLanguage":"es","@id":"https:\/\/secure.gravatar.com\/avatar\/3ea2118a5f7dad2b7138b1187a6b7ee55f160b9968b66013c3a3ef39dd7e5798?s=96&d=mm&r=g","url":"https:\/\/secure.gravatar.com\/avatar\/3ea2118a5f7dad2b7138b1187a6b7ee55f160b9968b66013c3a3ef39dd7e5798?s=96&d=mm&r=g","contentUrl":"https:\/\/secure.gravatar.com\/avatar\/3ea2118a5f7dad2b7138b1187a6b7ee55f160b9968b66013c3a3ef39dd7e5798?s=96&d=mm&r=g","caption":"Jeanette"},"sameAs":["https:\/\/www.eldiario.net\/portal"],"url":"https:\/\/www.eldiario.net\/portal\/author\/jeanette\/"}]}},"_links":{"self":[{"href":"https:\/\/www.eldiario.net\/portal\/wp-json\/wp\/v2\/posts\/72211","targetHints":{"allow":["GET"]}}],"collection":[{"href":"https:\/\/www.eldiario.net\/portal\/wp-json\/wp\/v2\/posts"}],"about":[{"href":"https:\/\/www.eldiario.net\/portal\/wp-json\/wp\/v2\/types\/post"}],"author":[{"embeddable":true,"href":"https:\/\/www.eldiario.net\/portal\/wp-json\/wp\/v2\/users\/1"}],"replies":[{"embeddable":true,"href":"https:\/\/www.eldiario.net\/portal\/wp-json\/wp\/v2\/comments?post=72211"}],"version-history":[{"count":0,"href":"https:\/\/www.eldiario.net\/portal\/wp-json\/wp\/v2\/posts\/72211\/revisions"}],"wp:featuredmedia":[{"embeddable":true,"href":"https:\/\/www.eldiario.net\/portal\/wp-json\/wp\/v2\/media\/72212"}],"wp:attachment":[{"href":"https:\/\/www.eldiario.net\/portal\/wp-json\/wp\/v2\/media?parent=72211"}],"wp:term":[{"taxonomy":"category","embeddable":true,"href":"https:\/\/www.eldiario.net\/portal\/wp-json\/wp\/v2\/categories?post=72211"},{"taxonomy":"post_tag","embeddable":true,"href":"https:\/\/www.eldiario.net\/portal\/wp-json\/wp\/v2\/tags?post=72211"}],"curies":[{"name":"wp","href":"https:\/\/api.w.org\/{rel}","templated":true}]}}