{"id":72209,"date":"2022-03-26T05:50:14","date_gmt":"2022-03-26T09:50:14","guid":{"rendered":"https:\/\/www.eldiario.net\/portal\/?p=72209"},"modified":"2022-03-26T05:50:14","modified_gmt":"2022-03-26T09:50:14","slug":"fiscalia-indaga-a-empresa-que-oferto-ambulancias-a-potosi","status":"publish","type":"post","link":"https:\/\/www.eldiario.net\/portal\/2022\/03\/26\/fiscalia-indaga-a-empresa-que-oferto-ambulancias-a-potosi\/","title":{"rendered":"Fiscal\u00eda indaga a empresa que  ofert\u00f3 ambulancias a Potos\u00ed"},"content":{"rendered":"<p>El Ministerio P\u00fablico solicit\u00f3 informaci\u00f3n a Fundempresa para ver si Estefals Logistics, firma que ofert\u00f3 41 ambulancias al Gobierno Aut\u00f3nomo Departamental de Potos\u00ed, existe, inform\u00f3 ayer la fiscal departamental de la Villa Imperial, Roxana Choque, a tiempo de aclarar que ya se tom\u00f3 declaraciones a testigos y el gobernador Johnny Mamani.<br \/>\nApunt\u00f3 que el caso se inici\u00f3 contra el autor o autores, luego se ampli\u00f3 contra Mamani y otros, adem\u00e1s ya prestaron su declaraci\u00f3n varios testigos responsables del proceso de contrataci\u00f3n. Los delitos investigados son falsedad ideol\u00f3gica, incumplimiento de deberes, da\u00f1o econ\u00f3mico al Estado, entre otros.<br \/>\n\u201cEl Ministerio P\u00fablico realiz\u00f3 una serie de actuaciones e incluso se logr\u00f3 ampliar el caso en contra de personas m\u00e1s concretas, el proceso est\u00e1 contra el Gobernador y otras personas, entre ellos funcionarios de esa instituci\u00f3n. Son varios los actuados que ya se han hecho y todav\u00eda est\u00e1n dentro del plazo de la etapa preliminar\u201d, explic\u00f3 Choque.<br \/>\nApunt\u00f3 que entre los actuados ya desarrollados est\u00e1n varios requerimientos a instituciones p\u00fablicas como privadas y entidades financieras para establecer si hubieran existido movimientos econ\u00f3micos de la Gobernaci\u00f3n hacia la empresa investigada por la adquisici\u00f3n de las movilidades.<br \/>\nAgreg\u00f3 que tambi\u00e9n se hicieron allanamientos a la Gobernaci\u00f3n, al Servicio Departamental de Salud (Sedes) y otras dependencias. Durante la audiencia con la autoridad jurisdiccional se realiz\u00f3 la apertura de sobres que fueron secuestrados y ya est\u00e1 en an\u00e1lisis.<\/p>\n","protected":false},"excerpt":{"rendered":"<p>El Ministerio P\u00fablico solicit\u00f3 informaci\u00f3n a Fundempresa para ver si Estefals Logistics, firma que ofert\u00f3 41 ambulancias al Gobierno Aut\u00f3nomo Departamental de Potos\u00ed, existe, inform\u00f3 ayer la fiscal departamental de la Villa Imperial, Roxana Choque, a tiempo de aclarar que ya se tom\u00f3 declaraciones a testigos y el gobernador Johnny Mamani. Apunt\u00f3 que el caso [&hellip;]<\/p>\n","protected":false},"author":1,"featured_media":72207,"comment_status":"closed","ping_status":"closed","sticky":false,"template":"","format":"standard","meta":{"_acf_changed":false,"footnotes":""},"categories":[39],"tags":[],"class_list":["post-72209","post","type-post","status-publish","format-standard","has-post-thumbnail","category-sociedad"],"acf":{"antetitulo":""},"yoast_head":"<!-- This site is optimized with the Yoast SEO plugin v28.3 - https:\/\/yoast.com\/product\/yoast-seo-wordpress\/ -->\n<title>Fiscal\u00eda indaga a empresa que ofert\u00f3 ambulancias a Potos\u00ed - El Diario - Bolivia<\/title>\n<meta name=\"robots\" content=\"index, follow, max-snippet:-1, max-image-preview:large, max-video-preview:-1\" \/>\n<link rel=\"canonical\" href=\"https:\/\/www.eldiario.net\/portal\/2022\/03\/26\/fiscalia-indaga-a-empresa-que-oferto-ambulancias-a-potosi\/\" \/>\n<meta property=\"og:locale\" content=\"es_ES\" \/>\n<meta property=\"og:type\" content=\"article\" \/>\n<meta property=\"og:title\" content=\"Fiscal\u00eda indaga a empresa que ofert\u00f3 ambulancias a Potos\u00ed - El Diario - Bolivia\" \/>\n<meta property=\"og:description\" content=\"El Ministerio P\u00fablico solicit\u00f3 informaci\u00f3n a Fundempresa para ver si Estefals Logistics, firma que ofert\u00f3 41 ambulancias al Gobierno Aut\u00f3nomo Departamental de Potos\u00ed, existe, inform\u00f3 ayer la fiscal departamental de la Villa Imperial, Roxana Choque, a tiempo de aclarar que ya se tom\u00f3 declaraciones a testigos y el gobernador Johnny Mamani. Apunt\u00f3 que el caso [&hellip;]\" \/>\n<meta property=\"og:url\" content=\"https:\/\/www.eldiario.net\/portal\/2022\/03\/26\/fiscalia-indaga-a-empresa-que-oferto-ambulancias-a-potosi\/\" \/>\n<meta property=\"og:site_name\" content=\"El Diario - Bolivia\" \/>\n<meta property=\"article:publisher\" content=\"https:\/\/www.facebook.com\/eldiario.bolivia\/\" \/>\n<meta property=\"article:published_time\" content=\"2022-03-26T09:50:14+00:00\" \/>\n<meta name=\"author\" content=\"Jeanette\" \/>\n<meta name=\"twitter:card\" content=\"summary_large_image\" \/>\n<meta name=\"twitter:creator\" content=\"@eldiario_net\" \/>\n<meta name=\"twitter:site\" content=\"@eldiario_net\" \/>\n<meta name=\"twitter:label1\" content=\"Escrito por\" \/>\n\t<meta name=\"twitter:data1\" content=\"Jeanette\" \/>\n\t<meta name=\"twitter:label2\" content=\"Tiempo de lectura\" \/>\n\t<meta name=\"twitter:data2\" content=\"2 minutos\" \/>\n<script type=\"application\/ld+json\" class=\"yoast-schema-graph\">{\"@context\":\"https:\\\/\\\/schema.org\",\"@graph\":[{\"@type\":\"Article\",\"@id\":\"https:\\\/\\\/www.eldiario.net\\\/portal\\\/2022\\\/03\\\/26\\\/fiscalia-indaga-a-empresa-que-oferto-ambulancias-a-potosi\\\/#article\",\"isPartOf\":{\"@id\":\"https:\\\/\\\/www.eldiario.net\\\/portal\\\/2022\\\/03\\\/26\\\/fiscalia-indaga-a-empresa-que-oferto-ambulancias-a-potosi\\\/\"},\"author\":{\"name\":\"Jeanette\",\"@id\":\"https:\\\/\\\/www.eldiario.net\\\/portal\\\/#\\\/schema\\\/person\\\/f46445640444750d7d753ccd04ae01b7\"},\"headline\":\"Fiscal\u00eda indaga a empresa que ofert\u00f3 ambulancias a Potos\u00ed\",\"datePublished\":\"2022-03-26T09:50:14+00:00\",\"mainEntityOfPage\":{\"@id\":\"https:\\\/\\\/www.eldiario.net\\\/portal\\\/2022\\\/03\\\/26\\\/fiscalia-indaga-a-empresa-que-oferto-ambulancias-a-potosi\\\/\"},\"wordCount\":261,\"publisher\":{\"@id\":\"https:\\\/\\\/www.eldiario.net\\\/portal\\\/#organization\"},\"image\":{\"@id\":\"https:\\\/\\\/www.eldiario.net\\\/portal\\\/2022\\\/03\\\/26\\\/fiscalia-indaga-a-empresa-que-oferto-ambulancias-a-potosi\\\/#primaryimage\"},\"thumbnailUrl\":\"\",\"articleSection\":[\"Sociedad - Seguridad\"],\"inLanguage\":\"es\"},{\"@type\":\"WebPage\",\"@id\":\"https:\\\/\\\/www.eldiario.net\\\/portal\\\/2022\\\/03\\\/26\\\/fiscalia-indaga-a-empresa-que-oferto-ambulancias-a-potosi\\\/\",\"url\":\"https:\\\/\\\/www.eldiario.net\\\/portal\\\/2022\\\/03\\\/26\\\/fiscalia-indaga-a-empresa-que-oferto-ambulancias-a-potosi\\\/\",\"name\":\"Fiscal\u00eda indaga a empresa que ofert\u00f3 ambulancias a Potos\u00ed - El Diario - Bolivia\",\"isPartOf\":{\"@id\":\"https:\\\/\\\/www.eldiario.net\\\/portal\\\/#website\"},\"primaryImageOfPage\":{\"@id\":\"https:\\\/\\\/www.eldiario.net\\\/portal\\\/2022\\\/03\\\/26\\\/fiscalia-indaga-a-empresa-que-oferto-ambulancias-a-potosi\\\/#primaryimage\"},\"image\":{\"@id\":\"https:\\\/\\\/www.eldiario.net\\\/portal\\\/2022\\\/03\\\/26\\\/fiscalia-indaga-a-empresa-que-oferto-ambulancias-a-potosi\\\/#primaryimage\"},\"thumbnailUrl\":\"\",\"datePublished\":\"2022-03-26T09:50:14+00:00\",\"breadcrumb\":{\"@id\":\"https:\\\/\\\/www.eldiario.net\\\/portal\\\/2022\\\/03\\\/26\\\/fiscalia-indaga-a-empresa-que-oferto-ambulancias-a-potosi\\\/#breadcrumb\"},\"inLanguage\":\"es\",\"potentialAction\":[{\"@type\":\"ReadAction\",\"target\":[\"https:\\\/\\\/www.eldiario.net\\\/portal\\\/2022\\\/03\\\/26\\\/fiscalia-indaga-a-empresa-que-oferto-ambulancias-a-potosi\\\/\"]}]},{\"@type\":\"ImageObject\",\"inLanguage\":\"es\",\"@id\":\"https:\\\/\\\/www.eldiario.net\\\/portal\\\/2022\\\/03\\\/26\\\/fiscalia-indaga-a-empresa-que-oferto-ambulancias-a-potosi\\\/#primaryimage\",\"url\":\"\",\"contentUrl\":\"\"},{\"@type\":\"BreadcrumbList\",\"@id\":\"https:\\\/\\\/www.eldiario.net\\\/portal\\\/2022\\\/03\\\/26\\\/fiscalia-indaga-a-empresa-que-oferto-ambulancias-a-potosi\\\/#breadcrumb\",\"itemListElement\":[{\"@type\":\"ListItem\",\"position\":1,\"name\":\"Portada\",\"item\":\"https:\\\/\\\/www.eldiario.net\\\/portal\\\/\"},{\"@type\":\"ListItem\",\"position\":2,\"name\":\"Fiscal\u00eda indaga a empresa que ofert\u00f3 ambulancias a Potos\u00ed\"}]},{\"@type\":\"WebSite\",\"@id\":\"https:\\\/\\\/www.eldiario.net\\\/portal\\\/#website\",\"url\":\"https:\\\/\\\/www.eldiario.net\\\/portal\\\/\",\"name\":\"El Diario - Decano de la prensa nacional\",\"description\":\"El Diario - Decano de la prensa nacional\",\"publisher\":{\"@id\":\"https:\\\/\\\/www.eldiario.net\\\/portal\\\/#organization\"},\"potentialAction\":[{\"@type\":\"SearchAction\",\"target\":{\"@type\":\"EntryPoint\",\"urlTemplate\":\"https:\\\/\\\/www.eldiario.net\\\/portal\\\/?s={search_term_string}\"},\"query-input\":{\"@type\":\"PropertyValueSpecification\",\"valueRequired\":true,\"valueName\":\"search_term_string\"}}],\"inLanguage\":\"es\"},{\"@type\":\"Organization\",\"@id\":\"https:\\\/\\\/www.eldiario.net\\\/portal\\\/#organization\",\"name\":\"El Diario - Decano de la prensa nacional\",\"url\":\"https:\\\/\\\/www.eldiario.net\\\/portal\\\/\",\"logo\":{\"@type\":\"ImageObject\",\"inLanguage\":\"es\",\"@id\":\"https:\\\/\\\/www.eldiario.net\\\/portal\\\/#\\\/schema\\\/logo\\\/image\\\/\",\"url\":\"https:\\\/\\\/www.eldiario.net\\\/portal\\\/wp-content\\\/uploads\\\/2023\\\/07\\\/logo_ED.jpg\",\"contentUrl\":\"https:\\\/\\\/www.eldiario.net\\\/portal\\\/wp-content\\\/uploads\\\/2023\\\/07\\\/logo_ED.jpg\",\"width\":272,\"height\":52,\"caption\":\"El Diario - Decano de la prensa nacional\"},\"image\":{\"@id\":\"https:\\\/\\\/www.eldiario.net\\\/portal\\\/#\\\/schema\\\/logo\\\/image\\\/\"},\"sameAs\":[\"https:\\\/\\\/www.facebook.com\\\/eldiario.bolivia\\\/\",\"https:\\\/\\\/x.com\\\/eldiario_net\"]},{\"@type\":\"Person\",\"@id\":\"https:\\\/\\\/www.eldiario.net\\\/portal\\\/#\\\/schema\\\/person\\\/f46445640444750d7d753ccd04ae01b7\",\"name\":\"Jeanette\",\"image\":{\"@type\":\"ImageObject\",\"inLanguage\":\"es\",\"@id\":\"https:\\\/\\\/secure.gravatar.com\\\/avatar\\\/3ea2118a5f7dad2b7138b1187a6b7ee55f160b9968b66013c3a3ef39dd7e5798?s=96&d=mm&r=g\",\"url\":\"https:\\\/\\\/secure.gravatar.com\\\/avatar\\\/3ea2118a5f7dad2b7138b1187a6b7ee55f160b9968b66013c3a3ef39dd7e5798?s=96&d=mm&r=g\",\"contentUrl\":\"https:\\\/\\\/secure.gravatar.com\\\/avatar\\\/3ea2118a5f7dad2b7138b1187a6b7ee55f160b9968b66013c3a3ef39dd7e5798?s=96&d=mm&r=g\",\"caption\":\"Jeanette\"},\"sameAs\":[\"https:\\\/\\\/www.eldiario.net\\\/portal\"],\"url\":\"https:\\\/\\\/www.eldiario.net\\\/portal\\\/author\\\/jeanette\\\/\"}]}<\/script>\n<!-- \/ Yoast SEO plugin. -->","yoast_head_json":{"title":"Fiscal\u00eda indaga a empresa que ofert\u00f3 ambulancias a Potos\u00ed - El Diario - Bolivia","robots":{"index":"index","follow":"follow","max-snippet":"max-snippet:-1","max-image-preview":"max-image-preview:large","max-video-preview":"max-video-preview:-1"},"canonical":"https:\/\/www.eldiario.net\/portal\/2022\/03\/26\/fiscalia-indaga-a-empresa-que-oferto-ambulancias-a-potosi\/","og_locale":"es_ES","og_type":"article","og_title":"Fiscal\u00eda indaga a empresa que ofert\u00f3 ambulancias a Potos\u00ed - El Diario - Bolivia","og_description":"El Ministerio P\u00fablico solicit\u00f3 informaci\u00f3n a Fundempresa para ver si Estefals Logistics, firma que ofert\u00f3 41 ambulancias al Gobierno Aut\u00f3nomo Departamental de Potos\u00ed, existe, inform\u00f3 ayer la fiscal departamental de la Villa Imperial, Roxana Choque, a tiempo de aclarar que ya se tom\u00f3 declaraciones a testigos y el gobernador Johnny Mamani. Apunt\u00f3 que el caso [&hellip;]","og_url":"https:\/\/www.eldiario.net\/portal\/2022\/03\/26\/fiscalia-indaga-a-empresa-que-oferto-ambulancias-a-potosi\/","og_site_name":"El Diario - Bolivia","article_publisher":"https:\/\/www.facebook.com\/eldiario.bolivia\/","article_published_time":"2022-03-26T09:50:14+00:00","author":"Jeanette","twitter_card":"summary_large_image","twitter_creator":"@eldiario_net","twitter_site":"@eldiario_net","twitter_misc":{"Escrito por":"Jeanette","Tiempo de lectura":"2 minutos"},"schema":{"@context":"https:\/\/schema.org","@graph":[{"@type":"Article","@id":"https:\/\/www.eldiario.net\/portal\/2022\/03\/26\/fiscalia-indaga-a-empresa-que-oferto-ambulancias-a-potosi\/#article","isPartOf":{"@id":"https:\/\/www.eldiario.net\/portal\/2022\/03\/26\/fiscalia-indaga-a-empresa-que-oferto-ambulancias-a-potosi\/"},"author":{"name":"Jeanette","@id":"https:\/\/www.eldiario.net\/portal\/#\/schema\/person\/f46445640444750d7d753ccd04ae01b7"},"headline":"Fiscal\u00eda indaga a empresa que ofert\u00f3 ambulancias a Potos\u00ed","datePublished":"2022-03-26T09:50:14+00:00","mainEntityOfPage":{"@id":"https:\/\/www.eldiario.net\/portal\/2022\/03\/26\/fiscalia-indaga-a-empresa-que-oferto-ambulancias-a-potosi\/"},"wordCount":261,"publisher":{"@id":"https:\/\/www.eldiario.net\/portal\/#organization"},"image":{"@id":"https:\/\/www.eldiario.net\/portal\/2022\/03\/26\/fiscalia-indaga-a-empresa-que-oferto-ambulancias-a-potosi\/#primaryimage"},"thumbnailUrl":"","articleSection":["Sociedad - Seguridad"],"inLanguage":"es"},{"@type":"WebPage","@id":"https:\/\/www.eldiario.net\/portal\/2022\/03\/26\/fiscalia-indaga-a-empresa-que-oferto-ambulancias-a-potosi\/","url":"https:\/\/www.eldiario.net\/portal\/2022\/03\/26\/fiscalia-indaga-a-empresa-que-oferto-ambulancias-a-potosi\/","name":"Fiscal\u00eda indaga a empresa que ofert\u00f3 ambulancias a Potos\u00ed - El Diario - Bolivia","isPartOf":{"@id":"https:\/\/www.eldiario.net\/portal\/#website"},"primaryImageOfPage":{"@id":"https:\/\/www.eldiario.net\/portal\/2022\/03\/26\/fiscalia-indaga-a-empresa-que-oferto-ambulancias-a-potosi\/#primaryimage"},"image":{"@id":"https:\/\/www.eldiario.net\/portal\/2022\/03\/26\/fiscalia-indaga-a-empresa-que-oferto-ambulancias-a-potosi\/#primaryimage"},"thumbnailUrl":"","datePublished":"2022-03-26T09:50:14+00:00","breadcrumb":{"@id":"https:\/\/www.eldiario.net\/portal\/2022\/03\/26\/fiscalia-indaga-a-empresa-que-oferto-ambulancias-a-potosi\/#breadcrumb"},"inLanguage":"es","potentialAction":[{"@type":"ReadAction","target":["https:\/\/www.eldiario.net\/portal\/2022\/03\/26\/fiscalia-indaga-a-empresa-que-oferto-ambulancias-a-potosi\/"]}]},{"@type":"ImageObject","inLanguage":"es","@id":"https:\/\/www.eldiario.net\/portal\/2022\/03\/26\/fiscalia-indaga-a-empresa-que-oferto-ambulancias-a-potosi\/#primaryimage","url":"","contentUrl":""},{"@type":"BreadcrumbList","@id":"https:\/\/www.eldiario.net\/portal\/2022\/03\/26\/fiscalia-indaga-a-empresa-que-oferto-ambulancias-a-potosi\/#breadcrumb","itemListElement":[{"@type":"ListItem","position":1,"name":"Portada","item":"https:\/\/www.eldiario.net\/portal\/"},{"@type":"ListItem","position":2,"name":"Fiscal\u00eda indaga a empresa que ofert\u00f3 ambulancias a Potos\u00ed"}]},{"@type":"WebSite","@id":"https:\/\/www.eldiario.net\/portal\/#website","url":"https:\/\/www.eldiario.net\/portal\/","name":"El Diario - Decano de la prensa nacional","description":"El Diario - Decano de la prensa nacional","publisher":{"@id":"https:\/\/www.eldiario.net\/portal\/#organization"},"potentialAction":[{"@type":"SearchAction","target":{"@type":"EntryPoint","urlTemplate":"https:\/\/www.eldiario.net\/portal\/?s={search_term_string}"},"query-input":{"@type":"PropertyValueSpecification","valueRequired":true,"valueName":"search_term_string"}}],"inLanguage":"es"},{"@type":"Organization","@id":"https:\/\/www.eldiario.net\/portal\/#organization","name":"El Diario - Decano de la prensa nacional","url":"https:\/\/www.eldiario.net\/portal\/","logo":{"@type":"ImageObject","inLanguage":"es","@id":"https:\/\/www.eldiario.net\/portal\/#\/schema\/logo\/image\/","url":"https:\/\/www.eldiario.net\/portal\/wp-content\/uploads\/2023\/07\/logo_ED.jpg","contentUrl":"https:\/\/www.eldiario.net\/portal\/wp-content\/uploads\/2023\/07\/logo_ED.jpg","width":272,"height":52,"caption":"El Diario - Decano de la prensa nacional"},"image":{"@id":"https:\/\/www.eldiario.net\/portal\/#\/schema\/logo\/image\/"},"sameAs":["https:\/\/www.facebook.com\/eldiario.bolivia\/","https:\/\/x.com\/eldiario_net"]},{"@type":"Person","@id":"https:\/\/www.eldiario.net\/portal\/#\/schema\/person\/f46445640444750d7d753ccd04ae01b7","name":"Jeanette","image":{"@type":"ImageObject","inLanguage":"es","@id":"https:\/\/secure.gravatar.com\/avatar\/3ea2118a5f7dad2b7138b1187a6b7ee55f160b9968b66013c3a3ef39dd7e5798?s=96&d=mm&r=g","url":"https:\/\/secure.gravatar.com\/avatar\/3ea2118a5f7dad2b7138b1187a6b7ee55f160b9968b66013c3a3ef39dd7e5798?s=96&d=mm&r=g","contentUrl":"https:\/\/secure.gravatar.com\/avatar\/3ea2118a5f7dad2b7138b1187a6b7ee55f160b9968b66013c3a3ef39dd7e5798?s=96&d=mm&r=g","caption":"Jeanette"},"sameAs":["https:\/\/www.eldiario.net\/portal"],"url":"https:\/\/www.eldiario.net\/portal\/author\/jeanette\/"}]}},"_links":{"self":[{"href":"https:\/\/www.eldiario.net\/portal\/wp-json\/wp\/v2\/posts\/72209","targetHints":{"allow":["GET"]}}],"collection":[{"href":"https:\/\/www.eldiario.net\/portal\/wp-json\/wp\/v2\/posts"}],"about":[{"href":"https:\/\/www.eldiario.net\/portal\/wp-json\/wp\/v2\/types\/post"}],"author":[{"embeddable":true,"href":"https:\/\/www.eldiario.net\/portal\/wp-json\/wp\/v2\/users\/1"}],"replies":[{"embeddable":true,"href":"https:\/\/www.eldiario.net\/portal\/wp-json\/wp\/v2\/comments?post=72209"}],"version-history":[{"count":0,"href":"https:\/\/www.eldiario.net\/portal\/wp-json\/wp\/v2\/posts\/72209\/revisions"}],"wp:attachment":[{"href":"https:\/\/www.eldiario.net\/portal\/wp-json\/wp\/v2\/media?parent=72209"}],"wp:term":[{"taxonomy":"category","embeddable":true,"href":"https:\/\/www.eldiario.net\/portal\/wp-json\/wp\/v2\/categories?post=72209"},{"taxonomy":"post_tag","embeddable":true,"href":"https:\/\/www.eldiario.net\/portal\/wp-json\/wp\/v2\/tags?post=72209"}],"curies":[{"name":"wp","href":"https:\/\/api.w.org\/{rel}","templated":true}]}}