{"id":71300,"date":"2022-03-22T05:51:33","date_gmt":"2022-03-22T09:51:33","guid":{"rendered":"https:\/\/www.eldiario.net\/portal\/?p=71300"},"modified":"2022-03-22T05:51:33","modified_gmt":"2022-03-22T09:51:33","slug":"avion-de-eastern-airlines-se-estrella-con-mas-de-130-personas-a-bordo","status":"publish","type":"post","link":"https:\/\/www.eldiario.net\/portal\/2022\/03\/22\/avion-de-eastern-airlines-se-estrella-con-mas-de-130-personas-a-bordo\/","title":{"rendered":"Avi\u00f3n de Eastern Airlines se estrella  con m\u00e1s de 130 personas a bordo"},"content":{"rendered":"<p>Pek\u00edn.- Un avi\u00f3n de la aerol\u00ednea China Eastern Airlines con m\u00e1s de 130 personas a bordo se ha estrellado este lunes en el sur de China, informaron los medios estatales del gigante asi\u00e1tico, sin que por ahora haya informaciones sobre v\u00edctimas.<\/p>\n<p>El Departamento de Gesti\u00f3n de Emergencias de la regi\u00f3n aut\u00f3noma de Ghuanxi Zhuang ha indicado que el aparato se estrell\u00f3 en el condado de Tengxian, cerca de la ciudad de Wuzhou y ha agregado que el siniestro ha provocado un incendio forestal en la zona.<\/p>\n<p>Asimismo, detall\u00f3 que, en el avi\u00f3n, que hab\u00eda despegado de Kunming y se dirig\u00eda a Cant\u00f3n, iban 132 personas, seg\u00fan ha recogido la agencia china de noticias Xinhua. La Administraci\u00f3n de Aviaci\u00f3n Civil china ha dicho que se trata de 123 pasajeros y nueve tripulantes.<\/p>\n<p>El organismo destac\u00f3 que al lugar se ha trasladado un equipo de trabajo para intentar determinar las causas del suceso. Asimismo, en el lugar trabajan 23 camiones de bomberos y cerca de 600 bomberos para participar en los trabajos de rescate y extinci\u00f3n del incendio.<\/p>\n<p>Por su parte, el presidente de China, Xi Jinping, orden\u00f3 incrementar los esfuerzos de b\u00fasqueda y rescate tras el accidente y ha mostrado su estupor ante el siniestro, seg\u00fan ha recogido Xinhua.<\/p>\n<p>Las autoridades hicieron hincapi\u00e9 en la necesidad de que se adopten medidas r\u00e1pidas para determinar las causas del accidente y reforzar las medidas de seguridad en el sector de la aviaci\u00f3n civil para garantizar que se protege la vida de los pasajeros.<\/p>\n<p>El primer ministro chino, Li Keqiang, pidi\u00f3 adem\u00e1s que se realicen esfuerzos para dar apoyo a las familias de las v\u00edctimas y ha reclamado que se publique informaci\u00f3n precisa para mantener informados a los familiares de los afectados.<\/p>\n<p>Li ha abogado adem\u00e1s por realizar una investigaci\u00f3n \u00abseria\u00bb y reforzar la seguridad de la aviaci\u00f3n civil con \u00abmedidas firmes\u00bb. Las autoridades chinas no han facilitado por ahora informaci\u00f3n sobre posibles v\u00edctimas. (Europa Press)<\/p>\n<p>&nbsp;<\/p>\n","protected":false},"excerpt":{"rendered":"<p>Pek\u00edn.- Un avi\u00f3n de la aerol\u00ednea China Eastern Airlines con m\u00e1s de 130 personas a bordo se ha estrellado este lunes en el sur de China, informaron los medios estatales del gigante asi\u00e1tico, sin que por ahora haya informaciones sobre v\u00edctimas. El Departamento de Gesti\u00f3n de Emergencias de la regi\u00f3n aut\u00f3noma de Ghuanxi Zhuang ha [&hellip;]<\/p>\n","protected":false},"author":1,"featured_media":71301,"comment_status":"closed","ping_status":"closed","sticky":false,"template":"","format":"standard","meta":{"_acf_changed":false,"footnotes":""},"categories":[15],"tags":[],"class_list":["post-71300","post","type-post","status-publish","format-standard","has-post-thumbnail","category-portada"],"acf":{"antetitulo":""},"yoast_head":"<!-- This site is optimized with the Yoast SEO plugin v28.4 - https:\/\/yoast.com\/product\/yoast-seo-wordpress\/ -->\n<title>Avi\u00f3n de Eastern Airlines se estrella con m\u00e1s de 130 personas a bordo - El Diario - Bolivia<\/title>\n<meta name=\"robots\" content=\"index, follow, max-snippet:-1, max-image-preview:large, max-video-preview:-1\" \/>\n<link rel=\"canonical\" href=\"https:\/\/www.eldiario.net\/portal\/2022\/03\/22\/avion-de-eastern-airlines-se-estrella-con-mas-de-130-personas-a-bordo\/\" \/>\n<meta property=\"og:locale\" content=\"es_ES\" \/>\n<meta property=\"og:type\" content=\"article\" \/>\n<meta property=\"og:title\" content=\"Avi\u00f3n de Eastern Airlines se estrella con m\u00e1s de 130 personas a bordo - El Diario - Bolivia\" \/>\n<meta property=\"og:description\" content=\"Pek\u00edn.- Un avi\u00f3n de la aerol\u00ednea China Eastern Airlines con m\u00e1s de 130 personas a bordo se ha estrellado este lunes en el sur de China, informaron los medios estatales del gigante asi\u00e1tico, sin que por ahora haya informaciones sobre v\u00edctimas. El Departamento de Gesti\u00f3n de Emergencias de la regi\u00f3n aut\u00f3noma de Ghuanxi Zhuang ha [&hellip;]\" \/>\n<meta property=\"og:url\" content=\"https:\/\/www.eldiario.net\/portal\/2022\/03\/22\/avion-de-eastern-airlines-se-estrella-con-mas-de-130-personas-a-bordo\/\" \/>\n<meta property=\"og:site_name\" content=\"El Diario - Bolivia\" \/>\n<meta property=\"article:publisher\" content=\"https:\/\/www.facebook.com\/eldiario.bolivia\/\" \/>\n<meta property=\"article:published_time\" content=\"2022-03-22T09:51:33+00:00\" \/>\n<meta property=\"og:image\" content=\"https:\/\/www.eldiario.net\/portal\/wp-content\/uploads\/2022\/03\/Avion-FOTO.jpg\" \/>\n\t<meta property=\"og:image:width\" content=\"1200\" \/>\n\t<meta property=\"og:image:height\" content=\"675\" \/>\n\t<meta property=\"og:image:type\" content=\"image\/jpeg\" \/>\n<meta name=\"author\" content=\"Jeanette\" \/>\n<meta name=\"twitter:card\" content=\"summary_large_image\" \/>\n<meta name=\"twitter:creator\" content=\"@eldiario_net\" \/>\n<meta name=\"twitter:site\" content=\"@eldiario_net\" \/>\n<meta name=\"twitter:label1\" content=\"Escrito por\" \/>\n\t<meta name=\"twitter:data1\" content=\"Jeanette\" \/>\n\t<meta name=\"twitter:label2\" content=\"Tiempo de lectura\" \/>\n\t<meta name=\"twitter:data2\" content=\"2 minutos\" \/>\n<script type=\"application\/ld+json\" class=\"yoast-schema-graph\">{\"@context\":\"https:\\\/\\\/schema.org\",\"@graph\":[{\"@type\":\"Article\",\"@id\":\"https:\\\/\\\/www.eldiario.net\\\/portal\\\/2022\\\/03\\\/22\\\/avion-de-eastern-airlines-se-estrella-con-mas-de-130-personas-a-bordo\\\/#article\",\"isPartOf\":{\"@id\":\"https:\\\/\\\/www.eldiario.net\\\/portal\\\/2022\\\/03\\\/22\\\/avion-de-eastern-airlines-se-estrella-con-mas-de-130-personas-a-bordo\\\/\"},\"author\":{\"name\":\"Jeanette\",\"@id\":\"https:\\\/\\\/www.eldiario.net\\\/portal\\\/#\\\/schema\\\/person\\\/2c57cf2b7a7ae032e449e4c9b1019eac\"},\"headline\":\"Avi\u00f3n de Eastern Airlines se estrella con m\u00e1s de 130 personas a bordo\",\"datePublished\":\"2022-03-22T09:51:33+00:00\",\"mainEntityOfPage\":{\"@id\":\"https:\\\/\\\/www.eldiario.net\\\/portal\\\/2022\\\/03\\\/22\\\/avion-de-eastern-airlines-se-estrella-con-mas-de-130-personas-a-bordo\\\/\"},\"wordCount\":362,\"publisher\":{\"@id\":\"https:\\\/\\\/www.eldiario.net\\\/portal\\\/#organization\"},\"image\":{\"@id\":\"https:\\\/\\\/www.eldiario.net\\\/portal\\\/2022\\\/03\\\/22\\\/avion-de-eastern-airlines-se-estrella-con-mas-de-130-personas-a-bordo\\\/#primaryimage\"},\"thumbnailUrl\":\"https:\\\/\\\/www.eldiario.net\\\/portal\\\/wp-content\\\/uploads\\\/2022\\\/03\\\/Avion-FOTO.jpg\",\"articleSection\":[\"Portada\"],\"inLanguage\":\"es\"},{\"@type\":\"WebPage\",\"@id\":\"https:\\\/\\\/www.eldiario.net\\\/portal\\\/2022\\\/03\\\/22\\\/avion-de-eastern-airlines-se-estrella-con-mas-de-130-personas-a-bordo\\\/\",\"url\":\"https:\\\/\\\/www.eldiario.net\\\/portal\\\/2022\\\/03\\\/22\\\/avion-de-eastern-airlines-se-estrella-con-mas-de-130-personas-a-bordo\\\/\",\"name\":\"Avi\u00f3n de Eastern Airlines se estrella con m\u00e1s de 130 personas a bordo - El Diario - Bolivia\",\"isPartOf\":{\"@id\":\"https:\\\/\\\/www.eldiario.net\\\/portal\\\/#website\"},\"primaryImageOfPage\":{\"@id\":\"https:\\\/\\\/www.eldiario.net\\\/portal\\\/2022\\\/03\\\/22\\\/avion-de-eastern-airlines-se-estrella-con-mas-de-130-personas-a-bordo\\\/#primaryimage\"},\"image\":{\"@id\":\"https:\\\/\\\/www.eldiario.net\\\/portal\\\/2022\\\/03\\\/22\\\/avion-de-eastern-airlines-se-estrella-con-mas-de-130-personas-a-bordo\\\/#primaryimage\"},\"thumbnailUrl\":\"https:\\\/\\\/www.eldiario.net\\\/portal\\\/wp-content\\\/uploads\\\/2022\\\/03\\\/Avion-FOTO.jpg\",\"datePublished\":\"2022-03-22T09:51:33+00:00\",\"breadcrumb\":{\"@id\":\"https:\\\/\\\/www.eldiario.net\\\/portal\\\/2022\\\/03\\\/22\\\/avion-de-eastern-airlines-se-estrella-con-mas-de-130-personas-a-bordo\\\/#breadcrumb\"},\"inLanguage\":\"es\",\"potentialAction\":[{\"@type\":\"ReadAction\",\"target\":[\"https:\\\/\\\/www.eldiario.net\\\/portal\\\/2022\\\/03\\\/22\\\/avion-de-eastern-airlines-se-estrella-con-mas-de-130-personas-a-bordo\\\/\"]}]},{\"@type\":\"ImageObject\",\"inLanguage\":\"es\",\"@id\":\"https:\\\/\\\/www.eldiario.net\\\/portal\\\/2022\\\/03\\\/22\\\/avion-de-eastern-airlines-se-estrella-con-mas-de-130-personas-a-bordo\\\/#primaryimage\",\"url\":\"https:\\\/\\\/www.eldiario.net\\\/portal\\\/wp-content\\\/uploads\\\/2022\\\/03\\\/Avion-FOTO.jpg\",\"contentUrl\":\"https:\\\/\\\/www.eldiario.net\\\/portal\\\/wp-content\\\/uploads\\\/2022\\\/03\\\/Avion-FOTO.jpg\",\"width\":1200,\"height\":675,\"caption\":\"FOTO MUESTRA UN AVI\u00d3N DE LA AEROL\u00cdNEA CHINA EASTERN AIRLINES. EUROPA PRESS\"},{\"@type\":\"BreadcrumbList\",\"@id\":\"https:\\\/\\\/www.eldiario.net\\\/portal\\\/2022\\\/03\\\/22\\\/avion-de-eastern-airlines-se-estrella-con-mas-de-130-personas-a-bordo\\\/#breadcrumb\",\"itemListElement\":[{\"@type\":\"ListItem\",\"position\":1,\"name\":\"Portada\",\"item\":\"https:\\\/\\\/www.eldiario.net\\\/portal\\\/\"},{\"@type\":\"ListItem\",\"position\":2,\"name\":\"Avi\u00f3n de Eastern Airlines se estrella con m\u00e1s de 130 personas a bordo\"}]},{\"@type\":\"WebSite\",\"@id\":\"https:\\\/\\\/www.eldiario.net\\\/portal\\\/#website\",\"url\":\"https:\\\/\\\/www.eldiario.net\\\/portal\\\/\",\"name\":\"El Diario - Decano de la prensa nacional\",\"description\":\"El Diario - Decano de la prensa nacional\",\"publisher\":{\"@id\":\"https:\\\/\\\/www.eldiario.net\\\/portal\\\/#organization\"},\"potentialAction\":[{\"@type\":\"SearchAction\",\"target\":{\"@type\":\"EntryPoint\",\"urlTemplate\":\"https:\\\/\\\/www.eldiario.net\\\/portal\\\/?s={search_term_string}\"},\"query-input\":{\"@type\":\"PropertyValueSpecification\",\"valueRequired\":true,\"valueName\":\"search_term_string\"}}],\"inLanguage\":\"es\"},{\"@type\":\"Organization\",\"@id\":\"https:\\\/\\\/www.eldiario.net\\\/portal\\\/#organization\",\"name\":\"El Diario - Decano de la prensa nacional\",\"url\":\"https:\\\/\\\/www.eldiario.net\\\/portal\\\/\",\"logo\":{\"@type\":\"ImageObject\",\"inLanguage\":\"es\",\"@id\":\"https:\\\/\\\/www.eldiario.net\\\/portal\\\/#\\\/schema\\\/logo\\\/image\\\/\",\"url\":\"https:\\\/\\\/www.eldiario.net\\\/portal\\\/wp-content\\\/uploads\\\/2023\\\/07\\\/logo_ED.jpg\",\"contentUrl\":\"https:\\\/\\\/www.eldiario.net\\\/portal\\\/wp-content\\\/uploads\\\/2023\\\/07\\\/logo_ED.jpg\",\"width\":272,\"height\":52,\"caption\":\"El Diario - Decano de la prensa nacional\"},\"image\":{\"@id\":\"https:\\\/\\\/www.eldiario.net\\\/portal\\\/#\\\/schema\\\/logo\\\/image\\\/\"},\"sameAs\":[\"https:\\\/\\\/www.facebook.com\\\/eldiario.bolivia\\\/\",\"https:\\\/\\\/x.com\\\/eldiario_net\"]},{\"@type\":\"Person\",\"@id\":\"https:\\\/\\\/www.eldiario.net\\\/portal\\\/#\\\/schema\\\/person\\\/2c57cf2b7a7ae032e449e4c9b1019eac\",\"name\":\"Jeanette\",\"image\":{\"@type\":\"ImageObject\",\"inLanguage\":\"es\",\"@id\":\"https:\\\/\\\/secure.gravatar.com\\\/avatar\\\/3ea2118a5f7dad2b7138b1187a6b7ee55f160b9968b66013c3a3ef39dd7e5798?s=96&d=mm&r=g\",\"url\":\"https:\\\/\\\/secure.gravatar.com\\\/avatar\\\/3ea2118a5f7dad2b7138b1187a6b7ee55f160b9968b66013c3a3ef39dd7e5798?s=96&d=mm&r=g\",\"contentUrl\":\"https:\\\/\\\/secure.gravatar.com\\\/avatar\\\/3ea2118a5f7dad2b7138b1187a6b7ee55f160b9968b66013c3a3ef39dd7e5798?s=96&d=mm&r=g\",\"caption\":\"Jeanette\"},\"sameAs\":[\"https:\\\/\\\/www.eldiario.net\\\/portal\"],\"url\":\"https:\\\/\\\/www.eldiario.net\\\/portal\\\/author\\\/jeanette\\\/\"}]}<\/script>\n<!-- \/ Yoast SEO plugin. -->","yoast_head_json":{"title":"Avi\u00f3n de Eastern Airlines se estrella con m\u00e1s de 130 personas a bordo - El Diario - Bolivia","robots":{"index":"index","follow":"follow","max-snippet":"max-snippet:-1","max-image-preview":"max-image-preview:large","max-video-preview":"max-video-preview:-1"},"canonical":"https:\/\/www.eldiario.net\/portal\/2022\/03\/22\/avion-de-eastern-airlines-se-estrella-con-mas-de-130-personas-a-bordo\/","og_locale":"es_ES","og_type":"article","og_title":"Avi\u00f3n de Eastern Airlines se estrella con m\u00e1s de 130 personas a bordo - El Diario - Bolivia","og_description":"Pek\u00edn.- Un avi\u00f3n de la aerol\u00ednea China Eastern Airlines con m\u00e1s de 130 personas a bordo se ha estrellado este lunes en el sur de China, informaron los medios estatales del gigante asi\u00e1tico, sin que por ahora haya informaciones sobre v\u00edctimas. El Departamento de Gesti\u00f3n de Emergencias de la regi\u00f3n aut\u00f3noma de Ghuanxi Zhuang ha [&hellip;]","og_url":"https:\/\/www.eldiario.net\/portal\/2022\/03\/22\/avion-de-eastern-airlines-se-estrella-con-mas-de-130-personas-a-bordo\/","og_site_name":"El Diario - Bolivia","article_publisher":"https:\/\/www.facebook.com\/eldiario.bolivia\/","article_published_time":"2022-03-22T09:51:33+00:00","og_image":[{"width":1200,"height":675,"url":"https:\/\/www.eldiario.net\/portal\/wp-content\/uploads\/2022\/03\/Avion-FOTO.jpg","type":"image\/jpeg"}],"author":"Jeanette","twitter_card":"summary_large_image","twitter_creator":"@eldiario_net","twitter_site":"@eldiario_net","twitter_misc":{"Escrito por":"Jeanette","Tiempo de lectura":"2 minutos"},"schema":{"@context":"https:\/\/schema.org","@graph":[{"@type":"Article","@id":"https:\/\/www.eldiario.net\/portal\/2022\/03\/22\/avion-de-eastern-airlines-se-estrella-con-mas-de-130-personas-a-bordo\/#article","isPartOf":{"@id":"https:\/\/www.eldiario.net\/portal\/2022\/03\/22\/avion-de-eastern-airlines-se-estrella-con-mas-de-130-personas-a-bordo\/"},"author":{"name":"Jeanette","@id":"https:\/\/www.eldiario.net\/portal\/#\/schema\/person\/2c57cf2b7a7ae032e449e4c9b1019eac"},"headline":"Avi\u00f3n de Eastern Airlines se estrella con m\u00e1s de 130 personas a bordo","datePublished":"2022-03-22T09:51:33+00:00","mainEntityOfPage":{"@id":"https:\/\/www.eldiario.net\/portal\/2022\/03\/22\/avion-de-eastern-airlines-se-estrella-con-mas-de-130-personas-a-bordo\/"},"wordCount":362,"publisher":{"@id":"https:\/\/www.eldiario.net\/portal\/#organization"},"image":{"@id":"https:\/\/www.eldiario.net\/portal\/2022\/03\/22\/avion-de-eastern-airlines-se-estrella-con-mas-de-130-personas-a-bordo\/#primaryimage"},"thumbnailUrl":"https:\/\/www.eldiario.net\/portal\/wp-content\/uploads\/2022\/03\/Avion-FOTO.jpg","articleSection":["Portada"],"inLanguage":"es"},{"@type":"WebPage","@id":"https:\/\/www.eldiario.net\/portal\/2022\/03\/22\/avion-de-eastern-airlines-se-estrella-con-mas-de-130-personas-a-bordo\/","url":"https:\/\/www.eldiario.net\/portal\/2022\/03\/22\/avion-de-eastern-airlines-se-estrella-con-mas-de-130-personas-a-bordo\/","name":"Avi\u00f3n de Eastern Airlines se estrella con m\u00e1s de 130 personas a bordo - El Diario - Bolivia","isPartOf":{"@id":"https:\/\/www.eldiario.net\/portal\/#website"},"primaryImageOfPage":{"@id":"https:\/\/www.eldiario.net\/portal\/2022\/03\/22\/avion-de-eastern-airlines-se-estrella-con-mas-de-130-personas-a-bordo\/#primaryimage"},"image":{"@id":"https:\/\/www.eldiario.net\/portal\/2022\/03\/22\/avion-de-eastern-airlines-se-estrella-con-mas-de-130-personas-a-bordo\/#primaryimage"},"thumbnailUrl":"https:\/\/www.eldiario.net\/portal\/wp-content\/uploads\/2022\/03\/Avion-FOTO.jpg","datePublished":"2022-03-22T09:51:33+00:00","breadcrumb":{"@id":"https:\/\/www.eldiario.net\/portal\/2022\/03\/22\/avion-de-eastern-airlines-se-estrella-con-mas-de-130-personas-a-bordo\/#breadcrumb"},"inLanguage":"es","potentialAction":[{"@type":"ReadAction","target":["https:\/\/www.eldiario.net\/portal\/2022\/03\/22\/avion-de-eastern-airlines-se-estrella-con-mas-de-130-personas-a-bordo\/"]}]},{"@type":"ImageObject","inLanguage":"es","@id":"https:\/\/www.eldiario.net\/portal\/2022\/03\/22\/avion-de-eastern-airlines-se-estrella-con-mas-de-130-personas-a-bordo\/#primaryimage","url":"https:\/\/www.eldiario.net\/portal\/wp-content\/uploads\/2022\/03\/Avion-FOTO.jpg","contentUrl":"https:\/\/www.eldiario.net\/portal\/wp-content\/uploads\/2022\/03\/Avion-FOTO.jpg","width":1200,"height":675,"caption":"FOTO MUESTRA UN AVI\u00d3N DE LA AEROL\u00cdNEA CHINA EASTERN AIRLINES. EUROPA PRESS"},{"@type":"BreadcrumbList","@id":"https:\/\/www.eldiario.net\/portal\/2022\/03\/22\/avion-de-eastern-airlines-se-estrella-con-mas-de-130-personas-a-bordo\/#breadcrumb","itemListElement":[{"@type":"ListItem","position":1,"name":"Portada","item":"https:\/\/www.eldiario.net\/portal\/"},{"@type":"ListItem","position":2,"name":"Avi\u00f3n de Eastern Airlines se estrella con m\u00e1s de 130 personas a bordo"}]},{"@type":"WebSite","@id":"https:\/\/www.eldiario.net\/portal\/#website","url":"https:\/\/www.eldiario.net\/portal\/","name":"El Diario - Decano de la prensa nacional","description":"El Diario - Decano de la prensa nacional","publisher":{"@id":"https:\/\/www.eldiario.net\/portal\/#organization"},"potentialAction":[{"@type":"SearchAction","target":{"@type":"EntryPoint","urlTemplate":"https:\/\/www.eldiario.net\/portal\/?s={search_term_string}"},"query-input":{"@type":"PropertyValueSpecification","valueRequired":true,"valueName":"search_term_string"}}],"inLanguage":"es"},{"@type":"Organization","@id":"https:\/\/www.eldiario.net\/portal\/#organization","name":"El Diario - Decano de la prensa nacional","url":"https:\/\/www.eldiario.net\/portal\/","logo":{"@type":"ImageObject","inLanguage":"es","@id":"https:\/\/www.eldiario.net\/portal\/#\/schema\/logo\/image\/","url":"https:\/\/www.eldiario.net\/portal\/wp-content\/uploads\/2023\/07\/logo_ED.jpg","contentUrl":"https:\/\/www.eldiario.net\/portal\/wp-content\/uploads\/2023\/07\/logo_ED.jpg","width":272,"height":52,"caption":"El Diario - Decano de la prensa nacional"},"image":{"@id":"https:\/\/www.eldiario.net\/portal\/#\/schema\/logo\/image\/"},"sameAs":["https:\/\/www.facebook.com\/eldiario.bolivia\/","https:\/\/x.com\/eldiario_net"]},{"@type":"Person","@id":"https:\/\/www.eldiario.net\/portal\/#\/schema\/person\/2c57cf2b7a7ae032e449e4c9b1019eac","name":"Jeanette","image":{"@type":"ImageObject","inLanguage":"es","@id":"https:\/\/secure.gravatar.com\/avatar\/3ea2118a5f7dad2b7138b1187a6b7ee55f160b9968b66013c3a3ef39dd7e5798?s=96&d=mm&r=g","url":"https:\/\/secure.gravatar.com\/avatar\/3ea2118a5f7dad2b7138b1187a6b7ee55f160b9968b66013c3a3ef39dd7e5798?s=96&d=mm&r=g","contentUrl":"https:\/\/secure.gravatar.com\/avatar\/3ea2118a5f7dad2b7138b1187a6b7ee55f160b9968b66013c3a3ef39dd7e5798?s=96&d=mm&r=g","caption":"Jeanette"},"sameAs":["https:\/\/www.eldiario.net\/portal"],"url":"https:\/\/www.eldiario.net\/portal\/author\/jeanette\/"}]}},"_links":{"self":[{"href":"https:\/\/www.eldiario.net\/portal\/wp-json\/wp\/v2\/posts\/71300","targetHints":{"allow":["GET"]}}],"collection":[{"href":"https:\/\/www.eldiario.net\/portal\/wp-json\/wp\/v2\/posts"}],"about":[{"href":"https:\/\/www.eldiario.net\/portal\/wp-json\/wp\/v2\/types\/post"}],"author":[{"embeddable":true,"href":"https:\/\/www.eldiario.net\/portal\/wp-json\/wp\/v2\/users\/1"}],"replies":[{"embeddable":true,"href":"https:\/\/www.eldiario.net\/portal\/wp-json\/wp\/v2\/comments?post=71300"}],"version-history":[{"count":0,"href":"https:\/\/www.eldiario.net\/portal\/wp-json\/wp\/v2\/posts\/71300\/revisions"}],"wp:featuredmedia":[{"embeddable":true,"href":"https:\/\/www.eldiario.net\/portal\/wp-json\/wp\/v2\/media\/71301"}],"wp:attachment":[{"href":"https:\/\/www.eldiario.net\/portal\/wp-json\/wp\/v2\/media?parent=71300"}],"wp:term":[{"taxonomy":"category","embeddable":true,"href":"https:\/\/www.eldiario.net\/portal\/wp-json\/wp\/v2\/categories?post=71300"},{"taxonomy":"post_tag","embeddable":true,"href":"https:\/\/www.eldiario.net\/portal\/wp-json\/wp\/v2\/tags?post=71300"}],"curies":[{"name":"wp","href":"https:\/\/api.w.org\/{rel}","templated":true}]}}