{"id":71291,"date":"2022-03-22T05:48:11","date_gmt":"2022-03-22T09:48:11","guid":{"rendered":"https:\/\/www.eldiario.net\/portal\/?p=71291"},"modified":"2022-03-22T05:48:11","modified_gmt":"2022-03-22T09:48:11","slug":"enfermedades-de-las-celulas-y-tejidos-organicos","status":"publish","type":"post","link":"https:\/\/www.eldiario.net\/portal\/2022\/03\/22\/enfermedades-de-las-celulas-y-tejidos-organicos\/","title":{"rendered":"Enfermedades de las c\u00e9lulas y tejidos org\u00e1nicos"},"content":{"rendered":"<p><strong>Por: Equipo editor<\/strong><\/p>\n<p>&nbsp;<\/p>\n<p><strong>Tumor<\/strong><\/p>\n<p>&nbsp;<\/p>\n<p>Es el aumento de volumen de un tejido u \u00f3rgano del cuerpo a consecuencia de la proliferaci\u00f3n incontrolada de c\u00e9lulas anormales, es decir, que estas c\u00e9lulas se duplican a gran velocidad y sin control, dando lugar a c\u00e9lulas id\u00e9nticas, formando as\u00ed los tumores.<\/p>\n<p>&nbsp;<\/p>\n<p><strong>Clasificaci\u00f3n<\/strong><\/p>\n<p>&nbsp;<\/p>\n<p>Se los clasifica en tumores benignos y malignos:<\/p>\n<p>&nbsp;<\/p>\n<p><strong>Tumor benigno<\/strong><\/p>\n<p>&nbsp;<\/p>\n<p>Los tumores benignos suelen estar encapsulados y delimitados respecto a los tejidos que se encuentran alrededor, a pesar de que su divisi\u00f3n es m\u00e1s r\u00e1pida de lo normal, mantienen las caracter\u00edsticas del tejido original al que pertenecen. No suelen convertirse en malignos y su principal inconveniente es que pueden llegar a presionar \u00f3rganos vecinos dificultando sus funciones vitales. Sin embargo, estos tumores no pueden invadir otros tejidos, por ello, tampoco se pueden extender a otras partes del cuerpo (hacer met\u00e1stasis) y casi nunca ponen en riesgo la vida de una persona.<\/p>\n<p>&nbsp;<\/p>\n<p><strong>Tumor maligno<\/strong><\/p>\n<p>&nbsp;<\/p>\n<p>Los tumores malignos invaden y destruyen los tejidos que se encuentran alrededor. Por lo tanto, las c\u00e9lulas de un tumor maligno pueden invadir el torrente sangu\u00edneo o linf\u00e1tico y as\u00ed extenderse e invadir otros tejidos. Los tumores malignos se desarrollan m\u00e1s r\u00e1pidamente que los benignos.<\/p>\n<p>&nbsp;<\/p>\n<p><strong>C\u00e1ncer<\/strong><\/p>\n<p>&nbsp;<\/p>\n<p>C\u00e1ncer es el t\u00e9rmino que se emplea para un grupo de enfermedades, que pueden afectar a cualquier parte del organismo. Una caracter\u00edstica del c\u00e1ncer es la multiplicaci\u00f3n r\u00e1pida de c\u00e9lulas anormales, las cuales se extienden m\u00e1s all\u00e1 de sus l\u00edmites habituales y pueden invadir otros \u00f3rganos.<\/p>\n<p>&nbsp;<\/p>\n<p>Las c\u00e9lulas normales crecen a un ritmo limitado y permanecen dentro de sus zonas correspondientes. Por ejemplo las c\u00e9lulas musculares se forman y crecen en los m\u00fasculos y no en los huesos. Las funciones y el ritmo de crecimiento est\u00e1n determinados por el ADN (material gen\u00e9tico).<\/p>\n<p>&nbsp;<\/p>\n<p>La c\u00e9lula normal pasa a convertirse en una c\u00e9lula cancerosa por un cambio o mutaci\u00f3n del ADN. A veces esas c\u00e9lulas, cuya carga gen\u00e9tica ha cambiado, mueren o son eliminadas en los ganglios linf\u00e1ticos. Pero otras veces, siguen con vida y se reproducen. Las c\u00e9lulas que contin\u00faan creciendo, en lugar de morir, son c\u00e9lulas anormales con un aspecto diferente porque su forma ha cambiado o contienen n\u00facleos m\u00e1s grandes o m\u00e1s peque\u00f1os. Como estas c\u00e9lulas est\u00e1n alteradas son incapaces de realizar las funciones que corresponden a las c\u00e9lulas normales pertenecientes a ese tejido.<\/p>\n<p>&nbsp;<\/p>\n<p>Una mutaci\u00f3n de un gen no implica la aparici\u00f3n de un c\u00e1ncer, pero aumenta su probabilidad cuando las c\u00e9lulas est\u00e1n en contacto con agentes carcin\u00f3genos, es decir, agentes que son iniciadores y promotores del c\u00e1ncer.<\/p>\n<p>&nbsp;<\/p>\n<p><strong>Causas<\/strong><\/p>\n<p>&nbsp;<\/p>\n<p>Se han realizado muchos avances en la identificaci\u00f3n de las causas posibles del c\u00e1ncer, que incluyen:<\/p>\n<p>&nbsp;<\/p>\n<ul>\n<li><strong>Sustancias qu\u00edmicas y de otro tipo.<\/strong> La exposici\u00f3n a sustancias como es el caso de ciertas sustancias qu\u00edmicas, metales o pesticidas, puede aumentar el riesgo de c\u00e1ncer. Toda sustancia qu\u00edmica capaz de producir c\u00e1ncer se conoce como carcin\u00f3geno. El asbesto, el benceno y el n\u00edquel son ejemplos de carcin\u00f3genos. Estos pueden actuar de manera aislada o conjuntamente con otros carcin\u00f3genos, como el humo de cigarrillo, aumentando el riesgo de c\u00e1ncer.<\/li>\n<\/ul>\n<p>&nbsp;<\/p>\n<ul>\n<li><strong>Radiaci\u00f3n.<\/strong> Ciertos tipos de radiaci\u00f3n, como radiograf\u00edas, rayos de sustancias radiactivas y rayos ultravioletas, pueden producir da\u00f1o al ADN de las c\u00e9lulas, lo cual puede desencadenar en c\u00e1ncer.<\/li>\n<\/ul>\n<p>&nbsp;<\/p>\n<ul>\n<li>Ciertos tipos de c\u00e1ncer ocurren m\u00e1s frecuentemente en algunas familias que en otras, el cual indica cierta predisposici\u00f3n gen\u00e9tica a la aparici\u00f3n del c\u00e1ncer. Sin embargo, el medio ambiente tambi\u00e9n tiene un papel importante en el desarrollo del c\u00e1ncer.<\/li>\n<\/ul>\n<p>&nbsp;<\/p>\n<p><strong>Factores de riesgo<\/strong><\/p>\n<p>&nbsp;<\/p>\n<p>El principal factor de riesgo es la edad o el envejecimiento, luego est\u00e1 el tabaquismo, la dieta, el sedentarismo, la exposici\u00f3n al sol y los estilos de vida. Siendo el resultado final de una interacci\u00f3n de m\u00faltiples factores.<\/p>\n<p>&nbsp;<\/p>\n<ul>\n<li>Los investigadores descubrieron que diferentes tipos de alimentos aumentan el riesgo de contraer c\u00e1ncer. Aproximadamente el 30% de los canceres se relacionan con la dieta.<\/li>\n<\/ul>\n<p>&nbsp;<\/p>\n<ul>\n<li><strong>Agentes infecciosos.<\/strong> Algunos virus tienen la capacidad de transformar c\u00e9lulas normales en cancer\u00edgenas, como el virus del papiloma humano (VPH) que es el responsable del c\u00e1ncer de cuello uterino.<\/li>\n<\/ul>\n<p>&nbsp;<\/p>\n<ul>\n<li><strong>Exposici\u00f3n en el trabajo.<\/strong> Incluye ocupaciones de alto riesgo como el trabajo en miner\u00eda, trabajadores de plantas de asbesto y de plantas qu\u00edmicas.<\/li>\n<\/ul>\n<p>&nbsp;<\/p>\n<ul>\n<li><strong>Factores reproductivos.<\/strong> Hace referencia a los factores de riesgo en mujeres relacionados con su vida reproductiva. Por ejemplo, el riesgo de c\u00e1ncer de mama aumenta si una mujer no tiene hijos antes de los 30 a\u00f1os de edad.<\/li>\n<\/ul>\n<p>&nbsp;<\/p>\n<p><strong>Drogas y f\u00e1rmacos relacionados con la aparici\u00f3n de c\u00e1ncer<\/strong><\/p>\n<p>&nbsp;<\/p>\n<ul>\n<li>Contiene sustancias carcin\u00f3genas presentes en el humo del cigarrillo. Se sabe que el humo del tabaco es el responsable de causar del 80 % al 90 % c\u00e1ncer de pulm\u00f3n, asoci\u00e1ndose a la aparici\u00f3n de c\u00e1ncer de boca, faringe, es\u00f3fago, p\u00e1ncreas, ri\u00f1\u00f3n y vejiga. Los fumadores tienen m\u00e1s probabilidades que los no fumadores de desarrollar alguno de estos tipos de c\u00e1ncer, desde tres veces en el caso del p\u00e1ncreas y hasta 20 veces en el caso de c\u00e1ncer de pulm\u00f3n.<\/li>\n<\/ul>\n<p>&nbsp;<\/p>\n<p>En el humo del tabaco existen alrededor de 43 sustancias consideradas perjudiciales, una de las principales es el benzopireno. De acuerdo a diversos estudios, est\u00e1 sustancia qu\u00edmica encontrada en los cigarrillos es responsable de que aparezcan mutaciones en un gen llamado RAS, que pertenece a una familia de genes responsables del control del crecimiento y desarrollo de las c\u00e9lulas. Las mutaciones en el gen RAS ocasionan el crecimiento descontrolado de la c\u00e9lula.<\/p>\n<p>&nbsp;<\/p>\n<ul>\n<li>La relaci\u00f3n entre el consumo de alcohol y el c\u00e1ncer es variable, dependiendo as\u00ed del tipo de alcohol y de la cantidad que se ingiere. Por tanto a mayor consumo de alcohol mayor es el riesgo de c\u00e1ncer de cavidad oral, faringe, es\u00f3fago y laringe en donde puede actuar conjuntamente con el tabaco para aumentar el riesgo.<\/li>\n<\/ul>\n<p>&nbsp;<\/p>\n<ul>\n<li><strong>F\u00e1rmacos.<\/strong> Se conoce del riesgo de c\u00e1nceres ginecol\u00f3gicos (mama, ovario y endometrio) secundarios al empleo prolongado de la terapia hormonal. Algunos f\u00e1rmacos como el tamoxifeno empleado en la prevenci\u00f3n de la reca\u00edda del c\u00e1ncer de mama est\u00e1n asociados a un incremento del n\u00famero de casos de c\u00e1ncer en el \u00fatero.<\/li>\n<\/ul>\n<p>&nbsp;<\/p>\n<p><strong>S\u00edntomas<\/strong><\/p>\n<p>&nbsp;<\/p>\n<p>Las etapas tempranas del c\u00e1ncer se presentan generalmente sin dolor, por esta raz\u00f3n, frecuentemente se demora en realizar el diagn\u00f3stico y tratamiento correspondiente. Los s\u00edntomas tempranos pueden incluir: p\u00e9rdida de peso inexplicable, sangrado o hemorragia e indigesti\u00f3n persistente.<\/p>\n<p>&nbsp;<\/p>\n<p><strong>Diagn\u00f3stico<\/strong><\/p>\n<p>&nbsp;<\/p>\n<p>El diagn\u00f3stico definitivo requiere de un examen histol\u00f3gico. A partir de una muestra de tejido obtenido mediante la biopsia, que es un procedimiento diagn\u00f3stico que consiste en la extracci\u00f3n de una muestra total o parcial de tejido, para examinarla posteriormente al microscopio e identificar la presencia de c\u00e9lulas cancerosas.<\/p>\n<p>&nbsp;<\/p>\n<p><strong>Tratamiento<\/strong><\/p>\n<p>&nbsp;<\/p>\n<p>Muchos canceres pueden ser tratados dependiendo del tipo, la localizaci\u00f3n y etapa en el que se encuentren. Una vez detectado, se trata con la combinaci\u00f3n apropiada de cirug\u00eda, quimioterapia y radioterapia.<\/p>\n<p>&nbsp;<\/p>\n<ul>\n<li><strong>Cirug\u00eda.<\/strong> Muchas veces es el primer tratamiento para varios tumores. En los casos donde el c\u00e1ncer es detectado en una etapa temprana, la cirug\u00eda puede ser suficiente para curar al paciente al remover todas las c\u00e9lulas cancerosas. Los tumores tambi\u00e9n pueden ser removidos por medio de la cirug\u00eda.<\/li>\n<\/ul>\n<p>&nbsp;<\/p>\n<ul>\n<li><strong>Radioterapia o terapia de radiaci\u00f3n.<\/strong> Puede ser usada en conjunto con la cirug\u00eda o tratamientos farmacol\u00f3gicos. Se basa en el empleo de radiaciones ionizantes (rayos X y rayos \u03b3). El rol de la radiaci\u00f3n es matar directamente a las c\u00e9lulas cancerosas al da\u00f1arlas con rayos de alta energ\u00eda.<\/li>\n<\/ul>\n<p>&nbsp;<\/p>\n<ul>\n<li>Un t\u00e9rmino utilizado para una gran variedad de medicamentos usados para matar a las c\u00e9lulas cancerosas. Los f\u00e1rmacos quimioterap\u00e9uticos act\u00faan da\u00f1ando a las c\u00e9lulas cancerosas evitando sus reproducciones.<\/li>\n<\/ul>\n<div id='gallery-1' class='gallery galleryid-71291 gallery-columns-3 gallery-size-full'><figure class='gallery-item'>\n\t\t\t<div class='gallery-icon portrait'>\n\t\t\t\t<a href='https:\/\/www.eldiario.net\/portal\/2022\/03\/22\/enfermedades-de-las-celulas-y-tejidos-organicos\/bio-cancer\/'><img loading=\"lazy\" decoding=\"async\" width=\"1044\" height=\"1200\" src=\"https:\/\/www.eldiario.net\/portal\/wp-content\/uploads\/2022\/03\/Bio-Cancer.jpg\" class=\"attachment-full size-full\" alt=\"\" srcset=\"https:\/\/www.eldiario.net\/portal\/wp-content\/uploads\/2022\/03\/Bio-Cancer.jpg 1044w, https:\/\/www.eldiario.net\/portal\/wp-content\/uploads\/2022\/03\/Bio-Cancer-261x300.jpg 261w, https:\/\/www.eldiario.net\/portal\/wp-content\/uploads\/2022\/03\/Bio-Cancer-891x1024.jpg 891w, https:\/\/www.eldiario.net\/portal\/wp-content\/uploads\/2022\/03\/Bio-Cancer-768x883.jpg 768w, https:\/\/www.eldiario.net\/portal\/wp-content\/uploads\/2022\/03\/Bio-Cancer-696x800.jpg 696w\" sizes=\"auto, (max-width: 1044px) 100vw, 1044px\" \/><\/a>\n\t\t\t<\/div><\/figure><figure class='gallery-item'>\n\t\t\t<div class='gallery-icon portrait'>\n\t\t\t\t<a href='https:\/\/www.eldiario.net\/portal\/2022\/03\/22\/enfermedades-de-las-celulas-y-tejidos-organicos\/bio-dia-contra-el-cancer\/'><img loading=\"lazy\" decoding=\"async\" width=\"1347\" height=\"2560\" src=\"https:\/\/www.eldiario.net\/portal\/wp-content\/uploads\/2022\/03\/Bio-Dia-contra-el-Cancer-scaled-1.jpg\" class=\"attachment-full size-full\" alt=\"\" srcset=\"https:\/\/www.eldiario.net\/portal\/wp-content\/uploads\/2022\/03\/Bio-Dia-contra-el-Cancer-scaled-1.jpg 1347w, https:\/\/www.eldiario.net\/portal\/wp-content\/uploads\/2022\/03\/Bio-Dia-contra-el-Cancer-scaled-1-158x300.jpg 158w, https:\/\/www.eldiario.net\/portal\/wp-content\/uploads\/2022\/03\/Bio-Dia-contra-el-Cancer-scaled-1-539x1024.jpg 539w, https:\/\/www.eldiario.net\/portal\/wp-content\/uploads\/2022\/03\/Bio-Dia-contra-el-Cancer-scaled-1-768x1460.jpg 768w, https:\/\/www.eldiario.net\/portal\/wp-content\/uploads\/2022\/03\/Bio-Dia-contra-el-Cancer-scaled-1-808x1536.jpg 808w, https:\/\/www.eldiario.net\/portal\/wp-content\/uploads\/2022\/03\/Bio-Dia-contra-el-Cancer-scaled-1-1078x2048.jpg 1078w, https:\/\/www.eldiario.net\/portal\/wp-content\/uploads\/2022\/03\/Bio-Dia-contra-el-Cancer-scaled-1-696x1323.jpg 696w, https:\/\/www.eldiario.net\/portal\/wp-content\/uploads\/2022\/03\/Bio-Dia-contra-el-Cancer-scaled-1-1068x2030.jpg 1068w\" sizes=\"auto, (max-width: 1347px) 100vw, 1347px\" \/><\/a>\n\t\t\t<\/div><\/figure>\n\t\t<\/div>\n\n","protected":false},"excerpt":{"rendered":"<p>Por: Equipo editor &nbsp; Tumor &nbsp; Es el aumento de volumen de un tejido u \u00f3rgano del cuerpo a consecuencia de la proliferaci\u00f3n incontrolada de c\u00e9lulas anormales, es decir, que estas c\u00e9lulas se duplican a gran velocidad y sin control, dando lugar a c\u00e9lulas id\u00e9nticas, formando as\u00ed los tumores. &nbsp; Clasificaci\u00f3n &nbsp; Se los clasifica [&hellip;]<\/p>\n","protected":false},"author":1,"featured_media":71292,"comment_status":"closed","ping_status":"closed","sticky":false,"template":"","format":"standard","meta":{"_acf_changed":false,"footnotes":""},"categories":[43],"tags":[],"class_list":["post-71291","post","type-post","status-publish","format-standard","has-post-thumbnail","category-nuevos-horizontes"],"acf":{"antetitulo":""},"yoast_head":"<!-- This site is optimized with the Yoast SEO plugin v28.4 - https:\/\/yoast.com\/product\/yoast-seo-wordpress\/ -->\n<title>Enfermedades de las c\u00e9lulas y tejidos org\u00e1nicos - El Diario - Bolivia<\/title>\n<meta name=\"robots\" content=\"index, follow, max-snippet:-1, max-image-preview:large, max-video-preview:-1\" \/>\n<link rel=\"canonical\" href=\"https:\/\/www.eldiario.net\/portal\/2022\/03\/22\/enfermedades-de-las-celulas-y-tejidos-organicos\/\" \/>\n<meta property=\"og:locale\" content=\"es_ES\" \/>\n<meta property=\"og:type\" content=\"article\" \/>\n<meta property=\"og:title\" content=\"Enfermedades de las c\u00e9lulas y tejidos org\u00e1nicos - El Diario - Bolivia\" \/>\n<meta property=\"og:description\" content=\"Por: Equipo editor &nbsp; Tumor &nbsp; Es el aumento de volumen de un tejido u \u00f3rgano del cuerpo a consecuencia de la proliferaci\u00f3n incontrolada de c\u00e9lulas anormales, es decir, que estas c\u00e9lulas se duplican a gran velocidad y sin control, dando lugar a c\u00e9lulas id\u00e9nticas, formando as\u00ed los tumores. &nbsp; Clasificaci\u00f3n &nbsp; Se los clasifica [&hellip;]\" \/>\n<meta property=\"og:url\" content=\"https:\/\/www.eldiario.net\/portal\/2022\/03\/22\/enfermedades-de-las-celulas-y-tejidos-organicos\/\" \/>\n<meta property=\"og:site_name\" content=\"El Diario - Bolivia\" \/>\n<meta property=\"article:publisher\" content=\"https:\/\/www.facebook.com\/eldiario.bolivia\/\" \/>\n<meta property=\"article:published_time\" content=\"2022-03-22T09:48:11+00:00\" \/>\n<meta name=\"author\" content=\"Jeanette\" \/>\n<meta name=\"twitter:card\" content=\"summary_large_image\" \/>\n<meta name=\"twitter:creator\" content=\"@eldiario_net\" \/>\n<meta name=\"twitter:site\" content=\"@eldiario_net\" \/>\n<meta name=\"twitter:label1\" content=\"Escrito por\" \/>\n\t<meta name=\"twitter:data1\" content=\"Jeanette\" \/>\n\t<meta name=\"twitter:label2\" content=\"Tiempo de lectura\" \/>\n\t<meta name=\"twitter:data2\" content=\"6 minutos\" \/>\n<script type=\"application\/ld+json\" class=\"yoast-schema-graph\">{\"@context\":\"https:\\\/\\\/schema.org\",\"@graph\":[{\"@type\":\"Article\",\"@id\":\"https:\\\/\\\/www.eldiario.net\\\/portal\\\/2022\\\/03\\\/22\\\/enfermedades-de-las-celulas-y-tejidos-organicos\\\/#article\",\"isPartOf\":{\"@id\":\"https:\\\/\\\/www.eldiario.net\\\/portal\\\/2022\\\/03\\\/22\\\/enfermedades-de-las-celulas-y-tejidos-organicos\\\/\"},\"author\":{\"name\":\"Jeanette\",\"@id\":\"https:\\\/\\\/www.eldiario.net\\\/portal\\\/#\\\/schema\\\/person\\\/2c57cf2b7a7ae032e449e4c9b1019eac\"},\"headline\":\"Enfermedades de las c\u00e9lulas y tejidos org\u00e1nicos\",\"datePublished\":\"2022-03-22T09:48:11+00:00\",\"mainEntityOfPage\":{\"@id\":\"https:\\\/\\\/www.eldiario.net\\\/portal\\\/2022\\\/03\\\/22\\\/enfermedades-de-las-celulas-y-tejidos-organicos\\\/\"},\"wordCount\":1445,\"publisher\":{\"@id\":\"https:\\\/\\\/www.eldiario.net\\\/portal\\\/#organization\"},\"image\":{\"@id\":\"https:\\\/\\\/www.eldiario.net\\\/portal\\\/2022\\\/03\\\/22\\\/enfermedades-de-las-celulas-y-tejidos-organicos\\\/#primaryimage\"},\"thumbnailUrl\":\"\",\"articleSection\":[\"Nuevos Horizontes\"],\"inLanguage\":\"es\"},{\"@type\":\"WebPage\",\"@id\":\"https:\\\/\\\/www.eldiario.net\\\/portal\\\/2022\\\/03\\\/22\\\/enfermedades-de-las-celulas-y-tejidos-organicos\\\/\",\"url\":\"https:\\\/\\\/www.eldiario.net\\\/portal\\\/2022\\\/03\\\/22\\\/enfermedades-de-las-celulas-y-tejidos-organicos\\\/\",\"name\":\"Enfermedades de las c\u00e9lulas y tejidos org\u00e1nicos - El Diario - Bolivia\",\"isPartOf\":{\"@id\":\"https:\\\/\\\/www.eldiario.net\\\/portal\\\/#website\"},\"primaryImageOfPage\":{\"@id\":\"https:\\\/\\\/www.eldiario.net\\\/portal\\\/2022\\\/03\\\/22\\\/enfermedades-de-las-celulas-y-tejidos-organicos\\\/#primaryimage\"},\"image\":{\"@id\":\"https:\\\/\\\/www.eldiario.net\\\/portal\\\/2022\\\/03\\\/22\\\/enfermedades-de-las-celulas-y-tejidos-organicos\\\/#primaryimage\"},\"thumbnailUrl\":\"\",\"datePublished\":\"2022-03-22T09:48:11+00:00\",\"breadcrumb\":{\"@id\":\"https:\\\/\\\/www.eldiario.net\\\/portal\\\/2022\\\/03\\\/22\\\/enfermedades-de-las-celulas-y-tejidos-organicos\\\/#breadcrumb\"},\"inLanguage\":\"es\",\"potentialAction\":[{\"@type\":\"ReadAction\",\"target\":[\"https:\\\/\\\/www.eldiario.net\\\/portal\\\/2022\\\/03\\\/22\\\/enfermedades-de-las-celulas-y-tejidos-organicos\\\/\"]}]},{\"@type\":\"ImageObject\",\"inLanguage\":\"es\",\"@id\":\"https:\\\/\\\/www.eldiario.net\\\/portal\\\/2022\\\/03\\\/22\\\/enfermedades-de-las-celulas-y-tejidos-organicos\\\/#primaryimage\",\"url\":\"\",\"contentUrl\":\"\"},{\"@type\":\"BreadcrumbList\",\"@id\":\"https:\\\/\\\/www.eldiario.net\\\/portal\\\/2022\\\/03\\\/22\\\/enfermedades-de-las-celulas-y-tejidos-organicos\\\/#breadcrumb\",\"itemListElement\":[{\"@type\":\"ListItem\",\"position\":1,\"name\":\"Portada\",\"item\":\"https:\\\/\\\/www.eldiario.net\\\/portal\\\/\"},{\"@type\":\"ListItem\",\"position\":2,\"name\":\"Enfermedades de las c\u00e9lulas y tejidos org\u00e1nicos\"}]},{\"@type\":\"WebSite\",\"@id\":\"https:\\\/\\\/www.eldiario.net\\\/portal\\\/#website\",\"url\":\"https:\\\/\\\/www.eldiario.net\\\/portal\\\/\",\"name\":\"El Diario - Decano de la prensa nacional\",\"description\":\"El Diario - Decano de la prensa nacional\",\"publisher\":{\"@id\":\"https:\\\/\\\/www.eldiario.net\\\/portal\\\/#organization\"},\"potentialAction\":[{\"@type\":\"SearchAction\",\"target\":{\"@type\":\"EntryPoint\",\"urlTemplate\":\"https:\\\/\\\/www.eldiario.net\\\/portal\\\/?s={search_term_string}\"},\"query-input\":{\"@type\":\"PropertyValueSpecification\",\"valueRequired\":true,\"valueName\":\"search_term_string\"}}],\"inLanguage\":\"es\"},{\"@type\":\"Organization\",\"@id\":\"https:\\\/\\\/www.eldiario.net\\\/portal\\\/#organization\",\"name\":\"El Diario - Decano de la prensa nacional\",\"url\":\"https:\\\/\\\/www.eldiario.net\\\/portal\\\/\",\"logo\":{\"@type\":\"ImageObject\",\"inLanguage\":\"es\",\"@id\":\"https:\\\/\\\/www.eldiario.net\\\/portal\\\/#\\\/schema\\\/logo\\\/image\\\/\",\"url\":\"https:\\\/\\\/www.eldiario.net\\\/portal\\\/wp-content\\\/uploads\\\/2023\\\/07\\\/logo_ED.jpg\",\"contentUrl\":\"https:\\\/\\\/www.eldiario.net\\\/portal\\\/wp-content\\\/uploads\\\/2023\\\/07\\\/logo_ED.jpg\",\"width\":272,\"height\":52,\"caption\":\"El Diario - Decano de la prensa nacional\"},\"image\":{\"@id\":\"https:\\\/\\\/www.eldiario.net\\\/portal\\\/#\\\/schema\\\/logo\\\/image\\\/\"},\"sameAs\":[\"https:\\\/\\\/www.facebook.com\\\/eldiario.bolivia\\\/\",\"https:\\\/\\\/x.com\\\/eldiario_net\"]},{\"@type\":\"Person\",\"@id\":\"https:\\\/\\\/www.eldiario.net\\\/portal\\\/#\\\/schema\\\/person\\\/2c57cf2b7a7ae032e449e4c9b1019eac\",\"name\":\"Jeanette\",\"image\":{\"@type\":\"ImageObject\",\"inLanguage\":\"es\",\"@id\":\"https:\\\/\\\/secure.gravatar.com\\\/avatar\\\/3ea2118a5f7dad2b7138b1187a6b7ee55f160b9968b66013c3a3ef39dd7e5798?s=96&d=mm&r=g\",\"url\":\"https:\\\/\\\/secure.gravatar.com\\\/avatar\\\/3ea2118a5f7dad2b7138b1187a6b7ee55f160b9968b66013c3a3ef39dd7e5798?s=96&d=mm&r=g\",\"contentUrl\":\"https:\\\/\\\/secure.gravatar.com\\\/avatar\\\/3ea2118a5f7dad2b7138b1187a6b7ee55f160b9968b66013c3a3ef39dd7e5798?s=96&d=mm&r=g\",\"caption\":\"Jeanette\"},\"sameAs\":[\"https:\\\/\\\/www.eldiario.net\\\/portal\"],\"url\":\"https:\\\/\\\/www.eldiario.net\\\/portal\\\/author\\\/jeanette\\\/\"}]}<\/script>\n<!-- \/ Yoast SEO plugin. -->","yoast_head_json":{"title":"Enfermedades de las c\u00e9lulas y tejidos org\u00e1nicos - El Diario - Bolivia","robots":{"index":"index","follow":"follow","max-snippet":"max-snippet:-1","max-image-preview":"max-image-preview:large","max-video-preview":"max-video-preview:-1"},"canonical":"https:\/\/www.eldiario.net\/portal\/2022\/03\/22\/enfermedades-de-las-celulas-y-tejidos-organicos\/","og_locale":"es_ES","og_type":"article","og_title":"Enfermedades de las c\u00e9lulas y tejidos org\u00e1nicos - El Diario - Bolivia","og_description":"Por: Equipo editor &nbsp; Tumor &nbsp; Es el aumento de volumen de un tejido u \u00f3rgano del cuerpo a consecuencia de la proliferaci\u00f3n incontrolada de c\u00e9lulas anormales, es decir, que estas c\u00e9lulas se duplican a gran velocidad y sin control, dando lugar a c\u00e9lulas id\u00e9nticas, formando as\u00ed los tumores. &nbsp; Clasificaci\u00f3n &nbsp; Se los clasifica [&hellip;]","og_url":"https:\/\/www.eldiario.net\/portal\/2022\/03\/22\/enfermedades-de-las-celulas-y-tejidos-organicos\/","og_site_name":"El Diario - Bolivia","article_publisher":"https:\/\/www.facebook.com\/eldiario.bolivia\/","article_published_time":"2022-03-22T09:48:11+00:00","author":"Jeanette","twitter_card":"summary_large_image","twitter_creator":"@eldiario_net","twitter_site":"@eldiario_net","twitter_misc":{"Escrito por":"Jeanette","Tiempo de lectura":"6 minutos"},"schema":{"@context":"https:\/\/schema.org","@graph":[{"@type":"Article","@id":"https:\/\/www.eldiario.net\/portal\/2022\/03\/22\/enfermedades-de-las-celulas-y-tejidos-organicos\/#article","isPartOf":{"@id":"https:\/\/www.eldiario.net\/portal\/2022\/03\/22\/enfermedades-de-las-celulas-y-tejidos-organicos\/"},"author":{"name":"Jeanette","@id":"https:\/\/www.eldiario.net\/portal\/#\/schema\/person\/2c57cf2b7a7ae032e449e4c9b1019eac"},"headline":"Enfermedades de las c\u00e9lulas y tejidos org\u00e1nicos","datePublished":"2022-03-22T09:48:11+00:00","mainEntityOfPage":{"@id":"https:\/\/www.eldiario.net\/portal\/2022\/03\/22\/enfermedades-de-las-celulas-y-tejidos-organicos\/"},"wordCount":1445,"publisher":{"@id":"https:\/\/www.eldiario.net\/portal\/#organization"},"image":{"@id":"https:\/\/www.eldiario.net\/portal\/2022\/03\/22\/enfermedades-de-las-celulas-y-tejidos-organicos\/#primaryimage"},"thumbnailUrl":"","articleSection":["Nuevos Horizontes"],"inLanguage":"es"},{"@type":"WebPage","@id":"https:\/\/www.eldiario.net\/portal\/2022\/03\/22\/enfermedades-de-las-celulas-y-tejidos-organicos\/","url":"https:\/\/www.eldiario.net\/portal\/2022\/03\/22\/enfermedades-de-las-celulas-y-tejidos-organicos\/","name":"Enfermedades de las c\u00e9lulas y tejidos org\u00e1nicos - El Diario - Bolivia","isPartOf":{"@id":"https:\/\/www.eldiario.net\/portal\/#website"},"primaryImageOfPage":{"@id":"https:\/\/www.eldiario.net\/portal\/2022\/03\/22\/enfermedades-de-las-celulas-y-tejidos-organicos\/#primaryimage"},"image":{"@id":"https:\/\/www.eldiario.net\/portal\/2022\/03\/22\/enfermedades-de-las-celulas-y-tejidos-organicos\/#primaryimage"},"thumbnailUrl":"","datePublished":"2022-03-22T09:48:11+00:00","breadcrumb":{"@id":"https:\/\/www.eldiario.net\/portal\/2022\/03\/22\/enfermedades-de-las-celulas-y-tejidos-organicos\/#breadcrumb"},"inLanguage":"es","potentialAction":[{"@type":"ReadAction","target":["https:\/\/www.eldiario.net\/portal\/2022\/03\/22\/enfermedades-de-las-celulas-y-tejidos-organicos\/"]}]},{"@type":"ImageObject","inLanguage":"es","@id":"https:\/\/www.eldiario.net\/portal\/2022\/03\/22\/enfermedades-de-las-celulas-y-tejidos-organicos\/#primaryimage","url":"","contentUrl":""},{"@type":"BreadcrumbList","@id":"https:\/\/www.eldiario.net\/portal\/2022\/03\/22\/enfermedades-de-las-celulas-y-tejidos-organicos\/#breadcrumb","itemListElement":[{"@type":"ListItem","position":1,"name":"Portada","item":"https:\/\/www.eldiario.net\/portal\/"},{"@type":"ListItem","position":2,"name":"Enfermedades de las c\u00e9lulas y tejidos org\u00e1nicos"}]},{"@type":"WebSite","@id":"https:\/\/www.eldiario.net\/portal\/#website","url":"https:\/\/www.eldiario.net\/portal\/","name":"El Diario - Decano de la prensa nacional","description":"El Diario - Decano de la prensa nacional","publisher":{"@id":"https:\/\/www.eldiario.net\/portal\/#organization"},"potentialAction":[{"@type":"SearchAction","target":{"@type":"EntryPoint","urlTemplate":"https:\/\/www.eldiario.net\/portal\/?s={search_term_string}"},"query-input":{"@type":"PropertyValueSpecification","valueRequired":true,"valueName":"search_term_string"}}],"inLanguage":"es"},{"@type":"Organization","@id":"https:\/\/www.eldiario.net\/portal\/#organization","name":"El Diario - Decano de la prensa nacional","url":"https:\/\/www.eldiario.net\/portal\/","logo":{"@type":"ImageObject","inLanguage":"es","@id":"https:\/\/www.eldiario.net\/portal\/#\/schema\/logo\/image\/","url":"https:\/\/www.eldiario.net\/portal\/wp-content\/uploads\/2023\/07\/logo_ED.jpg","contentUrl":"https:\/\/www.eldiario.net\/portal\/wp-content\/uploads\/2023\/07\/logo_ED.jpg","width":272,"height":52,"caption":"El Diario - Decano de la prensa nacional"},"image":{"@id":"https:\/\/www.eldiario.net\/portal\/#\/schema\/logo\/image\/"},"sameAs":["https:\/\/www.facebook.com\/eldiario.bolivia\/","https:\/\/x.com\/eldiario_net"]},{"@type":"Person","@id":"https:\/\/www.eldiario.net\/portal\/#\/schema\/person\/2c57cf2b7a7ae032e449e4c9b1019eac","name":"Jeanette","image":{"@type":"ImageObject","inLanguage":"es","@id":"https:\/\/secure.gravatar.com\/avatar\/3ea2118a5f7dad2b7138b1187a6b7ee55f160b9968b66013c3a3ef39dd7e5798?s=96&d=mm&r=g","url":"https:\/\/secure.gravatar.com\/avatar\/3ea2118a5f7dad2b7138b1187a6b7ee55f160b9968b66013c3a3ef39dd7e5798?s=96&d=mm&r=g","contentUrl":"https:\/\/secure.gravatar.com\/avatar\/3ea2118a5f7dad2b7138b1187a6b7ee55f160b9968b66013c3a3ef39dd7e5798?s=96&d=mm&r=g","caption":"Jeanette"},"sameAs":["https:\/\/www.eldiario.net\/portal"],"url":"https:\/\/www.eldiario.net\/portal\/author\/jeanette\/"}]}},"_links":{"self":[{"href":"https:\/\/www.eldiario.net\/portal\/wp-json\/wp\/v2\/posts\/71291","targetHints":{"allow":["GET"]}}],"collection":[{"href":"https:\/\/www.eldiario.net\/portal\/wp-json\/wp\/v2\/posts"}],"about":[{"href":"https:\/\/www.eldiario.net\/portal\/wp-json\/wp\/v2\/types\/post"}],"author":[{"embeddable":true,"href":"https:\/\/www.eldiario.net\/portal\/wp-json\/wp\/v2\/users\/1"}],"replies":[{"embeddable":true,"href":"https:\/\/www.eldiario.net\/portal\/wp-json\/wp\/v2\/comments?post=71291"}],"version-history":[{"count":0,"href":"https:\/\/www.eldiario.net\/portal\/wp-json\/wp\/v2\/posts\/71291\/revisions"}],"wp:attachment":[{"href":"https:\/\/www.eldiario.net\/portal\/wp-json\/wp\/v2\/media?parent=71291"}],"wp:term":[{"taxonomy":"category","embeddable":true,"href":"https:\/\/www.eldiario.net\/portal\/wp-json\/wp\/v2\/categories?post=71291"},{"taxonomy":"post_tag","embeddable":true,"href":"https:\/\/www.eldiario.net\/portal\/wp-json\/wp\/v2\/tags?post=71291"}],"curies":[{"name":"wp","href":"https:\/\/api.w.org\/{rel}","templated":true}]}}