{"id":71286,"date":"2022-03-22T05:46:33","date_gmt":"2022-03-22T09:46:33","guid":{"rendered":"https:\/\/www.eldiario.net\/portal\/?p=71286"},"modified":"2022-03-22T05:46:33","modified_gmt":"2022-03-22T09:46:33","slug":"la-relacion-salud-emociones-realidad-o-ficcion-las-alergias","status":"publish","type":"post","link":"https:\/\/www.eldiario.net\/portal\/2022\/03\/22\/la-relacion-salud-emociones-realidad-o-ficcion-las-alergias\/","title":{"rendered":"La relaci\u00f3n Salud &#8211; Emociones \u00bfrealidad o ficci\u00f3n? Las alergias"},"content":{"rendered":"<p><strong>Autor: Lic. H\u00e9ctor Molina Angulo<\/strong><\/p>\n<p>&nbsp;<\/p>\n<p>Dentro de la naturaleza, el hombre es, por esencia, un ser, una unidad bio-psico-espiritual; es decir, que es un ser integral conformado por cuerpo, mente y esp\u00edritu en la que, por consecuencia, aquello que sucede con cada una de las dimensiones repercute en las otras. El hombre es un ser corporal, esta es una realidad que se constata inmediatamente. Nuestro cuerpo tiene requerimientos f\u00edsicos y necesidades vinculadas a esta dimensi\u00f3n que no pueden ser desatendidas: respiraci\u00f3n, alimento, bebida, abrigo y otras necesidades vinculadas al bienestar. Es claro que lo biol\u00f3gico no explica todo lo que somos. Si seguimos avanzando en nuestra propia experiencia como personas, advertimos que nuestra relaci\u00f3n con el mundo trasciende este nivel, as\u00ed llegamos a descubrir que poseemos una dimensi\u00f3n psicol\u00f3gica. Esta dimensi\u00f3n tiene tambi\u00e9n sus propios requerimientos o necesidades.<\/p>\n<p>&nbsp;<\/p>\n<p>Considerando lo mencionado, es v\u00e1lido establecer que existen emociones positivas y otras negativas. Las emociones positivas tienden a potenciar la salud tanto f\u00edsica como mental mientras que las emociones negativas tienden a disminuirla. A su vez, las personas que gozan de un buen estado de salud tienden a experimentar m\u00e1s emociones positivas y menos negativas que quienes han perdido su bienestar.<\/p>\n<p>&nbsp;<\/p>\n<p>En un primer momento, las emociones negativas se consideran adaptativas; es decir, nos ayudan a protegernos de determinados problemas. Sin embargo, no es adecuado permanecer indefinidamente enfadados, tristes o aterrados ya que estas situaciones suponen un sobre esfuerzo y un sobre coste que no es posible mantener a lo largo del tiempo y que puede acarrear un trastorno de la salud f\u00edsica y mental.<\/p>\n<p>&nbsp;<\/p>\n<p>Existen numerosos estudios que enfatizan y describen a detalle que un elevado estado emocional negativo puede tener consecuencias para la salud de una persona, por ejemplo, cuando experimentamos ira, tristeza o depresi\u00f3n de manera intensa, tienden a producirse\u00a0cambios de conducta que hace que abandonemos\u00a0<a href=\"http:\/\/www.bemocion.msssi.gob.es\/bemocionSalud\/emocionesEstilo\/home.htm\">h\u00e1bitos saludables<\/a>\u00a0como el ejercicio f\u00edsico o la vida social y los sustituyamos por otros como el sedentarismo o la adicci\u00f3n al tabaco o al alcohol, comida chatarra u otro que ponga en peligro nuestra salud.<\/p>\n<p>&nbsp;<\/p>\n<p>Otra muestra de lo se\u00f1alado se da cuando las reacciones emocionales se prolongan por mucho tiempo generando la activaci\u00f3n de mecanismos fisiol\u00f3gicos como la tensi\u00f3n, el estr\u00e9s, la elevaci\u00f3n de la presi\u00f3n sangu\u00ednea,\u00a0etc., las mismas pueden desembocar en problemas musculares o cardiovasculares altamente perjudiciales.<\/p>\n<p>&nbsp;<\/p>\n<p>Una alta emocionalidad negativa produce tambi\u00e9n sesgo cognitivo; es decir, una manera de interpretar las situaciones alejada de la realidad. Cuanto m\u00e1s nerviosos estamos m\u00e1s nos fijamos en las amenazas y m\u00e1s importancia le damos a la probabilidad de que haya consecuencias negativas con lo que aumenta la ansiedad y de nuevo cambia nuestra percepci\u00f3n de la realidad. Si nuestra atenci\u00f3n se focaliza en sensaciones f\u00edsicas puede desarrollarse\u00a0trastorno del p\u00e1nico, si lo hace en la propia conducta ante situaciones sociales,\u00a0fobia social, si se fija en pensamientos intrusos,\u00a0trastorno obsesivo compulsivo, si lo hace en la p\u00e9rdida,\u00a0trastorno depresivo,\u00a0etc.<\/p>\n<p>&nbsp;<\/p>\n<p>En el otro extremo, una emoci\u00f3n positiva elevada tambi\u00e9n puede alterar nuestra salud, en cosos menos frecuentes pero importantes de ser considerados. Por ejemplo, una elevada euforia en personas muy impulsivas puede conducir a una exageraci\u00f3n de comida, bebidas u otras sustancias incluso psicoactivas, que puede aumentar el riesgo de sufrir un accidente o alguna otra consecuencia negativa para la salud.<\/p>\n<p>&nbsp;<\/p>\n<p>Por lo tanto, reiteramos nuestra premisa de que existe una relaci\u00f3n estrecha entre emociones y salud. Por un lado, cuando estamos sanos disfrutamos de mayores niveles de bienestar y emocionalidad positiva, mientras que cuando enfermamos, tendemos a preocuparnos, activarnos y a deprimirnos. Por otro lado, las emociones positivas tienden a potenciar la salud, mientras que las reacciones emocionales negativas tienden a producir algunos trastornos de la salud que especialistas denominan \u201cdes\u00f3rdenes emocionales\u201d.<\/p>\n<p>&nbsp;<\/p>\n<p>Es necesario aclarar que la reacci\u00f3n ante determinadas situaciones y las emociones son diferentes en cada individuo. Hay personas que ante un exceso de carga emocional tienen problemas f\u00edsicos como los dolores de cabeza o los trastornos digestivos, otras, problemas cognitivos como la excesiva preocupaci\u00f3n y la obsesi\u00f3n y otras, problemas conductuales como el consumo de determinadas sustancias. Por tanto, hay una situaci\u00f3n de alarma diferente para cada persona.<\/p>\n<p>&nbsp;<\/p>\n<p>Es por ello que en iniciamos la l\u00ednea de enfermedades que deterioran o interfieren con nuestra salud integral que var\u00edan desde algunas peque\u00f1as o poco frecuentes hasta aquellas que engrosan las listas de decesos humanos.<\/p>\n<p>&nbsp;<\/p>\n<p>Dentro de la medicina existe una parte que se denomina Psicosom\u00e1tica, que es un campo interdisciplinario que estudia los fen\u00f3menos\u00a0psicosom\u00e1ticos\u00a0y las relaciones entre factores sociales, psicol\u00f3gicos, y de comportamiento en los procesos del cuerpo y la calidad de vida de los humanos y animales; es decir, que estudia las relaciones mente-cuerpo, la influencia de los factores ps\u00edquicos en los trastornos f\u00edsicos, a la cual recurren profesionales de la medicina y la psicolog\u00eda para comprender el origen de determinadas enfermedades. No se incluyen las enfermedades hereditarias, las gen\u00e9ticas y las causadas por factores medioambientales; pero, incluso en \u00e9stas, sus da\u00f1os pueden aumentar como resultado de la tensi\u00f3n ps\u00edquica.<\/p>\n<p>&nbsp;<\/p>\n<p>Si consideramos al cuerpo como una pantalla donde se van proyectando las emociones y estas son en su mayor\u00eda negativas, la proyecci\u00f3n de las mismas se tornar\u00e1 en forma de dolencias. Estos se producen a corto o a largo plazo, ya que cada mente y cuerpo reacciona conforme a su propio tiempo. Por eso debemos resolver lo que nos disgusta, evitando as\u00ed que nuestro inconsciente se comunique a trav\u00e9s del lenguaje del cuerpo, pues es un hecho que el factor ps\u00edquico predomina, constituyendo el origen de gran parte de las dolencias adquiridas a lo largo de la vida.<\/p>\n<p>&nbsp;<\/p>\n<p><strong>Relaci\u00f3n de las alergias con las emociones<\/strong><\/p>\n<p>&nbsp;<\/p>\n<p>Dentro de esta causalidad (causa-efecto) se encuentran las alergias que seg\u00fan la \u00a0Bioneuroemoci\u00f3n las alergias son la resistencia que hace nuestro organismo contra una parte de nuestra vida que nos asusta o no deseamos enfrentar. Cada sustancia (al\u00e9rgeno) que genera la alergia, simboliza el aspecto de la vida contra el que \u201cluchamos\u201d.<\/p>\n<p>&nbsp;<\/p>\n<p>Algunos ejemplos son:<\/p>\n<p>&nbsp;<\/p>\n<ul>\n<li><strong>Alergia a la leche:<\/strong>simboliza la uni\u00f3n con la madre y se produce por un \u201cconflicto de separaci\u00f3n\u201d con la misma.<\/li>\n<li><strong>Alergia a un animal:<\/strong>shock relacionado con animales.<\/li>\n<li><strong>Alergia al sol:<\/strong> simboliza el padre, est\u00e1 relacionado con la separaci\u00f3n de este o relaciones problem\u00e1ticas.<\/li>\n<\/ul>\n<p>&nbsp;<\/p>\n<p>Considerando que\u00a0la Bioneuroemoci\u00f3n es el m\u00e9todo creado para mejorar el bienestar personal a trav\u00e9s de una comprensi\u00f3n profunda del origen de los conflictos emocionales y la relaci\u00f3n de estos conflictos con los cambios f\u00edsicos del organismo (ya sean hormonales, neurol\u00f3gicos, o estructurales).<\/p>\n<p>&nbsp;<\/p>\n<p>Otro postulado como es el de Bioshock relaciona la explicaci\u00f3n tradicional del origen de las alergias con un momento de \u201cimpacto emocional\u201d donde se desata la alergia.<\/p>\n<p>&nbsp;<\/p>\n<p>Las dos etapas, seg\u00fan la medicina tradicional a la que esta teor\u00eda hace referencia se explican de la siguiente manera:<\/p>\n<p>&nbsp;<\/p>\n<p>La primera etapa:\u00a0es la fase silenciosa o de sensibilizaci\u00f3n, en la que\u00a0el sistema inmunitario identifica un intruso\u00a0(al\u00e9rgeno o cuerpo extra\u00f1o), haciendo que algunas de nuestras c\u00e9lulas lo analicen y fabriquen anticuerpos espec\u00edficos memorizando las caracter\u00edsticas del intruso.<\/p>\n<p>La segunda etapa:\u00a0se define como la\u00a0fase de hipersensibilidad o fase ruidosa en la que se detiene y neutraliza a esos agresores\u00a0(al\u00e9rgenos). Sucede cuando los anticuerpos frente a los intrusos se vuelven reactivos y desencadenan una reacci\u00f3n al\u00e9rgica.<\/p>\n<p>&nbsp;<\/p>\n<p>Esta teor\u00eda relaciona estas dos etapas con el instante donde nuestro inconsciente detect\u00f3 a algo o a alguien como el agresor por el cual se defiende nuestra alergia. En esta teor\u00eda, se dice que\u00a0la alergia es un conflicto de gran estr\u00e9s\u00a0donde se supera el\u00a0LST (L\u00edmite Superior Tolerable)\u00a0debido a un shock emocional.<\/p>\n<p>&nbsp;<\/p>\n<p>Y es en ese instante de la situaci\u00f3n desestabilizante (a trav\u00e9s de la vista, o\u00eddo, tacto, olfato y gusto) que se asocia el episodio impactante con los al\u00e9rgenos de ese momento (primera etapa).<\/p>\n<p>&nbsp;<\/p>\n<p>Cuando se produce una nueva toma de contacto con esos agentes presentes en esa situaci\u00f3n desagradable, para el organismo significa que es una advertencia de peligro y no quiere volver a sentir lo mismo que sinti\u00f3 en esa situaci\u00f3n desagradable, lo que hace que se defienda (segunda etapa).<\/p>\n<p>&nbsp;<\/p>\n<p>Si bien se citan dos postulados que acu\u00f1en la idea de la existencia interrelacional entre las emociones y las alergias, se hace con la finalidad de comprobar que dentro de las ciencias se aprueba esta premisa. No se da como \u00fanica ni la m\u00e1s importante, pero de ninguna manera se niega su validez. Por ello en el siguiente n\u00famero se describir\u00e1 los tratamientos que se pueden seguir desde casa, desde nosotros mismos para enfrentar este mal y coadyuvar al proceso de un profesional certificado que nos ayude a sanar.<\/p>\n\n","protected":false},"excerpt":{"rendered":"<p>Autor: Lic. H\u00e9ctor Molina Angulo &nbsp; Dentro de la naturaleza, el hombre es, por esencia, un ser, una unidad bio-psico-espiritual; es decir, que es un ser integral conformado por cuerpo, mente y esp\u00edritu en la que, por consecuencia, aquello que sucede con cada una de las dimensiones repercute en las otras. El hombre es un [&hellip;]<\/p>\n","protected":false},"author":1,"featured_media":71287,"comment_status":"closed","ping_status":"closed","sticky":false,"template":"","format":"standard","meta":{"_acf_changed":false,"footnotes":""},"categories":[43],"tags":[],"class_list":["post-71286","post","type-post","status-publish","format-standard","has-post-thumbnail","category-nuevos-horizontes"],"acf":{"antetitulo":""},"yoast_head":"<!-- This site is optimized with the Yoast SEO plugin v28.4 - https:\/\/yoast.com\/product\/yoast-seo-wordpress\/ -->\n<title>La relaci\u00f3n Salud - Emociones \u00bfrealidad o ficci\u00f3n? Las alergias - El Diario - Bolivia<\/title>\n<meta name=\"robots\" content=\"index, follow, max-snippet:-1, max-image-preview:large, max-video-preview:-1\" \/>\n<link rel=\"canonical\" href=\"https:\/\/www.eldiario.net\/portal\/2022\/03\/22\/la-relacion-salud-emociones-realidad-o-ficcion-las-alergias\/\" \/>\n<meta property=\"og:locale\" content=\"es_ES\" \/>\n<meta property=\"og:type\" content=\"article\" \/>\n<meta property=\"og:title\" content=\"La relaci\u00f3n Salud - Emociones \u00bfrealidad o ficci\u00f3n? Las alergias - El Diario - Bolivia\" \/>\n<meta property=\"og:description\" content=\"Autor: Lic. H\u00e9ctor Molina Angulo &nbsp; Dentro de la naturaleza, el hombre es, por esencia, un ser, una unidad bio-psico-espiritual; es decir, que es un ser integral conformado por cuerpo, mente y esp\u00edritu en la que, por consecuencia, aquello que sucede con cada una de las dimensiones repercute en las otras. El hombre es un [&hellip;]\" \/>\n<meta property=\"og:url\" content=\"https:\/\/www.eldiario.net\/portal\/2022\/03\/22\/la-relacion-salud-emociones-realidad-o-ficcion-las-alergias\/\" \/>\n<meta property=\"og:site_name\" content=\"El Diario - Bolivia\" \/>\n<meta property=\"article:publisher\" content=\"https:\/\/www.facebook.com\/eldiario.bolivia\/\" \/>\n<meta property=\"article:published_time\" content=\"2022-03-22T09:46:33+00:00\" \/>\n<meta name=\"author\" content=\"Jeanette\" \/>\n<meta name=\"twitter:card\" content=\"summary_large_image\" \/>\n<meta name=\"twitter:creator\" content=\"@eldiario_net\" \/>\n<meta name=\"twitter:site\" content=\"@eldiario_net\" \/>\n<meta name=\"twitter:label1\" content=\"Escrito por\" \/>\n\t<meta name=\"twitter:data1\" content=\"Jeanette\" \/>\n\t<meta name=\"twitter:label2\" content=\"Tiempo de lectura\" \/>\n\t<meta name=\"twitter:data2\" content=\"7 minutos\" \/>\n<script type=\"application\/ld+json\" class=\"yoast-schema-graph\">{\"@context\":\"https:\\\/\\\/schema.org\",\"@graph\":[{\"@type\":\"Article\",\"@id\":\"https:\\\/\\\/www.eldiario.net\\\/portal\\\/2022\\\/03\\\/22\\\/la-relacion-salud-emociones-realidad-o-ficcion-las-alergias\\\/#article\",\"isPartOf\":{\"@id\":\"https:\\\/\\\/www.eldiario.net\\\/portal\\\/2022\\\/03\\\/22\\\/la-relacion-salud-emociones-realidad-o-ficcion-las-alergias\\\/\"},\"author\":{\"name\":\"Jeanette\",\"@id\":\"https:\\\/\\\/www.eldiario.net\\\/portal\\\/#\\\/schema\\\/person\\\/2c57cf2b7a7ae032e449e4c9b1019eac\"},\"headline\":\"La relaci\u00f3n Salud &#8211; Emociones \u00bfrealidad o ficci\u00f3n? Las alergias\",\"datePublished\":\"2022-03-22T09:46:33+00:00\",\"mainEntityOfPage\":{\"@id\":\"https:\\\/\\\/www.eldiario.net\\\/portal\\\/2022\\\/03\\\/22\\\/la-relacion-salud-emociones-realidad-o-ficcion-las-alergias\\\/\"},\"wordCount\":1580,\"publisher\":{\"@id\":\"https:\\\/\\\/www.eldiario.net\\\/portal\\\/#organization\"},\"image\":{\"@id\":\"https:\\\/\\\/www.eldiario.net\\\/portal\\\/2022\\\/03\\\/22\\\/la-relacion-salud-emociones-realidad-o-ficcion-las-alergias\\\/#primaryimage\"},\"thumbnailUrl\":\"\",\"articleSection\":[\"Nuevos Horizontes\"],\"inLanguage\":\"es\"},{\"@type\":\"WebPage\",\"@id\":\"https:\\\/\\\/www.eldiario.net\\\/portal\\\/2022\\\/03\\\/22\\\/la-relacion-salud-emociones-realidad-o-ficcion-las-alergias\\\/\",\"url\":\"https:\\\/\\\/www.eldiario.net\\\/portal\\\/2022\\\/03\\\/22\\\/la-relacion-salud-emociones-realidad-o-ficcion-las-alergias\\\/\",\"name\":\"La relaci\u00f3n Salud - Emociones \u00bfrealidad o ficci\u00f3n? Las alergias - El Diario - Bolivia\",\"isPartOf\":{\"@id\":\"https:\\\/\\\/www.eldiario.net\\\/portal\\\/#website\"},\"primaryImageOfPage\":{\"@id\":\"https:\\\/\\\/www.eldiario.net\\\/portal\\\/2022\\\/03\\\/22\\\/la-relacion-salud-emociones-realidad-o-ficcion-las-alergias\\\/#primaryimage\"},\"image\":{\"@id\":\"https:\\\/\\\/www.eldiario.net\\\/portal\\\/2022\\\/03\\\/22\\\/la-relacion-salud-emociones-realidad-o-ficcion-las-alergias\\\/#primaryimage\"},\"thumbnailUrl\":\"\",\"datePublished\":\"2022-03-22T09:46:33+00:00\",\"breadcrumb\":{\"@id\":\"https:\\\/\\\/www.eldiario.net\\\/portal\\\/2022\\\/03\\\/22\\\/la-relacion-salud-emociones-realidad-o-ficcion-las-alergias\\\/#breadcrumb\"},\"inLanguage\":\"es\",\"potentialAction\":[{\"@type\":\"ReadAction\",\"target\":[\"https:\\\/\\\/www.eldiario.net\\\/portal\\\/2022\\\/03\\\/22\\\/la-relacion-salud-emociones-realidad-o-ficcion-las-alergias\\\/\"]}]},{\"@type\":\"ImageObject\",\"inLanguage\":\"es\",\"@id\":\"https:\\\/\\\/www.eldiario.net\\\/portal\\\/2022\\\/03\\\/22\\\/la-relacion-salud-emociones-realidad-o-ficcion-las-alergias\\\/#primaryimage\",\"url\":\"\",\"contentUrl\":\"\"},{\"@type\":\"BreadcrumbList\",\"@id\":\"https:\\\/\\\/www.eldiario.net\\\/portal\\\/2022\\\/03\\\/22\\\/la-relacion-salud-emociones-realidad-o-ficcion-las-alergias\\\/#breadcrumb\",\"itemListElement\":[{\"@type\":\"ListItem\",\"position\":1,\"name\":\"Portada\",\"item\":\"https:\\\/\\\/www.eldiario.net\\\/portal\\\/\"},{\"@type\":\"ListItem\",\"position\":2,\"name\":\"La relaci\u00f3n Salud &#8211; Emociones \u00bfrealidad o ficci\u00f3n? Las alergias\"}]},{\"@type\":\"WebSite\",\"@id\":\"https:\\\/\\\/www.eldiario.net\\\/portal\\\/#website\",\"url\":\"https:\\\/\\\/www.eldiario.net\\\/portal\\\/\",\"name\":\"El Diario - Decano de la prensa nacional\",\"description\":\"El Diario - Decano de la prensa nacional\",\"publisher\":{\"@id\":\"https:\\\/\\\/www.eldiario.net\\\/portal\\\/#organization\"},\"potentialAction\":[{\"@type\":\"SearchAction\",\"target\":{\"@type\":\"EntryPoint\",\"urlTemplate\":\"https:\\\/\\\/www.eldiario.net\\\/portal\\\/?s={search_term_string}\"},\"query-input\":{\"@type\":\"PropertyValueSpecification\",\"valueRequired\":true,\"valueName\":\"search_term_string\"}}],\"inLanguage\":\"es\"},{\"@type\":\"Organization\",\"@id\":\"https:\\\/\\\/www.eldiario.net\\\/portal\\\/#organization\",\"name\":\"El Diario - Decano de la prensa nacional\",\"url\":\"https:\\\/\\\/www.eldiario.net\\\/portal\\\/\",\"logo\":{\"@type\":\"ImageObject\",\"inLanguage\":\"es\",\"@id\":\"https:\\\/\\\/www.eldiario.net\\\/portal\\\/#\\\/schema\\\/logo\\\/image\\\/\",\"url\":\"https:\\\/\\\/www.eldiario.net\\\/portal\\\/wp-content\\\/uploads\\\/2023\\\/07\\\/logo_ED.jpg\",\"contentUrl\":\"https:\\\/\\\/www.eldiario.net\\\/portal\\\/wp-content\\\/uploads\\\/2023\\\/07\\\/logo_ED.jpg\",\"width\":272,\"height\":52,\"caption\":\"El Diario - Decano de la prensa nacional\"},\"image\":{\"@id\":\"https:\\\/\\\/www.eldiario.net\\\/portal\\\/#\\\/schema\\\/logo\\\/image\\\/\"},\"sameAs\":[\"https:\\\/\\\/www.facebook.com\\\/eldiario.bolivia\\\/\",\"https:\\\/\\\/x.com\\\/eldiario_net\"]},{\"@type\":\"Person\",\"@id\":\"https:\\\/\\\/www.eldiario.net\\\/portal\\\/#\\\/schema\\\/person\\\/2c57cf2b7a7ae032e449e4c9b1019eac\",\"name\":\"Jeanette\",\"image\":{\"@type\":\"ImageObject\",\"inLanguage\":\"es\",\"@id\":\"https:\\\/\\\/secure.gravatar.com\\\/avatar\\\/3ea2118a5f7dad2b7138b1187a6b7ee55f160b9968b66013c3a3ef39dd7e5798?s=96&d=mm&r=g\",\"url\":\"https:\\\/\\\/secure.gravatar.com\\\/avatar\\\/3ea2118a5f7dad2b7138b1187a6b7ee55f160b9968b66013c3a3ef39dd7e5798?s=96&d=mm&r=g\",\"contentUrl\":\"https:\\\/\\\/secure.gravatar.com\\\/avatar\\\/3ea2118a5f7dad2b7138b1187a6b7ee55f160b9968b66013c3a3ef39dd7e5798?s=96&d=mm&r=g\",\"caption\":\"Jeanette\"},\"sameAs\":[\"https:\\\/\\\/www.eldiario.net\\\/portal\"],\"url\":\"https:\\\/\\\/www.eldiario.net\\\/portal\\\/author\\\/jeanette\\\/\"}]}<\/script>\n<!-- \/ Yoast SEO plugin. -->","yoast_head_json":{"title":"La relaci\u00f3n Salud - Emociones \u00bfrealidad o ficci\u00f3n? Las alergias - El Diario - Bolivia","robots":{"index":"index","follow":"follow","max-snippet":"max-snippet:-1","max-image-preview":"max-image-preview:large","max-video-preview":"max-video-preview:-1"},"canonical":"https:\/\/www.eldiario.net\/portal\/2022\/03\/22\/la-relacion-salud-emociones-realidad-o-ficcion-las-alergias\/","og_locale":"es_ES","og_type":"article","og_title":"La relaci\u00f3n Salud - Emociones \u00bfrealidad o ficci\u00f3n? Las alergias - El Diario - Bolivia","og_description":"Autor: Lic. H\u00e9ctor Molina Angulo &nbsp; Dentro de la naturaleza, el hombre es, por esencia, un ser, una unidad bio-psico-espiritual; es decir, que es un ser integral conformado por cuerpo, mente y esp\u00edritu en la que, por consecuencia, aquello que sucede con cada una de las dimensiones repercute en las otras. El hombre es un [&hellip;]","og_url":"https:\/\/www.eldiario.net\/portal\/2022\/03\/22\/la-relacion-salud-emociones-realidad-o-ficcion-las-alergias\/","og_site_name":"El Diario - Bolivia","article_publisher":"https:\/\/www.facebook.com\/eldiario.bolivia\/","article_published_time":"2022-03-22T09:46:33+00:00","author":"Jeanette","twitter_card":"summary_large_image","twitter_creator":"@eldiario_net","twitter_site":"@eldiario_net","twitter_misc":{"Escrito por":"Jeanette","Tiempo de lectura":"7 minutos"},"schema":{"@context":"https:\/\/schema.org","@graph":[{"@type":"Article","@id":"https:\/\/www.eldiario.net\/portal\/2022\/03\/22\/la-relacion-salud-emociones-realidad-o-ficcion-las-alergias\/#article","isPartOf":{"@id":"https:\/\/www.eldiario.net\/portal\/2022\/03\/22\/la-relacion-salud-emociones-realidad-o-ficcion-las-alergias\/"},"author":{"name":"Jeanette","@id":"https:\/\/www.eldiario.net\/portal\/#\/schema\/person\/2c57cf2b7a7ae032e449e4c9b1019eac"},"headline":"La relaci\u00f3n Salud &#8211; Emociones \u00bfrealidad o ficci\u00f3n? Las alergias","datePublished":"2022-03-22T09:46:33+00:00","mainEntityOfPage":{"@id":"https:\/\/www.eldiario.net\/portal\/2022\/03\/22\/la-relacion-salud-emociones-realidad-o-ficcion-las-alergias\/"},"wordCount":1580,"publisher":{"@id":"https:\/\/www.eldiario.net\/portal\/#organization"},"image":{"@id":"https:\/\/www.eldiario.net\/portal\/2022\/03\/22\/la-relacion-salud-emociones-realidad-o-ficcion-las-alergias\/#primaryimage"},"thumbnailUrl":"","articleSection":["Nuevos Horizontes"],"inLanguage":"es"},{"@type":"WebPage","@id":"https:\/\/www.eldiario.net\/portal\/2022\/03\/22\/la-relacion-salud-emociones-realidad-o-ficcion-las-alergias\/","url":"https:\/\/www.eldiario.net\/portal\/2022\/03\/22\/la-relacion-salud-emociones-realidad-o-ficcion-las-alergias\/","name":"La relaci\u00f3n Salud - Emociones \u00bfrealidad o ficci\u00f3n? Las alergias - El Diario - Bolivia","isPartOf":{"@id":"https:\/\/www.eldiario.net\/portal\/#website"},"primaryImageOfPage":{"@id":"https:\/\/www.eldiario.net\/portal\/2022\/03\/22\/la-relacion-salud-emociones-realidad-o-ficcion-las-alergias\/#primaryimage"},"image":{"@id":"https:\/\/www.eldiario.net\/portal\/2022\/03\/22\/la-relacion-salud-emociones-realidad-o-ficcion-las-alergias\/#primaryimage"},"thumbnailUrl":"","datePublished":"2022-03-22T09:46:33+00:00","breadcrumb":{"@id":"https:\/\/www.eldiario.net\/portal\/2022\/03\/22\/la-relacion-salud-emociones-realidad-o-ficcion-las-alergias\/#breadcrumb"},"inLanguage":"es","potentialAction":[{"@type":"ReadAction","target":["https:\/\/www.eldiario.net\/portal\/2022\/03\/22\/la-relacion-salud-emociones-realidad-o-ficcion-las-alergias\/"]}]},{"@type":"ImageObject","inLanguage":"es","@id":"https:\/\/www.eldiario.net\/portal\/2022\/03\/22\/la-relacion-salud-emociones-realidad-o-ficcion-las-alergias\/#primaryimage","url":"","contentUrl":""},{"@type":"BreadcrumbList","@id":"https:\/\/www.eldiario.net\/portal\/2022\/03\/22\/la-relacion-salud-emociones-realidad-o-ficcion-las-alergias\/#breadcrumb","itemListElement":[{"@type":"ListItem","position":1,"name":"Portada","item":"https:\/\/www.eldiario.net\/portal\/"},{"@type":"ListItem","position":2,"name":"La relaci\u00f3n Salud &#8211; Emociones \u00bfrealidad o ficci\u00f3n? Las alergias"}]},{"@type":"WebSite","@id":"https:\/\/www.eldiario.net\/portal\/#website","url":"https:\/\/www.eldiario.net\/portal\/","name":"El Diario - Decano de la prensa nacional","description":"El Diario - Decano de la prensa nacional","publisher":{"@id":"https:\/\/www.eldiario.net\/portal\/#organization"},"potentialAction":[{"@type":"SearchAction","target":{"@type":"EntryPoint","urlTemplate":"https:\/\/www.eldiario.net\/portal\/?s={search_term_string}"},"query-input":{"@type":"PropertyValueSpecification","valueRequired":true,"valueName":"search_term_string"}}],"inLanguage":"es"},{"@type":"Organization","@id":"https:\/\/www.eldiario.net\/portal\/#organization","name":"El Diario - Decano de la prensa nacional","url":"https:\/\/www.eldiario.net\/portal\/","logo":{"@type":"ImageObject","inLanguage":"es","@id":"https:\/\/www.eldiario.net\/portal\/#\/schema\/logo\/image\/","url":"https:\/\/www.eldiario.net\/portal\/wp-content\/uploads\/2023\/07\/logo_ED.jpg","contentUrl":"https:\/\/www.eldiario.net\/portal\/wp-content\/uploads\/2023\/07\/logo_ED.jpg","width":272,"height":52,"caption":"El Diario - Decano de la prensa nacional"},"image":{"@id":"https:\/\/www.eldiario.net\/portal\/#\/schema\/logo\/image\/"},"sameAs":["https:\/\/www.facebook.com\/eldiario.bolivia\/","https:\/\/x.com\/eldiario_net"]},{"@type":"Person","@id":"https:\/\/www.eldiario.net\/portal\/#\/schema\/person\/2c57cf2b7a7ae032e449e4c9b1019eac","name":"Jeanette","image":{"@type":"ImageObject","inLanguage":"es","@id":"https:\/\/secure.gravatar.com\/avatar\/3ea2118a5f7dad2b7138b1187a6b7ee55f160b9968b66013c3a3ef39dd7e5798?s=96&d=mm&r=g","url":"https:\/\/secure.gravatar.com\/avatar\/3ea2118a5f7dad2b7138b1187a6b7ee55f160b9968b66013c3a3ef39dd7e5798?s=96&d=mm&r=g","contentUrl":"https:\/\/secure.gravatar.com\/avatar\/3ea2118a5f7dad2b7138b1187a6b7ee55f160b9968b66013c3a3ef39dd7e5798?s=96&d=mm&r=g","caption":"Jeanette"},"sameAs":["https:\/\/www.eldiario.net\/portal"],"url":"https:\/\/www.eldiario.net\/portal\/author\/jeanette\/"}]}},"_links":{"self":[{"href":"https:\/\/www.eldiario.net\/portal\/wp-json\/wp\/v2\/posts\/71286","targetHints":{"allow":["GET"]}}],"collection":[{"href":"https:\/\/www.eldiario.net\/portal\/wp-json\/wp\/v2\/posts"}],"about":[{"href":"https:\/\/www.eldiario.net\/portal\/wp-json\/wp\/v2\/types\/post"}],"author":[{"embeddable":true,"href":"https:\/\/www.eldiario.net\/portal\/wp-json\/wp\/v2\/users\/1"}],"replies":[{"embeddable":true,"href":"https:\/\/www.eldiario.net\/portal\/wp-json\/wp\/v2\/comments?post=71286"}],"version-history":[{"count":0,"href":"https:\/\/www.eldiario.net\/portal\/wp-json\/wp\/v2\/posts\/71286\/revisions"}],"wp:attachment":[{"href":"https:\/\/www.eldiario.net\/portal\/wp-json\/wp\/v2\/media?parent=71286"}],"wp:term":[{"taxonomy":"category","embeddable":true,"href":"https:\/\/www.eldiario.net\/portal\/wp-json\/wp\/v2\/categories?post=71286"},{"taxonomy":"post_tag","embeddable":true,"href":"https:\/\/www.eldiario.net\/portal\/wp-json\/wp\/v2\/tags?post=71286"}],"curies":[{"name":"wp","href":"https:\/\/api.w.org\/{rel}","templated":true}]}}