{"id":71280,"date":"2022-03-22T05:43:38","date_gmt":"2022-03-22T09:43:38","guid":{"rendered":"https:\/\/www.eldiario.net\/portal\/?p=71280"},"modified":"2022-03-22T05:43:38","modified_gmt":"2022-03-22T09:43:38","slug":"convocan-a-reunion-del-coem-para-evaluar-pandemia-viral","status":"publish","type":"post","link":"https:\/\/www.eldiario.net\/portal\/2022\/03\/22\/convocan-a-reunion-del-coem-para-evaluar-pandemia-viral\/","title":{"rendered":"Convocan a reuni\u00f3n del COEM para evaluar pandemia viral"},"content":{"rendered":"<p>El Comit\u00e9 de Operaciones de Emergencia Municipal (COEM) de La Paz evaluar\u00e1 la situaci\u00f3n de la pandemia del coronavirus y tambi\u00e9n analizar\u00e1 si se flexibilizan o no las restricciones vigentes, inform\u00f3 la Alcald\u00eda pace\u00f1a.<\/p>\n<p>Se tiene previsto convocar a las entidades pace\u00f1as para que participen de la reuni\u00f3n del COEM, el mi\u00e9rcoles (23), de 16:00 a 18:00 horas, con el fin de evaluar la situaci\u00f3n de la pandemia del coronavirus.<\/p>\n<p>El secretario Ejecutivo de la Alcald\u00eda de La Paz, Jos\u00e9 Carlos Campero confirm\u00f3 que son tres los puntos de la agenda que ser\u00e1n abordados en la reuni\u00f3n del mi\u00e9rcoles. \u201cEl primer punto es la evaluaci\u00f3n cient\u00edfica de los \u00faltimos datos de la pandemia, desde el carnaval hasta ahora, para ver cu\u00e1les han sido los efectos, si ha habido repunte en los contagios, c\u00f3mo est\u00e1 la situaci\u00f3n m\u00e9dica desde el punto de vista cient\u00edfico\u201d, explic\u00f3.<\/p>\n<p>El segundo tema del COEM es la flexibilizaci\u00f3n o no de las medidas restrictivas en actividades econ\u00f3micas vigentes, como el aforo, la apertura y cierre de locales, entre otras medidas. El alcalde Iv\u00e1n Arias plante\u00f3 el domingo la posibilidad de no utilizar el barbijo en espacios abiertos.<\/p>\n<p>\u201cPodr\u00edan flexibilizarse o endurecerse (las restricciones), dependiendo de lo que nos diga el Comit\u00e9 Cient\u00edfico y, adem\u00e1s, de tratar la propuesta p\u00fablica que ha hecho el Alcalde sobre la eliminaci\u00f3n del uso de barbijos en la ciudad, habida cuenta de los elevados \u00edndices de vacunaci\u00f3n que tenemos dependiendo de los datos sobre c\u00f3mo est\u00e1 yendo la pandemia\u201d, indic\u00f3 Campero.<\/p>\n<p>El \u00faltimo punto en la agenda del COEM del mi\u00e9rcoles tiene que ver con la difusi\u00f3n del Plan de Reactivaci\u00f3n Econ\u00f3mica del Municipio de La Paz que present\u00f3 el alcalde Iv\u00e1n Arias el 10 de marzo, report\u00f3 AMUN.<\/p>\n<p>\u201cFinalmente, el tercer punto es presentarles el Plan de Reactivaci\u00f3n Econ\u00f3mica para difundirlo ampliamente, esos son los tres puntos\u201d, detall\u00f3 el secretario Ejecutivo, quien confirm\u00f3 que se convocar\u00e1 a todas las entidades que forman parte del COEM La Paz y que regularmente est\u00e1n presentes para tratar temas de emergencia.<\/p>\n<p>&nbsp;<\/p>\n","protected":false},"excerpt":{"rendered":"<p>El Comit\u00e9 de Operaciones de Emergencia Municipal (COEM) de La Paz evaluar\u00e1 la situaci\u00f3n de la pandemia del coronavirus y tambi\u00e9n analizar\u00e1 si se flexibilizan o no las restricciones vigentes, inform\u00f3 la Alcald\u00eda pace\u00f1a. Se tiene previsto convocar a las entidades pace\u00f1as para que participen de la reuni\u00f3n del COEM, el mi\u00e9rcoles (23), de 16:00 [&hellip;]<\/p>\n","protected":false},"author":1,"featured_media":71281,"comment_status":"closed","ping_status":"closed","sticky":false,"template":"","format":"standard","meta":{"_acf_changed":false,"footnotes":""},"categories":[12],"tags":[],"class_list":["post-71280","post","type-post","status-publish","format-standard","has-post-thumbnail","category-nacional"],"acf":{"antetitulo":""},"yoast_head":"<!-- This site is optimized with the Yoast SEO plugin v28.4 - https:\/\/yoast.com\/product\/yoast-seo-wordpress\/ -->\n<title>Convocan a reuni\u00f3n del COEM para evaluar pandemia viral - El Diario - Bolivia<\/title>\n<meta name=\"robots\" content=\"index, follow, max-snippet:-1, max-image-preview:large, max-video-preview:-1\" \/>\n<link rel=\"canonical\" href=\"https:\/\/www.eldiario.net\/portal\/2022\/03\/22\/convocan-a-reunion-del-coem-para-evaluar-pandemia-viral\/\" \/>\n<meta property=\"og:locale\" content=\"es_ES\" \/>\n<meta property=\"og:type\" content=\"article\" \/>\n<meta property=\"og:title\" content=\"Convocan a reuni\u00f3n del COEM para evaluar pandemia viral - El Diario - Bolivia\" \/>\n<meta property=\"og:description\" content=\"El Comit\u00e9 de Operaciones de Emergencia Municipal (COEM) de La Paz evaluar\u00e1 la situaci\u00f3n de la pandemia del coronavirus y tambi\u00e9n analizar\u00e1 si se flexibilizan o no las restricciones vigentes, inform\u00f3 la Alcald\u00eda pace\u00f1a. Se tiene previsto convocar a las entidades pace\u00f1as para que participen de la reuni\u00f3n del COEM, el mi\u00e9rcoles (23), de 16:00 [&hellip;]\" \/>\n<meta property=\"og:url\" content=\"https:\/\/www.eldiario.net\/portal\/2022\/03\/22\/convocan-a-reunion-del-coem-para-evaluar-pandemia-viral\/\" \/>\n<meta property=\"og:site_name\" content=\"El Diario - Bolivia\" \/>\n<meta property=\"article:publisher\" content=\"https:\/\/www.facebook.com\/eldiario.bolivia\/\" \/>\n<meta property=\"article:published_time\" content=\"2022-03-22T09:43:38+00:00\" \/>\n<meta name=\"author\" content=\"Jeanette\" \/>\n<meta name=\"twitter:card\" content=\"summary_large_image\" \/>\n<meta name=\"twitter:creator\" content=\"@eldiario_net\" \/>\n<meta name=\"twitter:site\" content=\"@eldiario_net\" \/>\n<meta name=\"twitter:label1\" content=\"Escrito por\" \/>\n\t<meta name=\"twitter:data1\" content=\"Jeanette\" \/>\n\t<meta name=\"twitter:label2\" content=\"Tiempo de lectura\" \/>\n\t<meta name=\"twitter:data2\" content=\"2 minutos\" \/>\n<script type=\"application\/ld+json\" class=\"yoast-schema-graph\">{\"@context\":\"https:\\\/\\\/schema.org\",\"@graph\":[{\"@type\":\"Article\",\"@id\":\"https:\\\/\\\/www.eldiario.net\\\/portal\\\/2022\\\/03\\\/22\\\/convocan-a-reunion-del-coem-para-evaluar-pandemia-viral\\\/#article\",\"isPartOf\":{\"@id\":\"https:\\\/\\\/www.eldiario.net\\\/portal\\\/2022\\\/03\\\/22\\\/convocan-a-reunion-del-coem-para-evaluar-pandemia-viral\\\/\"},\"author\":{\"name\":\"Jeanette\",\"@id\":\"https:\\\/\\\/www.eldiario.net\\\/portal\\\/#\\\/schema\\\/person\\\/2c57cf2b7a7ae032e449e4c9b1019eac\"},\"headline\":\"Convocan a reuni\u00f3n del COEM para evaluar pandemia viral\",\"datePublished\":\"2022-03-22T09:43:38+00:00\",\"mainEntityOfPage\":{\"@id\":\"https:\\\/\\\/www.eldiario.net\\\/portal\\\/2022\\\/03\\\/22\\\/convocan-a-reunion-del-coem-para-evaluar-pandemia-viral\\\/\"},\"wordCount\":381,\"publisher\":{\"@id\":\"https:\\\/\\\/www.eldiario.net\\\/portal\\\/#organization\"},\"image\":{\"@id\":\"https:\\\/\\\/www.eldiario.net\\\/portal\\\/2022\\\/03\\\/22\\\/convocan-a-reunion-del-coem-para-evaluar-pandemia-viral\\\/#primaryimage\"},\"thumbnailUrl\":\"\",\"articleSection\":[\"Nacional\"],\"inLanguage\":\"es\"},{\"@type\":\"WebPage\",\"@id\":\"https:\\\/\\\/www.eldiario.net\\\/portal\\\/2022\\\/03\\\/22\\\/convocan-a-reunion-del-coem-para-evaluar-pandemia-viral\\\/\",\"url\":\"https:\\\/\\\/www.eldiario.net\\\/portal\\\/2022\\\/03\\\/22\\\/convocan-a-reunion-del-coem-para-evaluar-pandemia-viral\\\/\",\"name\":\"Convocan a reuni\u00f3n del COEM para evaluar pandemia viral - El Diario - Bolivia\",\"isPartOf\":{\"@id\":\"https:\\\/\\\/www.eldiario.net\\\/portal\\\/#website\"},\"primaryImageOfPage\":{\"@id\":\"https:\\\/\\\/www.eldiario.net\\\/portal\\\/2022\\\/03\\\/22\\\/convocan-a-reunion-del-coem-para-evaluar-pandemia-viral\\\/#primaryimage\"},\"image\":{\"@id\":\"https:\\\/\\\/www.eldiario.net\\\/portal\\\/2022\\\/03\\\/22\\\/convocan-a-reunion-del-coem-para-evaluar-pandemia-viral\\\/#primaryimage\"},\"thumbnailUrl\":\"\",\"datePublished\":\"2022-03-22T09:43:38+00:00\",\"breadcrumb\":{\"@id\":\"https:\\\/\\\/www.eldiario.net\\\/portal\\\/2022\\\/03\\\/22\\\/convocan-a-reunion-del-coem-para-evaluar-pandemia-viral\\\/#breadcrumb\"},\"inLanguage\":\"es\",\"potentialAction\":[{\"@type\":\"ReadAction\",\"target\":[\"https:\\\/\\\/www.eldiario.net\\\/portal\\\/2022\\\/03\\\/22\\\/convocan-a-reunion-del-coem-para-evaluar-pandemia-viral\\\/\"]}]},{\"@type\":\"ImageObject\",\"inLanguage\":\"es\",\"@id\":\"https:\\\/\\\/www.eldiario.net\\\/portal\\\/2022\\\/03\\\/22\\\/convocan-a-reunion-del-coem-para-evaluar-pandemia-viral\\\/#primaryimage\",\"url\":\"\",\"contentUrl\":\"\"},{\"@type\":\"BreadcrumbList\",\"@id\":\"https:\\\/\\\/www.eldiario.net\\\/portal\\\/2022\\\/03\\\/22\\\/convocan-a-reunion-del-coem-para-evaluar-pandemia-viral\\\/#breadcrumb\",\"itemListElement\":[{\"@type\":\"ListItem\",\"position\":1,\"name\":\"Portada\",\"item\":\"https:\\\/\\\/www.eldiario.net\\\/portal\\\/\"},{\"@type\":\"ListItem\",\"position\":2,\"name\":\"Convocan a reuni\u00f3n del COEM para evaluar pandemia viral\"}]},{\"@type\":\"WebSite\",\"@id\":\"https:\\\/\\\/www.eldiario.net\\\/portal\\\/#website\",\"url\":\"https:\\\/\\\/www.eldiario.net\\\/portal\\\/\",\"name\":\"El Diario - Decano de la prensa nacional\",\"description\":\"El Diario - Decano de la prensa nacional\",\"publisher\":{\"@id\":\"https:\\\/\\\/www.eldiario.net\\\/portal\\\/#organization\"},\"potentialAction\":[{\"@type\":\"SearchAction\",\"target\":{\"@type\":\"EntryPoint\",\"urlTemplate\":\"https:\\\/\\\/www.eldiario.net\\\/portal\\\/?s={search_term_string}\"},\"query-input\":{\"@type\":\"PropertyValueSpecification\",\"valueRequired\":true,\"valueName\":\"search_term_string\"}}],\"inLanguage\":\"es\"},{\"@type\":\"Organization\",\"@id\":\"https:\\\/\\\/www.eldiario.net\\\/portal\\\/#organization\",\"name\":\"El Diario - Decano de la prensa nacional\",\"url\":\"https:\\\/\\\/www.eldiario.net\\\/portal\\\/\",\"logo\":{\"@type\":\"ImageObject\",\"inLanguage\":\"es\",\"@id\":\"https:\\\/\\\/www.eldiario.net\\\/portal\\\/#\\\/schema\\\/logo\\\/image\\\/\",\"url\":\"https:\\\/\\\/www.eldiario.net\\\/portal\\\/wp-content\\\/uploads\\\/2023\\\/07\\\/logo_ED.jpg\",\"contentUrl\":\"https:\\\/\\\/www.eldiario.net\\\/portal\\\/wp-content\\\/uploads\\\/2023\\\/07\\\/logo_ED.jpg\",\"width\":272,\"height\":52,\"caption\":\"El Diario - Decano de la prensa nacional\"},\"image\":{\"@id\":\"https:\\\/\\\/www.eldiario.net\\\/portal\\\/#\\\/schema\\\/logo\\\/image\\\/\"},\"sameAs\":[\"https:\\\/\\\/www.facebook.com\\\/eldiario.bolivia\\\/\",\"https:\\\/\\\/x.com\\\/eldiario_net\"]},{\"@type\":\"Person\",\"@id\":\"https:\\\/\\\/www.eldiario.net\\\/portal\\\/#\\\/schema\\\/person\\\/2c57cf2b7a7ae032e449e4c9b1019eac\",\"name\":\"Jeanette\",\"image\":{\"@type\":\"ImageObject\",\"inLanguage\":\"es\",\"@id\":\"https:\\\/\\\/secure.gravatar.com\\\/avatar\\\/3ea2118a5f7dad2b7138b1187a6b7ee55f160b9968b66013c3a3ef39dd7e5798?s=96&d=mm&r=g\",\"url\":\"https:\\\/\\\/secure.gravatar.com\\\/avatar\\\/3ea2118a5f7dad2b7138b1187a6b7ee55f160b9968b66013c3a3ef39dd7e5798?s=96&d=mm&r=g\",\"contentUrl\":\"https:\\\/\\\/secure.gravatar.com\\\/avatar\\\/3ea2118a5f7dad2b7138b1187a6b7ee55f160b9968b66013c3a3ef39dd7e5798?s=96&d=mm&r=g\",\"caption\":\"Jeanette\"},\"sameAs\":[\"https:\\\/\\\/www.eldiario.net\\\/portal\"],\"url\":\"https:\\\/\\\/www.eldiario.net\\\/portal\\\/author\\\/jeanette\\\/\"}]}<\/script>\n<!-- \/ Yoast SEO plugin. -->","yoast_head_json":{"title":"Convocan a reuni\u00f3n del COEM para evaluar pandemia viral - El Diario - Bolivia","robots":{"index":"index","follow":"follow","max-snippet":"max-snippet:-1","max-image-preview":"max-image-preview:large","max-video-preview":"max-video-preview:-1"},"canonical":"https:\/\/www.eldiario.net\/portal\/2022\/03\/22\/convocan-a-reunion-del-coem-para-evaluar-pandemia-viral\/","og_locale":"es_ES","og_type":"article","og_title":"Convocan a reuni\u00f3n del COEM para evaluar pandemia viral - El Diario - Bolivia","og_description":"El Comit\u00e9 de Operaciones de Emergencia Municipal (COEM) de La Paz evaluar\u00e1 la situaci\u00f3n de la pandemia del coronavirus y tambi\u00e9n analizar\u00e1 si se flexibilizan o no las restricciones vigentes, inform\u00f3 la Alcald\u00eda pace\u00f1a. Se tiene previsto convocar a las entidades pace\u00f1as para que participen de la reuni\u00f3n del COEM, el mi\u00e9rcoles (23), de 16:00 [&hellip;]","og_url":"https:\/\/www.eldiario.net\/portal\/2022\/03\/22\/convocan-a-reunion-del-coem-para-evaluar-pandemia-viral\/","og_site_name":"El Diario - Bolivia","article_publisher":"https:\/\/www.facebook.com\/eldiario.bolivia\/","article_published_time":"2022-03-22T09:43:38+00:00","author":"Jeanette","twitter_card":"summary_large_image","twitter_creator":"@eldiario_net","twitter_site":"@eldiario_net","twitter_misc":{"Escrito por":"Jeanette","Tiempo de lectura":"2 minutos"},"schema":{"@context":"https:\/\/schema.org","@graph":[{"@type":"Article","@id":"https:\/\/www.eldiario.net\/portal\/2022\/03\/22\/convocan-a-reunion-del-coem-para-evaluar-pandemia-viral\/#article","isPartOf":{"@id":"https:\/\/www.eldiario.net\/portal\/2022\/03\/22\/convocan-a-reunion-del-coem-para-evaluar-pandemia-viral\/"},"author":{"name":"Jeanette","@id":"https:\/\/www.eldiario.net\/portal\/#\/schema\/person\/2c57cf2b7a7ae032e449e4c9b1019eac"},"headline":"Convocan a reuni\u00f3n del COEM para evaluar pandemia viral","datePublished":"2022-03-22T09:43:38+00:00","mainEntityOfPage":{"@id":"https:\/\/www.eldiario.net\/portal\/2022\/03\/22\/convocan-a-reunion-del-coem-para-evaluar-pandemia-viral\/"},"wordCount":381,"publisher":{"@id":"https:\/\/www.eldiario.net\/portal\/#organization"},"image":{"@id":"https:\/\/www.eldiario.net\/portal\/2022\/03\/22\/convocan-a-reunion-del-coem-para-evaluar-pandemia-viral\/#primaryimage"},"thumbnailUrl":"","articleSection":["Nacional"],"inLanguage":"es"},{"@type":"WebPage","@id":"https:\/\/www.eldiario.net\/portal\/2022\/03\/22\/convocan-a-reunion-del-coem-para-evaluar-pandemia-viral\/","url":"https:\/\/www.eldiario.net\/portal\/2022\/03\/22\/convocan-a-reunion-del-coem-para-evaluar-pandemia-viral\/","name":"Convocan a reuni\u00f3n del COEM para evaluar pandemia viral - El Diario - Bolivia","isPartOf":{"@id":"https:\/\/www.eldiario.net\/portal\/#website"},"primaryImageOfPage":{"@id":"https:\/\/www.eldiario.net\/portal\/2022\/03\/22\/convocan-a-reunion-del-coem-para-evaluar-pandemia-viral\/#primaryimage"},"image":{"@id":"https:\/\/www.eldiario.net\/portal\/2022\/03\/22\/convocan-a-reunion-del-coem-para-evaluar-pandemia-viral\/#primaryimage"},"thumbnailUrl":"","datePublished":"2022-03-22T09:43:38+00:00","breadcrumb":{"@id":"https:\/\/www.eldiario.net\/portal\/2022\/03\/22\/convocan-a-reunion-del-coem-para-evaluar-pandemia-viral\/#breadcrumb"},"inLanguage":"es","potentialAction":[{"@type":"ReadAction","target":["https:\/\/www.eldiario.net\/portal\/2022\/03\/22\/convocan-a-reunion-del-coem-para-evaluar-pandemia-viral\/"]}]},{"@type":"ImageObject","inLanguage":"es","@id":"https:\/\/www.eldiario.net\/portal\/2022\/03\/22\/convocan-a-reunion-del-coem-para-evaluar-pandemia-viral\/#primaryimage","url":"","contentUrl":""},{"@type":"BreadcrumbList","@id":"https:\/\/www.eldiario.net\/portal\/2022\/03\/22\/convocan-a-reunion-del-coem-para-evaluar-pandemia-viral\/#breadcrumb","itemListElement":[{"@type":"ListItem","position":1,"name":"Portada","item":"https:\/\/www.eldiario.net\/portal\/"},{"@type":"ListItem","position":2,"name":"Convocan a reuni\u00f3n del COEM para evaluar pandemia viral"}]},{"@type":"WebSite","@id":"https:\/\/www.eldiario.net\/portal\/#website","url":"https:\/\/www.eldiario.net\/portal\/","name":"El Diario - Decano de la prensa nacional","description":"El Diario - Decano de la prensa nacional","publisher":{"@id":"https:\/\/www.eldiario.net\/portal\/#organization"},"potentialAction":[{"@type":"SearchAction","target":{"@type":"EntryPoint","urlTemplate":"https:\/\/www.eldiario.net\/portal\/?s={search_term_string}"},"query-input":{"@type":"PropertyValueSpecification","valueRequired":true,"valueName":"search_term_string"}}],"inLanguage":"es"},{"@type":"Organization","@id":"https:\/\/www.eldiario.net\/portal\/#organization","name":"El Diario - Decano de la prensa nacional","url":"https:\/\/www.eldiario.net\/portal\/","logo":{"@type":"ImageObject","inLanguage":"es","@id":"https:\/\/www.eldiario.net\/portal\/#\/schema\/logo\/image\/","url":"https:\/\/www.eldiario.net\/portal\/wp-content\/uploads\/2023\/07\/logo_ED.jpg","contentUrl":"https:\/\/www.eldiario.net\/portal\/wp-content\/uploads\/2023\/07\/logo_ED.jpg","width":272,"height":52,"caption":"El Diario - Decano de la prensa nacional"},"image":{"@id":"https:\/\/www.eldiario.net\/portal\/#\/schema\/logo\/image\/"},"sameAs":["https:\/\/www.facebook.com\/eldiario.bolivia\/","https:\/\/x.com\/eldiario_net"]},{"@type":"Person","@id":"https:\/\/www.eldiario.net\/portal\/#\/schema\/person\/2c57cf2b7a7ae032e449e4c9b1019eac","name":"Jeanette","image":{"@type":"ImageObject","inLanguage":"es","@id":"https:\/\/secure.gravatar.com\/avatar\/3ea2118a5f7dad2b7138b1187a6b7ee55f160b9968b66013c3a3ef39dd7e5798?s=96&d=mm&r=g","url":"https:\/\/secure.gravatar.com\/avatar\/3ea2118a5f7dad2b7138b1187a6b7ee55f160b9968b66013c3a3ef39dd7e5798?s=96&d=mm&r=g","contentUrl":"https:\/\/secure.gravatar.com\/avatar\/3ea2118a5f7dad2b7138b1187a6b7ee55f160b9968b66013c3a3ef39dd7e5798?s=96&d=mm&r=g","caption":"Jeanette"},"sameAs":["https:\/\/www.eldiario.net\/portal"],"url":"https:\/\/www.eldiario.net\/portal\/author\/jeanette\/"}]}},"_links":{"self":[{"href":"https:\/\/www.eldiario.net\/portal\/wp-json\/wp\/v2\/posts\/71280","targetHints":{"allow":["GET"]}}],"collection":[{"href":"https:\/\/www.eldiario.net\/portal\/wp-json\/wp\/v2\/posts"}],"about":[{"href":"https:\/\/www.eldiario.net\/portal\/wp-json\/wp\/v2\/types\/post"}],"author":[{"embeddable":true,"href":"https:\/\/www.eldiario.net\/portal\/wp-json\/wp\/v2\/users\/1"}],"replies":[{"embeddable":true,"href":"https:\/\/www.eldiario.net\/portal\/wp-json\/wp\/v2\/comments?post=71280"}],"version-history":[{"count":0,"href":"https:\/\/www.eldiario.net\/portal\/wp-json\/wp\/v2\/posts\/71280\/revisions"}],"wp:attachment":[{"href":"https:\/\/www.eldiario.net\/portal\/wp-json\/wp\/v2\/media?parent=71280"}],"wp:term":[{"taxonomy":"category","embeddable":true,"href":"https:\/\/www.eldiario.net\/portal\/wp-json\/wp\/v2\/categories?post=71280"},{"taxonomy":"post_tag","embeddable":true,"href":"https:\/\/www.eldiario.net\/portal\/wp-json\/wp\/v2\/tags?post=71280"}],"curies":[{"name":"wp","href":"https:\/\/api.w.org\/{rel}","templated":true}]}}