{"id":71277,"date":"2022-03-22T05:42:45","date_gmt":"2022-03-22T09:42:45","guid":{"rendered":"https:\/\/www.eldiario.net\/portal\/?p=71277"},"modified":"2022-03-22T05:42:45","modified_gmt":"2022-03-22T09:42:45","slug":"tres-protestas-causan-caos-en-circulacion-de-vehiculos","status":"publish","type":"post","link":"https:\/\/www.eldiario.net\/portal\/2022\/03\/22\/tres-protestas-causan-caos-en-circulacion-de-vehiculos\/","title":{"rendered":"Tres  protestas causan caos en circulaci\u00f3n de veh\u00edculos"},"content":{"rendered":"<p>Tres protestas colapsaron ayer el centro de La Paz. La primera por los propietarios de cisternas que desde las 06:00 tomaron tres principales v\u00edas de la urbe con 30 motorizados. Por otro lado, muy cerca de ese punto de bloqueo, los m\u00e9dicos tradicionales a la altura de la Plaza del Estudiante. Y en la calle Potos\u00ed, los propietarios de autos indocumentados o llamados \u201cchutos\u201d.<\/p>\n<p>Los transportistas que son parte de microempresas se niegan a habilitar al menos un carril en la avenida 16 de Julio hasta que Yacimientos Petroleros Fiscales Bolivianos (YPFB) anule el proceso de contrataci\u00f3n para el transporte de l\u00edquidos y combustibles.<\/p>\n<p>\u201cEstamos siendo afectadas 600 familias directamente y 1.500 familias indirectamente. Estamos muy molestos, las empresas grandes est\u00e1n contratadas y las microempresas hemos sido excluidas del proceso de contrataci\u00f3n\u201d, indic\u00f3 una de las afectadas.<\/p>\n<p>Cerca de las 13:00 horas, una comisi\u00f3n de la estatal petrolera se acerc\u00f3 hasta los movilizados para solicitarles que se habilite un carril, sin embargo, la respuesta fue negativa.<\/p>\n<p>Otro sector en protesta es el de los m\u00e9dicos tradicionales o \u2018yatiris\u2019 que se apostaron en puertas del Ministerio de Salud. Juan Carlos Ball\u00f3n, dirigente de la Confederaci\u00f3n de Medicina Tradicional, inform\u00f3 que son cerca de 30 personas que piden que se \u201creponga el Viceministerio de Medicina Tradicional\u201d, reflej\u00f3 Urgente.bo<\/p>\n<p>\u201cPedimos tambi\u00e9n la renuncia de la directora de Medicina Tradicional, que no es del sector y es una acad\u00e9mica, no nos representa\u201d, lament\u00f3 la autoridad en declaraciones a Urgente.bo.<\/p>\n<p>A su vez, Ball\u00f3n indic\u00f3 que el sector est\u00e1 en emergencia y no descarta agudizar sus medidas de presi\u00f3n si no hay respuesta positiva al pedido.<\/p>\n<p>En las calles Potos\u00ed y Yanacocha, los propietarios de autos indocumentados o denominados \u201cchutos\u201d bloquearon esas v\u00edas. Piden la nacionalizaci\u00f3n de sus automotores.<\/p>\n<p>\u201cSon una herramienta de trabajo en varias regiones del pa\u00eds y nuestra propuesta es clara, no ingresar\u00e1n al servicio p\u00fablico en las ciudades\u201d, manifest\u00f3 uno de los dirigentes.<\/p>\n","protected":false},"excerpt":{"rendered":"<p>Tres protestas colapsaron ayer el centro de La Paz. La primera por los propietarios de cisternas que desde las 06:00 tomaron tres principales v\u00edas de la urbe con 30 motorizados. Por otro lado, muy cerca de ese punto de bloqueo, los m\u00e9dicos tradicionales a la altura de la Plaza del Estudiante. Y en la calle [&hellip;]<\/p>\n","protected":false},"author":1,"featured_media":71278,"comment_status":"closed","ping_status":"closed","sticky":false,"template":"","format":"standard","meta":{"_acf_changed":false,"footnotes":""},"categories":[12],"tags":[],"class_list":["post-71277","post","type-post","status-publish","format-standard","has-post-thumbnail","category-nacional"],"acf":{"antetitulo":""},"yoast_head":"<!-- This site is optimized with the Yoast SEO plugin v28.4 - https:\/\/yoast.com\/product\/yoast-seo-wordpress\/ -->\n<title>Tres protestas causan caos en circulaci\u00f3n de veh\u00edculos - El Diario - Bolivia<\/title>\n<meta name=\"robots\" content=\"index, follow, max-snippet:-1, max-image-preview:large, max-video-preview:-1\" \/>\n<link rel=\"canonical\" href=\"https:\/\/www.eldiario.net\/portal\/2022\/03\/22\/tres-protestas-causan-caos-en-circulacion-de-vehiculos\/\" \/>\n<meta property=\"og:locale\" content=\"es_ES\" \/>\n<meta property=\"og:type\" content=\"article\" \/>\n<meta property=\"og:title\" content=\"Tres protestas causan caos en circulaci\u00f3n de veh\u00edculos - El Diario - Bolivia\" \/>\n<meta property=\"og:description\" content=\"Tres protestas colapsaron ayer el centro de La Paz. La primera por los propietarios de cisternas que desde las 06:00 tomaron tres principales v\u00edas de la urbe con 30 motorizados. Por otro lado, muy cerca de ese punto de bloqueo, los m\u00e9dicos tradicionales a la altura de la Plaza del Estudiante. Y en la calle [&hellip;]\" \/>\n<meta property=\"og:url\" content=\"https:\/\/www.eldiario.net\/portal\/2022\/03\/22\/tres-protestas-causan-caos-en-circulacion-de-vehiculos\/\" \/>\n<meta property=\"og:site_name\" content=\"El Diario - Bolivia\" \/>\n<meta property=\"article:publisher\" content=\"https:\/\/www.facebook.com\/eldiario.bolivia\/\" \/>\n<meta property=\"article:published_time\" content=\"2022-03-22T09:42:45+00:00\" \/>\n<meta name=\"author\" content=\"Jeanette\" \/>\n<meta name=\"twitter:card\" content=\"summary_large_image\" \/>\n<meta name=\"twitter:creator\" content=\"@eldiario_net\" \/>\n<meta name=\"twitter:site\" content=\"@eldiario_net\" \/>\n<meta name=\"twitter:label1\" content=\"Escrito por\" \/>\n\t<meta name=\"twitter:data1\" content=\"Jeanette\" \/>\n\t<meta name=\"twitter:label2\" content=\"Tiempo de lectura\" \/>\n\t<meta name=\"twitter:data2\" content=\"2 minutos\" \/>\n<script type=\"application\/ld+json\" class=\"yoast-schema-graph\">{\"@context\":\"https:\\\/\\\/schema.org\",\"@graph\":[{\"@type\":\"Article\",\"@id\":\"https:\\\/\\\/www.eldiario.net\\\/portal\\\/2022\\\/03\\\/22\\\/tres-protestas-causan-caos-en-circulacion-de-vehiculos\\\/#article\",\"isPartOf\":{\"@id\":\"https:\\\/\\\/www.eldiario.net\\\/portal\\\/2022\\\/03\\\/22\\\/tres-protestas-causan-caos-en-circulacion-de-vehiculos\\\/\"},\"author\":{\"name\":\"Jeanette\",\"@id\":\"https:\\\/\\\/www.eldiario.net\\\/portal\\\/#\\\/schema\\\/person\\\/2c57cf2b7a7ae032e449e4c9b1019eac\"},\"headline\":\"Tres protestas causan caos en circulaci\u00f3n de veh\u00edculos\",\"datePublished\":\"2022-03-22T09:42:45+00:00\",\"mainEntityOfPage\":{\"@id\":\"https:\\\/\\\/www.eldiario.net\\\/portal\\\/2022\\\/03\\\/22\\\/tres-protestas-causan-caos-en-circulacion-de-vehiculos\\\/\"},\"wordCount\":346,\"publisher\":{\"@id\":\"https:\\\/\\\/www.eldiario.net\\\/portal\\\/#organization\"},\"image\":{\"@id\":\"https:\\\/\\\/www.eldiario.net\\\/portal\\\/2022\\\/03\\\/22\\\/tres-protestas-causan-caos-en-circulacion-de-vehiculos\\\/#primaryimage\"},\"thumbnailUrl\":\"\",\"articleSection\":[\"Nacional\"],\"inLanguage\":\"es\"},{\"@type\":\"WebPage\",\"@id\":\"https:\\\/\\\/www.eldiario.net\\\/portal\\\/2022\\\/03\\\/22\\\/tres-protestas-causan-caos-en-circulacion-de-vehiculos\\\/\",\"url\":\"https:\\\/\\\/www.eldiario.net\\\/portal\\\/2022\\\/03\\\/22\\\/tres-protestas-causan-caos-en-circulacion-de-vehiculos\\\/\",\"name\":\"Tres protestas causan caos en circulaci\u00f3n de veh\u00edculos - El Diario - Bolivia\",\"isPartOf\":{\"@id\":\"https:\\\/\\\/www.eldiario.net\\\/portal\\\/#website\"},\"primaryImageOfPage\":{\"@id\":\"https:\\\/\\\/www.eldiario.net\\\/portal\\\/2022\\\/03\\\/22\\\/tres-protestas-causan-caos-en-circulacion-de-vehiculos\\\/#primaryimage\"},\"image\":{\"@id\":\"https:\\\/\\\/www.eldiario.net\\\/portal\\\/2022\\\/03\\\/22\\\/tres-protestas-causan-caos-en-circulacion-de-vehiculos\\\/#primaryimage\"},\"thumbnailUrl\":\"\",\"datePublished\":\"2022-03-22T09:42:45+00:00\",\"breadcrumb\":{\"@id\":\"https:\\\/\\\/www.eldiario.net\\\/portal\\\/2022\\\/03\\\/22\\\/tres-protestas-causan-caos-en-circulacion-de-vehiculos\\\/#breadcrumb\"},\"inLanguage\":\"es\",\"potentialAction\":[{\"@type\":\"ReadAction\",\"target\":[\"https:\\\/\\\/www.eldiario.net\\\/portal\\\/2022\\\/03\\\/22\\\/tres-protestas-causan-caos-en-circulacion-de-vehiculos\\\/\"]}]},{\"@type\":\"ImageObject\",\"inLanguage\":\"es\",\"@id\":\"https:\\\/\\\/www.eldiario.net\\\/portal\\\/2022\\\/03\\\/22\\\/tres-protestas-causan-caos-en-circulacion-de-vehiculos\\\/#primaryimage\",\"url\":\"\",\"contentUrl\":\"\"},{\"@type\":\"BreadcrumbList\",\"@id\":\"https:\\\/\\\/www.eldiario.net\\\/portal\\\/2022\\\/03\\\/22\\\/tres-protestas-causan-caos-en-circulacion-de-vehiculos\\\/#breadcrumb\",\"itemListElement\":[{\"@type\":\"ListItem\",\"position\":1,\"name\":\"Portada\",\"item\":\"https:\\\/\\\/www.eldiario.net\\\/portal\\\/\"},{\"@type\":\"ListItem\",\"position\":2,\"name\":\"Tres protestas causan caos en circulaci\u00f3n de veh\u00edculos\"}]},{\"@type\":\"WebSite\",\"@id\":\"https:\\\/\\\/www.eldiario.net\\\/portal\\\/#website\",\"url\":\"https:\\\/\\\/www.eldiario.net\\\/portal\\\/\",\"name\":\"El Diario - Decano de la prensa nacional\",\"description\":\"El Diario - Decano de la prensa nacional\",\"publisher\":{\"@id\":\"https:\\\/\\\/www.eldiario.net\\\/portal\\\/#organization\"},\"potentialAction\":[{\"@type\":\"SearchAction\",\"target\":{\"@type\":\"EntryPoint\",\"urlTemplate\":\"https:\\\/\\\/www.eldiario.net\\\/portal\\\/?s={search_term_string}\"},\"query-input\":{\"@type\":\"PropertyValueSpecification\",\"valueRequired\":true,\"valueName\":\"search_term_string\"}}],\"inLanguage\":\"es\"},{\"@type\":\"Organization\",\"@id\":\"https:\\\/\\\/www.eldiario.net\\\/portal\\\/#organization\",\"name\":\"El Diario - Decano de la prensa nacional\",\"url\":\"https:\\\/\\\/www.eldiario.net\\\/portal\\\/\",\"logo\":{\"@type\":\"ImageObject\",\"inLanguage\":\"es\",\"@id\":\"https:\\\/\\\/www.eldiario.net\\\/portal\\\/#\\\/schema\\\/logo\\\/image\\\/\",\"url\":\"https:\\\/\\\/www.eldiario.net\\\/portal\\\/wp-content\\\/uploads\\\/2023\\\/07\\\/logo_ED.jpg\",\"contentUrl\":\"https:\\\/\\\/www.eldiario.net\\\/portal\\\/wp-content\\\/uploads\\\/2023\\\/07\\\/logo_ED.jpg\",\"width\":272,\"height\":52,\"caption\":\"El Diario - Decano de la prensa nacional\"},\"image\":{\"@id\":\"https:\\\/\\\/www.eldiario.net\\\/portal\\\/#\\\/schema\\\/logo\\\/image\\\/\"},\"sameAs\":[\"https:\\\/\\\/www.facebook.com\\\/eldiario.bolivia\\\/\",\"https:\\\/\\\/x.com\\\/eldiario_net\"]},{\"@type\":\"Person\",\"@id\":\"https:\\\/\\\/www.eldiario.net\\\/portal\\\/#\\\/schema\\\/person\\\/2c57cf2b7a7ae032e449e4c9b1019eac\",\"name\":\"Jeanette\",\"image\":{\"@type\":\"ImageObject\",\"inLanguage\":\"es\",\"@id\":\"https:\\\/\\\/secure.gravatar.com\\\/avatar\\\/3ea2118a5f7dad2b7138b1187a6b7ee55f160b9968b66013c3a3ef39dd7e5798?s=96&d=mm&r=g\",\"url\":\"https:\\\/\\\/secure.gravatar.com\\\/avatar\\\/3ea2118a5f7dad2b7138b1187a6b7ee55f160b9968b66013c3a3ef39dd7e5798?s=96&d=mm&r=g\",\"contentUrl\":\"https:\\\/\\\/secure.gravatar.com\\\/avatar\\\/3ea2118a5f7dad2b7138b1187a6b7ee55f160b9968b66013c3a3ef39dd7e5798?s=96&d=mm&r=g\",\"caption\":\"Jeanette\"},\"sameAs\":[\"https:\\\/\\\/www.eldiario.net\\\/portal\"],\"url\":\"https:\\\/\\\/www.eldiario.net\\\/portal\\\/author\\\/jeanette\\\/\"}]}<\/script>\n<!-- \/ Yoast SEO plugin. -->","yoast_head_json":{"title":"Tres protestas causan caos en circulaci\u00f3n de veh\u00edculos - El Diario - Bolivia","robots":{"index":"index","follow":"follow","max-snippet":"max-snippet:-1","max-image-preview":"max-image-preview:large","max-video-preview":"max-video-preview:-1"},"canonical":"https:\/\/www.eldiario.net\/portal\/2022\/03\/22\/tres-protestas-causan-caos-en-circulacion-de-vehiculos\/","og_locale":"es_ES","og_type":"article","og_title":"Tres protestas causan caos en circulaci\u00f3n de veh\u00edculos - El Diario - Bolivia","og_description":"Tres protestas colapsaron ayer el centro de La Paz. La primera por los propietarios de cisternas que desde las 06:00 tomaron tres principales v\u00edas de la urbe con 30 motorizados. Por otro lado, muy cerca de ese punto de bloqueo, los m\u00e9dicos tradicionales a la altura de la Plaza del Estudiante. Y en la calle [&hellip;]","og_url":"https:\/\/www.eldiario.net\/portal\/2022\/03\/22\/tres-protestas-causan-caos-en-circulacion-de-vehiculos\/","og_site_name":"El Diario - Bolivia","article_publisher":"https:\/\/www.facebook.com\/eldiario.bolivia\/","article_published_time":"2022-03-22T09:42:45+00:00","author":"Jeanette","twitter_card":"summary_large_image","twitter_creator":"@eldiario_net","twitter_site":"@eldiario_net","twitter_misc":{"Escrito por":"Jeanette","Tiempo de lectura":"2 minutos"},"schema":{"@context":"https:\/\/schema.org","@graph":[{"@type":"Article","@id":"https:\/\/www.eldiario.net\/portal\/2022\/03\/22\/tres-protestas-causan-caos-en-circulacion-de-vehiculos\/#article","isPartOf":{"@id":"https:\/\/www.eldiario.net\/portal\/2022\/03\/22\/tres-protestas-causan-caos-en-circulacion-de-vehiculos\/"},"author":{"name":"Jeanette","@id":"https:\/\/www.eldiario.net\/portal\/#\/schema\/person\/2c57cf2b7a7ae032e449e4c9b1019eac"},"headline":"Tres protestas causan caos en circulaci\u00f3n de veh\u00edculos","datePublished":"2022-03-22T09:42:45+00:00","mainEntityOfPage":{"@id":"https:\/\/www.eldiario.net\/portal\/2022\/03\/22\/tres-protestas-causan-caos-en-circulacion-de-vehiculos\/"},"wordCount":346,"publisher":{"@id":"https:\/\/www.eldiario.net\/portal\/#organization"},"image":{"@id":"https:\/\/www.eldiario.net\/portal\/2022\/03\/22\/tres-protestas-causan-caos-en-circulacion-de-vehiculos\/#primaryimage"},"thumbnailUrl":"","articleSection":["Nacional"],"inLanguage":"es"},{"@type":"WebPage","@id":"https:\/\/www.eldiario.net\/portal\/2022\/03\/22\/tres-protestas-causan-caos-en-circulacion-de-vehiculos\/","url":"https:\/\/www.eldiario.net\/portal\/2022\/03\/22\/tres-protestas-causan-caos-en-circulacion-de-vehiculos\/","name":"Tres protestas causan caos en circulaci\u00f3n de veh\u00edculos - El Diario - Bolivia","isPartOf":{"@id":"https:\/\/www.eldiario.net\/portal\/#website"},"primaryImageOfPage":{"@id":"https:\/\/www.eldiario.net\/portal\/2022\/03\/22\/tres-protestas-causan-caos-en-circulacion-de-vehiculos\/#primaryimage"},"image":{"@id":"https:\/\/www.eldiario.net\/portal\/2022\/03\/22\/tres-protestas-causan-caos-en-circulacion-de-vehiculos\/#primaryimage"},"thumbnailUrl":"","datePublished":"2022-03-22T09:42:45+00:00","breadcrumb":{"@id":"https:\/\/www.eldiario.net\/portal\/2022\/03\/22\/tres-protestas-causan-caos-en-circulacion-de-vehiculos\/#breadcrumb"},"inLanguage":"es","potentialAction":[{"@type":"ReadAction","target":["https:\/\/www.eldiario.net\/portal\/2022\/03\/22\/tres-protestas-causan-caos-en-circulacion-de-vehiculos\/"]}]},{"@type":"ImageObject","inLanguage":"es","@id":"https:\/\/www.eldiario.net\/portal\/2022\/03\/22\/tres-protestas-causan-caos-en-circulacion-de-vehiculos\/#primaryimage","url":"","contentUrl":""},{"@type":"BreadcrumbList","@id":"https:\/\/www.eldiario.net\/portal\/2022\/03\/22\/tres-protestas-causan-caos-en-circulacion-de-vehiculos\/#breadcrumb","itemListElement":[{"@type":"ListItem","position":1,"name":"Portada","item":"https:\/\/www.eldiario.net\/portal\/"},{"@type":"ListItem","position":2,"name":"Tres protestas causan caos en circulaci\u00f3n de veh\u00edculos"}]},{"@type":"WebSite","@id":"https:\/\/www.eldiario.net\/portal\/#website","url":"https:\/\/www.eldiario.net\/portal\/","name":"El Diario - Decano de la prensa nacional","description":"El Diario - Decano de la prensa nacional","publisher":{"@id":"https:\/\/www.eldiario.net\/portal\/#organization"},"potentialAction":[{"@type":"SearchAction","target":{"@type":"EntryPoint","urlTemplate":"https:\/\/www.eldiario.net\/portal\/?s={search_term_string}"},"query-input":{"@type":"PropertyValueSpecification","valueRequired":true,"valueName":"search_term_string"}}],"inLanguage":"es"},{"@type":"Organization","@id":"https:\/\/www.eldiario.net\/portal\/#organization","name":"El Diario - Decano de la prensa nacional","url":"https:\/\/www.eldiario.net\/portal\/","logo":{"@type":"ImageObject","inLanguage":"es","@id":"https:\/\/www.eldiario.net\/portal\/#\/schema\/logo\/image\/","url":"https:\/\/www.eldiario.net\/portal\/wp-content\/uploads\/2023\/07\/logo_ED.jpg","contentUrl":"https:\/\/www.eldiario.net\/portal\/wp-content\/uploads\/2023\/07\/logo_ED.jpg","width":272,"height":52,"caption":"El Diario - Decano de la prensa nacional"},"image":{"@id":"https:\/\/www.eldiario.net\/portal\/#\/schema\/logo\/image\/"},"sameAs":["https:\/\/www.facebook.com\/eldiario.bolivia\/","https:\/\/x.com\/eldiario_net"]},{"@type":"Person","@id":"https:\/\/www.eldiario.net\/portal\/#\/schema\/person\/2c57cf2b7a7ae032e449e4c9b1019eac","name":"Jeanette","image":{"@type":"ImageObject","inLanguage":"es","@id":"https:\/\/secure.gravatar.com\/avatar\/3ea2118a5f7dad2b7138b1187a6b7ee55f160b9968b66013c3a3ef39dd7e5798?s=96&d=mm&r=g","url":"https:\/\/secure.gravatar.com\/avatar\/3ea2118a5f7dad2b7138b1187a6b7ee55f160b9968b66013c3a3ef39dd7e5798?s=96&d=mm&r=g","contentUrl":"https:\/\/secure.gravatar.com\/avatar\/3ea2118a5f7dad2b7138b1187a6b7ee55f160b9968b66013c3a3ef39dd7e5798?s=96&d=mm&r=g","caption":"Jeanette"},"sameAs":["https:\/\/www.eldiario.net\/portal"],"url":"https:\/\/www.eldiario.net\/portal\/author\/jeanette\/"}]}},"_links":{"self":[{"href":"https:\/\/www.eldiario.net\/portal\/wp-json\/wp\/v2\/posts\/71277","targetHints":{"allow":["GET"]}}],"collection":[{"href":"https:\/\/www.eldiario.net\/portal\/wp-json\/wp\/v2\/posts"}],"about":[{"href":"https:\/\/www.eldiario.net\/portal\/wp-json\/wp\/v2\/types\/post"}],"author":[{"embeddable":true,"href":"https:\/\/www.eldiario.net\/portal\/wp-json\/wp\/v2\/users\/1"}],"replies":[{"embeddable":true,"href":"https:\/\/www.eldiario.net\/portal\/wp-json\/wp\/v2\/comments?post=71277"}],"version-history":[{"count":0,"href":"https:\/\/www.eldiario.net\/portal\/wp-json\/wp\/v2\/posts\/71277\/revisions"}],"wp:attachment":[{"href":"https:\/\/www.eldiario.net\/portal\/wp-json\/wp\/v2\/media?parent=71277"}],"wp:term":[{"taxonomy":"category","embeddable":true,"href":"https:\/\/www.eldiario.net\/portal\/wp-json\/wp\/v2\/categories?post=71277"},{"taxonomy":"post_tag","embeddable":true,"href":"https:\/\/www.eldiario.net\/portal\/wp-json\/wp\/v2\/tags?post=71277"}],"curies":[{"name":"wp","href":"https:\/\/api.w.org\/{rel}","templated":true}]}}