{"id":71043,"date":"2022-03-21T05:35:42","date_gmt":"2022-03-21T09:35:42","guid":{"rendered":"https:\/\/www.eldiario.net\/portal\/?p=71043"},"modified":"2022-03-21T05:35:42","modified_gmt":"2022-03-21T09:35:42","slug":"gobiernos-regionales-pagarian-estadia-de-pacientes-del-interior","status":"publish","type":"post","link":"https:\/\/www.eldiario.net\/portal\/2022\/03\/21\/gobiernos-regionales-pagarian-estadia-de-pacientes-del-interior\/","title":{"rendered":"Gobiernos regionales  pagar\u00edan estad\u00eda de  pacientes del interior"},"content":{"rendered":"<p>El Gobierno nacional trabaja en una nueva propuesta para que las administraciones regionales paguen la estad\u00eda de los pacientes del interior que reciban atenci\u00f3n contra el c\u00e1ncer en El Alto, anunci\u00f3 la viceministra de Seguros de Salud y Gesti\u00f3n del Sistema \u00danico de Salud, Alejandra Hidalgo. La autoridad record\u00f3 que la atenci\u00f3n es gratuita.<br \/>\nA dos semanas de la inauguraci\u00f3n del Centro de Medicina Nuclear y Radioterapia, Hidalgo afirm\u00f3 que ya fueron atendidos 306 pacientes con c\u00e1ncer.<br \/>\n\u201cSeg\u00fan los informes recibidos de la Agencia Boliviana de Energ\u00eda Nuclear (ABEN), 306 pacientes ya han acudido a consultas, derivados desde distintos hospitales de segundo y tercer nivel de El Alto y La Paz\u201d, sostuvo en entrevista con el canal estatal, inform\u00f3 ABI.<br \/>\nIndic\u00f3 que muy pronto se empezar\u00e1 a atender a pacientes de diferentes departamentos, a trav\u00e9s del Sistema \u00danico de Salud (SUS) y que adem\u00e1s se coordinar\u00e1 con los diferentes seguros p\u00fablicos y privados para la derivaci\u00f3n directa a diferentes secciones de ese centro m\u00e9dico.<br \/>\n\u201cSe trabaja tambi\u00e9n en una propuesta para que los gobiernos municipales y departamentales corran con parte de los gastos de estad\u00eda de los pacientes del interior del pa\u00eds, cuya atenci\u00f3n gratuita est\u00e1 asegurada por el SUS\u201d, indic\u00f3.<\/p>\n","protected":false},"excerpt":{"rendered":"<p>El Gobierno nacional trabaja en una nueva propuesta para que las administraciones regionales paguen la estad\u00eda de los pacientes del interior que reciban atenci\u00f3n contra el c\u00e1ncer en El Alto, anunci\u00f3 la viceministra de Seguros de Salud y Gesti\u00f3n del Sistema \u00danico de Salud, Alejandra Hidalgo. La autoridad record\u00f3 que la atenci\u00f3n es gratuita. A [&hellip;]<\/p>\n","protected":false},"author":1,"featured_media":71044,"comment_status":"closed","ping_status":"closed","sticky":false,"template":"","format":"standard","meta":{"_acf_changed":false,"footnotes":""},"categories":[12],"tags":[],"class_list":["post-71043","post","type-post","status-publish","format-standard","has-post-thumbnail","category-nacional"],"acf":{"antetitulo":""},"yoast_head":"<!-- This site is optimized with the Yoast SEO plugin v28.4 - https:\/\/yoast.com\/product\/yoast-seo-wordpress\/ -->\n<title>Gobiernos regionales pagar\u00edan estad\u00eda de pacientes del interior - El Diario - Bolivia<\/title>\n<meta name=\"robots\" content=\"index, follow, max-snippet:-1, max-image-preview:large, max-video-preview:-1\" \/>\n<link rel=\"canonical\" href=\"https:\/\/www.eldiario.net\/portal\/2022\/03\/21\/gobiernos-regionales-pagarian-estadia-de-pacientes-del-interior\/\" \/>\n<meta property=\"og:locale\" content=\"es_ES\" \/>\n<meta property=\"og:type\" content=\"article\" \/>\n<meta property=\"og:title\" content=\"Gobiernos regionales pagar\u00edan estad\u00eda de pacientes del interior - El Diario - Bolivia\" \/>\n<meta property=\"og:description\" content=\"El Gobierno nacional trabaja en una nueva propuesta para que las administraciones regionales paguen la estad\u00eda de los pacientes del interior que reciban atenci\u00f3n contra el c\u00e1ncer en El Alto, anunci\u00f3 la viceministra de Seguros de Salud y Gesti\u00f3n del Sistema \u00danico de Salud, Alejandra Hidalgo. La autoridad record\u00f3 que la atenci\u00f3n es gratuita. A [&hellip;]\" \/>\n<meta property=\"og:url\" content=\"https:\/\/www.eldiario.net\/portal\/2022\/03\/21\/gobiernos-regionales-pagarian-estadia-de-pacientes-del-interior\/\" \/>\n<meta property=\"og:site_name\" content=\"El Diario - Bolivia\" \/>\n<meta property=\"article:publisher\" content=\"https:\/\/www.facebook.com\/eldiario.bolivia\/\" \/>\n<meta property=\"article:published_time\" content=\"2022-03-21T09:35:42+00:00\" \/>\n<meta name=\"author\" content=\"Jeanette\" \/>\n<meta name=\"twitter:card\" content=\"summary_large_image\" \/>\n<meta name=\"twitter:creator\" content=\"@eldiario_net\" \/>\n<meta name=\"twitter:site\" content=\"@eldiario_net\" \/>\n<meta name=\"twitter:label1\" content=\"Escrito por\" \/>\n\t<meta name=\"twitter:data1\" content=\"Jeanette\" \/>\n\t<meta name=\"twitter:label2\" content=\"Tiempo de lectura\" \/>\n\t<meta name=\"twitter:data2\" content=\"1 minuto\" \/>\n<script type=\"application\/ld+json\" class=\"yoast-schema-graph\">{\"@context\":\"https:\\\/\\\/schema.org\",\"@graph\":[{\"@type\":\"Article\",\"@id\":\"https:\\\/\\\/www.eldiario.net\\\/portal\\\/2022\\\/03\\\/21\\\/gobiernos-regionales-pagarian-estadia-de-pacientes-del-interior\\\/#article\",\"isPartOf\":{\"@id\":\"https:\\\/\\\/www.eldiario.net\\\/portal\\\/2022\\\/03\\\/21\\\/gobiernos-regionales-pagarian-estadia-de-pacientes-del-interior\\\/\"},\"author\":{\"name\":\"Jeanette\",\"@id\":\"https:\\\/\\\/www.eldiario.net\\\/portal\\\/#\\\/schema\\\/person\\\/f46445640444750d7d753ccd04ae01b7\"},\"headline\":\"Gobiernos regionales pagar\u00edan estad\u00eda de pacientes del interior\",\"datePublished\":\"2022-03-21T09:35:42+00:00\",\"mainEntityOfPage\":{\"@id\":\"https:\\\/\\\/www.eldiario.net\\\/portal\\\/2022\\\/03\\\/21\\\/gobiernos-regionales-pagarian-estadia-de-pacientes-del-interior\\\/\"},\"wordCount\":227,\"publisher\":{\"@id\":\"https:\\\/\\\/www.eldiario.net\\\/portal\\\/#organization\"},\"image\":{\"@id\":\"https:\\\/\\\/www.eldiario.net\\\/portal\\\/2022\\\/03\\\/21\\\/gobiernos-regionales-pagarian-estadia-de-pacientes-del-interior\\\/#primaryimage\"},\"thumbnailUrl\":\"\",\"articleSection\":[\"Nacional\"],\"inLanguage\":\"es\"},{\"@type\":\"WebPage\",\"@id\":\"https:\\\/\\\/www.eldiario.net\\\/portal\\\/2022\\\/03\\\/21\\\/gobiernos-regionales-pagarian-estadia-de-pacientes-del-interior\\\/\",\"url\":\"https:\\\/\\\/www.eldiario.net\\\/portal\\\/2022\\\/03\\\/21\\\/gobiernos-regionales-pagarian-estadia-de-pacientes-del-interior\\\/\",\"name\":\"Gobiernos regionales pagar\u00edan estad\u00eda de pacientes del interior - El Diario - Bolivia\",\"isPartOf\":{\"@id\":\"https:\\\/\\\/www.eldiario.net\\\/portal\\\/#website\"},\"primaryImageOfPage\":{\"@id\":\"https:\\\/\\\/www.eldiario.net\\\/portal\\\/2022\\\/03\\\/21\\\/gobiernos-regionales-pagarian-estadia-de-pacientes-del-interior\\\/#primaryimage\"},\"image\":{\"@id\":\"https:\\\/\\\/www.eldiario.net\\\/portal\\\/2022\\\/03\\\/21\\\/gobiernos-regionales-pagarian-estadia-de-pacientes-del-interior\\\/#primaryimage\"},\"thumbnailUrl\":\"\",\"datePublished\":\"2022-03-21T09:35:42+00:00\",\"breadcrumb\":{\"@id\":\"https:\\\/\\\/www.eldiario.net\\\/portal\\\/2022\\\/03\\\/21\\\/gobiernos-regionales-pagarian-estadia-de-pacientes-del-interior\\\/#breadcrumb\"},\"inLanguage\":\"es\",\"potentialAction\":[{\"@type\":\"ReadAction\",\"target\":[\"https:\\\/\\\/www.eldiario.net\\\/portal\\\/2022\\\/03\\\/21\\\/gobiernos-regionales-pagarian-estadia-de-pacientes-del-interior\\\/\"]}]},{\"@type\":\"ImageObject\",\"inLanguage\":\"es\",\"@id\":\"https:\\\/\\\/www.eldiario.net\\\/portal\\\/2022\\\/03\\\/21\\\/gobiernos-regionales-pagarian-estadia-de-pacientes-del-interior\\\/#primaryimage\",\"url\":\"\",\"contentUrl\":\"\"},{\"@type\":\"BreadcrumbList\",\"@id\":\"https:\\\/\\\/www.eldiario.net\\\/portal\\\/2022\\\/03\\\/21\\\/gobiernos-regionales-pagarian-estadia-de-pacientes-del-interior\\\/#breadcrumb\",\"itemListElement\":[{\"@type\":\"ListItem\",\"position\":1,\"name\":\"Portada\",\"item\":\"https:\\\/\\\/www.eldiario.net\\\/portal\\\/\"},{\"@type\":\"ListItem\",\"position\":2,\"name\":\"Gobiernos regionales pagar\u00edan estad\u00eda de pacientes del interior\"}]},{\"@type\":\"WebSite\",\"@id\":\"https:\\\/\\\/www.eldiario.net\\\/portal\\\/#website\",\"url\":\"https:\\\/\\\/www.eldiario.net\\\/portal\\\/\",\"name\":\"El Diario - Decano de la prensa nacional\",\"description\":\"El Diario - Decano de la prensa nacional\",\"publisher\":{\"@id\":\"https:\\\/\\\/www.eldiario.net\\\/portal\\\/#organization\"},\"potentialAction\":[{\"@type\":\"SearchAction\",\"target\":{\"@type\":\"EntryPoint\",\"urlTemplate\":\"https:\\\/\\\/www.eldiario.net\\\/portal\\\/?s={search_term_string}\"},\"query-input\":{\"@type\":\"PropertyValueSpecification\",\"valueRequired\":true,\"valueName\":\"search_term_string\"}}],\"inLanguage\":\"es\"},{\"@type\":\"Organization\",\"@id\":\"https:\\\/\\\/www.eldiario.net\\\/portal\\\/#organization\",\"name\":\"El Diario - Decano de la prensa nacional\",\"url\":\"https:\\\/\\\/www.eldiario.net\\\/portal\\\/\",\"logo\":{\"@type\":\"ImageObject\",\"inLanguage\":\"es\",\"@id\":\"https:\\\/\\\/www.eldiario.net\\\/portal\\\/#\\\/schema\\\/logo\\\/image\\\/\",\"url\":\"https:\\\/\\\/www.eldiario.net\\\/portal\\\/wp-content\\\/uploads\\\/2023\\\/07\\\/logo_ED.jpg\",\"contentUrl\":\"https:\\\/\\\/www.eldiario.net\\\/portal\\\/wp-content\\\/uploads\\\/2023\\\/07\\\/logo_ED.jpg\",\"width\":272,\"height\":52,\"caption\":\"El Diario - Decano de la prensa nacional\"},\"image\":{\"@id\":\"https:\\\/\\\/www.eldiario.net\\\/portal\\\/#\\\/schema\\\/logo\\\/image\\\/\"},\"sameAs\":[\"https:\\\/\\\/www.facebook.com\\\/eldiario.bolivia\\\/\",\"https:\\\/\\\/x.com\\\/eldiario_net\"]},{\"@type\":\"Person\",\"@id\":\"https:\\\/\\\/www.eldiario.net\\\/portal\\\/#\\\/schema\\\/person\\\/f46445640444750d7d753ccd04ae01b7\",\"name\":\"Jeanette\",\"image\":{\"@type\":\"ImageObject\",\"inLanguage\":\"es\",\"@id\":\"https:\\\/\\\/secure.gravatar.com\\\/avatar\\\/3ea2118a5f7dad2b7138b1187a6b7ee55f160b9968b66013c3a3ef39dd7e5798?s=96&d=mm&r=g\",\"url\":\"https:\\\/\\\/secure.gravatar.com\\\/avatar\\\/3ea2118a5f7dad2b7138b1187a6b7ee55f160b9968b66013c3a3ef39dd7e5798?s=96&d=mm&r=g\",\"contentUrl\":\"https:\\\/\\\/secure.gravatar.com\\\/avatar\\\/3ea2118a5f7dad2b7138b1187a6b7ee55f160b9968b66013c3a3ef39dd7e5798?s=96&d=mm&r=g\",\"caption\":\"Jeanette\"},\"sameAs\":[\"https:\\\/\\\/www.eldiario.net\\\/portal\"],\"url\":\"https:\\\/\\\/www.eldiario.net\\\/portal\\\/author\\\/jeanette\\\/\"}]}<\/script>\n<!-- \/ Yoast SEO plugin. -->","yoast_head_json":{"title":"Gobiernos regionales pagar\u00edan estad\u00eda de pacientes del interior - El Diario - Bolivia","robots":{"index":"index","follow":"follow","max-snippet":"max-snippet:-1","max-image-preview":"max-image-preview:large","max-video-preview":"max-video-preview:-1"},"canonical":"https:\/\/www.eldiario.net\/portal\/2022\/03\/21\/gobiernos-regionales-pagarian-estadia-de-pacientes-del-interior\/","og_locale":"es_ES","og_type":"article","og_title":"Gobiernos regionales pagar\u00edan estad\u00eda de pacientes del interior - El Diario - Bolivia","og_description":"El Gobierno nacional trabaja en una nueva propuesta para que las administraciones regionales paguen la estad\u00eda de los pacientes del interior que reciban atenci\u00f3n contra el c\u00e1ncer en El Alto, anunci\u00f3 la viceministra de Seguros de Salud y Gesti\u00f3n del Sistema \u00danico de Salud, Alejandra Hidalgo. La autoridad record\u00f3 que la atenci\u00f3n es gratuita. A [&hellip;]","og_url":"https:\/\/www.eldiario.net\/portal\/2022\/03\/21\/gobiernos-regionales-pagarian-estadia-de-pacientes-del-interior\/","og_site_name":"El Diario - Bolivia","article_publisher":"https:\/\/www.facebook.com\/eldiario.bolivia\/","article_published_time":"2022-03-21T09:35:42+00:00","author":"Jeanette","twitter_card":"summary_large_image","twitter_creator":"@eldiario_net","twitter_site":"@eldiario_net","twitter_misc":{"Escrito por":"Jeanette","Tiempo de lectura":"1 minuto"},"schema":{"@context":"https:\/\/schema.org","@graph":[{"@type":"Article","@id":"https:\/\/www.eldiario.net\/portal\/2022\/03\/21\/gobiernos-regionales-pagarian-estadia-de-pacientes-del-interior\/#article","isPartOf":{"@id":"https:\/\/www.eldiario.net\/portal\/2022\/03\/21\/gobiernos-regionales-pagarian-estadia-de-pacientes-del-interior\/"},"author":{"name":"Jeanette","@id":"https:\/\/www.eldiario.net\/portal\/#\/schema\/person\/f46445640444750d7d753ccd04ae01b7"},"headline":"Gobiernos regionales pagar\u00edan estad\u00eda de pacientes del interior","datePublished":"2022-03-21T09:35:42+00:00","mainEntityOfPage":{"@id":"https:\/\/www.eldiario.net\/portal\/2022\/03\/21\/gobiernos-regionales-pagarian-estadia-de-pacientes-del-interior\/"},"wordCount":227,"publisher":{"@id":"https:\/\/www.eldiario.net\/portal\/#organization"},"image":{"@id":"https:\/\/www.eldiario.net\/portal\/2022\/03\/21\/gobiernos-regionales-pagarian-estadia-de-pacientes-del-interior\/#primaryimage"},"thumbnailUrl":"","articleSection":["Nacional"],"inLanguage":"es"},{"@type":"WebPage","@id":"https:\/\/www.eldiario.net\/portal\/2022\/03\/21\/gobiernos-regionales-pagarian-estadia-de-pacientes-del-interior\/","url":"https:\/\/www.eldiario.net\/portal\/2022\/03\/21\/gobiernos-regionales-pagarian-estadia-de-pacientes-del-interior\/","name":"Gobiernos regionales pagar\u00edan estad\u00eda de pacientes del interior - El Diario - Bolivia","isPartOf":{"@id":"https:\/\/www.eldiario.net\/portal\/#website"},"primaryImageOfPage":{"@id":"https:\/\/www.eldiario.net\/portal\/2022\/03\/21\/gobiernos-regionales-pagarian-estadia-de-pacientes-del-interior\/#primaryimage"},"image":{"@id":"https:\/\/www.eldiario.net\/portal\/2022\/03\/21\/gobiernos-regionales-pagarian-estadia-de-pacientes-del-interior\/#primaryimage"},"thumbnailUrl":"","datePublished":"2022-03-21T09:35:42+00:00","breadcrumb":{"@id":"https:\/\/www.eldiario.net\/portal\/2022\/03\/21\/gobiernos-regionales-pagarian-estadia-de-pacientes-del-interior\/#breadcrumb"},"inLanguage":"es","potentialAction":[{"@type":"ReadAction","target":["https:\/\/www.eldiario.net\/portal\/2022\/03\/21\/gobiernos-regionales-pagarian-estadia-de-pacientes-del-interior\/"]}]},{"@type":"ImageObject","inLanguage":"es","@id":"https:\/\/www.eldiario.net\/portal\/2022\/03\/21\/gobiernos-regionales-pagarian-estadia-de-pacientes-del-interior\/#primaryimage","url":"","contentUrl":""},{"@type":"BreadcrumbList","@id":"https:\/\/www.eldiario.net\/portal\/2022\/03\/21\/gobiernos-regionales-pagarian-estadia-de-pacientes-del-interior\/#breadcrumb","itemListElement":[{"@type":"ListItem","position":1,"name":"Portada","item":"https:\/\/www.eldiario.net\/portal\/"},{"@type":"ListItem","position":2,"name":"Gobiernos regionales pagar\u00edan estad\u00eda de pacientes del interior"}]},{"@type":"WebSite","@id":"https:\/\/www.eldiario.net\/portal\/#website","url":"https:\/\/www.eldiario.net\/portal\/","name":"El Diario - Decano de la prensa nacional","description":"El Diario - Decano de la prensa nacional","publisher":{"@id":"https:\/\/www.eldiario.net\/portal\/#organization"},"potentialAction":[{"@type":"SearchAction","target":{"@type":"EntryPoint","urlTemplate":"https:\/\/www.eldiario.net\/portal\/?s={search_term_string}"},"query-input":{"@type":"PropertyValueSpecification","valueRequired":true,"valueName":"search_term_string"}}],"inLanguage":"es"},{"@type":"Organization","@id":"https:\/\/www.eldiario.net\/portal\/#organization","name":"El Diario - Decano de la prensa nacional","url":"https:\/\/www.eldiario.net\/portal\/","logo":{"@type":"ImageObject","inLanguage":"es","@id":"https:\/\/www.eldiario.net\/portal\/#\/schema\/logo\/image\/","url":"https:\/\/www.eldiario.net\/portal\/wp-content\/uploads\/2023\/07\/logo_ED.jpg","contentUrl":"https:\/\/www.eldiario.net\/portal\/wp-content\/uploads\/2023\/07\/logo_ED.jpg","width":272,"height":52,"caption":"El Diario - Decano de la prensa nacional"},"image":{"@id":"https:\/\/www.eldiario.net\/portal\/#\/schema\/logo\/image\/"},"sameAs":["https:\/\/www.facebook.com\/eldiario.bolivia\/","https:\/\/x.com\/eldiario_net"]},{"@type":"Person","@id":"https:\/\/www.eldiario.net\/portal\/#\/schema\/person\/f46445640444750d7d753ccd04ae01b7","name":"Jeanette","image":{"@type":"ImageObject","inLanguage":"es","@id":"https:\/\/secure.gravatar.com\/avatar\/3ea2118a5f7dad2b7138b1187a6b7ee55f160b9968b66013c3a3ef39dd7e5798?s=96&d=mm&r=g","url":"https:\/\/secure.gravatar.com\/avatar\/3ea2118a5f7dad2b7138b1187a6b7ee55f160b9968b66013c3a3ef39dd7e5798?s=96&d=mm&r=g","contentUrl":"https:\/\/secure.gravatar.com\/avatar\/3ea2118a5f7dad2b7138b1187a6b7ee55f160b9968b66013c3a3ef39dd7e5798?s=96&d=mm&r=g","caption":"Jeanette"},"sameAs":["https:\/\/www.eldiario.net\/portal"],"url":"https:\/\/www.eldiario.net\/portal\/author\/jeanette\/"}]}},"_links":{"self":[{"href":"https:\/\/www.eldiario.net\/portal\/wp-json\/wp\/v2\/posts\/71043","targetHints":{"allow":["GET"]}}],"collection":[{"href":"https:\/\/www.eldiario.net\/portal\/wp-json\/wp\/v2\/posts"}],"about":[{"href":"https:\/\/www.eldiario.net\/portal\/wp-json\/wp\/v2\/types\/post"}],"author":[{"embeddable":true,"href":"https:\/\/www.eldiario.net\/portal\/wp-json\/wp\/v2\/users\/1"}],"replies":[{"embeddable":true,"href":"https:\/\/www.eldiario.net\/portal\/wp-json\/wp\/v2\/comments?post=71043"}],"version-history":[{"count":0,"href":"https:\/\/www.eldiario.net\/portal\/wp-json\/wp\/v2\/posts\/71043\/revisions"}],"wp:attachment":[{"href":"https:\/\/www.eldiario.net\/portal\/wp-json\/wp\/v2\/media?parent=71043"}],"wp:term":[{"taxonomy":"category","embeddable":true,"href":"https:\/\/www.eldiario.net\/portal\/wp-json\/wp\/v2\/categories?post=71043"},{"taxonomy":"post_tag","embeddable":true,"href":"https:\/\/www.eldiario.net\/portal\/wp-json\/wp\/v2\/tags?post=71043"}],"curies":[{"name":"wp","href":"https:\/\/api.w.org\/{rel}","templated":true}]}}