{"id":71040,"date":"2022-03-21T05:34:52","date_gmt":"2022-03-21T09:34:52","guid":{"rendered":"https:\/\/www.eldiario.net\/portal\/?p=71040"},"modified":"2022-03-21T05:34:52","modified_gmt":"2022-03-21T09:34:52","slug":"preven-que-obras-de-viaducto-concluiran-a-finales-de-abril","status":"publish","type":"post","link":"https:\/\/www.eldiario.net\/portal\/2022\/03\/21\/preven-que-obras-de-viaducto-concluiran-a-finales-de-abril\/","title":{"rendered":"Prev\u00e9n que obras de viaducto\u00a0 concluir\u00e1n a finales de abril"},"content":{"rendered":"<p>Con un avance total del 80 % en las obras del viaducto Belisario Salinas, Sopocachi, se calcula que ser\u00e1 entregado en abril, si las condiciones clim\u00e1ticas son favorables, inform\u00f3 la Alcald\u00eda de La Paz.<br \/>\nEl viernes comenz\u00f3 el vaciado del pavimento r\u00edgido del Viaducto Belisario Salinas y la Av. 20 Octubre, cuya obra tiene un avance total del 80 % y su entrega est\u00e1 prevista para abril, una vez que concluyeron los cambios de tuber\u00edas de alcantarillado y agua potable.<br \/>\n\u201cEl proyecto que fue iniciado en el a\u00f1o 2020, ya est\u00e1 en la etapa final de la conclusi\u00f3n para su inauguraci\u00f3n, que se estima ser\u00e1 a finales del mes de abril, si las condiciones climatol\u00f3gicas nos acompa\u00f1an\u201d, inform\u00f3 el s\u00e1bado el secretario municipal de Infraestructura P\u00fablica (SMIP), Boris Bacarreza.<br \/>\nExplic\u00f3 que una vez que se terminen de realizar las conexiones sanitarias dom\u00e9sticas y se conforme la plataforma vial, se podr\u00e1 habilitar la Av. 20 de Octubre, esto, anunci\u00f3, ocurrir\u00e1 antes de la culminaci\u00f3n del presente mes.<br \/>\nAnticip\u00f3 que la capa de rodadura en la intersecci\u00f3n que se encuentra a la altura de la 6 de Agosto, ser\u00e1 de pavimento r\u00edgido. \u201cEntonces, habiendo vencido algunos obst\u00e1culos que tuvieron que ver con las lluvias, hemos podido vaciar el pavimento y esperamos terminar estos trabajos hasta este lunes 21 de marzo\u201d, indic\u00f3 la autoridad municipal.<br \/>\nBacarreza anunci\u00f3 que luego se ingresar\u00e1 en un periodo de \u201cganar resistencia\u201d para la loza de hormig\u00f3n y m\u00e1s adelante ver la posibilidad, incluso, de habilitar el paso por la Av. 20 de Octubre.<br \/>\nAtribuy\u00f3 los retrasos de la obra a las lluvias que empezaron en octubre del a\u00f1o anterior. \u201cHemos estado con lluvias muy fuertes en el \u00faltimo tiempo, y justo en plena conformaci\u00f3n de la v\u00eda y al saturarse el suelo por las lluvias y la presencia del agua, nos oblig\u00f3 a cambiar, sacar el material por otro material seco\u201d, afirm\u00f3 a tiempo de subrayar que estos son los aspectos importantes que se deben tomar en cuenta para garantizar la vida \u00fatil de la v\u00eda.<br \/>\nEl secretario de la SMIP afirm\u00f3 que se ha podido avanzar en la renovaci\u00f3n de los sistemas de alcantarillado, saneamiento pluvial y agua potable, despu\u00e9s de una coordinaci\u00f3n con la gubernamental Empresa P\u00fablica y Social de Aguas y Saneamiento (Epsas).<\/p>\n","protected":false},"excerpt":{"rendered":"<p>Con un avance total del 80 % en las obras del viaducto Belisario Salinas, Sopocachi, se calcula que ser\u00e1 entregado en abril, si las condiciones clim\u00e1ticas son favorables, inform\u00f3 la Alcald\u00eda de La Paz. El viernes comenz\u00f3 el vaciado del pavimento r\u00edgido del Viaducto Belisario Salinas y la Av. 20 Octubre, cuya obra tiene un [&hellip;]<\/p>\n","protected":false},"author":1,"featured_media":71041,"comment_status":"closed","ping_status":"closed","sticky":false,"template":"","format":"standard","meta":{"_acf_changed":false,"footnotes":""},"categories":[12],"tags":[],"class_list":["post-71040","post","type-post","status-publish","format-standard","has-post-thumbnail","category-nacional"],"acf":{"antetitulo":""},"yoast_head":"<!-- This site is optimized with the Yoast SEO plugin v28.4 - https:\/\/yoast.com\/product\/yoast-seo-wordpress\/ -->\n<title>Prev\u00e9n que obras de viaducto\u00a0 concluir\u00e1n a finales de abril - El Diario - Bolivia<\/title>\n<meta name=\"robots\" content=\"index, follow, max-snippet:-1, max-image-preview:large, max-video-preview:-1\" \/>\n<link rel=\"canonical\" href=\"https:\/\/www.eldiario.net\/portal\/2022\/03\/21\/preven-que-obras-de-viaducto-concluiran-a-finales-de-abril\/\" \/>\n<meta property=\"og:locale\" content=\"es_ES\" \/>\n<meta property=\"og:type\" content=\"article\" \/>\n<meta property=\"og:title\" content=\"Prev\u00e9n que obras de viaducto\u00a0 concluir\u00e1n a finales de abril - El Diario - Bolivia\" \/>\n<meta property=\"og:description\" content=\"Con un avance total del 80 % en las obras del viaducto Belisario Salinas, Sopocachi, se calcula que ser\u00e1 entregado en abril, si las condiciones clim\u00e1ticas son favorables, inform\u00f3 la Alcald\u00eda de La Paz. El viernes comenz\u00f3 el vaciado del pavimento r\u00edgido del Viaducto Belisario Salinas y la Av. 20 Octubre, cuya obra tiene un [&hellip;]\" \/>\n<meta property=\"og:url\" content=\"https:\/\/www.eldiario.net\/portal\/2022\/03\/21\/preven-que-obras-de-viaducto-concluiran-a-finales-de-abril\/\" \/>\n<meta property=\"og:site_name\" content=\"El Diario - Bolivia\" \/>\n<meta property=\"article:publisher\" content=\"https:\/\/www.facebook.com\/eldiario.bolivia\/\" \/>\n<meta property=\"article:published_time\" content=\"2022-03-21T09:34:52+00:00\" \/>\n<meta name=\"author\" content=\"Jeanette\" \/>\n<meta name=\"twitter:card\" content=\"summary_large_image\" \/>\n<meta name=\"twitter:creator\" content=\"@eldiario_net\" \/>\n<meta name=\"twitter:site\" content=\"@eldiario_net\" \/>\n<meta name=\"twitter:label1\" content=\"Escrito por\" \/>\n\t<meta name=\"twitter:data1\" content=\"Jeanette\" \/>\n\t<meta name=\"twitter:label2\" content=\"Tiempo de lectura\" \/>\n\t<meta name=\"twitter:data2\" content=\"2 minutos\" \/>\n<script type=\"application\/ld+json\" class=\"yoast-schema-graph\">{\"@context\":\"https:\\\/\\\/schema.org\",\"@graph\":[{\"@type\":\"Article\",\"@id\":\"https:\\\/\\\/www.eldiario.net\\\/portal\\\/2022\\\/03\\\/21\\\/preven-que-obras-de-viaducto-concluiran-a-finales-de-abril\\\/#article\",\"isPartOf\":{\"@id\":\"https:\\\/\\\/www.eldiario.net\\\/portal\\\/2022\\\/03\\\/21\\\/preven-que-obras-de-viaducto-concluiran-a-finales-de-abril\\\/\"},\"author\":{\"name\":\"Jeanette\",\"@id\":\"https:\\\/\\\/www.eldiario.net\\\/portal\\\/#\\\/schema\\\/person\\\/f46445640444750d7d753ccd04ae01b7\"},\"headline\":\"Prev\u00e9n que obras de viaducto\u00a0 concluir\u00e1n a finales de abril\",\"datePublished\":\"2022-03-21T09:34:52+00:00\",\"mainEntityOfPage\":{\"@id\":\"https:\\\/\\\/www.eldiario.net\\\/portal\\\/2022\\\/03\\\/21\\\/preven-que-obras-de-viaducto-concluiran-a-finales-de-abril\\\/\"},\"wordCount\":407,\"publisher\":{\"@id\":\"https:\\\/\\\/www.eldiario.net\\\/portal\\\/#organization\"},\"image\":{\"@id\":\"https:\\\/\\\/www.eldiario.net\\\/portal\\\/2022\\\/03\\\/21\\\/preven-que-obras-de-viaducto-concluiran-a-finales-de-abril\\\/#primaryimage\"},\"thumbnailUrl\":\"\",\"articleSection\":[\"Nacional\"],\"inLanguage\":\"es\"},{\"@type\":\"WebPage\",\"@id\":\"https:\\\/\\\/www.eldiario.net\\\/portal\\\/2022\\\/03\\\/21\\\/preven-que-obras-de-viaducto-concluiran-a-finales-de-abril\\\/\",\"url\":\"https:\\\/\\\/www.eldiario.net\\\/portal\\\/2022\\\/03\\\/21\\\/preven-que-obras-de-viaducto-concluiran-a-finales-de-abril\\\/\",\"name\":\"Prev\u00e9n que obras de viaducto\u00a0 concluir\u00e1n a finales de abril - El Diario - Bolivia\",\"isPartOf\":{\"@id\":\"https:\\\/\\\/www.eldiario.net\\\/portal\\\/#website\"},\"primaryImageOfPage\":{\"@id\":\"https:\\\/\\\/www.eldiario.net\\\/portal\\\/2022\\\/03\\\/21\\\/preven-que-obras-de-viaducto-concluiran-a-finales-de-abril\\\/#primaryimage\"},\"image\":{\"@id\":\"https:\\\/\\\/www.eldiario.net\\\/portal\\\/2022\\\/03\\\/21\\\/preven-que-obras-de-viaducto-concluiran-a-finales-de-abril\\\/#primaryimage\"},\"thumbnailUrl\":\"\",\"datePublished\":\"2022-03-21T09:34:52+00:00\",\"breadcrumb\":{\"@id\":\"https:\\\/\\\/www.eldiario.net\\\/portal\\\/2022\\\/03\\\/21\\\/preven-que-obras-de-viaducto-concluiran-a-finales-de-abril\\\/#breadcrumb\"},\"inLanguage\":\"es\",\"potentialAction\":[{\"@type\":\"ReadAction\",\"target\":[\"https:\\\/\\\/www.eldiario.net\\\/portal\\\/2022\\\/03\\\/21\\\/preven-que-obras-de-viaducto-concluiran-a-finales-de-abril\\\/\"]}]},{\"@type\":\"ImageObject\",\"inLanguage\":\"es\",\"@id\":\"https:\\\/\\\/www.eldiario.net\\\/portal\\\/2022\\\/03\\\/21\\\/preven-que-obras-de-viaducto-concluiran-a-finales-de-abril\\\/#primaryimage\",\"url\":\"\",\"contentUrl\":\"\"},{\"@type\":\"BreadcrumbList\",\"@id\":\"https:\\\/\\\/www.eldiario.net\\\/portal\\\/2022\\\/03\\\/21\\\/preven-que-obras-de-viaducto-concluiran-a-finales-de-abril\\\/#breadcrumb\",\"itemListElement\":[{\"@type\":\"ListItem\",\"position\":1,\"name\":\"Portada\",\"item\":\"https:\\\/\\\/www.eldiario.net\\\/portal\\\/\"},{\"@type\":\"ListItem\",\"position\":2,\"name\":\"Prev\u00e9n que obras de viaducto\u00a0 concluir\u00e1n a finales de abril\"}]},{\"@type\":\"WebSite\",\"@id\":\"https:\\\/\\\/www.eldiario.net\\\/portal\\\/#website\",\"url\":\"https:\\\/\\\/www.eldiario.net\\\/portal\\\/\",\"name\":\"El Diario - Decano de la prensa nacional\",\"description\":\"El Diario - Decano de la prensa nacional\",\"publisher\":{\"@id\":\"https:\\\/\\\/www.eldiario.net\\\/portal\\\/#organization\"},\"potentialAction\":[{\"@type\":\"SearchAction\",\"target\":{\"@type\":\"EntryPoint\",\"urlTemplate\":\"https:\\\/\\\/www.eldiario.net\\\/portal\\\/?s={search_term_string}\"},\"query-input\":{\"@type\":\"PropertyValueSpecification\",\"valueRequired\":true,\"valueName\":\"search_term_string\"}}],\"inLanguage\":\"es\"},{\"@type\":\"Organization\",\"@id\":\"https:\\\/\\\/www.eldiario.net\\\/portal\\\/#organization\",\"name\":\"El Diario - Decano de la prensa nacional\",\"url\":\"https:\\\/\\\/www.eldiario.net\\\/portal\\\/\",\"logo\":{\"@type\":\"ImageObject\",\"inLanguage\":\"es\",\"@id\":\"https:\\\/\\\/www.eldiario.net\\\/portal\\\/#\\\/schema\\\/logo\\\/image\\\/\",\"url\":\"https:\\\/\\\/www.eldiario.net\\\/portal\\\/wp-content\\\/uploads\\\/2023\\\/07\\\/logo_ED.jpg\",\"contentUrl\":\"https:\\\/\\\/www.eldiario.net\\\/portal\\\/wp-content\\\/uploads\\\/2023\\\/07\\\/logo_ED.jpg\",\"width\":272,\"height\":52,\"caption\":\"El Diario - Decano de la prensa nacional\"},\"image\":{\"@id\":\"https:\\\/\\\/www.eldiario.net\\\/portal\\\/#\\\/schema\\\/logo\\\/image\\\/\"},\"sameAs\":[\"https:\\\/\\\/www.facebook.com\\\/eldiario.bolivia\\\/\",\"https:\\\/\\\/x.com\\\/eldiario_net\"]},{\"@type\":\"Person\",\"@id\":\"https:\\\/\\\/www.eldiario.net\\\/portal\\\/#\\\/schema\\\/person\\\/f46445640444750d7d753ccd04ae01b7\",\"name\":\"Jeanette\",\"image\":{\"@type\":\"ImageObject\",\"inLanguage\":\"es\",\"@id\":\"https:\\\/\\\/secure.gravatar.com\\\/avatar\\\/3ea2118a5f7dad2b7138b1187a6b7ee55f160b9968b66013c3a3ef39dd7e5798?s=96&d=mm&r=g\",\"url\":\"https:\\\/\\\/secure.gravatar.com\\\/avatar\\\/3ea2118a5f7dad2b7138b1187a6b7ee55f160b9968b66013c3a3ef39dd7e5798?s=96&d=mm&r=g\",\"contentUrl\":\"https:\\\/\\\/secure.gravatar.com\\\/avatar\\\/3ea2118a5f7dad2b7138b1187a6b7ee55f160b9968b66013c3a3ef39dd7e5798?s=96&d=mm&r=g\",\"caption\":\"Jeanette\"},\"sameAs\":[\"https:\\\/\\\/www.eldiario.net\\\/portal\"],\"url\":\"https:\\\/\\\/www.eldiario.net\\\/portal\\\/author\\\/jeanette\\\/\"}]}<\/script>\n<!-- \/ Yoast SEO plugin. -->","yoast_head_json":{"title":"Prev\u00e9n que obras de viaducto\u00a0 concluir\u00e1n a finales de abril - El Diario - Bolivia","robots":{"index":"index","follow":"follow","max-snippet":"max-snippet:-1","max-image-preview":"max-image-preview:large","max-video-preview":"max-video-preview:-1"},"canonical":"https:\/\/www.eldiario.net\/portal\/2022\/03\/21\/preven-que-obras-de-viaducto-concluiran-a-finales-de-abril\/","og_locale":"es_ES","og_type":"article","og_title":"Prev\u00e9n que obras de viaducto\u00a0 concluir\u00e1n a finales de abril - El Diario - Bolivia","og_description":"Con un avance total del 80 % en las obras del viaducto Belisario Salinas, Sopocachi, se calcula que ser\u00e1 entregado en abril, si las condiciones clim\u00e1ticas son favorables, inform\u00f3 la Alcald\u00eda de La Paz. El viernes comenz\u00f3 el vaciado del pavimento r\u00edgido del Viaducto Belisario Salinas y la Av. 20 Octubre, cuya obra tiene un [&hellip;]","og_url":"https:\/\/www.eldiario.net\/portal\/2022\/03\/21\/preven-que-obras-de-viaducto-concluiran-a-finales-de-abril\/","og_site_name":"El Diario - Bolivia","article_publisher":"https:\/\/www.facebook.com\/eldiario.bolivia\/","article_published_time":"2022-03-21T09:34:52+00:00","author":"Jeanette","twitter_card":"summary_large_image","twitter_creator":"@eldiario_net","twitter_site":"@eldiario_net","twitter_misc":{"Escrito por":"Jeanette","Tiempo de lectura":"2 minutos"},"schema":{"@context":"https:\/\/schema.org","@graph":[{"@type":"Article","@id":"https:\/\/www.eldiario.net\/portal\/2022\/03\/21\/preven-que-obras-de-viaducto-concluiran-a-finales-de-abril\/#article","isPartOf":{"@id":"https:\/\/www.eldiario.net\/portal\/2022\/03\/21\/preven-que-obras-de-viaducto-concluiran-a-finales-de-abril\/"},"author":{"name":"Jeanette","@id":"https:\/\/www.eldiario.net\/portal\/#\/schema\/person\/f46445640444750d7d753ccd04ae01b7"},"headline":"Prev\u00e9n que obras de viaducto\u00a0 concluir\u00e1n a finales de abril","datePublished":"2022-03-21T09:34:52+00:00","mainEntityOfPage":{"@id":"https:\/\/www.eldiario.net\/portal\/2022\/03\/21\/preven-que-obras-de-viaducto-concluiran-a-finales-de-abril\/"},"wordCount":407,"publisher":{"@id":"https:\/\/www.eldiario.net\/portal\/#organization"},"image":{"@id":"https:\/\/www.eldiario.net\/portal\/2022\/03\/21\/preven-que-obras-de-viaducto-concluiran-a-finales-de-abril\/#primaryimage"},"thumbnailUrl":"","articleSection":["Nacional"],"inLanguage":"es"},{"@type":"WebPage","@id":"https:\/\/www.eldiario.net\/portal\/2022\/03\/21\/preven-que-obras-de-viaducto-concluiran-a-finales-de-abril\/","url":"https:\/\/www.eldiario.net\/portal\/2022\/03\/21\/preven-que-obras-de-viaducto-concluiran-a-finales-de-abril\/","name":"Prev\u00e9n que obras de viaducto\u00a0 concluir\u00e1n a finales de abril - El Diario - Bolivia","isPartOf":{"@id":"https:\/\/www.eldiario.net\/portal\/#website"},"primaryImageOfPage":{"@id":"https:\/\/www.eldiario.net\/portal\/2022\/03\/21\/preven-que-obras-de-viaducto-concluiran-a-finales-de-abril\/#primaryimage"},"image":{"@id":"https:\/\/www.eldiario.net\/portal\/2022\/03\/21\/preven-que-obras-de-viaducto-concluiran-a-finales-de-abril\/#primaryimage"},"thumbnailUrl":"","datePublished":"2022-03-21T09:34:52+00:00","breadcrumb":{"@id":"https:\/\/www.eldiario.net\/portal\/2022\/03\/21\/preven-que-obras-de-viaducto-concluiran-a-finales-de-abril\/#breadcrumb"},"inLanguage":"es","potentialAction":[{"@type":"ReadAction","target":["https:\/\/www.eldiario.net\/portal\/2022\/03\/21\/preven-que-obras-de-viaducto-concluiran-a-finales-de-abril\/"]}]},{"@type":"ImageObject","inLanguage":"es","@id":"https:\/\/www.eldiario.net\/portal\/2022\/03\/21\/preven-que-obras-de-viaducto-concluiran-a-finales-de-abril\/#primaryimage","url":"","contentUrl":""},{"@type":"BreadcrumbList","@id":"https:\/\/www.eldiario.net\/portal\/2022\/03\/21\/preven-que-obras-de-viaducto-concluiran-a-finales-de-abril\/#breadcrumb","itemListElement":[{"@type":"ListItem","position":1,"name":"Portada","item":"https:\/\/www.eldiario.net\/portal\/"},{"@type":"ListItem","position":2,"name":"Prev\u00e9n que obras de viaducto\u00a0 concluir\u00e1n a finales de abril"}]},{"@type":"WebSite","@id":"https:\/\/www.eldiario.net\/portal\/#website","url":"https:\/\/www.eldiario.net\/portal\/","name":"El Diario - Decano de la prensa nacional","description":"El Diario - Decano de la prensa nacional","publisher":{"@id":"https:\/\/www.eldiario.net\/portal\/#organization"},"potentialAction":[{"@type":"SearchAction","target":{"@type":"EntryPoint","urlTemplate":"https:\/\/www.eldiario.net\/portal\/?s={search_term_string}"},"query-input":{"@type":"PropertyValueSpecification","valueRequired":true,"valueName":"search_term_string"}}],"inLanguage":"es"},{"@type":"Organization","@id":"https:\/\/www.eldiario.net\/portal\/#organization","name":"El Diario - Decano de la prensa nacional","url":"https:\/\/www.eldiario.net\/portal\/","logo":{"@type":"ImageObject","inLanguage":"es","@id":"https:\/\/www.eldiario.net\/portal\/#\/schema\/logo\/image\/","url":"https:\/\/www.eldiario.net\/portal\/wp-content\/uploads\/2023\/07\/logo_ED.jpg","contentUrl":"https:\/\/www.eldiario.net\/portal\/wp-content\/uploads\/2023\/07\/logo_ED.jpg","width":272,"height":52,"caption":"El Diario - Decano de la prensa nacional"},"image":{"@id":"https:\/\/www.eldiario.net\/portal\/#\/schema\/logo\/image\/"},"sameAs":["https:\/\/www.facebook.com\/eldiario.bolivia\/","https:\/\/x.com\/eldiario_net"]},{"@type":"Person","@id":"https:\/\/www.eldiario.net\/portal\/#\/schema\/person\/f46445640444750d7d753ccd04ae01b7","name":"Jeanette","image":{"@type":"ImageObject","inLanguage":"es","@id":"https:\/\/secure.gravatar.com\/avatar\/3ea2118a5f7dad2b7138b1187a6b7ee55f160b9968b66013c3a3ef39dd7e5798?s=96&d=mm&r=g","url":"https:\/\/secure.gravatar.com\/avatar\/3ea2118a5f7dad2b7138b1187a6b7ee55f160b9968b66013c3a3ef39dd7e5798?s=96&d=mm&r=g","contentUrl":"https:\/\/secure.gravatar.com\/avatar\/3ea2118a5f7dad2b7138b1187a6b7ee55f160b9968b66013c3a3ef39dd7e5798?s=96&d=mm&r=g","caption":"Jeanette"},"sameAs":["https:\/\/www.eldiario.net\/portal"],"url":"https:\/\/www.eldiario.net\/portal\/author\/jeanette\/"}]}},"_links":{"self":[{"href":"https:\/\/www.eldiario.net\/portal\/wp-json\/wp\/v2\/posts\/71040","targetHints":{"allow":["GET"]}}],"collection":[{"href":"https:\/\/www.eldiario.net\/portal\/wp-json\/wp\/v2\/posts"}],"about":[{"href":"https:\/\/www.eldiario.net\/portal\/wp-json\/wp\/v2\/types\/post"}],"author":[{"embeddable":true,"href":"https:\/\/www.eldiario.net\/portal\/wp-json\/wp\/v2\/users\/1"}],"replies":[{"embeddable":true,"href":"https:\/\/www.eldiario.net\/portal\/wp-json\/wp\/v2\/comments?post=71040"}],"version-history":[{"count":0,"href":"https:\/\/www.eldiario.net\/portal\/wp-json\/wp\/v2\/posts\/71040\/revisions"}],"wp:attachment":[{"href":"https:\/\/www.eldiario.net\/portal\/wp-json\/wp\/v2\/media?parent=71040"}],"wp:term":[{"taxonomy":"category","embeddable":true,"href":"https:\/\/www.eldiario.net\/portal\/wp-json\/wp\/v2\/categories?post=71040"},{"taxonomy":"post_tag","embeddable":true,"href":"https:\/\/www.eldiario.net\/portal\/wp-json\/wp\/v2\/tags?post=71040"}],"curies":[{"name":"wp","href":"https:\/\/api.w.org\/{rel}","templated":true}]}}