{"id":71034,"date":"2022-03-21T05:32:30","date_gmt":"2022-03-21T09:32:30","guid":{"rendered":"https:\/\/www.eldiario.net\/portal\/?p=71034"},"modified":"2022-03-21T05:32:30","modified_gmt":"2022-03-21T09:32:30","slug":"censo-debe-solucionar-la-sobrerrepresentacion-rural","status":"publish","type":"post","link":"https:\/\/www.eldiario.net\/portal\/2022\/03\/21\/censo-debe-solucionar-la-sobrerrepresentacion-rural\/","title":{"rendered":"Censo debe solucionar la  sobrerrepresentaci\u00f3n rural"},"content":{"rendered":"<p>Dada la cercan\u00eda para la realizaci\u00f3n del Censo Nacional de Poblaci\u00f3n y Vivienda 2022, planificado para el mes de noviembre, asamble\u00edstas nacionales y constitucionalistas sostienen que una de las tareas principales de esta medici\u00f3n de car\u00e1cter nacional es reparar la sobrerrepresentaci\u00f3n rural que existe en la Asamblea Legislativa Plurinacional (ALP).<br \/>\nEn contacto con EL DIARIO, el abogado constitucionalista V\u00edctor Hugo Ch\u00e1vez, sostuvo que una de las tareas m\u00e1s importantes a ser solucionadas por el pr\u00f3ximo censo es reparar el problema de la representaci\u00f3n y adecuaci\u00f3n en la distribuci\u00f3n de esca\u00f1os, tomando en cuenta las cifras de habitantes en las \u00e1reas urbanas y rurales.<br \/>\n\u201cExiste una sobrerrepresentaci\u00f3n de la poblaci\u00f3n rural ind\u00edgena originario campesina en detrimento de la poblaci\u00f3n urbana\u201d, se\u00f1al\u00f3 el jurista.<br \/>\nCh\u00e1vez apunt\u00f3 que en la actualidad existe un desbalance en este sentido, por lo que las cifras que se colecten mediante esta medici\u00f3n nacional, debe servir para hacer un reajuste en la distribuci\u00f3n de esca\u00f1os y de esta forma la poblaci\u00f3n quede representada de una forma m\u00e1s equitativa.<br \/>\nAdem\u00e1s, manifest\u00f3 que tras el pasado censo de 2012, autoridades del \u00d3rgano Electoral omitieron hacer este ajuste, por lo que se incurri\u00f3 en incumplimiento de deberes. Estas mismas autoridades posteriormente fueron cuestionadas por el fraude electoral de 2019, denunciado por la poblaci\u00f3n y organismos internacionales.<br \/>\n\u201cLa poblaci\u00f3n urbana representa el 65 %, mientras que la poblaci\u00f3n rural es solo el 35 %. El mandato constitucional indica que en la Asamblea Legislativa Plurinacional deben estar reflejados estos datos, por tanto ya existi\u00f3 un incumplimiento de deberes del anterior Tribunal Supremo Electoral conducido por anteriores autoridades que posteriormente fueron acusadas de fraude\u201d, dijo.<br \/>\nDetall\u00f3 que este reajuste en la distribuci\u00f3n de esca\u00f1os est\u00e1 expresado claramente en el art\u00edculo 146 de la vigente Carta Magna, y la actual distribuci\u00f3n responde a una realidad seg\u00fan datos del a\u00f1o 2001, aspecto que amerita un urgente reajuste.<br \/>\n\u201cEl 2005 se hizo la \u00faltima asignaci\u00f3n de esca\u00f1os; sin embargo, a pesar de existir un censo el 2012, no hubo una nueva redistribuci\u00f3n en el \u00e1mbito departamental, lo que llev\u00f3 a esta sobrerrepresentaci\u00f3n del mundo rural respecto al urbano\u201d.<\/p>\n<p>EMERGENCIA NACIONAL<br \/>\nAl respecto el senador por Comunidad Ciudadana, Rodrigo Paz Pereira, quien en los \u00faltimos d\u00edas plante\u00f3 la declaratoria de emergencia nacional para exigir la realizaci\u00f3n del censo 2022, manifest\u00f3 que los datos t\u00e9cnicos que emanen de esta medici\u00f3n, se transformar\u00e1n en decisiones pol\u00edticas posteriores. \u201cLo que diga el censo en el tema poblaci\u00f3n, va generar una variaci\u00f3n posible\u201d, indic\u00f3.<br \/>\nEjemplific\u00f3 estas observaciones con la distribuci\u00f3n de parlamentarios en el departamento de La Paz donde las mayores concentraciones de poblaci\u00f3n que se encuentran en las ciudades de La Paz y El Alto, reciben menor representaci\u00f3n en la ALP en comparaci\u00f3n con el resto del departamento.<br \/>\n\u201cEl peso geogr\u00e1fico del valor de los parlamentarios en comparaci\u00f3n de las dos ciudades que concentran el 60 % de la poblaci\u00f3n, al resto del departamento que re\u00fane al 40 %. La cifra menor se lleva 21 parlamentarios mientras que el mayor porcentaje solo cuenta con 8\u201d, sostuvo Paz en declaraciones a Fides.<br \/>\nAdelant\u00f3 que tras el Censo 2022, ser\u00e1 necesario debatir esta realidad.<\/p>\n","protected":false},"excerpt":{"rendered":"<p>Dada la cercan\u00eda para la realizaci\u00f3n del Censo Nacional de Poblaci\u00f3n y Vivienda 2022, planificado para el mes de noviembre, asamble\u00edstas nacionales y constitucionalistas sostienen que una de las tareas principales de esta medici\u00f3n de car\u00e1cter nacional es reparar la sobrerrepresentaci\u00f3n rural que existe en la Asamblea Legislativa Plurinacional (ALP). En contacto con EL DIARIO, [&hellip;]<\/p>\n","protected":false},"author":1,"featured_media":71035,"comment_status":"closed","ping_status":"closed","sticky":false,"template":"","format":"standard","meta":{"_acf_changed":false,"footnotes":""},"categories":[14],"tags":[],"class_list":["post-71034","post","type-post","status-publish","format-standard","has-post-thumbnail","category-politica"],"acf":{"antetitulo":""},"yoast_head":"<!-- This site is optimized with the Yoast SEO plugin v28.3 - https:\/\/yoast.com\/product\/yoast-seo-wordpress\/ -->\n<title>Censo debe solucionar la sobrerrepresentaci\u00f3n rural - El Diario - Bolivia<\/title>\n<meta name=\"robots\" content=\"index, follow, max-snippet:-1, max-image-preview:large, max-video-preview:-1\" \/>\n<link rel=\"canonical\" href=\"https:\/\/www.eldiario.net\/portal\/2022\/03\/21\/censo-debe-solucionar-la-sobrerrepresentacion-rural\/\" \/>\n<meta property=\"og:locale\" content=\"es_ES\" \/>\n<meta property=\"og:type\" content=\"article\" \/>\n<meta property=\"og:title\" content=\"Censo debe solucionar la sobrerrepresentaci\u00f3n rural - El Diario - Bolivia\" \/>\n<meta property=\"og:description\" content=\"Dada la cercan\u00eda para la realizaci\u00f3n del Censo Nacional de Poblaci\u00f3n y Vivienda 2022, planificado para el mes de noviembre, asamble\u00edstas nacionales y constitucionalistas sostienen que una de las tareas principales de esta medici\u00f3n de car\u00e1cter nacional es reparar la sobrerrepresentaci\u00f3n rural que existe en la Asamblea Legislativa Plurinacional (ALP). En contacto con EL DIARIO, [&hellip;]\" \/>\n<meta property=\"og:url\" content=\"https:\/\/www.eldiario.net\/portal\/2022\/03\/21\/censo-debe-solucionar-la-sobrerrepresentacion-rural\/\" \/>\n<meta property=\"og:site_name\" content=\"El Diario - Bolivia\" \/>\n<meta property=\"article:publisher\" content=\"https:\/\/www.facebook.com\/eldiario.bolivia\/\" \/>\n<meta property=\"article:published_time\" content=\"2022-03-21T09:32:30+00:00\" \/>\n<meta name=\"author\" content=\"Jeanette\" \/>\n<meta name=\"twitter:card\" content=\"summary_large_image\" \/>\n<meta name=\"twitter:creator\" content=\"@eldiario_net\" \/>\n<meta name=\"twitter:site\" content=\"@eldiario_net\" \/>\n<meta name=\"twitter:label1\" content=\"Escrito por\" \/>\n\t<meta name=\"twitter:data1\" content=\"Jeanette\" \/>\n\t<meta name=\"twitter:label2\" content=\"Tiempo de lectura\" \/>\n\t<meta name=\"twitter:data2\" content=\"3 minutos\" \/>\n<script type=\"application\/ld+json\" class=\"yoast-schema-graph\">{\"@context\":\"https:\\\/\\\/schema.org\",\"@graph\":[{\"@type\":\"Article\",\"@id\":\"https:\\\/\\\/www.eldiario.net\\\/portal\\\/2022\\\/03\\\/21\\\/censo-debe-solucionar-la-sobrerrepresentacion-rural\\\/#article\",\"isPartOf\":{\"@id\":\"https:\\\/\\\/www.eldiario.net\\\/portal\\\/2022\\\/03\\\/21\\\/censo-debe-solucionar-la-sobrerrepresentacion-rural\\\/\"},\"author\":{\"name\":\"Jeanette\",\"@id\":\"https:\\\/\\\/www.eldiario.net\\\/portal\\\/#\\\/schema\\\/person\\\/f46445640444750d7d753ccd04ae01b7\"},\"headline\":\"Censo debe solucionar la sobrerrepresentaci\u00f3n rural\",\"datePublished\":\"2022-03-21T09:32:30+00:00\",\"mainEntityOfPage\":{\"@id\":\"https:\\\/\\\/www.eldiario.net\\\/portal\\\/2022\\\/03\\\/21\\\/censo-debe-solucionar-la-sobrerrepresentacion-rural\\\/\"},\"wordCount\":565,\"publisher\":{\"@id\":\"https:\\\/\\\/www.eldiario.net\\\/portal\\\/#organization\"},\"image\":{\"@id\":\"https:\\\/\\\/www.eldiario.net\\\/portal\\\/2022\\\/03\\\/21\\\/censo-debe-solucionar-la-sobrerrepresentacion-rural\\\/#primaryimage\"},\"thumbnailUrl\":\"\",\"articleSection\":[\"Pol\u00edtica\"],\"inLanguage\":\"es\"},{\"@type\":\"WebPage\",\"@id\":\"https:\\\/\\\/www.eldiario.net\\\/portal\\\/2022\\\/03\\\/21\\\/censo-debe-solucionar-la-sobrerrepresentacion-rural\\\/\",\"url\":\"https:\\\/\\\/www.eldiario.net\\\/portal\\\/2022\\\/03\\\/21\\\/censo-debe-solucionar-la-sobrerrepresentacion-rural\\\/\",\"name\":\"Censo debe solucionar la sobrerrepresentaci\u00f3n rural - El Diario - Bolivia\",\"isPartOf\":{\"@id\":\"https:\\\/\\\/www.eldiario.net\\\/portal\\\/#website\"},\"primaryImageOfPage\":{\"@id\":\"https:\\\/\\\/www.eldiario.net\\\/portal\\\/2022\\\/03\\\/21\\\/censo-debe-solucionar-la-sobrerrepresentacion-rural\\\/#primaryimage\"},\"image\":{\"@id\":\"https:\\\/\\\/www.eldiario.net\\\/portal\\\/2022\\\/03\\\/21\\\/censo-debe-solucionar-la-sobrerrepresentacion-rural\\\/#primaryimage\"},\"thumbnailUrl\":\"\",\"datePublished\":\"2022-03-21T09:32:30+00:00\",\"breadcrumb\":{\"@id\":\"https:\\\/\\\/www.eldiario.net\\\/portal\\\/2022\\\/03\\\/21\\\/censo-debe-solucionar-la-sobrerrepresentacion-rural\\\/#breadcrumb\"},\"inLanguage\":\"es\",\"potentialAction\":[{\"@type\":\"ReadAction\",\"target\":[\"https:\\\/\\\/www.eldiario.net\\\/portal\\\/2022\\\/03\\\/21\\\/censo-debe-solucionar-la-sobrerrepresentacion-rural\\\/\"]}]},{\"@type\":\"ImageObject\",\"inLanguage\":\"es\",\"@id\":\"https:\\\/\\\/www.eldiario.net\\\/portal\\\/2022\\\/03\\\/21\\\/censo-debe-solucionar-la-sobrerrepresentacion-rural\\\/#primaryimage\",\"url\":\"\",\"contentUrl\":\"\"},{\"@type\":\"BreadcrumbList\",\"@id\":\"https:\\\/\\\/www.eldiario.net\\\/portal\\\/2022\\\/03\\\/21\\\/censo-debe-solucionar-la-sobrerrepresentacion-rural\\\/#breadcrumb\",\"itemListElement\":[{\"@type\":\"ListItem\",\"position\":1,\"name\":\"Portada\",\"item\":\"https:\\\/\\\/www.eldiario.net\\\/portal\\\/\"},{\"@type\":\"ListItem\",\"position\":2,\"name\":\"Censo debe solucionar la sobrerrepresentaci\u00f3n rural\"}]},{\"@type\":\"WebSite\",\"@id\":\"https:\\\/\\\/www.eldiario.net\\\/portal\\\/#website\",\"url\":\"https:\\\/\\\/www.eldiario.net\\\/portal\\\/\",\"name\":\"El Diario - Decano de la prensa nacional\",\"description\":\"El Diario - Decano de la prensa nacional\",\"publisher\":{\"@id\":\"https:\\\/\\\/www.eldiario.net\\\/portal\\\/#organization\"},\"potentialAction\":[{\"@type\":\"SearchAction\",\"target\":{\"@type\":\"EntryPoint\",\"urlTemplate\":\"https:\\\/\\\/www.eldiario.net\\\/portal\\\/?s={search_term_string}\"},\"query-input\":{\"@type\":\"PropertyValueSpecification\",\"valueRequired\":true,\"valueName\":\"search_term_string\"}}],\"inLanguage\":\"es\"},{\"@type\":\"Organization\",\"@id\":\"https:\\\/\\\/www.eldiario.net\\\/portal\\\/#organization\",\"name\":\"El Diario - Decano de la prensa nacional\",\"url\":\"https:\\\/\\\/www.eldiario.net\\\/portal\\\/\",\"logo\":{\"@type\":\"ImageObject\",\"inLanguage\":\"es\",\"@id\":\"https:\\\/\\\/www.eldiario.net\\\/portal\\\/#\\\/schema\\\/logo\\\/image\\\/\",\"url\":\"https:\\\/\\\/www.eldiario.net\\\/portal\\\/wp-content\\\/uploads\\\/2023\\\/07\\\/logo_ED.jpg\",\"contentUrl\":\"https:\\\/\\\/www.eldiario.net\\\/portal\\\/wp-content\\\/uploads\\\/2023\\\/07\\\/logo_ED.jpg\",\"width\":272,\"height\":52,\"caption\":\"El Diario - Decano de la prensa nacional\"},\"image\":{\"@id\":\"https:\\\/\\\/www.eldiario.net\\\/portal\\\/#\\\/schema\\\/logo\\\/image\\\/\"},\"sameAs\":[\"https:\\\/\\\/www.facebook.com\\\/eldiario.bolivia\\\/\",\"https:\\\/\\\/x.com\\\/eldiario_net\"]},{\"@type\":\"Person\",\"@id\":\"https:\\\/\\\/www.eldiario.net\\\/portal\\\/#\\\/schema\\\/person\\\/f46445640444750d7d753ccd04ae01b7\",\"name\":\"Jeanette\",\"image\":{\"@type\":\"ImageObject\",\"inLanguage\":\"es\",\"@id\":\"https:\\\/\\\/secure.gravatar.com\\\/avatar\\\/3ea2118a5f7dad2b7138b1187a6b7ee55f160b9968b66013c3a3ef39dd7e5798?s=96&d=mm&r=g\",\"url\":\"https:\\\/\\\/secure.gravatar.com\\\/avatar\\\/3ea2118a5f7dad2b7138b1187a6b7ee55f160b9968b66013c3a3ef39dd7e5798?s=96&d=mm&r=g\",\"contentUrl\":\"https:\\\/\\\/secure.gravatar.com\\\/avatar\\\/3ea2118a5f7dad2b7138b1187a6b7ee55f160b9968b66013c3a3ef39dd7e5798?s=96&d=mm&r=g\",\"caption\":\"Jeanette\"},\"sameAs\":[\"https:\\\/\\\/www.eldiario.net\\\/portal\"],\"url\":\"https:\\\/\\\/www.eldiario.net\\\/portal\\\/author\\\/jeanette\\\/\"}]}<\/script>\n<!-- \/ Yoast SEO plugin. -->","yoast_head_json":{"title":"Censo debe solucionar la sobrerrepresentaci\u00f3n rural - El Diario - Bolivia","robots":{"index":"index","follow":"follow","max-snippet":"max-snippet:-1","max-image-preview":"max-image-preview:large","max-video-preview":"max-video-preview:-1"},"canonical":"https:\/\/www.eldiario.net\/portal\/2022\/03\/21\/censo-debe-solucionar-la-sobrerrepresentacion-rural\/","og_locale":"es_ES","og_type":"article","og_title":"Censo debe solucionar la sobrerrepresentaci\u00f3n rural - El Diario - Bolivia","og_description":"Dada la cercan\u00eda para la realizaci\u00f3n del Censo Nacional de Poblaci\u00f3n y Vivienda 2022, planificado para el mes de noviembre, asamble\u00edstas nacionales y constitucionalistas sostienen que una de las tareas principales de esta medici\u00f3n de car\u00e1cter nacional es reparar la sobrerrepresentaci\u00f3n rural que existe en la Asamblea Legislativa Plurinacional (ALP). En contacto con EL DIARIO, [&hellip;]","og_url":"https:\/\/www.eldiario.net\/portal\/2022\/03\/21\/censo-debe-solucionar-la-sobrerrepresentacion-rural\/","og_site_name":"El Diario - Bolivia","article_publisher":"https:\/\/www.facebook.com\/eldiario.bolivia\/","article_published_time":"2022-03-21T09:32:30+00:00","author":"Jeanette","twitter_card":"summary_large_image","twitter_creator":"@eldiario_net","twitter_site":"@eldiario_net","twitter_misc":{"Escrito por":"Jeanette","Tiempo de lectura":"3 minutos"},"schema":{"@context":"https:\/\/schema.org","@graph":[{"@type":"Article","@id":"https:\/\/www.eldiario.net\/portal\/2022\/03\/21\/censo-debe-solucionar-la-sobrerrepresentacion-rural\/#article","isPartOf":{"@id":"https:\/\/www.eldiario.net\/portal\/2022\/03\/21\/censo-debe-solucionar-la-sobrerrepresentacion-rural\/"},"author":{"name":"Jeanette","@id":"https:\/\/www.eldiario.net\/portal\/#\/schema\/person\/f46445640444750d7d753ccd04ae01b7"},"headline":"Censo debe solucionar la sobrerrepresentaci\u00f3n rural","datePublished":"2022-03-21T09:32:30+00:00","mainEntityOfPage":{"@id":"https:\/\/www.eldiario.net\/portal\/2022\/03\/21\/censo-debe-solucionar-la-sobrerrepresentacion-rural\/"},"wordCount":565,"publisher":{"@id":"https:\/\/www.eldiario.net\/portal\/#organization"},"image":{"@id":"https:\/\/www.eldiario.net\/portal\/2022\/03\/21\/censo-debe-solucionar-la-sobrerrepresentacion-rural\/#primaryimage"},"thumbnailUrl":"","articleSection":["Pol\u00edtica"],"inLanguage":"es"},{"@type":"WebPage","@id":"https:\/\/www.eldiario.net\/portal\/2022\/03\/21\/censo-debe-solucionar-la-sobrerrepresentacion-rural\/","url":"https:\/\/www.eldiario.net\/portal\/2022\/03\/21\/censo-debe-solucionar-la-sobrerrepresentacion-rural\/","name":"Censo debe solucionar la sobrerrepresentaci\u00f3n rural - El Diario - Bolivia","isPartOf":{"@id":"https:\/\/www.eldiario.net\/portal\/#website"},"primaryImageOfPage":{"@id":"https:\/\/www.eldiario.net\/portal\/2022\/03\/21\/censo-debe-solucionar-la-sobrerrepresentacion-rural\/#primaryimage"},"image":{"@id":"https:\/\/www.eldiario.net\/portal\/2022\/03\/21\/censo-debe-solucionar-la-sobrerrepresentacion-rural\/#primaryimage"},"thumbnailUrl":"","datePublished":"2022-03-21T09:32:30+00:00","breadcrumb":{"@id":"https:\/\/www.eldiario.net\/portal\/2022\/03\/21\/censo-debe-solucionar-la-sobrerrepresentacion-rural\/#breadcrumb"},"inLanguage":"es","potentialAction":[{"@type":"ReadAction","target":["https:\/\/www.eldiario.net\/portal\/2022\/03\/21\/censo-debe-solucionar-la-sobrerrepresentacion-rural\/"]}]},{"@type":"ImageObject","inLanguage":"es","@id":"https:\/\/www.eldiario.net\/portal\/2022\/03\/21\/censo-debe-solucionar-la-sobrerrepresentacion-rural\/#primaryimage","url":"","contentUrl":""},{"@type":"BreadcrumbList","@id":"https:\/\/www.eldiario.net\/portal\/2022\/03\/21\/censo-debe-solucionar-la-sobrerrepresentacion-rural\/#breadcrumb","itemListElement":[{"@type":"ListItem","position":1,"name":"Portada","item":"https:\/\/www.eldiario.net\/portal\/"},{"@type":"ListItem","position":2,"name":"Censo debe solucionar la sobrerrepresentaci\u00f3n rural"}]},{"@type":"WebSite","@id":"https:\/\/www.eldiario.net\/portal\/#website","url":"https:\/\/www.eldiario.net\/portal\/","name":"El Diario - Decano de la prensa nacional","description":"El Diario - Decano de la prensa nacional","publisher":{"@id":"https:\/\/www.eldiario.net\/portal\/#organization"},"potentialAction":[{"@type":"SearchAction","target":{"@type":"EntryPoint","urlTemplate":"https:\/\/www.eldiario.net\/portal\/?s={search_term_string}"},"query-input":{"@type":"PropertyValueSpecification","valueRequired":true,"valueName":"search_term_string"}}],"inLanguage":"es"},{"@type":"Organization","@id":"https:\/\/www.eldiario.net\/portal\/#organization","name":"El Diario - Decano de la prensa nacional","url":"https:\/\/www.eldiario.net\/portal\/","logo":{"@type":"ImageObject","inLanguage":"es","@id":"https:\/\/www.eldiario.net\/portal\/#\/schema\/logo\/image\/","url":"https:\/\/www.eldiario.net\/portal\/wp-content\/uploads\/2023\/07\/logo_ED.jpg","contentUrl":"https:\/\/www.eldiario.net\/portal\/wp-content\/uploads\/2023\/07\/logo_ED.jpg","width":272,"height":52,"caption":"El Diario - Decano de la prensa nacional"},"image":{"@id":"https:\/\/www.eldiario.net\/portal\/#\/schema\/logo\/image\/"},"sameAs":["https:\/\/www.facebook.com\/eldiario.bolivia\/","https:\/\/x.com\/eldiario_net"]},{"@type":"Person","@id":"https:\/\/www.eldiario.net\/portal\/#\/schema\/person\/f46445640444750d7d753ccd04ae01b7","name":"Jeanette","image":{"@type":"ImageObject","inLanguage":"es","@id":"https:\/\/secure.gravatar.com\/avatar\/3ea2118a5f7dad2b7138b1187a6b7ee55f160b9968b66013c3a3ef39dd7e5798?s=96&d=mm&r=g","url":"https:\/\/secure.gravatar.com\/avatar\/3ea2118a5f7dad2b7138b1187a6b7ee55f160b9968b66013c3a3ef39dd7e5798?s=96&d=mm&r=g","contentUrl":"https:\/\/secure.gravatar.com\/avatar\/3ea2118a5f7dad2b7138b1187a6b7ee55f160b9968b66013c3a3ef39dd7e5798?s=96&d=mm&r=g","caption":"Jeanette"},"sameAs":["https:\/\/www.eldiario.net\/portal"],"url":"https:\/\/www.eldiario.net\/portal\/author\/jeanette\/"}]}},"_links":{"self":[{"href":"https:\/\/www.eldiario.net\/portal\/wp-json\/wp\/v2\/posts\/71034","targetHints":{"allow":["GET"]}}],"collection":[{"href":"https:\/\/www.eldiario.net\/portal\/wp-json\/wp\/v2\/posts"}],"about":[{"href":"https:\/\/www.eldiario.net\/portal\/wp-json\/wp\/v2\/types\/post"}],"author":[{"embeddable":true,"href":"https:\/\/www.eldiario.net\/portal\/wp-json\/wp\/v2\/users\/1"}],"replies":[{"embeddable":true,"href":"https:\/\/www.eldiario.net\/portal\/wp-json\/wp\/v2\/comments?post=71034"}],"version-history":[{"count":0,"href":"https:\/\/www.eldiario.net\/portal\/wp-json\/wp\/v2\/posts\/71034\/revisions"}],"wp:attachment":[{"href":"https:\/\/www.eldiario.net\/portal\/wp-json\/wp\/v2\/media?parent=71034"}],"wp:term":[{"taxonomy":"category","embeddable":true,"href":"https:\/\/www.eldiario.net\/portal\/wp-json\/wp\/v2\/categories?post=71034"},{"taxonomy":"post_tag","embeddable":true,"href":"https:\/\/www.eldiario.net\/portal\/wp-json\/wp\/v2\/tags?post=71034"}],"curies":[{"name":"wp","href":"https:\/\/api.w.org\/{rel}","templated":true}]}}