{"id":71025,"date":"2022-03-21T05:29:40","date_gmt":"2022-03-21T09:29:40","guid":{"rendered":"https:\/\/www.eldiario.net\/portal\/?p=71025"},"modified":"2022-03-21T05:29:40","modified_gmt":"2022-03-21T09:29:40","slug":"ven-manipulacion-de-morales-sobre-instituciones-estatales","status":"publish","type":"post","link":"https:\/\/www.eldiario.net\/portal\/2022\/03\/21\/ven-manipulacion-de-morales-sobre-instituciones-estatales\/","title":{"rendered":"Ven manipulaci\u00f3n de Morales  sobre instituciones estatales"},"content":{"rendered":"<p>El diputado por Comunidad Ciudadana (CC), Alejandro Reyes, sostuvo que la indemnizaci\u00f3n determinada por el Tribunal Constitucional Plurinacional (TCP) en favor de Evo Morales es una muestra clara de la capacidad de manipulaci\u00f3n de la exautoridad sobre instituciones del Estado y de esta forma copar el poder desde afuera.<br \/>\nLuego de conocerse sobre la determinaci\u00f3n del Tribunal Constitucional Plurinacional (TCP), el parlamentario opositor lament\u00f3 que los hechos de violencia registrados en 2019 queden en el olvido y por el contrario se trate de premiar a los responsables de la ruptura constitucional que condujo al pa\u00eds a una crisis pol\u00edtica y social.<br \/>\nReyes, adem\u00e1s, cuestion\u00f3 la capacidad con la que cuenta Morales para ejercer presi\u00f3n sobre \u00d3rganos del Estado para beneficio propio y de los intereses del MAS.<br \/>\n\u201cLos que produjeron el quiebre constitucional de 2019 ahora resulta que van a ser premiados, esta indemnizaci\u00f3n que plantea el Tribunal Constitucional al se\u00f1or Evo Morales, muestra a capacidad de presi\u00f3n que tiene sobre las instituciones, sin siquiera ocupar un cargo p\u00fablico\u201d, sostuvo el legislador.<br \/>\nEl representante de oposici\u00f3n tambi\u00e9n conden\u00f3 el tono amenazante con que dirigentes parlamentarios oficialistas han anunciado el inicio de procesos contra autoridades judiciales y electorales que inhabilitaron su candidatura en 2020 siendo que Morales incumpl\u00eda el requisito de la residencia en el pa\u00eds.<br \/>\n\u201cLas amenazas que lanza el partido de gobierno significan que Morales en su calidad de presidente del partido, est\u00e1 pr\u00e1cticamente intentando copar las instituciones democr\u00e1ticas desde fuera del Gobierno\u201d, dijo.<br \/>\nSostuvo que es el presidente del Estado quien debe cortar estas pr\u00e1cticas que claramente se deben a los roces internos por los que atraviesa el partido gobernante. \u201cLa pugna interna est\u00e1 llevando a la destrucci\u00f3n de las instituciones del pa\u00eds\u201d, se\u00f1al\u00f3.<br \/>\nLa pasada semana, un fallo del Tribunal Constitucional determin\u00f3 que la inhabilitaci\u00f3n de Evo Morales como candidato a senador por Cochabamba en 2020, fue inconstitucional y dispuso indemnizar al afectado.<br \/>\nDesde sus redes sociales, el exmandatario se\u00f1al\u00f3 que su inhabilitaci\u00f3n tuvo lugar por intereses pol\u00edticos y ahora corresponde conocer qui\u00e9nes fueron los responsables de esta.<br \/>\n\u201cNuestra inhabilitaci\u00f3n como candidato a senador en elecciones 2020 responde a una instrucci\u00f3n netamente pol\u00edtica. Fallo del Tribunal Constitucional demostr\u00f3 su ilegalidad; falta saber, ahora, qui\u00e9nes operaron por encima de CPE para que nunca m\u00e1s se cometan estas arbitrariedades.\u201d<br \/>\nAnte ello, Reyes pidi\u00f3 que autoridades judiciales ratifiquen el fallo con el que se impidi\u00f3 esta postulaci\u00f3n.<\/p>\n","protected":false},"excerpt":{"rendered":"<p>El diputado por Comunidad Ciudadana (CC), Alejandro Reyes, sostuvo que la indemnizaci\u00f3n determinada por el Tribunal Constitucional Plurinacional (TCP) en favor de Evo Morales es una muestra clara de la capacidad de manipulaci\u00f3n de la exautoridad sobre instituciones del Estado y de esta forma copar el poder desde afuera. Luego de conocerse sobre la determinaci\u00f3n [&hellip;]<\/p>\n","protected":false},"author":1,"featured_media":71026,"comment_status":"closed","ping_status":"closed","sticky":false,"template":"","format":"standard","meta":{"_acf_changed":false,"footnotes":""},"categories":[14],"tags":[],"class_list":["post-71025","post","type-post","status-publish","format-standard","has-post-thumbnail","category-politica"],"acf":{"antetitulo":""},"yoast_head":"<!-- This site is optimized with the Yoast SEO plugin v28.3 - https:\/\/yoast.com\/product\/yoast-seo-wordpress\/ -->\n<title>Ven manipulaci\u00f3n de Morales sobre instituciones estatales - El Diario - Bolivia<\/title>\n<meta name=\"robots\" content=\"index, follow, max-snippet:-1, max-image-preview:large, max-video-preview:-1\" \/>\n<link rel=\"canonical\" href=\"https:\/\/www.eldiario.net\/portal\/2022\/03\/21\/ven-manipulacion-de-morales-sobre-instituciones-estatales\/\" \/>\n<meta property=\"og:locale\" content=\"es_ES\" \/>\n<meta property=\"og:type\" content=\"article\" \/>\n<meta property=\"og:title\" content=\"Ven manipulaci\u00f3n de Morales sobre instituciones estatales - El Diario - Bolivia\" \/>\n<meta property=\"og:description\" content=\"El diputado por Comunidad Ciudadana (CC), Alejandro Reyes, sostuvo que la indemnizaci\u00f3n determinada por el Tribunal Constitucional Plurinacional (TCP) en favor de Evo Morales es una muestra clara de la capacidad de manipulaci\u00f3n de la exautoridad sobre instituciones del Estado y de esta forma copar el poder desde afuera. Luego de conocerse sobre la determinaci\u00f3n [&hellip;]\" \/>\n<meta property=\"og:url\" content=\"https:\/\/www.eldiario.net\/portal\/2022\/03\/21\/ven-manipulacion-de-morales-sobre-instituciones-estatales\/\" \/>\n<meta property=\"og:site_name\" content=\"El Diario - Bolivia\" \/>\n<meta property=\"article:publisher\" content=\"https:\/\/www.facebook.com\/eldiario.bolivia\/\" \/>\n<meta property=\"article:published_time\" content=\"2022-03-21T09:29:40+00:00\" \/>\n<meta name=\"author\" content=\"Jeanette\" \/>\n<meta name=\"twitter:card\" content=\"summary_large_image\" \/>\n<meta name=\"twitter:creator\" content=\"@eldiario_net\" \/>\n<meta name=\"twitter:site\" content=\"@eldiario_net\" \/>\n<meta name=\"twitter:label1\" content=\"Escrito por\" \/>\n\t<meta name=\"twitter:data1\" content=\"Jeanette\" \/>\n\t<meta name=\"twitter:label2\" content=\"Tiempo de lectura\" \/>\n\t<meta name=\"twitter:data2\" content=\"2 minutos\" \/>\n<script type=\"application\/ld+json\" class=\"yoast-schema-graph\">{\"@context\":\"https:\\\/\\\/schema.org\",\"@graph\":[{\"@type\":\"Article\",\"@id\":\"https:\\\/\\\/www.eldiario.net\\\/portal\\\/2022\\\/03\\\/21\\\/ven-manipulacion-de-morales-sobre-instituciones-estatales\\\/#article\",\"isPartOf\":{\"@id\":\"https:\\\/\\\/www.eldiario.net\\\/portal\\\/2022\\\/03\\\/21\\\/ven-manipulacion-de-morales-sobre-instituciones-estatales\\\/\"},\"author\":{\"name\":\"Jeanette\",\"@id\":\"https:\\\/\\\/www.eldiario.net\\\/portal\\\/#\\\/schema\\\/person\\\/f46445640444750d7d753ccd04ae01b7\"},\"headline\":\"Ven manipulaci\u00f3n de Morales sobre instituciones estatales\",\"datePublished\":\"2022-03-21T09:29:40+00:00\",\"mainEntityOfPage\":{\"@id\":\"https:\\\/\\\/www.eldiario.net\\\/portal\\\/2022\\\/03\\\/21\\\/ven-manipulacion-de-morales-sobre-instituciones-estatales\\\/\"},\"wordCount\":432,\"publisher\":{\"@id\":\"https:\\\/\\\/www.eldiario.net\\\/portal\\\/#organization\"},\"image\":{\"@id\":\"https:\\\/\\\/www.eldiario.net\\\/portal\\\/2022\\\/03\\\/21\\\/ven-manipulacion-de-morales-sobre-instituciones-estatales\\\/#primaryimage\"},\"thumbnailUrl\":\"\",\"articleSection\":[\"Pol\u00edtica\"],\"inLanguage\":\"es\"},{\"@type\":\"WebPage\",\"@id\":\"https:\\\/\\\/www.eldiario.net\\\/portal\\\/2022\\\/03\\\/21\\\/ven-manipulacion-de-morales-sobre-instituciones-estatales\\\/\",\"url\":\"https:\\\/\\\/www.eldiario.net\\\/portal\\\/2022\\\/03\\\/21\\\/ven-manipulacion-de-morales-sobre-instituciones-estatales\\\/\",\"name\":\"Ven manipulaci\u00f3n de Morales sobre instituciones estatales - El Diario - Bolivia\",\"isPartOf\":{\"@id\":\"https:\\\/\\\/www.eldiario.net\\\/portal\\\/#website\"},\"primaryImageOfPage\":{\"@id\":\"https:\\\/\\\/www.eldiario.net\\\/portal\\\/2022\\\/03\\\/21\\\/ven-manipulacion-de-morales-sobre-instituciones-estatales\\\/#primaryimage\"},\"image\":{\"@id\":\"https:\\\/\\\/www.eldiario.net\\\/portal\\\/2022\\\/03\\\/21\\\/ven-manipulacion-de-morales-sobre-instituciones-estatales\\\/#primaryimage\"},\"thumbnailUrl\":\"\",\"datePublished\":\"2022-03-21T09:29:40+00:00\",\"breadcrumb\":{\"@id\":\"https:\\\/\\\/www.eldiario.net\\\/portal\\\/2022\\\/03\\\/21\\\/ven-manipulacion-de-morales-sobre-instituciones-estatales\\\/#breadcrumb\"},\"inLanguage\":\"es\",\"potentialAction\":[{\"@type\":\"ReadAction\",\"target\":[\"https:\\\/\\\/www.eldiario.net\\\/portal\\\/2022\\\/03\\\/21\\\/ven-manipulacion-de-morales-sobre-instituciones-estatales\\\/\"]}]},{\"@type\":\"ImageObject\",\"inLanguage\":\"es\",\"@id\":\"https:\\\/\\\/www.eldiario.net\\\/portal\\\/2022\\\/03\\\/21\\\/ven-manipulacion-de-morales-sobre-instituciones-estatales\\\/#primaryimage\",\"url\":\"\",\"contentUrl\":\"\"},{\"@type\":\"BreadcrumbList\",\"@id\":\"https:\\\/\\\/www.eldiario.net\\\/portal\\\/2022\\\/03\\\/21\\\/ven-manipulacion-de-morales-sobre-instituciones-estatales\\\/#breadcrumb\",\"itemListElement\":[{\"@type\":\"ListItem\",\"position\":1,\"name\":\"Portada\",\"item\":\"https:\\\/\\\/www.eldiario.net\\\/portal\\\/\"},{\"@type\":\"ListItem\",\"position\":2,\"name\":\"Ven manipulaci\u00f3n de Morales sobre instituciones estatales\"}]},{\"@type\":\"WebSite\",\"@id\":\"https:\\\/\\\/www.eldiario.net\\\/portal\\\/#website\",\"url\":\"https:\\\/\\\/www.eldiario.net\\\/portal\\\/\",\"name\":\"El Diario - Decano de la prensa nacional\",\"description\":\"El Diario - Decano de la prensa nacional\",\"publisher\":{\"@id\":\"https:\\\/\\\/www.eldiario.net\\\/portal\\\/#organization\"},\"potentialAction\":[{\"@type\":\"SearchAction\",\"target\":{\"@type\":\"EntryPoint\",\"urlTemplate\":\"https:\\\/\\\/www.eldiario.net\\\/portal\\\/?s={search_term_string}\"},\"query-input\":{\"@type\":\"PropertyValueSpecification\",\"valueRequired\":true,\"valueName\":\"search_term_string\"}}],\"inLanguage\":\"es\"},{\"@type\":\"Organization\",\"@id\":\"https:\\\/\\\/www.eldiario.net\\\/portal\\\/#organization\",\"name\":\"El Diario - Decano de la prensa nacional\",\"url\":\"https:\\\/\\\/www.eldiario.net\\\/portal\\\/\",\"logo\":{\"@type\":\"ImageObject\",\"inLanguage\":\"es\",\"@id\":\"https:\\\/\\\/www.eldiario.net\\\/portal\\\/#\\\/schema\\\/logo\\\/image\\\/\",\"url\":\"https:\\\/\\\/www.eldiario.net\\\/portal\\\/wp-content\\\/uploads\\\/2023\\\/07\\\/logo_ED.jpg\",\"contentUrl\":\"https:\\\/\\\/www.eldiario.net\\\/portal\\\/wp-content\\\/uploads\\\/2023\\\/07\\\/logo_ED.jpg\",\"width\":272,\"height\":52,\"caption\":\"El Diario - Decano de la prensa nacional\"},\"image\":{\"@id\":\"https:\\\/\\\/www.eldiario.net\\\/portal\\\/#\\\/schema\\\/logo\\\/image\\\/\"},\"sameAs\":[\"https:\\\/\\\/www.facebook.com\\\/eldiario.bolivia\\\/\",\"https:\\\/\\\/x.com\\\/eldiario_net\"]},{\"@type\":\"Person\",\"@id\":\"https:\\\/\\\/www.eldiario.net\\\/portal\\\/#\\\/schema\\\/person\\\/f46445640444750d7d753ccd04ae01b7\",\"name\":\"Jeanette\",\"image\":{\"@type\":\"ImageObject\",\"inLanguage\":\"es\",\"@id\":\"https:\\\/\\\/secure.gravatar.com\\\/avatar\\\/3ea2118a5f7dad2b7138b1187a6b7ee55f160b9968b66013c3a3ef39dd7e5798?s=96&d=mm&r=g\",\"url\":\"https:\\\/\\\/secure.gravatar.com\\\/avatar\\\/3ea2118a5f7dad2b7138b1187a6b7ee55f160b9968b66013c3a3ef39dd7e5798?s=96&d=mm&r=g\",\"contentUrl\":\"https:\\\/\\\/secure.gravatar.com\\\/avatar\\\/3ea2118a5f7dad2b7138b1187a6b7ee55f160b9968b66013c3a3ef39dd7e5798?s=96&d=mm&r=g\",\"caption\":\"Jeanette\"},\"sameAs\":[\"https:\\\/\\\/www.eldiario.net\\\/portal\"],\"url\":\"https:\\\/\\\/www.eldiario.net\\\/portal\\\/author\\\/jeanette\\\/\"}]}<\/script>\n<!-- \/ Yoast SEO plugin. -->","yoast_head_json":{"title":"Ven manipulaci\u00f3n de Morales sobre instituciones estatales - El Diario - Bolivia","robots":{"index":"index","follow":"follow","max-snippet":"max-snippet:-1","max-image-preview":"max-image-preview:large","max-video-preview":"max-video-preview:-1"},"canonical":"https:\/\/www.eldiario.net\/portal\/2022\/03\/21\/ven-manipulacion-de-morales-sobre-instituciones-estatales\/","og_locale":"es_ES","og_type":"article","og_title":"Ven manipulaci\u00f3n de Morales sobre instituciones estatales - El Diario - Bolivia","og_description":"El diputado por Comunidad Ciudadana (CC), Alejandro Reyes, sostuvo que la indemnizaci\u00f3n determinada por el Tribunal Constitucional Plurinacional (TCP) en favor de Evo Morales es una muestra clara de la capacidad de manipulaci\u00f3n de la exautoridad sobre instituciones del Estado y de esta forma copar el poder desde afuera. Luego de conocerse sobre la determinaci\u00f3n [&hellip;]","og_url":"https:\/\/www.eldiario.net\/portal\/2022\/03\/21\/ven-manipulacion-de-morales-sobre-instituciones-estatales\/","og_site_name":"El Diario - Bolivia","article_publisher":"https:\/\/www.facebook.com\/eldiario.bolivia\/","article_published_time":"2022-03-21T09:29:40+00:00","author":"Jeanette","twitter_card":"summary_large_image","twitter_creator":"@eldiario_net","twitter_site":"@eldiario_net","twitter_misc":{"Escrito por":"Jeanette","Tiempo de lectura":"2 minutos"},"schema":{"@context":"https:\/\/schema.org","@graph":[{"@type":"Article","@id":"https:\/\/www.eldiario.net\/portal\/2022\/03\/21\/ven-manipulacion-de-morales-sobre-instituciones-estatales\/#article","isPartOf":{"@id":"https:\/\/www.eldiario.net\/portal\/2022\/03\/21\/ven-manipulacion-de-morales-sobre-instituciones-estatales\/"},"author":{"name":"Jeanette","@id":"https:\/\/www.eldiario.net\/portal\/#\/schema\/person\/f46445640444750d7d753ccd04ae01b7"},"headline":"Ven manipulaci\u00f3n de Morales sobre instituciones estatales","datePublished":"2022-03-21T09:29:40+00:00","mainEntityOfPage":{"@id":"https:\/\/www.eldiario.net\/portal\/2022\/03\/21\/ven-manipulacion-de-morales-sobre-instituciones-estatales\/"},"wordCount":432,"publisher":{"@id":"https:\/\/www.eldiario.net\/portal\/#organization"},"image":{"@id":"https:\/\/www.eldiario.net\/portal\/2022\/03\/21\/ven-manipulacion-de-morales-sobre-instituciones-estatales\/#primaryimage"},"thumbnailUrl":"","articleSection":["Pol\u00edtica"],"inLanguage":"es"},{"@type":"WebPage","@id":"https:\/\/www.eldiario.net\/portal\/2022\/03\/21\/ven-manipulacion-de-morales-sobre-instituciones-estatales\/","url":"https:\/\/www.eldiario.net\/portal\/2022\/03\/21\/ven-manipulacion-de-morales-sobre-instituciones-estatales\/","name":"Ven manipulaci\u00f3n de Morales sobre instituciones estatales - El Diario - Bolivia","isPartOf":{"@id":"https:\/\/www.eldiario.net\/portal\/#website"},"primaryImageOfPage":{"@id":"https:\/\/www.eldiario.net\/portal\/2022\/03\/21\/ven-manipulacion-de-morales-sobre-instituciones-estatales\/#primaryimage"},"image":{"@id":"https:\/\/www.eldiario.net\/portal\/2022\/03\/21\/ven-manipulacion-de-morales-sobre-instituciones-estatales\/#primaryimage"},"thumbnailUrl":"","datePublished":"2022-03-21T09:29:40+00:00","breadcrumb":{"@id":"https:\/\/www.eldiario.net\/portal\/2022\/03\/21\/ven-manipulacion-de-morales-sobre-instituciones-estatales\/#breadcrumb"},"inLanguage":"es","potentialAction":[{"@type":"ReadAction","target":["https:\/\/www.eldiario.net\/portal\/2022\/03\/21\/ven-manipulacion-de-morales-sobre-instituciones-estatales\/"]}]},{"@type":"ImageObject","inLanguage":"es","@id":"https:\/\/www.eldiario.net\/portal\/2022\/03\/21\/ven-manipulacion-de-morales-sobre-instituciones-estatales\/#primaryimage","url":"","contentUrl":""},{"@type":"BreadcrumbList","@id":"https:\/\/www.eldiario.net\/portal\/2022\/03\/21\/ven-manipulacion-de-morales-sobre-instituciones-estatales\/#breadcrumb","itemListElement":[{"@type":"ListItem","position":1,"name":"Portada","item":"https:\/\/www.eldiario.net\/portal\/"},{"@type":"ListItem","position":2,"name":"Ven manipulaci\u00f3n de Morales sobre instituciones estatales"}]},{"@type":"WebSite","@id":"https:\/\/www.eldiario.net\/portal\/#website","url":"https:\/\/www.eldiario.net\/portal\/","name":"El Diario - Decano de la prensa nacional","description":"El Diario - Decano de la prensa nacional","publisher":{"@id":"https:\/\/www.eldiario.net\/portal\/#organization"},"potentialAction":[{"@type":"SearchAction","target":{"@type":"EntryPoint","urlTemplate":"https:\/\/www.eldiario.net\/portal\/?s={search_term_string}"},"query-input":{"@type":"PropertyValueSpecification","valueRequired":true,"valueName":"search_term_string"}}],"inLanguage":"es"},{"@type":"Organization","@id":"https:\/\/www.eldiario.net\/portal\/#organization","name":"El Diario - Decano de la prensa nacional","url":"https:\/\/www.eldiario.net\/portal\/","logo":{"@type":"ImageObject","inLanguage":"es","@id":"https:\/\/www.eldiario.net\/portal\/#\/schema\/logo\/image\/","url":"https:\/\/www.eldiario.net\/portal\/wp-content\/uploads\/2023\/07\/logo_ED.jpg","contentUrl":"https:\/\/www.eldiario.net\/portal\/wp-content\/uploads\/2023\/07\/logo_ED.jpg","width":272,"height":52,"caption":"El Diario - Decano de la prensa nacional"},"image":{"@id":"https:\/\/www.eldiario.net\/portal\/#\/schema\/logo\/image\/"},"sameAs":["https:\/\/www.facebook.com\/eldiario.bolivia\/","https:\/\/x.com\/eldiario_net"]},{"@type":"Person","@id":"https:\/\/www.eldiario.net\/portal\/#\/schema\/person\/f46445640444750d7d753ccd04ae01b7","name":"Jeanette","image":{"@type":"ImageObject","inLanguage":"es","@id":"https:\/\/secure.gravatar.com\/avatar\/3ea2118a5f7dad2b7138b1187a6b7ee55f160b9968b66013c3a3ef39dd7e5798?s=96&d=mm&r=g","url":"https:\/\/secure.gravatar.com\/avatar\/3ea2118a5f7dad2b7138b1187a6b7ee55f160b9968b66013c3a3ef39dd7e5798?s=96&d=mm&r=g","contentUrl":"https:\/\/secure.gravatar.com\/avatar\/3ea2118a5f7dad2b7138b1187a6b7ee55f160b9968b66013c3a3ef39dd7e5798?s=96&d=mm&r=g","caption":"Jeanette"},"sameAs":["https:\/\/www.eldiario.net\/portal"],"url":"https:\/\/www.eldiario.net\/portal\/author\/jeanette\/"}]}},"_links":{"self":[{"href":"https:\/\/www.eldiario.net\/portal\/wp-json\/wp\/v2\/posts\/71025","targetHints":{"allow":["GET"]}}],"collection":[{"href":"https:\/\/www.eldiario.net\/portal\/wp-json\/wp\/v2\/posts"}],"about":[{"href":"https:\/\/www.eldiario.net\/portal\/wp-json\/wp\/v2\/types\/post"}],"author":[{"embeddable":true,"href":"https:\/\/www.eldiario.net\/portal\/wp-json\/wp\/v2\/users\/1"}],"replies":[{"embeddable":true,"href":"https:\/\/www.eldiario.net\/portal\/wp-json\/wp\/v2\/comments?post=71025"}],"version-history":[{"count":0,"href":"https:\/\/www.eldiario.net\/portal\/wp-json\/wp\/v2\/posts\/71025\/revisions"}],"wp:attachment":[{"href":"https:\/\/www.eldiario.net\/portal\/wp-json\/wp\/v2\/media?parent=71025"}],"wp:term":[{"taxonomy":"category","embeddable":true,"href":"https:\/\/www.eldiario.net\/portal\/wp-json\/wp\/v2\/categories?post=71025"},{"taxonomy":"post_tag","embeddable":true,"href":"https:\/\/www.eldiario.net\/portal\/wp-json\/wp\/v2\/tags?post=71025"}],"curies":[{"name":"wp","href":"https:\/\/api.w.org\/{rel}","templated":true}]}}