{"id":71022,"date":"2022-03-21T05:28:48","date_gmt":"2022-03-21T09:28:48","guid":{"rendered":"https:\/\/www.eldiario.net\/portal\/?p=71022"},"modified":"2022-03-21T05:28:48","modified_gmt":"2022-03-21T09:28:48","slug":"cuestionan-caudillismo-y-falta-de-renovacion-en-el-oficialismo","status":"publish","type":"post","link":"https:\/\/www.eldiario.net\/portal\/2022\/03\/21\/cuestionan-caudillismo-y-falta-de-renovacion-en-el-oficialismo\/","title":{"rendered":"Cuestionan caudillismo y falta  de renovaci\u00f3n en el oficialismo"},"content":{"rendered":"<p>Tras la reciente determinaci\u00f3n de la direcci\u00f3n nacional del Movimiento al Socialismo (MAS) sobre la expulsi\u00f3n del diputado Rolando Cuellar por exigir renovaci\u00f3n en esta organizaci\u00f3n pol\u00edtica, parlamentarios de oposici\u00f3n cuestionaron el caudillismo y la falta de valores democr\u00e1ticos en el partido de Gobierno.<br \/>\nInmediatamente conocida esta determinaci\u00f3n, representantes de frentes opositores al Gobierno cuestionaron la forma de proceder sobre miembros del oficialismo que solo expresan sus ideas con respecto a la organizaci\u00f3n en el partido gobernante.<br \/>\nAl respecto, la senadora por la alianza Creemos, Centa Rek, advirti\u00f3 que el oficialismo mostr\u00f3 su cara dictatorial, no se respeta el pensamiento cr\u00edtico de su propia militancia, \u201cse demuestra que es una dictadura dentro y fuera de su partido\u201d, indic\u00f3 la legisladora.<br \/>\nCr\u00edtico en sus manifestaciones el diputado por Comunidad Ciudadana, Alejandro Reyes, quien sostuvo que la expulsi\u00f3n de Cuellar solo confirma el culto al caudillismo que caracteriza al partido azul, en el que todo gira en torno a la figura de Evo Morales y su c\u00fapula.<br \/>\n\u201cEsta es la muestra del caudillismo en su m\u00e1xima expresi\u00f3n, que no permite la generaci\u00f3n de nuevos liderazgos y mucho menos la renovaci\u00f3n\u201d, cuestion\u00f3 Reyes.<br \/>\nAgreg\u00f3 que las pr\u00e1cticas democr\u00e1ticas que deben primar en una organizaci\u00f3n pol\u00edtica son la renovaci\u00f3n y la confrontaci\u00f3n de ideas, pero en el caso del MAS, todo se centraliza en la voluntad de caudillo.<br \/>\n\u201cEn democracia se permite que haya renovaci\u00f3n de ideas y cuadros pol\u00edticos pero cuando hay un caudillo que estanca y amenaza la democracia junto con la gente de su partido pues simplemente la democracia no existir\u00eda\u201d, dijo.<br \/>\nDesde el oficialismo, el diputado Juanito Angulo insisti\u00f3 en que la determinaci\u00f3n de alejar a Cuellar de filas del MAS, solo es cuesti\u00f3n del respetar a los estatutos de esta organizaci\u00f3n pol\u00edtica, por lo que otras interpretaciones est\u00e1n dem\u00e1s.<br \/>\n\u201cYa no es parte del Movimiento al Socialismo. Se le ha quitado el curul correspondiente al MAS, y en ese contexto, nuestra normativa se acata y cumple, hay una resoluci\u00f3n; por tanto el se\u00f1or Cuellar al no ser parte del Movimiento al Socialismo tampoco tendr\u00eda que ser parlamentario\u201d, manifest\u00f3.<br \/>\nEl mi\u00e9rcoles, mediante conferencia de prensa, la direcci\u00f3n nacional del MAS anunci\u00f3 la separaci\u00f3n del cuestionado parlamentario, rechazando declaraciones en las que se cuestiona a miembros de su dirigencia y su l\u00edder m\u00e1ximo Evo Morales, adem\u00e1s de solicitar al TSE la devoluci\u00f3n del curul ocupado por Cuellar.<br \/>\nEl fin de semana tambi\u00e9n se conoci\u00f3 sobre la resoluci\u00f3n de mujeres interculturales que tras un ampliado determinaron la expulsi\u00f3n de la ejecutiva de esta organizaci\u00f3n, Ang\u00e9lica Ponce, quien la semana pasada hab\u00eda acusado a Evo Morales de machismo por excluir a mujeres del Movimiento al Socialismo.<br \/>\nEl voto resolutivo de este ampliado se\u00f1ala que Ponce \u201cpisote\u00f3\u201d los estatutos del MAS, promoviendo la confrontaci\u00f3n entre militantes, adem\u00e1s de crear organizaciones paralelas para provocar divisionismo en el partido azul.<\/p>\n","protected":false},"excerpt":{"rendered":"<p>Tras la reciente determinaci\u00f3n de la direcci\u00f3n nacional del Movimiento al Socialismo (MAS) sobre la expulsi\u00f3n del diputado Rolando Cuellar por exigir renovaci\u00f3n en esta organizaci\u00f3n pol\u00edtica, parlamentarios de oposici\u00f3n cuestionaron el caudillismo y la falta de valores democr\u00e1ticos en el partido de Gobierno. Inmediatamente conocida esta determinaci\u00f3n, representantes de frentes opositores al Gobierno cuestionaron [&hellip;]<\/p>\n","protected":false},"author":1,"featured_media":71023,"comment_status":"closed","ping_status":"closed","sticky":false,"template":"","format":"standard","meta":{"_acf_changed":false,"footnotes":""},"categories":[14],"tags":[],"class_list":["post-71022","post","type-post","status-publish","format-standard","has-post-thumbnail","category-politica"],"acf":{"antetitulo":""},"yoast_head":"<!-- This site is optimized with the Yoast SEO plugin v28.3 - https:\/\/yoast.com\/product\/yoast-seo-wordpress\/ -->\n<title>Cuestionan caudillismo y falta de renovaci\u00f3n en el oficialismo - El Diario - Bolivia<\/title>\n<meta name=\"robots\" content=\"index, follow, max-snippet:-1, max-image-preview:large, max-video-preview:-1\" \/>\n<link rel=\"canonical\" href=\"https:\/\/www.eldiario.net\/portal\/2022\/03\/21\/cuestionan-caudillismo-y-falta-de-renovacion-en-el-oficialismo\/\" \/>\n<meta property=\"og:locale\" content=\"es_ES\" \/>\n<meta property=\"og:type\" content=\"article\" \/>\n<meta property=\"og:title\" content=\"Cuestionan caudillismo y falta de renovaci\u00f3n en el oficialismo - El Diario - Bolivia\" \/>\n<meta property=\"og:description\" content=\"Tras la reciente determinaci\u00f3n de la direcci\u00f3n nacional del Movimiento al Socialismo (MAS) sobre la expulsi\u00f3n del diputado Rolando Cuellar por exigir renovaci\u00f3n en esta organizaci\u00f3n pol\u00edtica, parlamentarios de oposici\u00f3n cuestionaron el caudillismo y la falta de valores democr\u00e1ticos en el partido de Gobierno. Inmediatamente conocida esta determinaci\u00f3n, representantes de frentes opositores al Gobierno cuestionaron [&hellip;]\" \/>\n<meta property=\"og:url\" content=\"https:\/\/www.eldiario.net\/portal\/2022\/03\/21\/cuestionan-caudillismo-y-falta-de-renovacion-en-el-oficialismo\/\" \/>\n<meta property=\"og:site_name\" content=\"El Diario - Bolivia\" \/>\n<meta property=\"article:publisher\" content=\"https:\/\/www.facebook.com\/eldiario.bolivia\/\" \/>\n<meta property=\"article:published_time\" content=\"2022-03-21T09:28:48+00:00\" \/>\n<meta name=\"author\" content=\"Jeanette\" \/>\n<meta name=\"twitter:card\" content=\"summary_large_image\" \/>\n<meta name=\"twitter:creator\" content=\"@eldiario_net\" \/>\n<meta name=\"twitter:site\" content=\"@eldiario_net\" \/>\n<meta name=\"twitter:label1\" content=\"Escrito por\" \/>\n\t<meta name=\"twitter:data1\" content=\"Jeanette\" \/>\n\t<meta name=\"twitter:label2\" content=\"Tiempo de lectura\" \/>\n\t<meta name=\"twitter:data2\" content=\"3 minutos\" \/>\n<script type=\"application\/ld+json\" class=\"yoast-schema-graph\">{\"@context\":\"https:\\\/\\\/schema.org\",\"@graph\":[{\"@type\":\"Article\",\"@id\":\"https:\\\/\\\/www.eldiario.net\\\/portal\\\/2022\\\/03\\\/21\\\/cuestionan-caudillismo-y-falta-de-renovacion-en-el-oficialismo\\\/#article\",\"isPartOf\":{\"@id\":\"https:\\\/\\\/www.eldiario.net\\\/portal\\\/2022\\\/03\\\/21\\\/cuestionan-caudillismo-y-falta-de-renovacion-en-el-oficialismo\\\/\"},\"author\":{\"name\":\"Jeanette\",\"@id\":\"https:\\\/\\\/www.eldiario.net\\\/portal\\\/#\\\/schema\\\/person\\\/f46445640444750d7d753ccd04ae01b7\"},\"headline\":\"Cuestionan caudillismo y falta de renovaci\u00f3n en el oficialismo\",\"datePublished\":\"2022-03-21T09:28:48+00:00\",\"mainEntityOfPage\":{\"@id\":\"https:\\\/\\\/www.eldiario.net\\\/portal\\\/2022\\\/03\\\/21\\\/cuestionan-caudillismo-y-falta-de-renovacion-en-el-oficialismo\\\/\"},\"wordCount\":536,\"publisher\":{\"@id\":\"https:\\\/\\\/www.eldiario.net\\\/portal\\\/#organization\"},\"image\":{\"@id\":\"https:\\\/\\\/www.eldiario.net\\\/portal\\\/2022\\\/03\\\/21\\\/cuestionan-caudillismo-y-falta-de-renovacion-en-el-oficialismo\\\/#primaryimage\"},\"thumbnailUrl\":\"\",\"articleSection\":[\"Pol\u00edtica\"],\"inLanguage\":\"es\"},{\"@type\":\"WebPage\",\"@id\":\"https:\\\/\\\/www.eldiario.net\\\/portal\\\/2022\\\/03\\\/21\\\/cuestionan-caudillismo-y-falta-de-renovacion-en-el-oficialismo\\\/\",\"url\":\"https:\\\/\\\/www.eldiario.net\\\/portal\\\/2022\\\/03\\\/21\\\/cuestionan-caudillismo-y-falta-de-renovacion-en-el-oficialismo\\\/\",\"name\":\"Cuestionan caudillismo y falta de renovaci\u00f3n en el oficialismo - El Diario - Bolivia\",\"isPartOf\":{\"@id\":\"https:\\\/\\\/www.eldiario.net\\\/portal\\\/#website\"},\"primaryImageOfPage\":{\"@id\":\"https:\\\/\\\/www.eldiario.net\\\/portal\\\/2022\\\/03\\\/21\\\/cuestionan-caudillismo-y-falta-de-renovacion-en-el-oficialismo\\\/#primaryimage\"},\"image\":{\"@id\":\"https:\\\/\\\/www.eldiario.net\\\/portal\\\/2022\\\/03\\\/21\\\/cuestionan-caudillismo-y-falta-de-renovacion-en-el-oficialismo\\\/#primaryimage\"},\"thumbnailUrl\":\"\",\"datePublished\":\"2022-03-21T09:28:48+00:00\",\"breadcrumb\":{\"@id\":\"https:\\\/\\\/www.eldiario.net\\\/portal\\\/2022\\\/03\\\/21\\\/cuestionan-caudillismo-y-falta-de-renovacion-en-el-oficialismo\\\/#breadcrumb\"},\"inLanguage\":\"es\",\"potentialAction\":[{\"@type\":\"ReadAction\",\"target\":[\"https:\\\/\\\/www.eldiario.net\\\/portal\\\/2022\\\/03\\\/21\\\/cuestionan-caudillismo-y-falta-de-renovacion-en-el-oficialismo\\\/\"]}]},{\"@type\":\"ImageObject\",\"inLanguage\":\"es\",\"@id\":\"https:\\\/\\\/www.eldiario.net\\\/portal\\\/2022\\\/03\\\/21\\\/cuestionan-caudillismo-y-falta-de-renovacion-en-el-oficialismo\\\/#primaryimage\",\"url\":\"\",\"contentUrl\":\"\"},{\"@type\":\"BreadcrumbList\",\"@id\":\"https:\\\/\\\/www.eldiario.net\\\/portal\\\/2022\\\/03\\\/21\\\/cuestionan-caudillismo-y-falta-de-renovacion-en-el-oficialismo\\\/#breadcrumb\",\"itemListElement\":[{\"@type\":\"ListItem\",\"position\":1,\"name\":\"Portada\",\"item\":\"https:\\\/\\\/www.eldiario.net\\\/portal\\\/\"},{\"@type\":\"ListItem\",\"position\":2,\"name\":\"Cuestionan caudillismo y falta de renovaci\u00f3n en el oficialismo\"}]},{\"@type\":\"WebSite\",\"@id\":\"https:\\\/\\\/www.eldiario.net\\\/portal\\\/#website\",\"url\":\"https:\\\/\\\/www.eldiario.net\\\/portal\\\/\",\"name\":\"El Diario - Decano de la prensa nacional\",\"description\":\"El Diario - Decano de la prensa nacional\",\"publisher\":{\"@id\":\"https:\\\/\\\/www.eldiario.net\\\/portal\\\/#organization\"},\"potentialAction\":[{\"@type\":\"SearchAction\",\"target\":{\"@type\":\"EntryPoint\",\"urlTemplate\":\"https:\\\/\\\/www.eldiario.net\\\/portal\\\/?s={search_term_string}\"},\"query-input\":{\"@type\":\"PropertyValueSpecification\",\"valueRequired\":true,\"valueName\":\"search_term_string\"}}],\"inLanguage\":\"es\"},{\"@type\":\"Organization\",\"@id\":\"https:\\\/\\\/www.eldiario.net\\\/portal\\\/#organization\",\"name\":\"El Diario - Decano de la prensa nacional\",\"url\":\"https:\\\/\\\/www.eldiario.net\\\/portal\\\/\",\"logo\":{\"@type\":\"ImageObject\",\"inLanguage\":\"es\",\"@id\":\"https:\\\/\\\/www.eldiario.net\\\/portal\\\/#\\\/schema\\\/logo\\\/image\\\/\",\"url\":\"https:\\\/\\\/www.eldiario.net\\\/portal\\\/wp-content\\\/uploads\\\/2023\\\/07\\\/logo_ED.jpg\",\"contentUrl\":\"https:\\\/\\\/www.eldiario.net\\\/portal\\\/wp-content\\\/uploads\\\/2023\\\/07\\\/logo_ED.jpg\",\"width\":272,\"height\":52,\"caption\":\"El Diario - Decano de la prensa nacional\"},\"image\":{\"@id\":\"https:\\\/\\\/www.eldiario.net\\\/portal\\\/#\\\/schema\\\/logo\\\/image\\\/\"},\"sameAs\":[\"https:\\\/\\\/www.facebook.com\\\/eldiario.bolivia\\\/\",\"https:\\\/\\\/x.com\\\/eldiario_net\"]},{\"@type\":\"Person\",\"@id\":\"https:\\\/\\\/www.eldiario.net\\\/portal\\\/#\\\/schema\\\/person\\\/f46445640444750d7d753ccd04ae01b7\",\"name\":\"Jeanette\",\"image\":{\"@type\":\"ImageObject\",\"inLanguage\":\"es\",\"@id\":\"https:\\\/\\\/secure.gravatar.com\\\/avatar\\\/3ea2118a5f7dad2b7138b1187a6b7ee55f160b9968b66013c3a3ef39dd7e5798?s=96&d=mm&r=g\",\"url\":\"https:\\\/\\\/secure.gravatar.com\\\/avatar\\\/3ea2118a5f7dad2b7138b1187a6b7ee55f160b9968b66013c3a3ef39dd7e5798?s=96&d=mm&r=g\",\"contentUrl\":\"https:\\\/\\\/secure.gravatar.com\\\/avatar\\\/3ea2118a5f7dad2b7138b1187a6b7ee55f160b9968b66013c3a3ef39dd7e5798?s=96&d=mm&r=g\",\"caption\":\"Jeanette\"},\"sameAs\":[\"https:\\\/\\\/www.eldiario.net\\\/portal\"],\"url\":\"https:\\\/\\\/www.eldiario.net\\\/portal\\\/author\\\/jeanette\\\/\"}]}<\/script>\n<!-- \/ Yoast SEO plugin. -->","yoast_head_json":{"title":"Cuestionan caudillismo y falta de renovaci\u00f3n en el oficialismo - El Diario - Bolivia","robots":{"index":"index","follow":"follow","max-snippet":"max-snippet:-1","max-image-preview":"max-image-preview:large","max-video-preview":"max-video-preview:-1"},"canonical":"https:\/\/www.eldiario.net\/portal\/2022\/03\/21\/cuestionan-caudillismo-y-falta-de-renovacion-en-el-oficialismo\/","og_locale":"es_ES","og_type":"article","og_title":"Cuestionan caudillismo y falta de renovaci\u00f3n en el oficialismo - El Diario - Bolivia","og_description":"Tras la reciente determinaci\u00f3n de la direcci\u00f3n nacional del Movimiento al Socialismo (MAS) sobre la expulsi\u00f3n del diputado Rolando Cuellar por exigir renovaci\u00f3n en esta organizaci\u00f3n pol\u00edtica, parlamentarios de oposici\u00f3n cuestionaron el caudillismo y la falta de valores democr\u00e1ticos en el partido de Gobierno. Inmediatamente conocida esta determinaci\u00f3n, representantes de frentes opositores al Gobierno cuestionaron [&hellip;]","og_url":"https:\/\/www.eldiario.net\/portal\/2022\/03\/21\/cuestionan-caudillismo-y-falta-de-renovacion-en-el-oficialismo\/","og_site_name":"El Diario - Bolivia","article_publisher":"https:\/\/www.facebook.com\/eldiario.bolivia\/","article_published_time":"2022-03-21T09:28:48+00:00","author":"Jeanette","twitter_card":"summary_large_image","twitter_creator":"@eldiario_net","twitter_site":"@eldiario_net","twitter_misc":{"Escrito por":"Jeanette","Tiempo de lectura":"3 minutos"},"schema":{"@context":"https:\/\/schema.org","@graph":[{"@type":"Article","@id":"https:\/\/www.eldiario.net\/portal\/2022\/03\/21\/cuestionan-caudillismo-y-falta-de-renovacion-en-el-oficialismo\/#article","isPartOf":{"@id":"https:\/\/www.eldiario.net\/portal\/2022\/03\/21\/cuestionan-caudillismo-y-falta-de-renovacion-en-el-oficialismo\/"},"author":{"name":"Jeanette","@id":"https:\/\/www.eldiario.net\/portal\/#\/schema\/person\/f46445640444750d7d753ccd04ae01b7"},"headline":"Cuestionan caudillismo y falta de renovaci\u00f3n en el oficialismo","datePublished":"2022-03-21T09:28:48+00:00","mainEntityOfPage":{"@id":"https:\/\/www.eldiario.net\/portal\/2022\/03\/21\/cuestionan-caudillismo-y-falta-de-renovacion-en-el-oficialismo\/"},"wordCount":536,"publisher":{"@id":"https:\/\/www.eldiario.net\/portal\/#organization"},"image":{"@id":"https:\/\/www.eldiario.net\/portal\/2022\/03\/21\/cuestionan-caudillismo-y-falta-de-renovacion-en-el-oficialismo\/#primaryimage"},"thumbnailUrl":"","articleSection":["Pol\u00edtica"],"inLanguage":"es"},{"@type":"WebPage","@id":"https:\/\/www.eldiario.net\/portal\/2022\/03\/21\/cuestionan-caudillismo-y-falta-de-renovacion-en-el-oficialismo\/","url":"https:\/\/www.eldiario.net\/portal\/2022\/03\/21\/cuestionan-caudillismo-y-falta-de-renovacion-en-el-oficialismo\/","name":"Cuestionan caudillismo y falta de renovaci\u00f3n en el oficialismo - El Diario - Bolivia","isPartOf":{"@id":"https:\/\/www.eldiario.net\/portal\/#website"},"primaryImageOfPage":{"@id":"https:\/\/www.eldiario.net\/portal\/2022\/03\/21\/cuestionan-caudillismo-y-falta-de-renovacion-en-el-oficialismo\/#primaryimage"},"image":{"@id":"https:\/\/www.eldiario.net\/portal\/2022\/03\/21\/cuestionan-caudillismo-y-falta-de-renovacion-en-el-oficialismo\/#primaryimage"},"thumbnailUrl":"","datePublished":"2022-03-21T09:28:48+00:00","breadcrumb":{"@id":"https:\/\/www.eldiario.net\/portal\/2022\/03\/21\/cuestionan-caudillismo-y-falta-de-renovacion-en-el-oficialismo\/#breadcrumb"},"inLanguage":"es","potentialAction":[{"@type":"ReadAction","target":["https:\/\/www.eldiario.net\/portal\/2022\/03\/21\/cuestionan-caudillismo-y-falta-de-renovacion-en-el-oficialismo\/"]}]},{"@type":"ImageObject","inLanguage":"es","@id":"https:\/\/www.eldiario.net\/portal\/2022\/03\/21\/cuestionan-caudillismo-y-falta-de-renovacion-en-el-oficialismo\/#primaryimage","url":"","contentUrl":""},{"@type":"BreadcrumbList","@id":"https:\/\/www.eldiario.net\/portal\/2022\/03\/21\/cuestionan-caudillismo-y-falta-de-renovacion-en-el-oficialismo\/#breadcrumb","itemListElement":[{"@type":"ListItem","position":1,"name":"Portada","item":"https:\/\/www.eldiario.net\/portal\/"},{"@type":"ListItem","position":2,"name":"Cuestionan caudillismo y falta de renovaci\u00f3n en el oficialismo"}]},{"@type":"WebSite","@id":"https:\/\/www.eldiario.net\/portal\/#website","url":"https:\/\/www.eldiario.net\/portal\/","name":"El Diario - Decano de la prensa nacional","description":"El Diario - Decano de la prensa nacional","publisher":{"@id":"https:\/\/www.eldiario.net\/portal\/#organization"},"potentialAction":[{"@type":"SearchAction","target":{"@type":"EntryPoint","urlTemplate":"https:\/\/www.eldiario.net\/portal\/?s={search_term_string}"},"query-input":{"@type":"PropertyValueSpecification","valueRequired":true,"valueName":"search_term_string"}}],"inLanguage":"es"},{"@type":"Organization","@id":"https:\/\/www.eldiario.net\/portal\/#organization","name":"El Diario - Decano de la prensa nacional","url":"https:\/\/www.eldiario.net\/portal\/","logo":{"@type":"ImageObject","inLanguage":"es","@id":"https:\/\/www.eldiario.net\/portal\/#\/schema\/logo\/image\/","url":"https:\/\/www.eldiario.net\/portal\/wp-content\/uploads\/2023\/07\/logo_ED.jpg","contentUrl":"https:\/\/www.eldiario.net\/portal\/wp-content\/uploads\/2023\/07\/logo_ED.jpg","width":272,"height":52,"caption":"El Diario - Decano de la prensa nacional"},"image":{"@id":"https:\/\/www.eldiario.net\/portal\/#\/schema\/logo\/image\/"},"sameAs":["https:\/\/www.facebook.com\/eldiario.bolivia\/","https:\/\/x.com\/eldiario_net"]},{"@type":"Person","@id":"https:\/\/www.eldiario.net\/portal\/#\/schema\/person\/f46445640444750d7d753ccd04ae01b7","name":"Jeanette","image":{"@type":"ImageObject","inLanguage":"es","@id":"https:\/\/secure.gravatar.com\/avatar\/3ea2118a5f7dad2b7138b1187a6b7ee55f160b9968b66013c3a3ef39dd7e5798?s=96&d=mm&r=g","url":"https:\/\/secure.gravatar.com\/avatar\/3ea2118a5f7dad2b7138b1187a6b7ee55f160b9968b66013c3a3ef39dd7e5798?s=96&d=mm&r=g","contentUrl":"https:\/\/secure.gravatar.com\/avatar\/3ea2118a5f7dad2b7138b1187a6b7ee55f160b9968b66013c3a3ef39dd7e5798?s=96&d=mm&r=g","caption":"Jeanette"},"sameAs":["https:\/\/www.eldiario.net\/portal"],"url":"https:\/\/www.eldiario.net\/portal\/author\/jeanette\/"}]}},"_links":{"self":[{"href":"https:\/\/www.eldiario.net\/portal\/wp-json\/wp\/v2\/posts\/71022","targetHints":{"allow":["GET"]}}],"collection":[{"href":"https:\/\/www.eldiario.net\/portal\/wp-json\/wp\/v2\/posts"}],"about":[{"href":"https:\/\/www.eldiario.net\/portal\/wp-json\/wp\/v2\/types\/post"}],"author":[{"embeddable":true,"href":"https:\/\/www.eldiario.net\/portal\/wp-json\/wp\/v2\/users\/1"}],"replies":[{"embeddable":true,"href":"https:\/\/www.eldiario.net\/portal\/wp-json\/wp\/v2\/comments?post=71022"}],"version-history":[{"count":0,"href":"https:\/\/www.eldiario.net\/portal\/wp-json\/wp\/v2\/posts\/71022\/revisions"}],"wp:attachment":[{"href":"https:\/\/www.eldiario.net\/portal\/wp-json\/wp\/v2\/media?parent=71022"}],"wp:term":[{"taxonomy":"category","embeddable":true,"href":"https:\/\/www.eldiario.net\/portal\/wp-json\/wp\/v2\/categories?post=71022"},{"taxonomy":"post_tag","embeddable":true,"href":"https:\/\/www.eldiario.net\/portal\/wp-json\/wp\/v2\/tags?post=71022"}],"curies":[{"name":"wp","href":"https:\/\/api.w.org\/{rel}","templated":true}]}}