{"id":71018,"date":"2022-03-21T05:27:42","date_gmt":"2022-03-21T09:27:42","guid":{"rendered":"https:\/\/www.eldiario.net\/portal\/?p=71018"},"modified":"2022-03-21T05:27:42","modified_gmt":"2022-03-21T09:27:42","slug":"entra-en-funcionamiento-el-corredor-quintanilla","status":"publish","type":"post","link":"https:\/\/www.eldiario.net\/portal\/2022\/03\/21\/entra-en-funcionamiento-el-corredor-quintanilla\/","title":{"rendered":"Entra en funcionamiento el Corredor Quintanilla"},"content":{"rendered":"<p>El Corredor Quintanilla entrar\u00e1 en funcionamiento hoy, obra que permitir\u00e1 liberar el flujo vehicular del centro de la ciudad de Cochabamba especialmente hacia la zona Norte, seg\u00fan inform\u00f3 la Alcald\u00eda.<br \/>\nLa obra cuenta con un paso a desnivel, se\u00f1alizaci\u00f3n, \u00e1reas verdes e iluminaci\u00f3n y luego de realizar la prueba de carga se determin\u00f3 su inauguraci\u00f3n para hoy a las 13:00 horas.<br \/>\n\u201cEste es un proyecto que se culmina con un sobreesfuerzo de la Alcald\u00eda, hemos logrado estructurarlo y presentar un proyecto de calidad que mejore el flujo vehicular del municipio\u201d, dijo la autoridad edil.<br \/>\nExplic\u00f3 que esta era una obra que no ten\u00eda ni pies ni cabeza; se debi\u00f3 trabajar de manera ardua para darle un sentido al proyecto y hacerlo \u00fatil para mejorar el tr\u00e1fico vehicular.<br \/>\nTambi\u00e9n se pens\u00f3 en mitigar el impacto ambiental, por eso se ha trabajado en mejorar las \u00e1reas verdes circundantes a esta zona y en todo el municipio en general.<br \/>\n\u201cNo pod\u00edamos dejar una inversi\u00f3n de 110 millones de bolivianos botados, por eso agradecemos a los vecinos que nos dejaron terminar este proyecto, adem\u00e1s lo que se ha realizado ahora no solo va liberar el tr\u00e1fico sino tendr\u00e1 una movilidad precisa\u201d, manifest\u00f3 la autoridad edil.<br \/>\nPARQUE<br \/>\nDespu\u00e9s de 18 a\u00f1os, se entregar\u00e1 un parque de al menos cuatro hect\u00e1reas el pr\u00f3ximo 12 de abril en la Organizaci\u00f3n Territorial de Base (OTB) Las Delicias.<br \/>\nLa Empresa Municipal de \u00c1reas Verdes y Recreaci\u00f3n Alternativa (Emavra) despleg\u00f3 a 800 personas que trabajan de lunes a domingo desde las 6:00 hasta las 22:00 horas con el objetivo de concluir oportunamente la obra.<br \/>\nEl parque contar\u00e1 con diferentes tem\u00e1ticas de atracci\u00f3n donde familias enteras podr\u00e1n disfrutar de sus fines de semana.<br \/>\nSe tendr\u00e1 un campo de paintball infantil que ser\u00e1 una de las mayores atracciones del lugar y muchas otras sorpresas para la poblaci\u00f3n cochabambina; tanto ni\u00f1os como j\u00f3venes podr\u00e1n disfrutar de este parque tem\u00e1tico.<br \/>\n\u201cParques de esta magnitud no se han hecho en los \u00faltimos 18 a\u00f1os, entonces nosotros lo que queremos es que las familias de la zona sur y tambi\u00e9n de diferentes partes de la ciudad puedan disfrutar de este nuevo atractivo\u201d, dijo Reyes Villa.<br \/>\nEn tanto, el gerente de Emavra, Milton Copa, complement\u00f3 que se plantar\u00e1n alrededor de 1.000 \u00e1rboles ya que este no solo ser\u00e1 un parque tem\u00e1tico, sino que tendr\u00e1 una variedad de especies que mostrar\u00e1n belleza ambiental en el lugar.<br \/>\n\u201cSe est\u00e1 poniendo todo el esfuerzo en esta obra, donde se va a tener juegos modernos y adem\u00e1s una variedad de 6.000 especies arbustivas, va a ser uno de los primeros parques que va a contar con este tipo de atracci\u00f3n\u201d, explic\u00f3 Copa. (Cochabamba, con datos del GAMC)<\/p>\n","protected":false},"excerpt":{"rendered":"<p>El Corredor Quintanilla entrar\u00e1 en funcionamiento hoy, obra que permitir\u00e1 liberar el flujo vehicular del centro de la ciudad de Cochabamba especialmente hacia la zona Norte, seg\u00fan inform\u00f3 la Alcald\u00eda. La obra cuenta con un paso a desnivel, se\u00f1alizaci\u00f3n, \u00e1reas verdes e iluminaci\u00f3n y luego de realizar la prueba de carga se determin\u00f3 su inauguraci\u00f3n [&hellip;]<\/p>\n","protected":false},"author":1,"featured_media":71019,"comment_status":"closed","ping_status":"closed","sticky":false,"template":"","format":"standard","meta":{"_acf_changed":false,"footnotes":""},"categories":[12],"tags":[],"class_list":["post-71018","post","type-post","status-publish","format-standard","has-post-thumbnail","category-nacional"],"acf":{"antetitulo":""},"yoast_head":"<!-- This site is optimized with the Yoast SEO plugin v28.3 - https:\/\/yoast.com\/product\/yoast-seo-wordpress\/ -->\n<title>Entra en funcionamiento el Corredor Quintanilla - El Diario - Bolivia<\/title>\n<meta name=\"robots\" content=\"index, follow, max-snippet:-1, max-image-preview:large, max-video-preview:-1\" \/>\n<link rel=\"canonical\" href=\"https:\/\/www.eldiario.net\/portal\/2022\/03\/21\/entra-en-funcionamiento-el-corredor-quintanilla\/\" \/>\n<meta property=\"og:locale\" content=\"es_ES\" \/>\n<meta property=\"og:type\" content=\"article\" \/>\n<meta property=\"og:title\" content=\"Entra en funcionamiento el Corredor Quintanilla - El Diario - Bolivia\" \/>\n<meta property=\"og:description\" content=\"El Corredor Quintanilla entrar\u00e1 en funcionamiento hoy, obra que permitir\u00e1 liberar el flujo vehicular del centro de la ciudad de Cochabamba especialmente hacia la zona Norte, seg\u00fan inform\u00f3 la Alcald\u00eda. La obra cuenta con un paso a desnivel, se\u00f1alizaci\u00f3n, \u00e1reas verdes e iluminaci\u00f3n y luego de realizar la prueba de carga se determin\u00f3 su inauguraci\u00f3n [&hellip;]\" \/>\n<meta property=\"og:url\" content=\"https:\/\/www.eldiario.net\/portal\/2022\/03\/21\/entra-en-funcionamiento-el-corredor-quintanilla\/\" \/>\n<meta property=\"og:site_name\" content=\"El Diario - Bolivia\" \/>\n<meta property=\"article:publisher\" content=\"https:\/\/www.facebook.com\/eldiario.bolivia\/\" \/>\n<meta property=\"article:published_time\" content=\"2022-03-21T09:27:42+00:00\" \/>\n<meta property=\"og:image\" content=\"https:\/\/www.eldiario.net\/portal\/wp-content\/uploads\/2022\/03\/10-NAL-8.jpg\" \/>\n\t<meta property=\"og:image:width\" content=\"1280\" \/>\n\t<meta property=\"og:image:height\" content=\"853\" \/>\n\t<meta property=\"og:image:type\" content=\"image\/jpeg\" \/>\n<meta name=\"author\" content=\"Jeanette\" \/>\n<meta name=\"twitter:card\" content=\"summary_large_image\" \/>\n<meta name=\"twitter:creator\" content=\"@eldiario_net\" \/>\n<meta name=\"twitter:site\" content=\"@eldiario_net\" \/>\n<meta name=\"twitter:label1\" content=\"Escrito por\" \/>\n\t<meta name=\"twitter:data1\" content=\"Jeanette\" \/>\n\t<meta name=\"twitter:label2\" content=\"Tiempo de lectura\" \/>\n\t<meta name=\"twitter:data2\" content=\"3 minutos\" \/>\n<script type=\"application\/ld+json\" class=\"yoast-schema-graph\">{\"@context\":\"https:\\\/\\\/schema.org\",\"@graph\":[{\"@type\":\"Article\",\"@id\":\"https:\\\/\\\/www.eldiario.net\\\/portal\\\/2022\\\/03\\\/21\\\/entra-en-funcionamiento-el-corredor-quintanilla\\\/#article\",\"isPartOf\":{\"@id\":\"https:\\\/\\\/www.eldiario.net\\\/portal\\\/2022\\\/03\\\/21\\\/entra-en-funcionamiento-el-corredor-quintanilla\\\/\"},\"author\":{\"name\":\"Jeanette\",\"@id\":\"https:\\\/\\\/www.eldiario.net\\\/portal\\\/#\\\/schema\\\/person\\\/f46445640444750d7d753ccd04ae01b7\"},\"headline\":\"Entra en funcionamiento el Corredor Quintanilla\",\"datePublished\":\"2022-03-21T09:27:42+00:00\",\"mainEntityOfPage\":{\"@id\":\"https:\\\/\\\/www.eldiario.net\\\/portal\\\/2022\\\/03\\\/21\\\/entra-en-funcionamiento-el-corredor-quintanilla\\\/\"},\"wordCount\":477,\"publisher\":{\"@id\":\"https:\\\/\\\/www.eldiario.net\\\/portal\\\/#organization\"},\"image\":{\"@id\":\"https:\\\/\\\/www.eldiario.net\\\/portal\\\/2022\\\/03\\\/21\\\/entra-en-funcionamiento-el-corredor-quintanilla\\\/#primaryimage\"},\"thumbnailUrl\":\"https:\\\/\\\/www.eldiario.net\\\/portal\\\/wp-content\\\/uploads\\\/2022\\\/03\\\/10-NAL-8.jpg\",\"articleSection\":[\"Nacional\"],\"inLanguage\":\"es\"},{\"@type\":\"WebPage\",\"@id\":\"https:\\\/\\\/www.eldiario.net\\\/portal\\\/2022\\\/03\\\/21\\\/entra-en-funcionamiento-el-corredor-quintanilla\\\/\",\"url\":\"https:\\\/\\\/www.eldiario.net\\\/portal\\\/2022\\\/03\\\/21\\\/entra-en-funcionamiento-el-corredor-quintanilla\\\/\",\"name\":\"Entra en funcionamiento el Corredor Quintanilla - El Diario - Bolivia\",\"isPartOf\":{\"@id\":\"https:\\\/\\\/www.eldiario.net\\\/portal\\\/#website\"},\"primaryImageOfPage\":{\"@id\":\"https:\\\/\\\/www.eldiario.net\\\/portal\\\/2022\\\/03\\\/21\\\/entra-en-funcionamiento-el-corredor-quintanilla\\\/#primaryimage\"},\"image\":{\"@id\":\"https:\\\/\\\/www.eldiario.net\\\/portal\\\/2022\\\/03\\\/21\\\/entra-en-funcionamiento-el-corredor-quintanilla\\\/#primaryimage\"},\"thumbnailUrl\":\"https:\\\/\\\/www.eldiario.net\\\/portal\\\/wp-content\\\/uploads\\\/2022\\\/03\\\/10-NAL-8.jpg\",\"datePublished\":\"2022-03-21T09:27:42+00:00\",\"breadcrumb\":{\"@id\":\"https:\\\/\\\/www.eldiario.net\\\/portal\\\/2022\\\/03\\\/21\\\/entra-en-funcionamiento-el-corredor-quintanilla\\\/#breadcrumb\"},\"inLanguage\":\"es\",\"potentialAction\":[{\"@type\":\"ReadAction\",\"target\":[\"https:\\\/\\\/www.eldiario.net\\\/portal\\\/2022\\\/03\\\/21\\\/entra-en-funcionamiento-el-corredor-quintanilla\\\/\"]}]},{\"@type\":\"ImageObject\",\"inLanguage\":\"es\",\"@id\":\"https:\\\/\\\/www.eldiario.net\\\/portal\\\/2022\\\/03\\\/21\\\/entra-en-funcionamiento-el-corredor-quintanilla\\\/#primaryimage\",\"url\":\"https:\\\/\\\/www.eldiario.net\\\/portal\\\/wp-content\\\/uploads\\\/2022\\\/03\\\/10-NAL-8.jpg\",\"contentUrl\":\"https:\\\/\\\/www.eldiario.net\\\/portal\\\/wp-content\\\/uploads\\\/2022\\\/03\\\/10-NAL-8.jpg\",\"width\":1280,\"height\":853,\"caption\":\"EL ALCALDE DE COCHABAMBA, MANFRED REYES VILLA, DURANTE LA \u00daLTIMA INSPECCI\u00d3N AL CORREDOR QUINTANILLA.\"},{\"@type\":\"BreadcrumbList\",\"@id\":\"https:\\\/\\\/www.eldiario.net\\\/portal\\\/2022\\\/03\\\/21\\\/entra-en-funcionamiento-el-corredor-quintanilla\\\/#breadcrumb\",\"itemListElement\":[{\"@type\":\"ListItem\",\"position\":1,\"name\":\"Portada\",\"item\":\"https:\\\/\\\/www.eldiario.net\\\/portal\\\/\"},{\"@type\":\"ListItem\",\"position\":2,\"name\":\"Entra en funcionamiento el Corredor Quintanilla\"}]},{\"@type\":\"WebSite\",\"@id\":\"https:\\\/\\\/www.eldiario.net\\\/portal\\\/#website\",\"url\":\"https:\\\/\\\/www.eldiario.net\\\/portal\\\/\",\"name\":\"El Diario - Decano de la prensa nacional\",\"description\":\"El Diario - Decano de la prensa nacional\",\"publisher\":{\"@id\":\"https:\\\/\\\/www.eldiario.net\\\/portal\\\/#organization\"},\"potentialAction\":[{\"@type\":\"SearchAction\",\"target\":{\"@type\":\"EntryPoint\",\"urlTemplate\":\"https:\\\/\\\/www.eldiario.net\\\/portal\\\/?s={search_term_string}\"},\"query-input\":{\"@type\":\"PropertyValueSpecification\",\"valueRequired\":true,\"valueName\":\"search_term_string\"}}],\"inLanguage\":\"es\"},{\"@type\":\"Organization\",\"@id\":\"https:\\\/\\\/www.eldiario.net\\\/portal\\\/#organization\",\"name\":\"El Diario - Decano de la prensa nacional\",\"url\":\"https:\\\/\\\/www.eldiario.net\\\/portal\\\/\",\"logo\":{\"@type\":\"ImageObject\",\"inLanguage\":\"es\",\"@id\":\"https:\\\/\\\/www.eldiario.net\\\/portal\\\/#\\\/schema\\\/logo\\\/image\\\/\",\"url\":\"https:\\\/\\\/www.eldiario.net\\\/portal\\\/wp-content\\\/uploads\\\/2023\\\/07\\\/logo_ED.jpg\",\"contentUrl\":\"https:\\\/\\\/www.eldiario.net\\\/portal\\\/wp-content\\\/uploads\\\/2023\\\/07\\\/logo_ED.jpg\",\"width\":272,\"height\":52,\"caption\":\"El Diario - Decano de la prensa nacional\"},\"image\":{\"@id\":\"https:\\\/\\\/www.eldiario.net\\\/portal\\\/#\\\/schema\\\/logo\\\/image\\\/\"},\"sameAs\":[\"https:\\\/\\\/www.facebook.com\\\/eldiario.bolivia\\\/\",\"https:\\\/\\\/x.com\\\/eldiario_net\"]},{\"@type\":\"Person\",\"@id\":\"https:\\\/\\\/www.eldiario.net\\\/portal\\\/#\\\/schema\\\/person\\\/f46445640444750d7d753ccd04ae01b7\",\"name\":\"Jeanette\",\"image\":{\"@type\":\"ImageObject\",\"inLanguage\":\"es\",\"@id\":\"https:\\\/\\\/secure.gravatar.com\\\/avatar\\\/3ea2118a5f7dad2b7138b1187a6b7ee55f160b9968b66013c3a3ef39dd7e5798?s=96&d=mm&r=g\",\"url\":\"https:\\\/\\\/secure.gravatar.com\\\/avatar\\\/3ea2118a5f7dad2b7138b1187a6b7ee55f160b9968b66013c3a3ef39dd7e5798?s=96&d=mm&r=g\",\"contentUrl\":\"https:\\\/\\\/secure.gravatar.com\\\/avatar\\\/3ea2118a5f7dad2b7138b1187a6b7ee55f160b9968b66013c3a3ef39dd7e5798?s=96&d=mm&r=g\",\"caption\":\"Jeanette\"},\"sameAs\":[\"https:\\\/\\\/www.eldiario.net\\\/portal\"],\"url\":\"https:\\\/\\\/www.eldiario.net\\\/portal\\\/author\\\/jeanette\\\/\"}]}<\/script>\n<!-- \/ Yoast SEO plugin. -->","yoast_head_json":{"title":"Entra en funcionamiento el Corredor Quintanilla - El Diario - Bolivia","robots":{"index":"index","follow":"follow","max-snippet":"max-snippet:-1","max-image-preview":"max-image-preview:large","max-video-preview":"max-video-preview:-1"},"canonical":"https:\/\/www.eldiario.net\/portal\/2022\/03\/21\/entra-en-funcionamiento-el-corredor-quintanilla\/","og_locale":"es_ES","og_type":"article","og_title":"Entra en funcionamiento el Corredor Quintanilla - El Diario - Bolivia","og_description":"El Corredor Quintanilla entrar\u00e1 en funcionamiento hoy, obra que permitir\u00e1 liberar el flujo vehicular del centro de la ciudad de Cochabamba especialmente hacia la zona Norte, seg\u00fan inform\u00f3 la Alcald\u00eda. La obra cuenta con un paso a desnivel, se\u00f1alizaci\u00f3n, \u00e1reas verdes e iluminaci\u00f3n y luego de realizar la prueba de carga se determin\u00f3 su inauguraci\u00f3n [&hellip;]","og_url":"https:\/\/www.eldiario.net\/portal\/2022\/03\/21\/entra-en-funcionamiento-el-corredor-quintanilla\/","og_site_name":"El Diario - Bolivia","article_publisher":"https:\/\/www.facebook.com\/eldiario.bolivia\/","article_published_time":"2022-03-21T09:27:42+00:00","og_image":[{"width":1280,"height":853,"url":"https:\/\/www.eldiario.net\/portal\/wp-content\/uploads\/2022\/03\/10-NAL-8.jpg","type":"image\/jpeg"}],"author":"Jeanette","twitter_card":"summary_large_image","twitter_creator":"@eldiario_net","twitter_site":"@eldiario_net","twitter_misc":{"Escrito por":"Jeanette","Tiempo de lectura":"3 minutos"},"schema":{"@context":"https:\/\/schema.org","@graph":[{"@type":"Article","@id":"https:\/\/www.eldiario.net\/portal\/2022\/03\/21\/entra-en-funcionamiento-el-corredor-quintanilla\/#article","isPartOf":{"@id":"https:\/\/www.eldiario.net\/portal\/2022\/03\/21\/entra-en-funcionamiento-el-corredor-quintanilla\/"},"author":{"name":"Jeanette","@id":"https:\/\/www.eldiario.net\/portal\/#\/schema\/person\/f46445640444750d7d753ccd04ae01b7"},"headline":"Entra en funcionamiento el Corredor Quintanilla","datePublished":"2022-03-21T09:27:42+00:00","mainEntityOfPage":{"@id":"https:\/\/www.eldiario.net\/portal\/2022\/03\/21\/entra-en-funcionamiento-el-corredor-quintanilla\/"},"wordCount":477,"publisher":{"@id":"https:\/\/www.eldiario.net\/portal\/#organization"},"image":{"@id":"https:\/\/www.eldiario.net\/portal\/2022\/03\/21\/entra-en-funcionamiento-el-corredor-quintanilla\/#primaryimage"},"thumbnailUrl":"https:\/\/www.eldiario.net\/portal\/wp-content\/uploads\/2022\/03\/10-NAL-8.jpg","articleSection":["Nacional"],"inLanguage":"es"},{"@type":"WebPage","@id":"https:\/\/www.eldiario.net\/portal\/2022\/03\/21\/entra-en-funcionamiento-el-corredor-quintanilla\/","url":"https:\/\/www.eldiario.net\/portal\/2022\/03\/21\/entra-en-funcionamiento-el-corredor-quintanilla\/","name":"Entra en funcionamiento el Corredor Quintanilla - El Diario - Bolivia","isPartOf":{"@id":"https:\/\/www.eldiario.net\/portal\/#website"},"primaryImageOfPage":{"@id":"https:\/\/www.eldiario.net\/portal\/2022\/03\/21\/entra-en-funcionamiento-el-corredor-quintanilla\/#primaryimage"},"image":{"@id":"https:\/\/www.eldiario.net\/portal\/2022\/03\/21\/entra-en-funcionamiento-el-corredor-quintanilla\/#primaryimage"},"thumbnailUrl":"https:\/\/www.eldiario.net\/portal\/wp-content\/uploads\/2022\/03\/10-NAL-8.jpg","datePublished":"2022-03-21T09:27:42+00:00","breadcrumb":{"@id":"https:\/\/www.eldiario.net\/portal\/2022\/03\/21\/entra-en-funcionamiento-el-corredor-quintanilla\/#breadcrumb"},"inLanguage":"es","potentialAction":[{"@type":"ReadAction","target":["https:\/\/www.eldiario.net\/portal\/2022\/03\/21\/entra-en-funcionamiento-el-corredor-quintanilla\/"]}]},{"@type":"ImageObject","inLanguage":"es","@id":"https:\/\/www.eldiario.net\/portal\/2022\/03\/21\/entra-en-funcionamiento-el-corredor-quintanilla\/#primaryimage","url":"https:\/\/www.eldiario.net\/portal\/wp-content\/uploads\/2022\/03\/10-NAL-8.jpg","contentUrl":"https:\/\/www.eldiario.net\/portal\/wp-content\/uploads\/2022\/03\/10-NAL-8.jpg","width":1280,"height":853,"caption":"EL ALCALDE DE COCHABAMBA, MANFRED REYES VILLA, DURANTE LA \u00daLTIMA INSPECCI\u00d3N AL CORREDOR QUINTANILLA."},{"@type":"BreadcrumbList","@id":"https:\/\/www.eldiario.net\/portal\/2022\/03\/21\/entra-en-funcionamiento-el-corredor-quintanilla\/#breadcrumb","itemListElement":[{"@type":"ListItem","position":1,"name":"Portada","item":"https:\/\/www.eldiario.net\/portal\/"},{"@type":"ListItem","position":2,"name":"Entra en funcionamiento el Corredor Quintanilla"}]},{"@type":"WebSite","@id":"https:\/\/www.eldiario.net\/portal\/#website","url":"https:\/\/www.eldiario.net\/portal\/","name":"El Diario - Decano de la prensa nacional","description":"El Diario - Decano de la prensa nacional","publisher":{"@id":"https:\/\/www.eldiario.net\/portal\/#organization"},"potentialAction":[{"@type":"SearchAction","target":{"@type":"EntryPoint","urlTemplate":"https:\/\/www.eldiario.net\/portal\/?s={search_term_string}"},"query-input":{"@type":"PropertyValueSpecification","valueRequired":true,"valueName":"search_term_string"}}],"inLanguage":"es"},{"@type":"Organization","@id":"https:\/\/www.eldiario.net\/portal\/#organization","name":"El Diario - Decano de la prensa nacional","url":"https:\/\/www.eldiario.net\/portal\/","logo":{"@type":"ImageObject","inLanguage":"es","@id":"https:\/\/www.eldiario.net\/portal\/#\/schema\/logo\/image\/","url":"https:\/\/www.eldiario.net\/portal\/wp-content\/uploads\/2023\/07\/logo_ED.jpg","contentUrl":"https:\/\/www.eldiario.net\/portal\/wp-content\/uploads\/2023\/07\/logo_ED.jpg","width":272,"height":52,"caption":"El Diario - Decano de la prensa nacional"},"image":{"@id":"https:\/\/www.eldiario.net\/portal\/#\/schema\/logo\/image\/"},"sameAs":["https:\/\/www.facebook.com\/eldiario.bolivia\/","https:\/\/x.com\/eldiario_net"]},{"@type":"Person","@id":"https:\/\/www.eldiario.net\/portal\/#\/schema\/person\/f46445640444750d7d753ccd04ae01b7","name":"Jeanette","image":{"@type":"ImageObject","inLanguage":"es","@id":"https:\/\/secure.gravatar.com\/avatar\/3ea2118a5f7dad2b7138b1187a6b7ee55f160b9968b66013c3a3ef39dd7e5798?s=96&d=mm&r=g","url":"https:\/\/secure.gravatar.com\/avatar\/3ea2118a5f7dad2b7138b1187a6b7ee55f160b9968b66013c3a3ef39dd7e5798?s=96&d=mm&r=g","contentUrl":"https:\/\/secure.gravatar.com\/avatar\/3ea2118a5f7dad2b7138b1187a6b7ee55f160b9968b66013c3a3ef39dd7e5798?s=96&d=mm&r=g","caption":"Jeanette"},"sameAs":["https:\/\/www.eldiario.net\/portal"],"url":"https:\/\/www.eldiario.net\/portal\/author\/jeanette\/"}]}},"_links":{"self":[{"href":"https:\/\/www.eldiario.net\/portal\/wp-json\/wp\/v2\/posts\/71018","targetHints":{"allow":["GET"]}}],"collection":[{"href":"https:\/\/www.eldiario.net\/portal\/wp-json\/wp\/v2\/posts"}],"about":[{"href":"https:\/\/www.eldiario.net\/portal\/wp-json\/wp\/v2\/types\/post"}],"author":[{"embeddable":true,"href":"https:\/\/www.eldiario.net\/portal\/wp-json\/wp\/v2\/users\/1"}],"replies":[{"embeddable":true,"href":"https:\/\/www.eldiario.net\/portal\/wp-json\/wp\/v2\/comments?post=71018"}],"version-history":[{"count":0,"href":"https:\/\/www.eldiario.net\/portal\/wp-json\/wp\/v2\/posts\/71018\/revisions"}],"wp:featuredmedia":[{"embeddable":true,"href":"https:\/\/www.eldiario.net\/portal\/wp-json\/wp\/v2\/media\/71019"}],"wp:attachment":[{"href":"https:\/\/www.eldiario.net\/portal\/wp-json\/wp\/v2\/media?parent=71018"}],"wp:term":[{"taxonomy":"category","embeddable":true,"href":"https:\/\/www.eldiario.net\/portal\/wp-json\/wp\/v2\/categories?post=71018"},{"taxonomy":"post_tag","embeddable":true,"href":"https:\/\/www.eldiario.net\/portal\/wp-json\/wp\/v2\/tags?post=71018"}],"curies":[{"name":"wp","href":"https:\/\/api.w.org\/{rel}","templated":true}]}}