{"id":71016,"date":"2022-03-21T05:26:55","date_gmt":"2022-03-21T09:26:55","guid":{"rendered":"https:\/\/www.eldiario.net\/portal\/?p=71016"},"modified":"2022-03-21T05:26:55","modified_gmt":"2022-03-21T09:26:55","slug":"sereci-realiza-capacitacion-sobre-servicios-de-registro","status":"publish","type":"post","link":"https:\/\/www.eldiario.net\/portal\/2022\/03\/21\/sereci-realiza-capacitacion-sobre-servicios-de-registro\/","title":{"rendered":"Serec\u00ed realiza capacitaci\u00f3n sobre servicios de registro"},"content":{"rendered":"<p>El Servicio de Registro C\u00edvico (Serec\u00ed) de Potos\u00ed se reuni\u00f3 con autoridades y pobladores de la comunidad Chacatiani, del municipio de Acasio, para socializar y capacitar sobre los servicios registrales que se brinda a la poblaci\u00f3n.<br \/>\nEn la oportunidad, se hizo conocer las actividades y tareas que desarrolla el Serec\u00ed en temas referidos al Registro Civil y en el Padr\u00f3n Electoral Biom\u00e9trico, adem\u00e1s de los requisitos que debe presentar la ciudadan\u00eda para acceder a los diferentes servicios, inform\u00f3 el portal Fuente Directa del \u00d3rgano Electoral.<br \/>\nDurante el encuentro, se abord\u00f3 una serie de tem\u00e1ticas, como los procedimientos para solicitar la correcci\u00f3n o saneamiento documental, el registro de las partidas, la inscripci\u00f3n en el padr\u00f3n electoral, los cambios en el sistema, la importancia de la identidad, y la asignaci\u00f3n oportuna y adecuada de nombres a los reci\u00e9n nacidos.<br \/>\nEn la reuni\u00f3n participaron autoridades y representantes de esa comunidad, quienes ahora tienen la misi\u00f3n de replicar los conocimientos adquiridos, para que toda la poblaci\u00f3n conozca las tareas que realiza el Serec\u00ed y sepa los procedimientos para acceder a los diferentes servicios.<\/p>\n<p>EN EL REGIMIENTO LOA<br \/>\nEl Tribunal Supremo Electoral (TSE) moviliz\u00f3 personal del Servicio de Registro C\u00edvico (Serec\u00ed) de Potos\u00ed para brindar los principales servicios registrales a los conscriptos del Regimiento 4 Loa, de la ciudad intermedia de Uyuni.<br \/>\nUna Brigada Registral del Serec\u00ed se instal\u00f3 en predios de esa unidad militar para realizar la inscripci\u00f3n en el Padr\u00f3n Electoral Biom\u00e9trico de los soldados que cumplieron 18 a\u00f1os, hasta el 15 de marzo, a fin de que ejerzan sus derechos civiles y pol\u00edticos, una vez que concluyan su servicio con la patria, inform\u00f3 el portal Fuente Directa. (Potos\u00ed, con datos de ABI)<\/p>\n","protected":false},"excerpt":{"rendered":"<p>El Servicio de Registro C\u00edvico (Serec\u00ed) de Potos\u00ed se reuni\u00f3 con autoridades y pobladores de la comunidad Chacatiani, del municipio de Acasio, para socializar y capacitar sobre los servicios registrales que se brinda a la poblaci\u00f3n. En la oportunidad, se hizo conocer las actividades y tareas que desarrolla el Serec\u00ed en temas referidos al Registro [&hellip;]<\/p>\n","protected":false},"author":1,"featured_media":0,"comment_status":"closed","ping_status":"closed","sticky":false,"template":"","format":"standard","meta":{"_acf_changed":false,"footnotes":""},"categories":[12],"tags":[],"class_list":["post-71016","post","type-post","status-publish","format-standard","category-nacional"],"acf":{"antetitulo":""},"yoast_head":"<!-- This site is optimized with the Yoast SEO plugin v28.3 - https:\/\/yoast.com\/product\/yoast-seo-wordpress\/ -->\n<title>Serec\u00ed realiza capacitaci\u00f3n sobre servicios de registro - El Diario - Bolivia<\/title>\n<meta name=\"robots\" content=\"index, follow, max-snippet:-1, max-image-preview:large, max-video-preview:-1\" \/>\n<link rel=\"canonical\" href=\"https:\/\/www.eldiario.net\/portal\/2022\/03\/21\/sereci-realiza-capacitacion-sobre-servicios-de-registro\/\" \/>\n<meta property=\"og:locale\" content=\"es_ES\" \/>\n<meta property=\"og:type\" content=\"article\" \/>\n<meta property=\"og:title\" content=\"Serec\u00ed realiza capacitaci\u00f3n sobre servicios de registro - El Diario - Bolivia\" \/>\n<meta property=\"og:description\" content=\"El Servicio de Registro C\u00edvico (Serec\u00ed) de Potos\u00ed se reuni\u00f3 con autoridades y pobladores de la comunidad Chacatiani, del municipio de Acasio, para socializar y capacitar sobre los servicios registrales que se brinda a la poblaci\u00f3n. En la oportunidad, se hizo conocer las actividades y tareas que desarrolla el Serec\u00ed en temas referidos al Registro [&hellip;]\" \/>\n<meta property=\"og:url\" content=\"https:\/\/www.eldiario.net\/portal\/2022\/03\/21\/sereci-realiza-capacitacion-sobre-servicios-de-registro\/\" \/>\n<meta property=\"og:site_name\" content=\"El Diario - Bolivia\" \/>\n<meta property=\"article:publisher\" content=\"https:\/\/www.facebook.com\/eldiario.bolivia\/\" \/>\n<meta property=\"article:published_time\" content=\"2022-03-21T09:26:55+00:00\" \/>\n<meta name=\"author\" content=\"Jeanette\" \/>\n<meta name=\"twitter:card\" content=\"summary_large_image\" \/>\n<meta name=\"twitter:creator\" content=\"@eldiario_net\" \/>\n<meta name=\"twitter:site\" content=\"@eldiario_net\" \/>\n<meta name=\"twitter:label1\" content=\"Escrito por\" \/>\n\t<meta name=\"twitter:data1\" content=\"Jeanette\" \/>\n\t<meta name=\"twitter:label2\" content=\"Tiempo de lectura\" \/>\n\t<meta name=\"twitter:data2\" content=\"2 minutos\" \/>\n<script type=\"application\/ld+json\" class=\"yoast-schema-graph\">{\"@context\":\"https:\\\/\\\/schema.org\",\"@graph\":[{\"@type\":\"Article\",\"@id\":\"https:\\\/\\\/www.eldiario.net\\\/portal\\\/2022\\\/03\\\/21\\\/sereci-realiza-capacitacion-sobre-servicios-de-registro\\\/#article\",\"isPartOf\":{\"@id\":\"https:\\\/\\\/www.eldiario.net\\\/portal\\\/2022\\\/03\\\/21\\\/sereci-realiza-capacitacion-sobre-servicios-de-registro\\\/\"},\"author\":{\"name\":\"Jeanette\",\"@id\":\"https:\\\/\\\/www.eldiario.net\\\/portal\\\/#\\\/schema\\\/person\\\/f46445640444750d7d753ccd04ae01b7\"},\"headline\":\"Serec\u00ed realiza capacitaci\u00f3n sobre servicios de registro\",\"datePublished\":\"2022-03-21T09:26:55+00:00\",\"mainEntityOfPage\":{\"@id\":\"https:\\\/\\\/www.eldiario.net\\\/portal\\\/2022\\\/03\\\/21\\\/sereci-realiza-capacitacion-sobre-servicios-de-registro\\\/\"},\"wordCount\":306,\"publisher\":{\"@id\":\"https:\\\/\\\/www.eldiario.net\\\/portal\\\/#organization\"},\"articleSection\":[\"Nacional\"],\"inLanguage\":\"es\"},{\"@type\":\"WebPage\",\"@id\":\"https:\\\/\\\/www.eldiario.net\\\/portal\\\/2022\\\/03\\\/21\\\/sereci-realiza-capacitacion-sobre-servicios-de-registro\\\/\",\"url\":\"https:\\\/\\\/www.eldiario.net\\\/portal\\\/2022\\\/03\\\/21\\\/sereci-realiza-capacitacion-sobre-servicios-de-registro\\\/\",\"name\":\"Serec\u00ed realiza capacitaci\u00f3n sobre servicios de registro - El Diario - Bolivia\",\"isPartOf\":{\"@id\":\"https:\\\/\\\/www.eldiario.net\\\/portal\\\/#website\"},\"datePublished\":\"2022-03-21T09:26:55+00:00\",\"breadcrumb\":{\"@id\":\"https:\\\/\\\/www.eldiario.net\\\/portal\\\/2022\\\/03\\\/21\\\/sereci-realiza-capacitacion-sobre-servicios-de-registro\\\/#breadcrumb\"},\"inLanguage\":\"es\",\"potentialAction\":[{\"@type\":\"ReadAction\",\"target\":[\"https:\\\/\\\/www.eldiario.net\\\/portal\\\/2022\\\/03\\\/21\\\/sereci-realiza-capacitacion-sobre-servicios-de-registro\\\/\"]}]},{\"@type\":\"BreadcrumbList\",\"@id\":\"https:\\\/\\\/www.eldiario.net\\\/portal\\\/2022\\\/03\\\/21\\\/sereci-realiza-capacitacion-sobre-servicios-de-registro\\\/#breadcrumb\",\"itemListElement\":[{\"@type\":\"ListItem\",\"position\":1,\"name\":\"Portada\",\"item\":\"https:\\\/\\\/www.eldiario.net\\\/portal\\\/\"},{\"@type\":\"ListItem\",\"position\":2,\"name\":\"Serec\u00ed realiza capacitaci\u00f3n sobre servicios de registro\"}]},{\"@type\":\"WebSite\",\"@id\":\"https:\\\/\\\/www.eldiario.net\\\/portal\\\/#website\",\"url\":\"https:\\\/\\\/www.eldiario.net\\\/portal\\\/\",\"name\":\"El Diario - Decano de la prensa nacional\",\"description\":\"El Diario - Decano de la prensa nacional\",\"publisher\":{\"@id\":\"https:\\\/\\\/www.eldiario.net\\\/portal\\\/#organization\"},\"potentialAction\":[{\"@type\":\"SearchAction\",\"target\":{\"@type\":\"EntryPoint\",\"urlTemplate\":\"https:\\\/\\\/www.eldiario.net\\\/portal\\\/?s={search_term_string}\"},\"query-input\":{\"@type\":\"PropertyValueSpecification\",\"valueRequired\":true,\"valueName\":\"search_term_string\"}}],\"inLanguage\":\"es\"},{\"@type\":\"Organization\",\"@id\":\"https:\\\/\\\/www.eldiario.net\\\/portal\\\/#organization\",\"name\":\"El Diario - Decano de la prensa nacional\",\"url\":\"https:\\\/\\\/www.eldiario.net\\\/portal\\\/\",\"logo\":{\"@type\":\"ImageObject\",\"inLanguage\":\"es\",\"@id\":\"https:\\\/\\\/www.eldiario.net\\\/portal\\\/#\\\/schema\\\/logo\\\/image\\\/\",\"url\":\"https:\\\/\\\/www.eldiario.net\\\/portal\\\/wp-content\\\/uploads\\\/2023\\\/07\\\/logo_ED.jpg\",\"contentUrl\":\"https:\\\/\\\/www.eldiario.net\\\/portal\\\/wp-content\\\/uploads\\\/2023\\\/07\\\/logo_ED.jpg\",\"width\":272,\"height\":52,\"caption\":\"El Diario - Decano de la prensa nacional\"},\"image\":{\"@id\":\"https:\\\/\\\/www.eldiario.net\\\/portal\\\/#\\\/schema\\\/logo\\\/image\\\/\"},\"sameAs\":[\"https:\\\/\\\/www.facebook.com\\\/eldiario.bolivia\\\/\",\"https:\\\/\\\/x.com\\\/eldiario_net\"]},{\"@type\":\"Person\",\"@id\":\"https:\\\/\\\/www.eldiario.net\\\/portal\\\/#\\\/schema\\\/person\\\/f46445640444750d7d753ccd04ae01b7\",\"name\":\"Jeanette\",\"image\":{\"@type\":\"ImageObject\",\"inLanguage\":\"es\",\"@id\":\"https:\\\/\\\/secure.gravatar.com\\\/avatar\\\/3ea2118a5f7dad2b7138b1187a6b7ee55f160b9968b66013c3a3ef39dd7e5798?s=96&d=mm&r=g\",\"url\":\"https:\\\/\\\/secure.gravatar.com\\\/avatar\\\/3ea2118a5f7dad2b7138b1187a6b7ee55f160b9968b66013c3a3ef39dd7e5798?s=96&d=mm&r=g\",\"contentUrl\":\"https:\\\/\\\/secure.gravatar.com\\\/avatar\\\/3ea2118a5f7dad2b7138b1187a6b7ee55f160b9968b66013c3a3ef39dd7e5798?s=96&d=mm&r=g\",\"caption\":\"Jeanette\"},\"sameAs\":[\"https:\\\/\\\/www.eldiario.net\\\/portal\"],\"url\":\"https:\\\/\\\/www.eldiario.net\\\/portal\\\/author\\\/jeanette\\\/\"}]}<\/script>\n<!-- \/ Yoast SEO plugin. -->","yoast_head_json":{"title":"Serec\u00ed realiza capacitaci\u00f3n sobre servicios de registro - El Diario - Bolivia","robots":{"index":"index","follow":"follow","max-snippet":"max-snippet:-1","max-image-preview":"max-image-preview:large","max-video-preview":"max-video-preview:-1"},"canonical":"https:\/\/www.eldiario.net\/portal\/2022\/03\/21\/sereci-realiza-capacitacion-sobre-servicios-de-registro\/","og_locale":"es_ES","og_type":"article","og_title":"Serec\u00ed realiza capacitaci\u00f3n sobre servicios de registro - El Diario - Bolivia","og_description":"El Servicio de Registro C\u00edvico (Serec\u00ed) de Potos\u00ed se reuni\u00f3 con autoridades y pobladores de la comunidad Chacatiani, del municipio de Acasio, para socializar y capacitar sobre los servicios registrales que se brinda a la poblaci\u00f3n. En la oportunidad, se hizo conocer las actividades y tareas que desarrolla el Serec\u00ed en temas referidos al Registro [&hellip;]","og_url":"https:\/\/www.eldiario.net\/portal\/2022\/03\/21\/sereci-realiza-capacitacion-sobre-servicios-de-registro\/","og_site_name":"El Diario - Bolivia","article_publisher":"https:\/\/www.facebook.com\/eldiario.bolivia\/","article_published_time":"2022-03-21T09:26:55+00:00","author":"Jeanette","twitter_card":"summary_large_image","twitter_creator":"@eldiario_net","twitter_site":"@eldiario_net","twitter_misc":{"Escrito por":"Jeanette","Tiempo de lectura":"2 minutos"},"schema":{"@context":"https:\/\/schema.org","@graph":[{"@type":"Article","@id":"https:\/\/www.eldiario.net\/portal\/2022\/03\/21\/sereci-realiza-capacitacion-sobre-servicios-de-registro\/#article","isPartOf":{"@id":"https:\/\/www.eldiario.net\/portal\/2022\/03\/21\/sereci-realiza-capacitacion-sobre-servicios-de-registro\/"},"author":{"name":"Jeanette","@id":"https:\/\/www.eldiario.net\/portal\/#\/schema\/person\/f46445640444750d7d753ccd04ae01b7"},"headline":"Serec\u00ed realiza capacitaci\u00f3n sobre servicios de registro","datePublished":"2022-03-21T09:26:55+00:00","mainEntityOfPage":{"@id":"https:\/\/www.eldiario.net\/portal\/2022\/03\/21\/sereci-realiza-capacitacion-sobre-servicios-de-registro\/"},"wordCount":306,"publisher":{"@id":"https:\/\/www.eldiario.net\/portal\/#organization"},"articleSection":["Nacional"],"inLanguage":"es"},{"@type":"WebPage","@id":"https:\/\/www.eldiario.net\/portal\/2022\/03\/21\/sereci-realiza-capacitacion-sobre-servicios-de-registro\/","url":"https:\/\/www.eldiario.net\/portal\/2022\/03\/21\/sereci-realiza-capacitacion-sobre-servicios-de-registro\/","name":"Serec\u00ed realiza capacitaci\u00f3n sobre servicios de registro - El Diario - Bolivia","isPartOf":{"@id":"https:\/\/www.eldiario.net\/portal\/#website"},"datePublished":"2022-03-21T09:26:55+00:00","breadcrumb":{"@id":"https:\/\/www.eldiario.net\/portal\/2022\/03\/21\/sereci-realiza-capacitacion-sobre-servicios-de-registro\/#breadcrumb"},"inLanguage":"es","potentialAction":[{"@type":"ReadAction","target":["https:\/\/www.eldiario.net\/portal\/2022\/03\/21\/sereci-realiza-capacitacion-sobre-servicios-de-registro\/"]}]},{"@type":"BreadcrumbList","@id":"https:\/\/www.eldiario.net\/portal\/2022\/03\/21\/sereci-realiza-capacitacion-sobre-servicios-de-registro\/#breadcrumb","itemListElement":[{"@type":"ListItem","position":1,"name":"Portada","item":"https:\/\/www.eldiario.net\/portal\/"},{"@type":"ListItem","position":2,"name":"Serec\u00ed realiza capacitaci\u00f3n sobre servicios de registro"}]},{"@type":"WebSite","@id":"https:\/\/www.eldiario.net\/portal\/#website","url":"https:\/\/www.eldiario.net\/portal\/","name":"El Diario - Decano de la prensa nacional","description":"El Diario - Decano de la prensa nacional","publisher":{"@id":"https:\/\/www.eldiario.net\/portal\/#organization"},"potentialAction":[{"@type":"SearchAction","target":{"@type":"EntryPoint","urlTemplate":"https:\/\/www.eldiario.net\/portal\/?s={search_term_string}"},"query-input":{"@type":"PropertyValueSpecification","valueRequired":true,"valueName":"search_term_string"}}],"inLanguage":"es"},{"@type":"Organization","@id":"https:\/\/www.eldiario.net\/portal\/#organization","name":"El Diario - Decano de la prensa nacional","url":"https:\/\/www.eldiario.net\/portal\/","logo":{"@type":"ImageObject","inLanguage":"es","@id":"https:\/\/www.eldiario.net\/portal\/#\/schema\/logo\/image\/","url":"https:\/\/www.eldiario.net\/portal\/wp-content\/uploads\/2023\/07\/logo_ED.jpg","contentUrl":"https:\/\/www.eldiario.net\/portal\/wp-content\/uploads\/2023\/07\/logo_ED.jpg","width":272,"height":52,"caption":"El Diario - Decano de la prensa nacional"},"image":{"@id":"https:\/\/www.eldiario.net\/portal\/#\/schema\/logo\/image\/"},"sameAs":["https:\/\/www.facebook.com\/eldiario.bolivia\/","https:\/\/x.com\/eldiario_net"]},{"@type":"Person","@id":"https:\/\/www.eldiario.net\/portal\/#\/schema\/person\/f46445640444750d7d753ccd04ae01b7","name":"Jeanette","image":{"@type":"ImageObject","inLanguage":"es","@id":"https:\/\/secure.gravatar.com\/avatar\/3ea2118a5f7dad2b7138b1187a6b7ee55f160b9968b66013c3a3ef39dd7e5798?s=96&d=mm&r=g","url":"https:\/\/secure.gravatar.com\/avatar\/3ea2118a5f7dad2b7138b1187a6b7ee55f160b9968b66013c3a3ef39dd7e5798?s=96&d=mm&r=g","contentUrl":"https:\/\/secure.gravatar.com\/avatar\/3ea2118a5f7dad2b7138b1187a6b7ee55f160b9968b66013c3a3ef39dd7e5798?s=96&d=mm&r=g","caption":"Jeanette"},"sameAs":["https:\/\/www.eldiario.net\/portal"],"url":"https:\/\/www.eldiario.net\/portal\/author\/jeanette\/"}]}},"_links":{"self":[{"href":"https:\/\/www.eldiario.net\/portal\/wp-json\/wp\/v2\/posts\/71016","targetHints":{"allow":["GET"]}}],"collection":[{"href":"https:\/\/www.eldiario.net\/portal\/wp-json\/wp\/v2\/posts"}],"about":[{"href":"https:\/\/www.eldiario.net\/portal\/wp-json\/wp\/v2\/types\/post"}],"author":[{"embeddable":true,"href":"https:\/\/www.eldiario.net\/portal\/wp-json\/wp\/v2\/users\/1"}],"replies":[{"embeddable":true,"href":"https:\/\/www.eldiario.net\/portal\/wp-json\/wp\/v2\/comments?post=71016"}],"version-history":[{"count":0,"href":"https:\/\/www.eldiario.net\/portal\/wp-json\/wp\/v2\/posts\/71016\/revisions"}],"wp:attachment":[{"href":"https:\/\/www.eldiario.net\/portal\/wp-json\/wp\/v2\/media?parent=71016"}],"wp:term":[{"taxonomy":"category","embeddable":true,"href":"https:\/\/www.eldiario.net\/portal\/wp-json\/wp\/v2\/categories?post=71016"},{"taxonomy":"post_tag","embeddable":true,"href":"https:\/\/www.eldiario.net\/portal\/wp-json\/wp\/v2\/tags?post=71016"}],"curies":[{"name":"wp","href":"https:\/\/api.w.org\/{rel}","templated":true}]}}