{"id":71011,"date":"2022-03-21T05:25:42","date_gmt":"2022-03-21T09:25:42","guid":{"rendered":"https:\/\/www.eldiario.net\/portal\/?p=71011"},"modified":"2022-03-21T05:25:42","modified_gmt":"2022-03-21T09:25:42","slug":"sector-privado-cuestiona-propuesta-de-cob-y-apela-al-convenio-131-de-oit","status":"publish","type":"post","link":"https:\/\/www.eldiario.net\/portal\/2022\/03\/21\/sector-privado-cuestiona-propuesta-de-cob-y-apela-al-convenio-131-de-oit\/","title":{"rendered":"Sector privado cuestiona propuesta de COB y apela al convenio 131 de OIT"},"content":{"rendered":"<p>La Confederaci\u00f3n de Empresarios Privados de Bolivia (CEPB) hace conocer su \u201cextrema preocupaci\u00f3n\u201d por la propuesta de incremento salarial planteada por la Central Obrera Boliviana (COB) al Gobierno y solicit\u00f3 una reuni\u00f3n con el presidente Luis Arce para presentar la posici\u00f3n del sector privado sobre este tema, apelando al Convenio 131 de la Organizaci\u00f3n Internacional del Trabajo (OIT), seg\u00fan un comunicado de esta instancia gremial.<br \/>\nEl 2021 la inflaci\u00f3n alcanzada no lleg\u00f3 a 1 %, debido a los precios bajos de los productos que se registraron, provocado por el creciente contrabando, debido a los valores pode debajo de la producci\u00f3n nacional, y no por pol\u00edticas gubernamentales, indicaron tanto empresarios como economistas.<br \/>\nEs por ello que los empresarios indicaron que no hay lugar al pedido de la Central Obrera Boliviana (COB), aliada del Movimiento al Socialismo (MAS), por ello las palabra del Presidente Luis Arce al momento de recibir el pliego petitorio, \u201cnuestra COB\u201d.<br \/>\nDijo que analizar\u00e1n responsablemente la petici\u00f3n, y para ello se formar\u00e1n mesas de trabajo para que se debatan todas las demandas del sector trabajador; mientras los empresarios exigen la aplicaci\u00f3n del Convenio 131 de la Organizaci\u00f3n Internacional del Trabajo (OIT), que promueve los di\u00e1logos tripartitos, entre Gobierno, trabajadores y empresarios para analizar temas sociales.<br \/>\nAyer, la Confederaci\u00f3n de Empresarios Privados de Bolivia, como m\u00e1xima representaci\u00f3n del sector empresarial del pa\u00eds, y ante la propuesta de incremento del 10 % al salario m\u00ednimo nacional y 7 % al salario b\u00e1sico, entregada por la dirigencia de la Central Obrera Boliviana al Se\u00f1or Presidente del Estado, se mostraron preocupados, por el desconocimiento de la situaci\u00f3n cr\u00edtica de las empresas y los peque\u00f1os emprendimientos.<br \/>\n\u00abManifestamos nuestra extrema preocupaci\u00f3n por esta demanda, que ignora la grave situaci\u00f3n en la que se encuentran las empresas, emprendimientos y unidades productivas del pa\u00eds, por los efectos sostenidos de la pandemia, a lo que se suma hoy la gran incertidumbre mundial respecto al rumbo de la econom\u00eda\u00bb, se\u00f1ala el comunicado de la entidad empresarial.<br \/>\nLos empresarios dicen que alarma mucho m\u00e1s, la falta de compromiso de la dirigencia de la COB con los miles de trabajadores y trabajadoras que han ingresado en la informalidad, han perdido sus fuentes laborales o las van a perder, si se sigue ejerciendo presi\u00f3n salarial sobre los empleadores con incrementos imposibles, que van a forzar el cierre de las unidades productivas que hoy generan y sostienen m\u00e1s del 70 % del empleo digno en el pa\u00eds.<br \/>\nHace poco, en la Cumbre por la reactivaci\u00f3n de la econom\u00eda boliviana, la presidenta de la C\u00e1mara Departamental de la Peque\u00f1a Industria de Cochabamba, Luz Mary Zelada, dijo que las leyes provocan una carga social e impositiva fuerte sobre las espaldas de los peque\u00f1os emprendimientos, al tratarlos como si fueran grandes empresarios.<\/p>\n<p>PROBLEMAS<br \/>\nEl comunicado se\u00f1ala que los problemas econ\u00f3micos y la disminuci\u00f3n de recursos, que afectan a las empresas de todos los rubros y regiones, alcanzan tambi\u00e9n a las universidades, gobernaciones, alcald\u00edas y otras instituciones del Estado, y no pueden resolverse imponiendo m\u00e1s cargas sobre los que generan empleo ni adoptando medidas como las del incremento salarial, que solo benefician al 17 % de los trabajadores, en detrimento del resto.<br \/>\nAnte ese panorama adverso, en el marco del Convenio 131 de la OIT, respecto a la obligaci\u00f3n de consultas exhaustivas a los empleadores y los trabajadores para fijar el salario m\u00ednimo, considerando que se dio la oportunidad a la COB para presentar sus argumentos y su propuesta, solicitan el mismo trato para el sector empresarial, y piden ser recibidos por el Se\u00f1or Presidente del Estado Plurinacional, para hacer conocer su posici\u00f3n, se\u00f1alan.<br \/>\nYa en la Cumbre abogaron por la alianza p\u00fablica privada y un mayor di\u00e1logo para abrir los espacios de la reactivaci\u00f3n de la econom\u00eda nacional.<br \/>\nEl comunicado de la CEPB va por ese camino al indicar que \u201ces momento de asumir el camino del consenso, el di\u00e1logo y la unidad para enfrentar los problemas generados por una crisis sostenida que ha precarizado m\u00e1s el empleo, est\u00e1 destruyendo al aparato productivo del pa\u00eds e incrementa cada d\u00eda m\u00e1s la incertidumbre ciudadana sobre el futuro\u201d.<br \/>\nLa Confederaci\u00f3n de Empresarios Privados de Bolivia ratifica una vez m\u00e1s el compromiso del sector privado de continuar aportando al desarrollo, estabilidad y crecimiento del pa\u00eds, objetivos que deben ser comunes a todos los bolivianos y que solo se logran con normas eficientes, trato justo y condiciones m\u00ednimas para cumplir con nuestro rol institucional, econ\u00f3mico y social, finaliza el comunicado.<br \/>\nEl twitter de Roberto Laserna, @roblaser se\u00f1ala que \u00abla COB defiende a los dirigentes. Son los \u00fanicos que se beneficiar\u00edan de estas medidas. No los antiguos y menos los desempleados. Triste ceguera\u00bb.<br \/>\nEl conflicto b\u00e9lico que afecta a Ucrania por la invasi\u00f3n rusa, fren\u00f3 la recuperaci\u00f3n de la econom\u00eda mundial, y elev\u00f3 los precios de los commodities, as\u00ed como de los granos y principales alimentos.<br \/>\nLos productores nacionales se vieron obligados a frenar sus ventas de ma\u00edz y sorgo al mercado internacional por la aplicaci\u00f3n del certificado de abastecimiento y precio justo, lo que disminuir\u00e1 divisas para el pa\u00eds, e influir\u00e1 en la reducci\u00f3n de las reservas.<\/p>\n","protected":false},"excerpt":{"rendered":"<p>La Confederaci\u00f3n de Empresarios Privados de Bolivia (CEPB) hace conocer su \u201cextrema preocupaci\u00f3n\u201d por la propuesta de incremento salarial planteada por la Central Obrera Boliviana (COB) al Gobierno y solicit\u00f3 una reuni\u00f3n con el presidente Luis Arce para presentar la posici\u00f3n del sector privado sobre este tema, apelando al Convenio 131 de la Organizaci\u00f3n Internacional [&hellip;]<\/p>\n","protected":false},"author":1,"featured_media":71012,"comment_status":"closed","ping_status":"closed","sticky":false,"template":"","format":"standard","meta":{"_acf_changed":false,"footnotes":""},"categories":[7],"tags":[],"class_list":["post-71011","post","type-post","status-publish","format-standard","has-post-thumbnail","category-economia"],"acf":{"antetitulo":""},"yoast_head":"<!-- This site is optimized with the Yoast SEO plugin v28.3 - https:\/\/yoast.com\/product\/yoast-seo-wordpress\/ -->\n<title>Sector privado cuestiona propuesta de COB y apela al convenio 131 de OIT - El Diario - Bolivia<\/title>\n<meta name=\"robots\" content=\"index, follow, max-snippet:-1, max-image-preview:large, max-video-preview:-1\" \/>\n<link rel=\"canonical\" href=\"https:\/\/www.eldiario.net\/portal\/2022\/03\/21\/sector-privado-cuestiona-propuesta-de-cob-y-apela-al-convenio-131-de-oit\/\" \/>\n<meta property=\"og:locale\" content=\"es_ES\" \/>\n<meta property=\"og:type\" content=\"article\" \/>\n<meta property=\"og:title\" content=\"Sector privado cuestiona propuesta de COB y apela al convenio 131 de OIT - El Diario - Bolivia\" \/>\n<meta property=\"og:description\" content=\"La Confederaci\u00f3n de Empresarios Privados de Bolivia (CEPB) hace conocer su \u201cextrema preocupaci\u00f3n\u201d por la propuesta de incremento salarial planteada por la Central Obrera Boliviana (COB) al Gobierno y solicit\u00f3 una reuni\u00f3n con el presidente Luis Arce para presentar la posici\u00f3n del sector privado sobre este tema, apelando al Convenio 131 de la Organizaci\u00f3n Internacional [&hellip;]\" \/>\n<meta property=\"og:url\" content=\"https:\/\/www.eldiario.net\/portal\/2022\/03\/21\/sector-privado-cuestiona-propuesta-de-cob-y-apela-al-convenio-131-de-oit\/\" \/>\n<meta property=\"og:site_name\" content=\"El Diario - Bolivia\" \/>\n<meta property=\"article:publisher\" content=\"https:\/\/www.facebook.com\/eldiario.bolivia\/\" \/>\n<meta property=\"article:published_time\" content=\"2022-03-21T09:25:42+00:00\" \/>\n<meta name=\"author\" content=\"Jeanette\" \/>\n<meta name=\"twitter:card\" content=\"summary_large_image\" \/>\n<meta name=\"twitter:creator\" content=\"@eldiario_net\" \/>\n<meta name=\"twitter:site\" content=\"@eldiario_net\" \/>\n<meta name=\"twitter:label1\" content=\"Escrito por\" \/>\n\t<meta name=\"twitter:data1\" content=\"Jeanette\" \/>\n\t<meta name=\"twitter:label2\" content=\"Tiempo de lectura\" \/>\n\t<meta name=\"twitter:data2\" content=\"4 minutos\" \/>\n<script type=\"application\/ld+json\" class=\"yoast-schema-graph\">{\"@context\":\"https:\\\/\\\/schema.org\",\"@graph\":[{\"@type\":\"Article\",\"@id\":\"https:\\\/\\\/www.eldiario.net\\\/portal\\\/2022\\\/03\\\/21\\\/sector-privado-cuestiona-propuesta-de-cob-y-apela-al-convenio-131-de-oit\\\/#article\",\"isPartOf\":{\"@id\":\"https:\\\/\\\/www.eldiario.net\\\/portal\\\/2022\\\/03\\\/21\\\/sector-privado-cuestiona-propuesta-de-cob-y-apela-al-convenio-131-de-oit\\\/\"},\"author\":{\"name\":\"Jeanette\",\"@id\":\"https:\\\/\\\/www.eldiario.net\\\/portal\\\/#\\\/schema\\\/person\\\/f46445640444750d7d753ccd04ae01b7\"},\"headline\":\"Sector privado cuestiona propuesta de COB y apela al convenio 131 de OIT\",\"datePublished\":\"2022-03-21T09:25:42+00:00\",\"mainEntityOfPage\":{\"@id\":\"https:\\\/\\\/www.eldiario.net\\\/portal\\\/2022\\\/03\\\/21\\\/sector-privado-cuestiona-propuesta-de-cob-y-apela-al-convenio-131-de-oit\\\/\"},\"wordCount\":920,\"publisher\":{\"@id\":\"https:\\\/\\\/www.eldiario.net\\\/portal\\\/#organization\"},\"image\":{\"@id\":\"https:\\\/\\\/www.eldiario.net\\\/portal\\\/2022\\\/03\\\/21\\\/sector-privado-cuestiona-propuesta-de-cob-y-apela-al-convenio-131-de-oit\\\/#primaryimage\"},\"thumbnailUrl\":\"\",\"articleSection\":[\"Econom\u00eda\"],\"inLanguage\":\"es\"},{\"@type\":\"WebPage\",\"@id\":\"https:\\\/\\\/www.eldiario.net\\\/portal\\\/2022\\\/03\\\/21\\\/sector-privado-cuestiona-propuesta-de-cob-y-apela-al-convenio-131-de-oit\\\/\",\"url\":\"https:\\\/\\\/www.eldiario.net\\\/portal\\\/2022\\\/03\\\/21\\\/sector-privado-cuestiona-propuesta-de-cob-y-apela-al-convenio-131-de-oit\\\/\",\"name\":\"Sector privado cuestiona propuesta de COB y apela al convenio 131 de OIT - El Diario - Bolivia\",\"isPartOf\":{\"@id\":\"https:\\\/\\\/www.eldiario.net\\\/portal\\\/#website\"},\"primaryImageOfPage\":{\"@id\":\"https:\\\/\\\/www.eldiario.net\\\/portal\\\/2022\\\/03\\\/21\\\/sector-privado-cuestiona-propuesta-de-cob-y-apela-al-convenio-131-de-oit\\\/#primaryimage\"},\"image\":{\"@id\":\"https:\\\/\\\/www.eldiario.net\\\/portal\\\/2022\\\/03\\\/21\\\/sector-privado-cuestiona-propuesta-de-cob-y-apela-al-convenio-131-de-oit\\\/#primaryimage\"},\"thumbnailUrl\":\"\",\"datePublished\":\"2022-03-21T09:25:42+00:00\",\"breadcrumb\":{\"@id\":\"https:\\\/\\\/www.eldiario.net\\\/portal\\\/2022\\\/03\\\/21\\\/sector-privado-cuestiona-propuesta-de-cob-y-apela-al-convenio-131-de-oit\\\/#breadcrumb\"},\"inLanguage\":\"es\",\"potentialAction\":[{\"@type\":\"ReadAction\",\"target\":[\"https:\\\/\\\/www.eldiario.net\\\/portal\\\/2022\\\/03\\\/21\\\/sector-privado-cuestiona-propuesta-de-cob-y-apela-al-convenio-131-de-oit\\\/\"]}]},{\"@type\":\"ImageObject\",\"inLanguage\":\"es\",\"@id\":\"https:\\\/\\\/www.eldiario.net\\\/portal\\\/2022\\\/03\\\/21\\\/sector-privado-cuestiona-propuesta-de-cob-y-apela-al-convenio-131-de-oit\\\/#primaryimage\",\"url\":\"\",\"contentUrl\":\"\"},{\"@type\":\"BreadcrumbList\",\"@id\":\"https:\\\/\\\/www.eldiario.net\\\/portal\\\/2022\\\/03\\\/21\\\/sector-privado-cuestiona-propuesta-de-cob-y-apela-al-convenio-131-de-oit\\\/#breadcrumb\",\"itemListElement\":[{\"@type\":\"ListItem\",\"position\":1,\"name\":\"Portada\",\"item\":\"https:\\\/\\\/www.eldiario.net\\\/portal\\\/\"},{\"@type\":\"ListItem\",\"position\":2,\"name\":\"Sector privado cuestiona propuesta de COB y apela al convenio 131 de OIT\"}]},{\"@type\":\"WebSite\",\"@id\":\"https:\\\/\\\/www.eldiario.net\\\/portal\\\/#website\",\"url\":\"https:\\\/\\\/www.eldiario.net\\\/portal\\\/\",\"name\":\"El Diario - Decano de la prensa nacional\",\"description\":\"El Diario - Decano de la prensa nacional\",\"publisher\":{\"@id\":\"https:\\\/\\\/www.eldiario.net\\\/portal\\\/#organization\"},\"potentialAction\":[{\"@type\":\"SearchAction\",\"target\":{\"@type\":\"EntryPoint\",\"urlTemplate\":\"https:\\\/\\\/www.eldiario.net\\\/portal\\\/?s={search_term_string}\"},\"query-input\":{\"@type\":\"PropertyValueSpecification\",\"valueRequired\":true,\"valueName\":\"search_term_string\"}}],\"inLanguage\":\"es\"},{\"@type\":\"Organization\",\"@id\":\"https:\\\/\\\/www.eldiario.net\\\/portal\\\/#organization\",\"name\":\"El Diario - Decano de la prensa nacional\",\"url\":\"https:\\\/\\\/www.eldiario.net\\\/portal\\\/\",\"logo\":{\"@type\":\"ImageObject\",\"inLanguage\":\"es\",\"@id\":\"https:\\\/\\\/www.eldiario.net\\\/portal\\\/#\\\/schema\\\/logo\\\/image\\\/\",\"url\":\"https:\\\/\\\/www.eldiario.net\\\/portal\\\/wp-content\\\/uploads\\\/2023\\\/07\\\/logo_ED.jpg\",\"contentUrl\":\"https:\\\/\\\/www.eldiario.net\\\/portal\\\/wp-content\\\/uploads\\\/2023\\\/07\\\/logo_ED.jpg\",\"width\":272,\"height\":52,\"caption\":\"El Diario - Decano de la prensa nacional\"},\"image\":{\"@id\":\"https:\\\/\\\/www.eldiario.net\\\/portal\\\/#\\\/schema\\\/logo\\\/image\\\/\"},\"sameAs\":[\"https:\\\/\\\/www.facebook.com\\\/eldiario.bolivia\\\/\",\"https:\\\/\\\/x.com\\\/eldiario_net\"]},{\"@type\":\"Person\",\"@id\":\"https:\\\/\\\/www.eldiario.net\\\/portal\\\/#\\\/schema\\\/person\\\/f46445640444750d7d753ccd04ae01b7\",\"name\":\"Jeanette\",\"image\":{\"@type\":\"ImageObject\",\"inLanguage\":\"es\",\"@id\":\"https:\\\/\\\/secure.gravatar.com\\\/avatar\\\/3ea2118a5f7dad2b7138b1187a6b7ee55f160b9968b66013c3a3ef39dd7e5798?s=96&d=mm&r=g\",\"url\":\"https:\\\/\\\/secure.gravatar.com\\\/avatar\\\/3ea2118a5f7dad2b7138b1187a6b7ee55f160b9968b66013c3a3ef39dd7e5798?s=96&d=mm&r=g\",\"contentUrl\":\"https:\\\/\\\/secure.gravatar.com\\\/avatar\\\/3ea2118a5f7dad2b7138b1187a6b7ee55f160b9968b66013c3a3ef39dd7e5798?s=96&d=mm&r=g\",\"caption\":\"Jeanette\"},\"sameAs\":[\"https:\\\/\\\/www.eldiario.net\\\/portal\"],\"url\":\"https:\\\/\\\/www.eldiario.net\\\/portal\\\/author\\\/jeanette\\\/\"}]}<\/script>\n<!-- \/ Yoast SEO plugin. -->","yoast_head_json":{"title":"Sector privado cuestiona propuesta de COB y apela al convenio 131 de OIT - El Diario - Bolivia","robots":{"index":"index","follow":"follow","max-snippet":"max-snippet:-1","max-image-preview":"max-image-preview:large","max-video-preview":"max-video-preview:-1"},"canonical":"https:\/\/www.eldiario.net\/portal\/2022\/03\/21\/sector-privado-cuestiona-propuesta-de-cob-y-apela-al-convenio-131-de-oit\/","og_locale":"es_ES","og_type":"article","og_title":"Sector privado cuestiona propuesta de COB y apela al convenio 131 de OIT - El Diario - Bolivia","og_description":"La Confederaci\u00f3n de Empresarios Privados de Bolivia (CEPB) hace conocer su \u201cextrema preocupaci\u00f3n\u201d por la propuesta de incremento salarial planteada por la Central Obrera Boliviana (COB) al Gobierno y solicit\u00f3 una reuni\u00f3n con el presidente Luis Arce para presentar la posici\u00f3n del sector privado sobre este tema, apelando al Convenio 131 de la Organizaci\u00f3n Internacional [&hellip;]","og_url":"https:\/\/www.eldiario.net\/portal\/2022\/03\/21\/sector-privado-cuestiona-propuesta-de-cob-y-apela-al-convenio-131-de-oit\/","og_site_name":"El Diario - Bolivia","article_publisher":"https:\/\/www.facebook.com\/eldiario.bolivia\/","article_published_time":"2022-03-21T09:25:42+00:00","author":"Jeanette","twitter_card":"summary_large_image","twitter_creator":"@eldiario_net","twitter_site":"@eldiario_net","twitter_misc":{"Escrito por":"Jeanette","Tiempo de lectura":"4 minutos"},"schema":{"@context":"https:\/\/schema.org","@graph":[{"@type":"Article","@id":"https:\/\/www.eldiario.net\/portal\/2022\/03\/21\/sector-privado-cuestiona-propuesta-de-cob-y-apela-al-convenio-131-de-oit\/#article","isPartOf":{"@id":"https:\/\/www.eldiario.net\/portal\/2022\/03\/21\/sector-privado-cuestiona-propuesta-de-cob-y-apela-al-convenio-131-de-oit\/"},"author":{"name":"Jeanette","@id":"https:\/\/www.eldiario.net\/portal\/#\/schema\/person\/f46445640444750d7d753ccd04ae01b7"},"headline":"Sector privado cuestiona propuesta de COB y apela al convenio 131 de OIT","datePublished":"2022-03-21T09:25:42+00:00","mainEntityOfPage":{"@id":"https:\/\/www.eldiario.net\/portal\/2022\/03\/21\/sector-privado-cuestiona-propuesta-de-cob-y-apela-al-convenio-131-de-oit\/"},"wordCount":920,"publisher":{"@id":"https:\/\/www.eldiario.net\/portal\/#organization"},"image":{"@id":"https:\/\/www.eldiario.net\/portal\/2022\/03\/21\/sector-privado-cuestiona-propuesta-de-cob-y-apela-al-convenio-131-de-oit\/#primaryimage"},"thumbnailUrl":"","articleSection":["Econom\u00eda"],"inLanguage":"es"},{"@type":"WebPage","@id":"https:\/\/www.eldiario.net\/portal\/2022\/03\/21\/sector-privado-cuestiona-propuesta-de-cob-y-apela-al-convenio-131-de-oit\/","url":"https:\/\/www.eldiario.net\/portal\/2022\/03\/21\/sector-privado-cuestiona-propuesta-de-cob-y-apela-al-convenio-131-de-oit\/","name":"Sector privado cuestiona propuesta de COB y apela al convenio 131 de OIT - El Diario - Bolivia","isPartOf":{"@id":"https:\/\/www.eldiario.net\/portal\/#website"},"primaryImageOfPage":{"@id":"https:\/\/www.eldiario.net\/portal\/2022\/03\/21\/sector-privado-cuestiona-propuesta-de-cob-y-apela-al-convenio-131-de-oit\/#primaryimage"},"image":{"@id":"https:\/\/www.eldiario.net\/portal\/2022\/03\/21\/sector-privado-cuestiona-propuesta-de-cob-y-apela-al-convenio-131-de-oit\/#primaryimage"},"thumbnailUrl":"","datePublished":"2022-03-21T09:25:42+00:00","breadcrumb":{"@id":"https:\/\/www.eldiario.net\/portal\/2022\/03\/21\/sector-privado-cuestiona-propuesta-de-cob-y-apela-al-convenio-131-de-oit\/#breadcrumb"},"inLanguage":"es","potentialAction":[{"@type":"ReadAction","target":["https:\/\/www.eldiario.net\/portal\/2022\/03\/21\/sector-privado-cuestiona-propuesta-de-cob-y-apela-al-convenio-131-de-oit\/"]}]},{"@type":"ImageObject","inLanguage":"es","@id":"https:\/\/www.eldiario.net\/portal\/2022\/03\/21\/sector-privado-cuestiona-propuesta-de-cob-y-apela-al-convenio-131-de-oit\/#primaryimage","url":"","contentUrl":""},{"@type":"BreadcrumbList","@id":"https:\/\/www.eldiario.net\/portal\/2022\/03\/21\/sector-privado-cuestiona-propuesta-de-cob-y-apela-al-convenio-131-de-oit\/#breadcrumb","itemListElement":[{"@type":"ListItem","position":1,"name":"Portada","item":"https:\/\/www.eldiario.net\/portal\/"},{"@type":"ListItem","position":2,"name":"Sector privado cuestiona propuesta de COB y apela al convenio 131 de OIT"}]},{"@type":"WebSite","@id":"https:\/\/www.eldiario.net\/portal\/#website","url":"https:\/\/www.eldiario.net\/portal\/","name":"El Diario - Decano de la prensa nacional","description":"El Diario - Decano de la prensa nacional","publisher":{"@id":"https:\/\/www.eldiario.net\/portal\/#organization"},"potentialAction":[{"@type":"SearchAction","target":{"@type":"EntryPoint","urlTemplate":"https:\/\/www.eldiario.net\/portal\/?s={search_term_string}"},"query-input":{"@type":"PropertyValueSpecification","valueRequired":true,"valueName":"search_term_string"}}],"inLanguage":"es"},{"@type":"Organization","@id":"https:\/\/www.eldiario.net\/portal\/#organization","name":"El Diario - Decano de la prensa nacional","url":"https:\/\/www.eldiario.net\/portal\/","logo":{"@type":"ImageObject","inLanguage":"es","@id":"https:\/\/www.eldiario.net\/portal\/#\/schema\/logo\/image\/","url":"https:\/\/www.eldiario.net\/portal\/wp-content\/uploads\/2023\/07\/logo_ED.jpg","contentUrl":"https:\/\/www.eldiario.net\/portal\/wp-content\/uploads\/2023\/07\/logo_ED.jpg","width":272,"height":52,"caption":"El Diario - Decano de la prensa nacional"},"image":{"@id":"https:\/\/www.eldiario.net\/portal\/#\/schema\/logo\/image\/"},"sameAs":["https:\/\/www.facebook.com\/eldiario.bolivia\/","https:\/\/x.com\/eldiario_net"]},{"@type":"Person","@id":"https:\/\/www.eldiario.net\/portal\/#\/schema\/person\/f46445640444750d7d753ccd04ae01b7","name":"Jeanette","image":{"@type":"ImageObject","inLanguage":"es","@id":"https:\/\/secure.gravatar.com\/avatar\/3ea2118a5f7dad2b7138b1187a6b7ee55f160b9968b66013c3a3ef39dd7e5798?s=96&d=mm&r=g","url":"https:\/\/secure.gravatar.com\/avatar\/3ea2118a5f7dad2b7138b1187a6b7ee55f160b9968b66013c3a3ef39dd7e5798?s=96&d=mm&r=g","contentUrl":"https:\/\/secure.gravatar.com\/avatar\/3ea2118a5f7dad2b7138b1187a6b7ee55f160b9968b66013c3a3ef39dd7e5798?s=96&d=mm&r=g","caption":"Jeanette"},"sameAs":["https:\/\/www.eldiario.net\/portal"],"url":"https:\/\/www.eldiario.net\/portal\/author\/jeanette\/"}]}},"_links":{"self":[{"href":"https:\/\/www.eldiario.net\/portal\/wp-json\/wp\/v2\/posts\/71011","targetHints":{"allow":["GET"]}}],"collection":[{"href":"https:\/\/www.eldiario.net\/portal\/wp-json\/wp\/v2\/posts"}],"about":[{"href":"https:\/\/www.eldiario.net\/portal\/wp-json\/wp\/v2\/types\/post"}],"author":[{"embeddable":true,"href":"https:\/\/www.eldiario.net\/portal\/wp-json\/wp\/v2\/users\/1"}],"replies":[{"embeddable":true,"href":"https:\/\/www.eldiario.net\/portal\/wp-json\/wp\/v2\/comments?post=71011"}],"version-history":[{"count":0,"href":"https:\/\/www.eldiario.net\/portal\/wp-json\/wp\/v2\/posts\/71011\/revisions"}],"wp:attachment":[{"href":"https:\/\/www.eldiario.net\/portal\/wp-json\/wp\/v2\/media?parent=71011"}],"wp:term":[{"taxonomy":"category","embeddable":true,"href":"https:\/\/www.eldiario.net\/portal\/wp-json\/wp\/v2\/categories?post=71011"},{"taxonomy":"post_tag","embeddable":true,"href":"https:\/\/www.eldiario.net\/portal\/wp-json\/wp\/v2\/tags?post=71011"}],"curies":[{"name":"wp","href":"https:\/\/api.w.org\/{rel}","templated":true}]}}