{"id":71008,"date":"2022-03-21T05:24:13","date_gmt":"2022-03-21T09:24:13","guid":{"rendered":"https:\/\/www.eldiario.net\/portal\/?p=71008"},"modified":"2022-03-21T05:24:13","modified_gmt":"2022-03-21T09:24:13","slug":"empresarios-abogan-por-la-unidad-complementariedad-y-sustentabilidad","status":"publish","type":"post","link":"https:\/\/www.eldiario.net\/portal\/2022\/03\/21\/empresarios-abogan-por-la-unidad-complementariedad-y-sustentabilidad\/","title":{"rendered":"Empresarios abogan por la unidad, complementariedad y sustentabilidad"},"content":{"rendered":"<p>Los empresarios abogan por la unidad, complementariedad y la sustentabilidad del empleo, principales inquietudes abordas en las 10 mesas de trabajo, en la Cumbre para la Reactivaci\u00f3n Econ\u00f3mica y Productiva de Bolivia y en esta semana presentar\u00e1n sus propuestas formales al Gobierno.<br \/>\nLa Cumbre para la Reactivaci\u00f3n Econ\u00f3mica y Productiva de Bolivia, se realiz\u00f3 el 17 de marzo en La Paz, con la participaci\u00f3n de m\u00e1s de 1.100 actores de la econom\u00eda, 120 asociaciones productivas de todo el pa\u00eds, 36 gremios o instituciones de los nueve departamentos, 21 embajadas acreditadas en Bolivia, 120 representantes de la Cooperaci\u00f3n Internacional, 50 representantes de la Academia y delegados de diferentes Ministerios, Gobernaciones y Municipios a nivel nacional.<br \/>\nEl evento termin\u00f3 con la elaboraci\u00f3n de un documento preliminar que ser\u00e1 ampliado en la sistematizaci\u00f3n de una propuesta para la reactivaci\u00f3n econ\u00f3mica y productiva del pa\u00eds, que ser\u00e1 presentado al Gobierno.<br \/>\nEn la Cumbre se realizaron simult\u00e1neamente 10 mesas de trabajo en las que los participantes discutieron cada uno de los temas: Las 10 mesas en las que se trabajaron fueron las siguientes: Lucha contra Contrabando e informalidad; formalizaci\u00f3n, empleabilidad y formaci\u00f3n laboral; regulaci\u00f3n, normativa y propuestas tributarias; financiamiento p\u00fablico y privado; esquemas de Asociaciones o Alianzas P\u00fablico Privadas; integraci\u00f3n de cadenas de valor (mercado nacional e internacional), log\u00edstica y exportaciones; sustentabilidad, medioambiente y econom\u00eda circular; digitalizaci\u00f3n, innovaci\u00f3n y g\u00e9nero; sustituci\u00f3n de importaciones; y desarrollo de una Propuesta Productiva Nacional.<br \/>\nLos insumos recogidos en estas mesas de trabajo alimentaron las conclusiones preliminares de la Cumbre y ser\u00e1n sistematizados para orientar el trabajo de las asociaciones productivas, gremios e instituciones que participaron en el encuentro, para la formulaci\u00f3n de la Propuesta Nacional Productiva, la misma que ser\u00e1 la agenda de temas priorizados para la reactivaci\u00f3n econ\u00f3mica para el corto y mediano plazo.<\/p>\n<p>Conclusiones de<br \/>\nlas mesas de trabajo<br \/>\nLas mesas de trabajo brindaron 11 conclusiones, y una de las primeras que se prioriz\u00f3 fue la lucha contra el contrabando, cuyo problema afecta al sector productivo nacional, y por tanto demandan mayores acciones de interdicci\u00f3n, campa\u00f1as de comunicaci\u00f3n y concientizaci\u00f3n de apoyo a la industria nacional y al comercio formal.<br \/>\nLa sugerencia de los empresarios van por modificaci\u00f3n de normativas para sancionar el il\u00edcito de contrabando (Art\u00edculo 181 del C\u00f3digo Tributario y la creaci\u00f3n de comit\u00e9s p\u00fablico-privado nacional y departamentales de lucha contra el contrabando).<br \/>\nTambi\u00e9n est\u00e1 la propuesta de actualizar el C\u00f3digo de Comercio y la Ley General del Trabajo, as\u00ed como la normativa conexa y la modificaci\u00f3n del sistema tributario en beneficio de los sectores productivos.<br \/>\nSugieren la reducci\u00f3n de al\u00edcuotas de aquellos impuestos nacionales que fomentan el contrabando (IVA, ICE e IT), as\u00ed como la disminuci\u00f3n de los aranceles sobre bienes de capital, insumos y bienes intermedios, para promover la productividad y competitividad.<br \/>\nAbogan por la simplificaci\u00f3n de la tramitologica, que genera altos costos y tiempos de transacci\u00f3n al sector productivo y aplicar la regulaci\u00f3n de manera equitativa, transversal y universal.<br \/>\nOtra de las conclusiones busca aplicar y promover pol\u00edticas de concientizaci\u00f3n, de fomento y de transici\u00f3n hacia una econom\u00eda m\u00e1s sustentable, a trav\u00e9s de incentivos, cambio de matriz energ\u00e9tica y la implementaci\u00f3n de la econom\u00eda circular.<br \/>\nA pesar de que el Gobierno asegura que brinda facilidades de cr\u00e9dito a micro, peque\u00f1as y grandes empresas a trav\u00e9s de fondos de garant\u00eda, una de las conclusiones solicita desarrollar pol\u00edticas que faciliten el acceso al cr\u00e9dito productivo.<\/p>\n","protected":false},"excerpt":{"rendered":"<p>Los empresarios abogan por la unidad, complementariedad y la sustentabilidad del empleo, principales inquietudes abordas en las 10 mesas de trabajo, en la Cumbre para la Reactivaci\u00f3n Econ\u00f3mica y Productiva de Bolivia y en esta semana presentar\u00e1n sus propuestas formales al Gobierno. La Cumbre para la Reactivaci\u00f3n Econ\u00f3mica y Productiva de Bolivia, se realiz\u00f3 el [&hellip;]<\/p>\n","protected":false},"author":1,"featured_media":71009,"comment_status":"closed","ping_status":"closed","sticky":false,"template":"","format":"standard","meta":{"_acf_changed":false,"footnotes":""},"categories":[7],"tags":[],"class_list":["post-71008","post","type-post","status-publish","format-standard","has-post-thumbnail","category-economia"],"acf":{"antetitulo":""},"yoast_head":"<!-- This site is optimized with the Yoast SEO plugin v28.3 - https:\/\/yoast.com\/product\/yoast-seo-wordpress\/ -->\n<title>Empresarios abogan por la unidad, complementariedad y sustentabilidad - El Diario - Bolivia<\/title>\n<meta name=\"robots\" content=\"index, follow, max-snippet:-1, max-image-preview:large, max-video-preview:-1\" \/>\n<link rel=\"canonical\" href=\"https:\/\/www.eldiario.net\/portal\/2022\/03\/21\/empresarios-abogan-por-la-unidad-complementariedad-y-sustentabilidad\/\" \/>\n<meta property=\"og:locale\" content=\"es_ES\" \/>\n<meta property=\"og:type\" content=\"article\" \/>\n<meta property=\"og:title\" content=\"Empresarios abogan por la unidad, complementariedad y sustentabilidad - El Diario - Bolivia\" \/>\n<meta property=\"og:description\" content=\"Los empresarios abogan por la unidad, complementariedad y la sustentabilidad del empleo, principales inquietudes abordas en las 10 mesas de trabajo, en la Cumbre para la Reactivaci\u00f3n Econ\u00f3mica y Productiva de Bolivia y en esta semana presentar\u00e1n sus propuestas formales al Gobierno. La Cumbre para la Reactivaci\u00f3n Econ\u00f3mica y Productiva de Bolivia, se realiz\u00f3 el [&hellip;]\" \/>\n<meta property=\"og:url\" content=\"https:\/\/www.eldiario.net\/portal\/2022\/03\/21\/empresarios-abogan-por-la-unidad-complementariedad-y-sustentabilidad\/\" \/>\n<meta property=\"og:site_name\" content=\"El Diario - Bolivia\" \/>\n<meta property=\"article:publisher\" content=\"https:\/\/www.facebook.com\/eldiario.bolivia\/\" \/>\n<meta property=\"article:published_time\" content=\"2022-03-21T09:24:13+00:00\" \/>\n<meta name=\"author\" content=\"Jeanette\" \/>\n<meta name=\"twitter:card\" content=\"summary_large_image\" \/>\n<meta name=\"twitter:creator\" content=\"@eldiario_net\" \/>\n<meta name=\"twitter:site\" content=\"@eldiario_net\" \/>\n<meta name=\"twitter:label1\" content=\"Escrito por\" \/>\n\t<meta name=\"twitter:data1\" content=\"Jeanette\" \/>\n\t<meta name=\"twitter:label2\" content=\"Tiempo de lectura\" \/>\n\t<meta name=\"twitter:data2\" content=\"3 minutos\" \/>\n<script type=\"application\/ld+json\" class=\"yoast-schema-graph\">{\"@context\":\"https:\\\/\\\/schema.org\",\"@graph\":[{\"@type\":\"Article\",\"@id\":\"https:\\\/\\\/www.eldiario.net\\\/portal\\\/2022\\\/03\\\/21\\\/empresarios-abogan-por-la-unidad-complementariedad-y-sustentabilidad\\\/#article\",\"isPartOf\":{\"@id\":\"https:\\\/\\\/www.eldiario.net\\\/portal\\\/2022\\\/03\\\/21\\\/empresarios-abogan-por-la-unidad-complementariedad-y-sustentabilidad\\\/\"},\"author\":{\"name\":\"Jeanette\",\"@id\":\"https:\\\/\\\/www.eldiario.net\\\/portal\\\/#\\\/schema\\\/person\\\/f46445640444750d7d753ccd04ae01b7\"},\"headline\":\"Empresarios abogan por la unidad, complementariedad y sustentabilidad\",\"datePublished\":\"2022-03-21T09:24:13+00:00\",\"mainEntityOfPage\":{\"@id\":\"https:\\\/\\\/www.eldiario.net\\\/portal\\\/2022\\\/03\\\/21\\\/empresarios-abogan-por-la-unidad-complementariedad-y-sustentabilidad\\\/\"},\"wordCount\":624,\"publisher\":{\"@id\":\"https:\\\/\\\/www.eldiario.net\\\/portal\\\/#organization\"},\"image\":{\"@id\":\"https:\\\/\\\/www.eldiario.net\\\/portal\\\/2022\\\/03\\\/21\\\/empresarios-abogan-por-la-unidad-complementariedad-y-sustentabilidad\\\/#primaryimage\"},\"thumbnailUrl\":\"\",\"articleSection\":[\"Econom\u00eda\"],\"inLanguage\":\"es\"},{\"@type\":\"WebPage\",\"@id\":\"https:\\\/\\\/www.eldiario.net\\\/portal\\\/2022\\\/03\\\/21\\\/empresarios-abogan-por-la-unidad-complementariedad-y-sustentabilidad\\\/\",\"url\":\"https:\\\/\\\/www.eldiario.net\\\/portal\\\/2022\\\/03\\\/21\\\/empresarios-abogan-por-la-unidad-complementariedad-y-sustentabilidad\\\/\",\"name\":\"Empresarios abogan por la unidad, complementariedad y sustentabilidad - El Diario - Bolivia\",\"isPartOf\":{\"@id\":\"https:\\\/\\\/www.eldiario.net\\\/portal\\\/#website\"},\"primaryImageOfPage\":{\"@id\":\"https:\\\/\\\/www.eldiario.net\\\/portal\\\/2022\\\/03\\\/21\\\/empresarios-abogan-por-la-unidad-complementariedad-y-sustentabilidad\\\/#primaryimage\"},\"image\":{\"@id\":\"https:\\\/\\\/www.eldiario.net\\\/portal\\\/2022\\\/03\\\/21\\\/empresarios-abogan-por-la-unidad-complementariedad-y-sustentabilidad\\\/#primaryimage\"},\"thumbnailUrl\":\"\",\"datePublished\":\"2022-03-21T09:24:13+00:00\",\"breadcrumb\":{\"@id\":\"https:\\\/\\\/www.eldiario.net\\\/portal\\\/2022\\\/03\\\/21\\\/empresarios-abogan-por-la-unidad-complementariedad-y-sustentabilidad\\\/#breadcrumb\"},\"inLanguage\":\"es\",\"potentialAction\":[{\"@type\":\"ReadAction\",\"target\":[\"https:\\\/\\\/www.eldiario.net\\\/portal\\\/2022\\\/03\\\/21\\\/empresarios-abogan-por-la-unidad-complementariedad-y-sustentabilidad\\\/\"]}]},{\"@type\":\"ImageObject\",\"inLanguage\":\"es\",\"@id\":\"https:\\\/\\\/www.eldiario.net\\\/portal\\\/2022\\\/03\\\/21\\\/empresarios-abogan-por-la-unidad-complementariedad-y-sustentabilidad\\\/#primaryimage\",\"url\":\"\",\"contentUrl\":\"\"},{\"@type\":\"BreadcrumbList\",\"@id\":\"https:\\\/\\\/www.eldiario.net\\\/portal\\\/2022\\\/03\\\/21\\\/empresarios-abogan-por-la-unidad-complementariedad-y-sustentabilidad\\\/#breadcrumb\",\"itemListElement\":[{\"@type\":\"ListItem\",\"position\":1,\"name\":\"Portada\",\"item\":\"https:\\\/\\\/www.eldiario.net\\\/portal\\\/\"},{\"@type\":\"ListItem\",\"position\":2,\"name\":\"Empresarios abogan por la unidad, complementariedad y sustentabilidad\"}]},{\"@type\":\"WebSite\",\"@id\":\"https:\\\/\\\/www.eldiario.net\\\/portal\\\/#website\",\"url\":\"https:\\\/\\\/www.eldiario.net\\\/portal\\\/\",\"name\":\"El Diario - Decano de la prensa nacional\",\"description\":\"El Diario - Decano de la prensa nacional\",\"publisher\":{\"@id\":\"https:\\\/\\\/www.eldiario.net\\\/portal\\\/#organization\"},\"potentialAction\":[{\"@type\":\"SearchAction\",\"target\":{\"@type\":\"EntryPoint\",\"urlTemplate\":\"https:\\\/\\\/www.eldiario.net\\\/portal\\\/?s={search_term_string}\"},\"query-input\":{\"@type\":\"PropertyValueSpecification\",\"valueRequired\":true,\"valueName\":\"search_term_string\"}}],\"inLanguage\":\"es\"},{\"@type\":\"Organization\",\"@id\":\"https:\\\/\\\/www.eldiario.net\\\/portal\\\/#organization\",\"name\":\"El Diario - Decano de la prensa nacional\",\"url\":\"https:\\\/\\\/www.eldiario.net\\\/portal\\\/\",\"logo\":{\"@type\":\"ImageObject\",\"inLanguage\":\"es\",\"@id\":\"https:\\\/\\\/www.eldiario.net\\\/portal\\\/#\\\/schema\\\/logo\\\/image\\\/\",\"url\":\"https:\\\/\\\/www.eldiario.net\\\/portal\\\/wp-content\\\/uploads\\\/2023\\\/07\\\/logo_ED.jpg\",\"contentUrl\":\"https:\\\/\\\/www.eldiario.net\\\/portal\\\/wp-content\\\/uploads\\\/2023\\\/07\\\/logo_ED.jpg\",\"width\":272,\"height\":52,\"caption\":\"El Diario - Decano de la prensa nacional\"},\"image\":{\"@id\":\"https:\\\/\\\/www.eldiario.net\\\/portal\\\/#\\\/schema\\\/logo\\\/image\\\/\"},\"sameAs\":[\"https:\\\/\\\/www.facebook.com\\\/eldiario.bolivia\\\/\",\"https:\\\/\\\/x.com\\\/eldiario_net\"]},{\"@type\":\"Person\",\"@id\":\"https:\\\/\\\/www.eldiario.net\\\/portal\\\/#\\\/schema\\\/person\\\/f46445640444750d7d753ccd04ae01b7\",\"name\":\"Jeanette\",\"image\":{\"@type\":\"ImageObject\",\"inLanguage\":\"es\",\"@id\":\"https:\\\/\\\/secure.gravatar.com\\\/avatar\\\/3ea2118a5f7dad2b7138b1187a6b7ee55f160b9968b66013c3a3ef39dd7e5798?s=96&d=mm&r=g\",\"url\":\"https:\\\/\\\/secure.gravatar.com\\\/avatar\\\/3ea2118a5f7dad2b7138b1187a6b7ee55f160b9968b66013c3a3ef39dd7e5798?s=96&d=mm&r=g\",\"contentUrl\":\"https:\\\/\\\/secure.gravatar.com\\\/avatar\\\/3ea2118a5f7dad2b7138b1187a6b7ee55f160b9968b66013c3a3ef39dd7e5798?s=96&d=mm&r=g\",\"caption\":\"Jeanette\"},\"sameAs\":[\"https:\\\/\\\/www.eldiario.net\\\/portal\"],\"url\":\"https:\\\/\\\/www.eldiario.net\\\/portal\\\/author\\\/jeanette\\\/\"}]}<\/script>\n<!-- \/ Yoast SEO plugin. -->","yoast_head_json":{"title":"Empresarios abogan por la unidad, complementariedad y sustentabilidad - El Diario - Bolivia","robots":{"index":"index","follow":"follow","max-snippet":"max-snippet:-1","max-image-preview":"max-image-preview:large","max-video-preview":"max-video-preview:-1"},"canonical":"https:\/\/www.eldiario.net\/portal\/2022\/03\/21\/empresarios-abogan-por-la-unidad-complementariedad-y-sustentabilidad\/","og_locale":"es_ES","og_type":"article","og_title":"Empresarios abogan por la unidad, complementariedad y sustentabilidad - El Diario - Bolivia","og_description":"Los empresarios abogan por la unidad, complementariedad y la sustentabilidad del empleo, principales inquietudes abordas en las 10 mesas de trabajo, en la Cumbre para la Reactivaci\u00f3n Econ\u00f3mica y Productiva de Bolivia y en esta semana presentar\u00e1n sus propuestas formales al Gobierno. La Cumbre para la Reactivaci\u00f3n Econ\u00f3mica y Productiva de Bolivia, se realiz\u00f3 el [&hellip;]","og_url":"https:\/\/www.eldiario.net\/portal\/2022\/03\/21\/empresarios-abogan-por-la-unidad-complementariedad-y-sustentabilidad\/","og_site_name":"El Diario - Bolivia","article_publisher":"https:\/\/www.facebook.com\/eldiario.bolivia\/","article_published_time":"2022-03-21T09:24:13+00:00","author":"Jeanette","twitter_card":"summary_large_image","twitter_creator":"@eldiario_net","twitter_site":"@eldiario_net","twitter_misc":{"Escrito por":"Jeanette","Tiempo de lectura":"3 minutos"},"schema":{"@context":"https:\/\/schema.org","@graph":[{"@type":"Article","@id":"https:\/\/www.eldiario.net\/portal\/2022\/03\/21\/empresarios-abogan-por-la-unidad-complementariedad-y-sustentabilidad\/#article","isPartOf":{"@id":"https:\/\/www.eldiario.net\/portal\/2022\/03\/21\/empresarios-abogan-por-la-unidad-complementariedad-y-sustentabilidad\/"},"author":{"name":"Jeanette","@id":"https:\/\/www.eldiario.net\/portal\/#\/schema\/person\/f46445640444750d7d753ccd04ae01b7"},"headline":"Empresarios abogan por la unidad, complementariedad y sustentabilidad","datePublished":"2022-03-21T09:24:13+00:00","mainEntityOfPage":{"@id":"https:\/\/www.eldiario.net\/portal\/2022\/03\/21\/empresarios-abogan-por-la-unidad-complementariedad-y-sustentabilidad\/"},"wordCount":624,"publisher":{"@id":"https:\/\/www.eldiario.net\/portal\/#organization"},"image":{"@id":"https:\/\/www.eldiario.net\/portal\/2022\/03\/21\/empresarios-abogan-por-la-unidad-complementariedad-y-sustentabilidad\/#primaryimage"},"thumbnailUrl":"","articleSection":["Econom\u00eda"],"inLanguage":"es"},{"@type":"WebPage","@id":"https:\/\/www.eldiario.net\/portal\/2022\/03\/21\/empresarios-abogan-por-la-unidad-complementariedad-y-sustentabilidad\/","url":"https:\/\/www.eldiario.net\/portal\/2022\/03\/21\/empresarios-abogan-por-la-unidad-complementariedad-y-sustentabilidad\/","name":"Empresarios abogan por la unidad, complementariedad y sustentabilidad - El Diario - Bolivia","isPartOf":{"@id":"https:\/\/www.eldiario.net\/portal\/#website"},"primaryImageOfPage":{"@id":"https:\/\/www.eldiario.net\/portal\/2022\/03\/21\/empresarios-abogan-por-la-unidad-complementariedad-y-sustentabilidad\/#primaryimage"},"image":{"@id":"https:\/\/www.eldiario.net\/portal\/2022\/03\/21\/empresarios-abogan-por-la-unidad-complementariedad-y-sustentabilidad\/#primaryimage"},"thumbnailUrl":"","datePublished":"2022-03-21T09:24:13+00:00","breadcrumb":{"@id":"https:\/\/www.eldiario.net\/portal\/2022\/03\/21\/empresarios-abogan-por-la-unidad-complementariedad-y-sustentabilidad\/#breadcrumb"},"inLanguage":"es","potentialAction":[{"@type":"ReadAction","target":["https:\/\/www.eldiario.net\/portal\/2022\/03\/21\/empresarios-abogan-por-la-unidad-complementariedad-y-sustentabilidad\/"]}]},{"@type":"ImageObject","inLanguage":"es","@id":"https:\/\/www.eldiario.net\/portal\/2022\/03\/21\/empresarios-abogan-por-la-unidad-complementariedad-y-sustentabilidad\/#primaryimage","url":"","contentUrl":""},{"@type":"BreadcrumbList","@id":"https:\/\/www.eldiario.net\/portal\/2022\/03\/21\/empresarios-abogan-por-la-unidad-complementariedad-y-sustentabilidad\/#breadcrumb","itemListElement":[{"@type":"ListItem","position":1,"name":"Portada","item":"https:\/\/www.eldiario.net\/portal\/"},{"@type":"ListItem","position":2,"name":"Empresarios abogan por la unidad, complementariedad y sustentabilidad"}]},{"@type":"WebSite","@id":"https:\/\/www.eldiario.net\/portal\/#website","url":"https:\/\/www.eldiario.net\/portal\/","name":"El Diario - Decano de la prensa nacional","description":"El Diario - Decano de la prensa nacional","publisher":{"@id":"https:\/\/www.eldiario.net\/portal\/#organization"},"potentialAction":[{"@type":"SearchAction","target":{"@type":"EntryPoint","urlTemplate":"https:\/\/www.eldiario.net\/portal\/?s={search_term_string}"},"query-input":{"@type":"PropertyValueSpecification","valueRequired":true,"valueName":"search_term_string"}}],"inLanguage":"es"},{"@type":"Organization","@id":"https:\/\/www.eldiario.net\/portal\/#organization","name":"El Diario - Decano de la prensa nacional","url":"https:\/\/www.eldiario.net\/portal\/","logo":{"@type":"ImageObject","inLanguage":"es","@id":"https:\/\/www.eldiario.net\/portal\/#\/schema\/logo\/image\/","url":"https:\/\/www.eldiario.net\/portal\/wp-content\/uploads\/2023\/07\/logo_ED.jpg","contentUrl":"https:\/\/www.eldiario.net\/portal\/wp-content\/uploads\/2023\/07\/logo_ED.jpg","width":272,"height":52,"caption":"El Diario - Decano de la prensa nacional"},"image":{"@id":"https:\/\/www.eldiario.net\/portal\/#\/schema\/logo\/image\/"},"sameAs":["https:\/\/www.facebook.com\/eldiario.bolivia\/","https:\/\/x.com\/eldiario_net"]},{"@type":"Person","@id":"https:\/\/www.eldiario.net\/portal\/#\/schema\/person\/f46445640444750d7d753ccd04ae01b7","name":"Jeanette","image":{"@type":"ImageObject","inLanguage":"es","@id":"https:\/\/secure.gravatar.com\/avatar\/3ea2118a5f7dad2b7138b1187a6b7ee55f160b9968b66013c3a3ef39dd7e5798?s=96&d=mm&r=g","url":"https:\/\/secure.gravatar.com\/avatar\/3ea2118a5f7dad2b7138b1187a6b7ee55f160b9968b66013c3a3ef39dd7e5798?s=96&d=mm&r=g","contentUrl":"https:\/\/secure.gravatar.com\/avatar\/3ea2118a5f7dad2b7138b1187a6b7ee55f160b9968b66013c3a3ef39dd7e5798?s=96&d=mm&r=g","caption":"Jeanette"},"sameAs":["https:\/\/www.eldiario.net\/portal"],"url":"https:\/\/www.eldiario.net\/portal\/author\/jeanette\/"}]}},"_links":{"self":[{"href":"https:\/\/www.eldiario.net\/portal\/wp-json\/wp\/v2\/posts\/71008","targetHints":{"allow":["GET"]}}],"collection":[{"href":"https:\/\/www.eldiario.net\/portal\/wp-json\/wp\/v2\/posts"}],"about":[{"href":"https:\/\/www.eldiario.net\/portal\/wp-json\/wp\/v2\/types\/post"}],"author":[{"embeddable":true,"href":"https:\/\/www.eldiario.net\/portal\/wp-json\/wp\/v2\/users\/1"}],"replies":[{"embeddable":true,"href":"https:\/\/www.eldiario.net\/portal\/wp-json\/wp\/v2\/comments?post=71008"}],"version-history":[{"count":0,"href":"https:\/\/www.eldiario.net\/portal\/wp-json\/wp\/v2\/posts\/71008\/revisions"}],"wp:attachment":[{"href":"https:\/\/www.eldiario.net\/portal\/wp-json\/wp\/v2\/media?parent=71008"}],"wp:term":[{"taxonomy":"category","embeddable":true,"href":"https:\/\/www.eldiario.net\/portal\/wp-json\/wp\/v2\/categories?post=71008"},{"taxonomy":"post_tag","embeddable":true,"href":"https:\/\/www.eldiario.net\/portal\/wp-json\/wp\/v2\/tags?post=71008"}],"curies":[{"name":"wp","href":"https:\/\/api.w.org\/{rel}","templated":true}]}}