{"id":71002,"date":"2022-03-21T05:22:21","date_gmt":"2022-03-21T09:22:21","guid":{"rendered":"https:\/\/www.eldiario.net\/portal\/?p=71002"},"modified":"2022-03-21T05:22:21","modified_gmt":"2022-03-21T09:22:21","slug":"incautan-celulares-valorados-en-mas-de-150-mil-bolivianos","status":"publish","type":"post","link":"https:\/\/www.eldiario.net\/portal\/2022\/03\/21\/incautan-celulares-valorados-en-mas-de-150-mil-bolivianos\/","title":{"rendered":"Incautan celulares valorados en m\u00e1s de 150 mil bolivianos"},"content":{"rendered":"<p>La Aduana Nacional incaut\u00f3 ayer 96 celulares de gama media, valorados en m\u00e1s de 150.000 bolivianos, durante dos controles rutinarios que se realizaban en el punto de inspecci\u00f3n aduanero de Guaqui, a casi dos horas de la ciudad de La Paz.<br \/>\nEn el Punto de inspecci\u00f3n Aduanero (PIA) de Guaqui, los funcionarios de la Unidad de Control Operativo Estrat\u00e9gico (UCOE) identificaron los motorizados. Al momento de la inspecci\u00f3n, hallaron que se transportaba mercanc\u00eda de contrabando, por tanto, se procedi\u00f3 a su decomiso. Al realizar el aforo f\u00edsico de la mercader\u00eda, se contabilizaron 43 celulares del primer operativo y 53 del segundo.<br \/>\nLos tel\u00e9fonos de gama media no contaban con documentaci\u00f3n de respaldo para su internaci\u00f3n y comercializaci\u00f3n; tampoco poseen registro de sus c\u00f3digos IMEI en el sistema de la Aduana Nacional, comprobando su ingreso ilegal a territorio boliviano.<br \/>\nEsa internaci\u00f3n de electr\u00f3nicos sin documentaci\u00f3n no solo genera un da\u00f1o econ\u00f3mico al pa\u00eds; sino un conflicto al futuro usuario porque no tiene la garant\u00eda de su funcionamiento ni durabilidad.<\/p>\n<p>UNIDOS CONTRA EL<br \/>\nCONTRABANDO<br \/>\nEn el marco de la lucha contra el contrabando, en Bolivia se comisaron m\u00e1s de 130.6 millones de bolivianos, desde enero hasta la tercera semana de marzo. En cuanto a los operativos y controles que se realizan en las principales rutas y puntos de inspecci\u00f3n, hasta el momento estos ascienden a m\u00e1s de 2.000.<br \/>\nEl rubro con mayor valor en comisarse son los motorizados, con un equivalente a m\u00e1s de 82,7 millones de bolivianos; seguido por prender\u00eda valorada en 10,8 millones de bolivianos, aproximadamente; electr\u00f3nicos y electrodom\u00e9sticos 8,3 millones de bolivianos; aeronaves o veh\u00edculos espaciales 4 millones de bolivianos; bebidas en m\u00e1s de 3,1 millones de bolivianos. Entre otras mercanc\u00edas, figuran los cosm\u00e9ticos valuados en 2,3 millones de bolivianos y alimentos en 1,2 millones de bolivianos.<\/p>\n","protected":false},"excerpt":{"rendered":"<p>La Aduana Nacional incaut\u00f3 ayer 96 celulares de gama media, valorados en m\u00e1s de 150.000 bolivianos, durante dos controles rutinarios que se realizaban en el punto de inspecci\u00f3n aduanero de Guaqui, a casi dos horas de la ciudad de La Paz. En el Punto de inspecci\u00f3n Aduanero (PIA) de Guaqui, los funcionarios de la Unidad [&hellip;]<\/p>\n","protected":false},"author":1,"featured_media":71003,"comment_status":"closed","ping_status":"closed","sticky":false,"template":"","format":"standard","meta":{"_acf_changed":false,"footnotes":""},"categories":[7],"tags":[],"class_list":["post-71002","post","type-post","status-publish","format-standard","has-post-thumbnail","category-economia"],"acf":{"antetitulo":""},"yoast_head":"<!-- This site is optimized with the Yoast SEO plugin v28.3 - https:\/\/yoast.com\/product\/yoast-seo-wordpress\/ -->\n<title>Incautan celulares valorados en m\u00e1s de 150 mil bolivianos - El Diario - Bolivia<\/title>\n<meta name=\"robots\" content=\"index, follow, max-snippet:-1, max-image-preview:large, max-video-preview:-1\" \/>\n<link rel=\"canonical\" href=\"https:\/\/www.eldiario.net\/portal\/2022\/03\/21\/incautan-celulares-valorados-en-mas-de-150-mil-bolivianos\/\" \/>\n<meta property=\"og:locale\" content=\"es_ES\" \/>\n<meta property=\"og:type\" content=\"article\" \/>\n<meta property=\"og:title\" content=\"Incautan celulares valorados en m\u00e1s de 150 mil bolivianos - El Diario - Bolivia\" \/>\n<meta property=\"og:description\" content=\"La Aduana Nacional incaut\u00f3 ayer 96 celulares de gama media, valorados en m\u00e1s de 150.000 bolivianos, durante dos controles rutinarios que se realizaban en el punto de inspecci\u00f3n aduanero de Guaqui, a casi dos horas de la ciudad de La Paz. En el Punto de inspecci\u00f3n Aduanero (PIA) de Guaqui, los funcionarios de la Unidad [&hellip;]\" \/>\n<meta property=\"og:url\" content=\"https:\/\/www.eldiario.net\/portal\/2022\/03\/21\/incautan-celulares-valorados-en-mas-de-150-mil-bolivianos\/\" \/>\n<meta property=\"og:site_name\" content=\"El Diario - Bolivia\" \/>\n<meta property=\"article:publisher\" content=\"https:\/\/www.facebook.com\/eldiario.bolivia\/\" \/>\n<meta property=\"article:published_time\" content=\"2022-03-21T09:22:21+00:00\" \/>\n<meta name=\"author\" content=\"Jeanette\" \/>\n<meta name=\"twitter:card\" content=\"summary_large_image\" \/>\n<meta name=\"twitter:creator\" content=\"@eldiario_net\" \/>\n<meta name=\"twitter:site\" content=\"@eldiario_net\" \/>\n<meta name=\"twitter:label1\" content=\"Escrito por\" \/>\n\t<meta name=\"twitter:data1\" content=\"Jeanette\" \/>\n\t<meta name=\"twitter:label2\" content=\"Tiempo de lectura\" \/>\n\t<meta name=\"twitter:data2\" content=\"2 minutos\" \/>\n<script type=\"application\/ld+json\" class=\"yoast-schema-graph\">{\"@context\":\"https:\\\/\\\/schema.org\",\"@graph\":[{\"@type\":\"Article\",\"@id\":\"https:\\\/\\\/www.eldiario.net\\\/portal\\\/2022\\\/03\\\/21\\\/incautan-celulares-valorados-en-mas-de-150-mil-bolivianos\\\/#article\",\"isPartOf\":{\"@id\":\"https:\\\/\\\/www.eldiario.net\\\/portal\\\/2022\\\/03\\\/21\\\/incautan-celulares-valorados-en-mas-de-150-mil-bolivianos\\\/\"},\"author\":{\"name\":\"Jeanette\",\"@id\":\"https:\\\/\\\/www.eldiario.net\\\/portal\\\/#\\\/schema\\\/person\\\/f46445640444750d7d753ccd04ae01b7\"},\"headline\":\"Incautan celulares valorados en m\u00e1s de 150 mil bolivianos\",\"datePublished\":\"2022-03-21T09:22:21+00:00\",\"mainEntityOfPage\":{\"@id\":\"https:\\\/\\\/www.eldiario.net\\\/portal\\\/2022\\\/03\\\/21\\\/incautan-celulares-valorados-en-mas-de-150-mil-bolivianos\\\/\"},\"wordCount\":325,\"publisher\":{\"@id\":\"https:\\\/\\\/www.eldiario.net\\\/portal\\\/#organization\"},\"image\":{\"@id\":\"https:\\\/\\\/www.eldiario.net\\\/portal\\\/2022\\\/03\\\/21\\\/incautan-celulares-valorados-en-mas-de-150-mil-bolivianos\\\/#primaryimage\"},\"thumbnailUrl\":\"\",\"articleSection\":[\"Econom\u00eda\"],\"inLanguage\":\"es\"},{\"@type\":\"WebPage\",\"@id\":\"https:\\\/\\\/www.eldiario.net\\\/portal\\\/2022\\\/03\\\/21\\\/incautan-celulares-valorados-en-mas-de-150-mil-bolivianos\\\/\",\"url\":\"https:\\\/\\\/www.eldiario.net\\\/portal\\\/2022\\\/03\\\/21\\\/incautan-celulares-valorados-en-mas-de-150-mil-bolivianos\\\/\",\"name\":\"Incautan celulares valorados en m\u00e1s de 150 mil bolivianos - El Diario - Bolivia\",\"isPartOf\":{\"@id\":\"https:\\\/\\\/www.eldiario.net\\\/portal\\\/#website\"},\"primaryImageOfPage\":{\"@id\":\"https:\\\/\\\/www.eldiario.net\\\/portal\\\/2022\\\/03\\\/21\\\/incautan-celulares-valorados-en-mas-de-150-mil-bolivianos\\\/#primaryimage\"},\"image\":{\"@id\":\"https:\\\/\\\/www.eldiario.net\\\/portal\\\/2022\\\/03\\\/21\\\/incautan-celulares-valorados-en-mas-de-150-mil-bolivianos\\\/#primaryimage\"},\"thumbnailUrl\":\"\",\"datePublished\":\"2022-03-21T09:22:21+00:00\",\"breadcrumb\":{\"@id\":\"https:\\\/\\\/www.eldiario.net\\\/portal\\\/2022\\\/03\\\/21\\\/incautan-celulares-valorados-en-mas-de-150-mil-bolivianos\\\/#breadcrumb\"},\"inLanguage\":\"es\",\"potentialAction\":[{\"@type\":\"ReadAction\",\"target\":[\"https:\\\/\\\/www.eldiario.net\\\/portal\\\/2022\\\/03\\\/21\\\/incautan-celulares-valorados-en-mas-de-150-mil-bolivianos\\\/\"]}]},{\"@type\":\"ImageObject\",\"inLanguage\":\"es\",\"@id\":\"https:\\\/\\\/www.eldiario.net\\\/portal\\\/2022\\\/03\\\/21\\\/incautan-celulares-valorados-en-mas-de-150-mil-bolivianos\\\/#primaryimage\",\"url\":\"\",\"contentUrl\":\"\"},{\"@type\":\"BreadcrumbList\",\"@id\":\"https:\\\/\\\/www.eldiario.net\\\/portal\\\/2022\\\/03\\\/21\\\/incautan-celulares-valorados-en-mas-de-150-mil-bolivianos\\\/#breadcrumb\",\"itemListElement\":[{\"@type\":\"ListItem\",\"position\":1,\"name\":\"Portada\",\"item\":\"https:\\\/\\\/www.eldiario.net\\\/portal\\\/\"},{\"@type\":\"ListItem\",\"position\":2,\"name\":\"Incautan celulares valorados en m\u00e1s de 150 mil bolivianos\"}]},{\"@type\":\"WebSite\",\"@id\":\"https:\\\/\\\/www.eldiario.net\\\/portal\\\/#website\",\"url\":\"https:\\\/\\\/www.eldiario.net\\\/portal\\\/\",\"name\":\"El Diario - Decano de la prensa nacional\",\"description\":\"El Diario - Decano de la prensa nacional\",\"publisher\":{\"@id\":\"https:\\\/\\\/www.eldiario.net\\\/portal\\\/#organization\"},\"potentialAction\":[{\"@type\":\"SearchAction\",\"target\":{\"@type\":\"EntryPoint\",\"urlTemplate\":\"https:\\\/\\\/www.eldiario.net\\\/portal\\\/?s={search_term_string}\"},\"query-input\":{\"@type\":\"PropertyValueSpecification\",\"valueRequired\":true,\"valueName\":\"search_term_string\"}}],\"inLanguage\":\"es\"},{\"@type\":\"Organization\",\"@id\":\"https:\\\/\\\/www.eldiario.net\\\/portal\\\/#organization\",\"name\":\"El Diario - Decano de la prensa nacional\",\"url\":\"https:\\\/\\\/www.eldiario.net\\\/portal\\\/\",\"logo\":{\"@type\":\"ImageObject\",\"inLanguage\":\"es\",\"@id\":\"https:\\\/\\\/www.eldiario.net\\\/portal\\\/#\\\/schema\\\/logo\\\/image\\\/\",\"url\":\"https:\\\/\\\/www.eldiario.net\\\/portal\\\/wp-content\\\/uploads\\\/2023\\\/07\\\/logo_ED.jpg\",\"contentUrl\":\"https:\\\/\\\/www.eldiario.net\\\/portal\\\/wp-content\\\/uploads\\\/2023\\\/07\\\/logo_ED.jpg\",\"width\":272,\"height\":52,\"caption\":\"El Diario - Decano de la prensa nacional\"},\"image\":{\"@id\":\"https:\\\/\\\/www.eldiario.net\\\/portal\\\/#\\\/schema\\\/logo\\\/image\\\/\"},\"sameAs\":[\"https:\\\/\\\/www.facebook.com\\\/eldiario.bolivia\\\/\",\"https:\\\/\\\/x.com\\\/eldiario_net\"]},{\"@type\":\"Person\",\"@id\":\"https:\\\/\\\/www.eldiario.net\\\/portal\\\/#\\\/schema\\\/person\\\/f46445640444750d7d753ccd04ae01b7\",\"name\":\"Jeanette\",\"image\":{\"@type\":\"ImageObject\",\"inLanguage\":\"es\",\"@id\":\"https:\\\/\\\/secure.gravatar.com\\\/avatar\\\/3ea2118a5f7dad2b7138b1187a6b7ee55f160b9968b66013c3a3ef39dd7e5798?s=96&d=mm&r=g\",\"url\":\"https:\\\/\\\/secure.gravatar.com\\\/avatar\\\/3ea2118a5f7dad2b7138b1187a6b7ee55f160b9968b66013c3a3ef39dd7e5798?s=96&d=mm&r=g\",\"contentUrl\":\"https:\\\/\\\/secure.gravatar.com\\\/avatar\\\/3ea2118a5f7dad2b7138b1187a6b7ee55f160b9968b66013c3a3ef39dd7e5798?s=96&d=mm&r=g\",\"caption\":\"Jeanette\"},\"sameAs\":[\"https:\\\/\\\/www.eldiario.net\\\/portal\"],\"url\":\"https:\\\/\\\/www.eldiario.net\\\/portal\\\/author\\\/jeanette\\\/\"}]}<\/script>\n<!-- \/ Yoast SEO plugin. -->","yoast_head_json":{"title":"Incautan celulares valorados en m\u00e1s de 150 mil bolivianos - El Diario - Bolivia","robots":{"index":"index","follow":"follow","max-snippet":"max-snippet:-1","max-image-preview":"max-image-preview:large","max-video-preview":"max-video-preview:-1"},"canonical":"https:\/\/www.eldiario.net\/portal\/2022\/03\/21\/incautan-celulares-valorados-en-mas-de-150-mil-bolivianos\/","og_locale":"es_ES","og_type":"article","og_title":"Incautan celulares valorados en m\u00e1s de 150 mil bolivianos - El Diario - Bolivia","og_description":"La Aduana Nacional incaut\u00f3 ayer 96 celulares de gama media, valorados en m\u00e1s de 150.000 bolivianos, durante dos controles rutinarios que se realizaban en el punto de inspecci\u00f3n aduanero de Guaqui, a casi dos horas de la ciudad de La Paz. En el Punto de inspecci\u00f3n Aduanero (PIA) de Guaqui, los funcionarios de la Unidad [&hellip;]","og_url":"https:\/\/www.eldiario.net\/portal\/2022\/03\/21\/incautan-celulares-valorados-en-mas-de-150-mil-bolivianos\/","og_site_name":"El Diario - Bolivia","article_publisher":"https:\/\/www.facebook.com\/eldiario.bolivia\/","article_published_time":"2022-03-21T09:22:21+00:00","author":"Jeanette","twitter_card":"summary_large_image","twitter_creator":"@eldiario_net","twitter_site":"@eldiario_net","twitter_misc":{"Escrito por":"Jeanette","Tiempo de lectura":"2 minutos"},"schema":{"@context":"https:\/\/schema.org","@graph":[{"@type":"Article","@id":"https:\/\/www.eldiario.net\/portal\/2022\/03\/21\/incautan-celulares-valorados-en-mas-de-150-mil-bolivianos\/#article","isPartOf":{"@id":"https:\/\/www.eldiario.net\/portal\/2022\/03\/21\/incautan-celulares-valorados-en-mas-de-150-mil-bolivianos\/"},"author":{"name":"Jeanette","@id":"https:\/\/www.eldiario.net\/portal\/#\/schema\/person\/f46445640444750d7d753ccd04ae01b7"},"headline":"Incautan celulares valorados en m\u00e1s de 150 mil bolivianos","datePublished":"2022-03-21T09:22:21+00:00","mainEntityOfPage":{"@id":"https:\/\/www.eldiario.net\/portal\/2022\/03\/21\/incautan-celulares-valorados-en-mas-de-150-mil-bolivianos\/"},"wordCount":325,"publisher":{"@id":"https:\/\/www.eldiario.net\/portal\/#organization"},"image":{"@id":"https:\/\/www.eldiario.net\/portal\/2022\/03\/21\/incautan-celulares-valorados-en-mas-de-150-mil-bolivianos\/#primaryimage"},"thumbnailUrl":"","articleSection":["Econom\u00eda"],"inLanguage":"es"},{"@type":"WebPage","@id":"https:\/\/www.eldiario.net\/portal\/2022\/03\/21\/incautan-celulares-valorados-en-mas-de-150-mil-bolivianos\/","url":"https:\/\/www.eldiario.net\/portal\/2022\/03\/21\/incautan-celulares-valorados-en-mas-de-150-mil-bolivianos\/","name":"Incautan celulares valorados en m\u00e1s de 150 mil bolivianos - El Diario - Bolivia","isPartOf":{"@id":"https:\/\/www.eldiario.net\/portal\/#website"},"primaryImageOfPage":{"@id":"https:\/\/www.eldiario.net\/portal\/2022\/03\/21\/incautan-celulares-valorados-en-mas-de-150-mil-bolivianos\/#primaryimage"},"image":{"@id":"https:\/\/www.eldiario.net\/portal\/2022\/03\/21\/incautan-celulares-valorados-en-mas-de-150-mil-bolivianos\/#primaryimage"},"thumbnailUrl":"","datePublished":"2022-03-21T09:22:21+00:00","breadcrumb":{"@id":"https:\/\/www.eldiario.net\/portal\/2022\/03\/21\/incautan-celulares-valorados-en-mas-de-150-mil-bolivianos\/#breadcrumb"},"inLanguage":"es","potentialAction":[{"@type":"ReadAction","target":["https:\/\/www.eldiario.net\/portal\/2022\/03\/21\/incautan-celulares-valorados-en-mas-de-150-mil-bolivianos\/"]}]},{"@type":"ImageObject","inLanguage":"es","@id":"https:\/\/www.eldiario.net\/portal\/2022\/03\/21\/incautan-celulares-valorados-en-mas-de-150-mil-bolivianos\/#primaryimage","url":"","contentUrl":""},{"@type":"BreadcrumbList","@id":"https:\/\/www.eldiario.net\/portal\/2022\/03\/21\/incautan-celulares-valorados-en-mas-de-150-mil-bolivianos\/#breadcrumb","itemListElement":[{"@type":"ListItem","position":1,"name":"Portada","item":"https:\/\/www.eldiario.net\/portal\/"},{"@type":"ListItem","position":2,"name":"Incautan celulares valorados en m\u00e1s de 150 mil bolivianos"}]},{"@type":"WebSite","@id":"https:\/\/www.eldiario.net\/portal\/#website","url":"https:\/\/www.eldiario.net\/portal\/","name":"El Diario - Decano de la prensa nacional","description":"El Diario - Decano de la prensa nacional","publisher":{"@id":"https:\/\/www.eldiario.net\/portal\/#organization"},"potentialAction":[{"@type":"SearchAction","target":{"@type":"EntryPoint","urlTemplate":"https:\/\/www.eldiario.net\/portal\/?s={search_term_string}"},"query-input":{"@type":"PropertyValueSpecification","valueRequired":true,"valueName":"search_term_string"}}],"inLanguage":"es"},{"@type":"Organization","@id":"https:\/\/www.eldiario.net\/portal\/#organization","name":"El Diario - Decano de la prensa nacional","url":"https:\/\/www.eldiario.net\/portal\/","logo":{"@type":"ImageObject","inLanguage":"es","@id":"https:\/\/www.eldiario.net\/portal\/#\/schema\/logo\/image\/","url":"https:\/\/www.eldiario.net\/portal\/wp-content\/uploads\/2023\/07\/logo_ED.jpg","contentUrl":"https:\/\/www.eldiario.net\/portal\/wp-content\/uploads\/2023\/07\/logo_ED.jpg","width":272,"height":52,"caption":"El Diario - Decano de la prensa nacional"},"image":{"@id":"https:\/\/www.eldiario.net\/portal\/#\/schema\/logo\/image\/"},"sameAs":["https:\/\/www.facebook.com\/eldiario.bolivia\/","https:\/\/x.com\/eldiario_net"]},{"@type":"Person","@id":"https:\/\/www.eldiario.net\/portal\/#\/schema\/person\/f46445640444750d7d753ccd04ae01b7","name":"Jeanette","image":{"@type":"ImageObject","inLanguage":"es","@id":"https:\/\/secure.gravatar.com\/avatar\/3ea2118a5f7dad2b7138b1187a6b7ee55f160b9968b66013c3a3ef39dd7e5798?s=96&d=mm&r=g","url":"https:\/\/secure.gravatar.com\/avatar\/3ea2118a5f7dad2b7138b1187a6b7ee55f160b9968b66013c3a3ef39dd7e5798?s=96&d=mm&r=g","contentUrl":"https:\/\/secure.gravatar.com\/avatar\/3ea2118a5f7dad2b7138b1187a6b7ee55f160b9968b66013c3a3ef39dd7e5798?s=96&d=mm&r=g","caption":"Jeanette"},"sameAs":["https:\/\/www.eldiario.net\/portal"],"url":"https:\/\/www.eldiario.net\/portal\/author\/jeanette\/"}]}},"_links":{"self":[{"href":"https:\/\/www.eldiario.net\/portal\/wp-json\/wp\/v2\/posts\/71002","targetHints":{"allow":["GET"]}}],"collection":[{"href":"https:\/\/www.eldiario.net\/portal\/wp-json\/wp\/v2\/posts"}],"about":[{"href":"https:\/\/www.eldiario.net\/portal\/wp-json\/wp\/v2\/types\/post"}],"author":[{"embeddable":true,"href":"https:\/\/www.eldiario.net\/portal\/wp-json\/wp\/v2\/users\/1"}],"replies":[{"embeddable":true,"href":"https:\/\/www.eldiario.net\/portal\/wp-json\/wp\/v2\/comments?post=71002"}],"version-history":[{"count":0,"href":"https:\/\/www.eldiario.net\/portal\/wp-json\/wp\/v2\/posts\/71002\/revisions"}],"wp:attachment":[{"href":"https:\/\/www.eldiario.net\/portal\/wp-json\/wp\/v2\/media?parent=71002"}],"wp:term":[{"taxonomy":"category","embeddable":true,"href":"https:\/\/www.eldiario.net\/portal\/wp-json\/wp\/v2\/categories?post=71002"},{"taxonomy":"post_tag","embeddable":true,"href":"https:\/\/www.eldiario.net\/portal\/wp-json\/wp\/v2\/tags?post=71002"}],"curies":[{"name":"wp","href":"https:\/\/api.w.org\/{rel}","templated":true}]}}