{"id":71000,"date":"2022-03-21T05:21:07","date_gmt":"2022-03-21T09:21:07","guid":{"rendered":"https:\/\/www.eldiario.net\/portal\/?p=71000"},"modified":"2022-03-21T05:21:07","modified_gmt":"2022-03-21T09:21:07","slug":"att-anuncia-investigacion-sobre-locomotora-que-se-descarrilo","status":"publish","type":"post","link":"https:\/\/www.eldiario.net\/portal\/2022\/03\/21\/att-anuncia-investigacion-sobre-locomotora-que-se-descarrilo\/","title":{"rendered":"ATT anuncia investigaci\u00f3n sobre locomotora que se descarril\u00f3"},"content":{"rendered":"<p>La Autoridad de Regulaci\u00f3n y Fiscalizaci\u00f3n de Telecomunicaciones y Transportes (ATT) anunci\u00f3 ayer que iniciar\u00e1 las investigaciones para conocer las razones por las que las ruedas de la locomotora se descarrilaron el pasado s\u00e1bado en Santa Cruz, cuando llegaba de Yacuiba.<br \/>\n\u00ab(La ATT) en el marco de sus atribuciones, iniciar\u00e1 la investigaci\u00f3n del hecho, asimismo verificar\u00e1 las actividades de mantenimiento de v\u00eda, a efectos de asegurar la efectiva prestaci\u00f3n del servicio p\u00fablico ferroviario de pasajeros\u00bb, se lee en un comunicado de la ATT.<br \/>\nEsa instituci\u00f3n asever\u00f3 que se verificar\u00e1 si las v\u00edas cuentan con el respectivo mantenimiento para asegurarar y brindar un servicio de calidad a la poblaci\u00f3n que utiliza este medio de transporte.<br \/>\n\u00abLa ATT manifiesta su compromiso con todas las usuarias y usuarios del servicio de transporte ferroviario en la ciudad de protecci\u00f3n efectiva de sus derechos\u00bb, indica.<br \/>\nSeg\u00fan los antecedentes, el pasado s\u00e1bado aproximadamente a horas 12:10 en el kil\u00f3metro 536 Sur, zona avenida Tres Pasos al Frente de Santa Cruz, el Tren del Sur de pasajeros de la empresa Ferroviaria Oriental S.A. (FOSA) sufri\u00f3 el descarrilamiento de las ruedas delanteras de la locomotora; sin embargo, no registraron da\u00f1os personales.<br \/>\nTras ese incidente, los operadores de la locomotora argumentaron que este hecho sucedi\u00f3 porque exist\u00eda tierra acumulada para facilitar el paso de veh\u00edculos en la l\u00ednea f\u00e9rrea. ABI<\/p>\n","protected":false},"excerpt":{"rendered":"<p>La Autoridad de Regulaci\u00f3n y Fiscalizaci\u00f3n de Telecomunicaciones y Transportes (ATT) anunci\u00f3 ayer que iniciar\u00e1 las investigaciones para conocer las razones por las que las ruedas de la locomotora se descarrilaron el pasado s\u00e1bado en Santa Cruz, cuando llegaba de Yacuiba. \u00ab(La ATT) en el marco de sus atribuciones, iniciar\u00e1 la investigaci\u00f3n del hecho, asimismo [&hellip;]<\/p>\n","protected":false},"author":1,"featured_media":0,"comment_status":"closed","ping_status":"closed","sticky":false,"template":"","format":"standard","meta":{"_acf_changed":false,"footnotes":""},"categories":[7],"tags":[],"class_list":["post-71000","post","type-post","status-publish","format-standard","category-economia"],"acf":{"antetitulo":""},"yoast_head":"<!-- This site is optimized with the Yoast SEO plugin v28.3 - https:\/\/yoast.com\/product\/yoast-seo-wordpress\/ -->\n<title>ATT anuncia investigaci\u00f3n sobre locomotora que se descarril\u00f3 - El Diario - Bolivia<\/title>\n<meta name=\"robots\" content=\"index, follow, max-snippet:-1, max-image-preview:large, max-video-preview:-1\" \/>\n<link rel=\"canonical\" href=\"https:\/\/www.eldiario.net\/portal\/2022\/03\/21\/att-anuncia-investigacion-sobre-locomotora-que-se-descarrilo\/\" \/>\n<meta property=\"og:locale\" content=\"es_ES\" \/>\n<meta property=\"og:type\" content=\"article\" \/>\n<meta property=\"og:title\" content=\"ATT anuncia investigaci\u00f3n sobre locomotora que se descarril\u00f3 - El Diario - Bolivia\" \/>\n<meta property=\"og:description\" content=\"La Autoridad de Regulaci\u00f3n y Fiscalizaci\u00f3n de Telecomunicaciones y Transportes (ATT) anunci\u00f3 ayer que iniciar\u00e1 las investigaciones para conocer las razones por las que las ruedas de la locomotora se descarrilaron el pasado s\u00e1bado en Santa Cruz, cuando llegaba de Yacuiba. \u00ab(La ATT) en el marco de sus atribuciones, iniciar\u00e1 la investigaci\u00f3n del hecho, asimismo [&hellip;]\" \/>\n<meta property=\"og:url\" content=\"https:\/\/www.eldiario.net\/portal\/2022\/03\/21\/att-anuncia-investigacion-sobre-locomotora-que-se-descarrilo\/\" \/>\n<meta property=\"og:site_name\" content=\"El Diario - Bolivia\" \/>\n<meta property=\"article:publisher\" content=\"https:\/\/www.facebook.com\/eldiario.bolivia\/\" \/>\n<meta property=\"article:published_time\" content=\"2022-03-21T09:21:07+00:00\" \/>\n<meta name=\"author\" content=\"Jeanette\" \/>\n<meta name=\"twitter:card\" content=\"summary_large_image\" \/>\n<meta name=\"twitter:creator\" content=\"@eldiario_net\" \/>\n<meta name=\"twitter:site\" content=\"@eldiario_net\" \/>\n<meta name=\"twitter:label1\" content=\"Escrito por\" \/>\n\t<meta name=\"twitter:data1\" content=\"Jeanette\" \/>\n\t<meta name=\"twitter:label2\" content=\"Tiempo de lectura\" \/>\n\t<meta name=\"twitter:data2\" content=\"2 minutos\" \/>\n<script type=\"application\/ld+json\" class=\"yoast-schema-graph\">{\"@context\":\"https:\\\/\\\/schema.org\",\"@graph\":[{\"@type\":\"Article\",\"@id\":\"https:\\\/\\\/www.eldiario.net\\\/portal\\\/2022\\\/03\\\/21\\\/att-anuncia-investigacion-sobre-locomotora-que-se-descarrilo\\\/#article\",\"isPartOf\":{\"@id\":\"https:\\\/\\\/www.eldiario.net\\\/portal\\\/2022\\\/03\\\/21\\\/att-anuncia-investigacion-sobre-locomotora-que-se-descarrilo\\\/\"},\"author\":{\"name\":\"Jeanette\",\"@id\":\"https:\\\/\\\/www.eldiario.net\\\/portal\\\/#\\\/schema\\\/person\\\/f46445640444750d7d753ccd04ae01b7\"},\"headline\":\"ATT anuncia investigaci\u00f3n sobre locomotora que se descarril\u00f3\",\"datePublished\":\"2022-03-21T09:21:07+00:00\",\"mainEntityOfPage\":{\"@id\":\"https:\\\/\\\/www.eldiario.net\\\/portal\\\/2022\\\/03\\\/21\\\/att-anuncia-investigacion-sobre-locomotora-que-se-descarrilo\\\/\"},\"wordCount\":248,\"publisher\":{\"@id\":\"https:\\\/\\\/www.eldiario.net\\\/portal\\\/#organization\"},\"articleSection\":[\"Econom\u00eda\"],\"inLanguage\":\"es\"},{\"@type\":\"WebPage\",\"@id\":\"https:\\\/\\\/www.eldiario.net\\\/portal\\\/2022\\\/03\\\/21\\\/att-anuncia-investigacion-sobre-locomotora-que-se-descarrilo\\\/\",\"url\":\"https:\\\/\\\/www.eldiario.net\\\/portal\\\/2022\\\/03\\\/21\\\/att-anuncia-investigacion-sobre-locomotora-que-se-descarrilo\\\/\",\"name\":\"ATT anuncia investigaci\u00f3n sobre locomotora que se descarril\u00f3 - El Diario - Bolivia\",\"isPartOf\":{\"@id\":\"https:\\\/\\\/www.eldiario.net\\\/portal\\\/#website\"},\"datePublished\":\"2022-03-21T09:21:07+00:00\",\"breadcrumb\":{\"@id\":\"https:\\\/\\\/www.eldiario.net\\\/portal\\\/2022\\\/03\\\/21\\\/att-anuncia-investigacion-sobre-locomotora-que-se-descarrilo\\\/#breadcrumb\"},\"inLanguage\":\"es\",\"potentialAction\":[{\"@type\":\"ReadAction\",\"target\":[\"https:\\\/\\\/www.eldiario.net\\\/portal\\\/2022\\\/03\\\/21\\\/att-anuncia-investigacion-sobre-locomotora-que-se-descarrilo\\\/\"]}]},{\"@type\":\"BreadcrumbList\",\"@id\":\"https:\\\/\\\/www.eldiario.net\\\/portal\\\/2022\\\/03\\\/21\\\/att-anuncia-investigacion-sobre-locomotora-que-se-descarrilo\\\/#breadcrumb\",\"itemListElement\":[{\"@type\":\"ListItem\",\"position\":1,\"name\":\"Portada\",\"item\":\"https:\\\/\\\/www.eldiario.net\\\/portal\\\/\"},{\"@type\":\"ListItem\",\"position\":2,\"name\":\"ATT anuncia investigaci\u00f3n sobre locomotora que se descarril\u00f3\"}]},{\"@type\":\"WebSite\",\"@id\":\"https:\\\/\\\/www.eldiario.net\\\/portal\\\/#website\",\"url\":\"https:\\\/\\\/www.eldiario.net\\\/portal\\\/\",\"name\":\"El Diario - Decano de la prensa nacional\",\"description\":\"El Diario - Decano de la prensa nacional\",\"publisher\":{\"@id\":\"https:\\\/\\\/www.eldiario.net\\\/portal\\\/#organization\"},\"potentialAction\":[{\"@type\":\"SearchAction\",\"target\":{\"@type\":\"EntryPoint\",\"urlTemplate\":\"https:\\\/\\\/www.eldiario.net\\\/portal\\\/?s={search_term_string}\"},\"query-input\":{\"@type\":\"PropertyValueSpecification\",\"valueRequired\":true,\"valueName\":\"search_term_string\"}}],\"inLanguage\":\"es\"},{\"@type\":\"Organization\",\"@id\":\"https:\\\/\\\/www.eldiario.net\\\/portal\\\/#organization\",\"name\":\"El Diario - Decano de la prensa nacional\",\"url\":\"https:\\\/\\\/www.eldiario.net\\\/portal\\\/\",\"logo\":{\"@type\":\"ImageObject\",\"inLanguage\":\"es\",\"@id\":\"https:\\\/\\\/www.eldiario.net\\\/portal\\\/#\\\/schema\\\/logo\\\/image\\\/\",\"url\":\"https:\\\/\\\/www.eldiario.net\\\/portal\\\/wp-content\\\/uploads\\\/2023\\\/07\\\/logo_ED.jpg\",\"contentUrl\":\"https:\\\/\\\/www.eldiario.net\\\/portal\\\/wp-content\\\/uploads\\\/2023\\\/07\\\/logo_ED.jpg\",\"width\":272,\"height\":52,\"caption\":\"El Diario - Decano de la prensa nacional\"},\"image\":{\"@id\":\"https:\\\/\\\/www.eldiario.net\\\/portal\\\/#\\\/schema\\\/logo\\\/image\\\/\"},\"sameAs\":[\"https:\\\/\\\/www.facebook.com\\\/eldiario.bolivia\\\/\",\"https:\\\/\\\/x.com\\\/eldiario_net\"]},{\"@type\":\"Person\",\"@id\":\"https:\\\/\\\/www.eldiario.net\\\/portal\\\/#\\\/schema\\\/person\\\/f46445640444750d7d753ccd04ae01b7\",\"name\":\"Jeanette\",\"image\":{\"@type\":\"ImageObject\",\"inLanguage\":\"es\",\"@id\":\"https:\\\/\\\/secure.gravatar.com\\\/avatar\\\/3ea2118a5f7dad2b7138b1187a6b7ee55f160b9968b66013c3a3ef39dd7e5798?s=96&d=mm&r=g\",\"url\":\"https:\\\/\\\/secure.gravatar.com\\\/avatar\\\/3ea2118a5f7dad2b7138b1187a6b7ee55f160b9968b66013c3a3ef39dd7e5798?s=96&d=mm&r=g\",\"contentUrl\":\"https:\\\/\\\/secure.gravatar.com\\\/avatar\\\/3ea2118a5f7dad2b7138b1187a6b7ee55f160b9968b66013c3a3ef39dd7e5798?s=96&d=mm&r=g\",\"caption\":\"Jeanette\"},\"sameAs\":[\"https:\\\/\\\/www.eldiario.net\\\/portal\"],\"url\":\"https:\\\/\\\/www.eldiario.net\\\/portal\\\/author\\\/jeanette\\\/\"}]}<\/script>\n<!-- \/ Yoast SEO plugin. -->","yoast_head_json":{"title":"ATT anuncia investigaci\u00f3n sobre locomotora que se descarril\u00f3 - El Diario - Bolivia","robots":{"index":"index","follow":"follow","max-snippet":"max-snippet:-1","max-image-preview":"max-image-preview:large","max-video-preview":"max-video-preview:-1"},"canonical":"https:\/\/www.eldiario.net\/portal\/2022\/03\/21\/att-anuncia-investigacion-sobre-locomotora-que-se-descarrilo\/","og_locale":"es_ES","og_type":"article","og_title":"ATT anuncia investigaci\u00f3n sobre locomotora que se descarril\u00f3 - El Diario - Bolivia","og_description":"La Autoridad de Regulaci\u00f3n y Fiscalizaci\u00f3n de Telecomunicaciones y Transportes (ATT) anunci\u00f3 ayer que iniciar\u00e1 las investigaciones para conocer las razones por las que las ruedas de la locomotora se descarrilaron el pasado s\u00e1bado en Santa Cruz, cuando llegaba de Yacuiba. \u00ab(La ATT) en el marco de sus atribuciones, iniciar\u00e1 la investigaci\u00f3n del hecho, asimismo [&hellip;]","og_url":"https:\/\/www.eldiario.net\/portal\/2022\/03\/21\/att-anuncia-investigacion-sobre-locomotora-que-se-descarrilo\/","og_site_name":"El Diario - Bolivia","article_publisher":"https:\/\/www.facebook.com\/eldiario.bolivia\/","article_published_time":"2022-03-21T09:21:07+00:00","author":"Jeanette","twitter_card":"summary_large_image","twitter_creator":"@eldiario_net","twitter_site":"@eldiario_net","twitter_misc":{"Escrito por":"Jeanette","Tiempo de lectura":"2 minutos"},"schema":{"@context":"https:\/\/schema.org","@graph":[{"@type":"Article","@id":"https:\/\/www.eldiario.net\/portal\/2022\/03\/21\/att-anuncia-investigacion-sobre-locomotora-que-se-descarrilo\/#article","isPartOf":{"@id":"https:\/\/www.eldiario.net\/portal\/2022\/03\/21\/att-anuncia-investigacion-sobre-locomotora-que-se-descarrilo\/"},"author":{"name":"Jeanette","@id":"https:\/\/www.eldiario.net\/portal\/#\/schema\/person\/f46445640444750d7d753ccd04ae01b7"},"headline":"ATT anuncia investigaci\u00f3n sobre locomotora que se descarril\u00f3","datePublished":"2022-03-21T09:21:07+00:00","mainEntityOfPage":{"@id":"https:\/\/www.eldiario.net\/portal\/2022\/03\/21\/att-anuncia-investigacion-sobre-locomotora-que-se-descarrilo\/"},"wordCount":248,"publisher":{"@id":"https:\/\/www.eldiario.net\/portal\/#organization"},"articleSection":["Econom\u00eda"],"inLanguage":"es"},{"@type":"WebPage","@id":"https:\/\/www.eldiario.net\/portal\/2022\/03\/21\/att-anuncia-investigacion-sobre-locomotora-que-se-descarrilo\/","url":"https:\/\/www.eldiario.net\/portal\/2022\/03\/21\/att-anuncia-investigacion-sobre-locomotora-que-se-descarrilo\/","name":"ATT anuncia investigaci\u00f3n sobre locomotora que se descarril\u00f3 - El Diario - Bolivia","isPartOf":{"@id":"https:\/\/www.eldiario.net\/portal\/#website"},"datePublished":"2022-03-21T09:21:07+00:00","breadcrumb":{"@id":"https:\/\/www.eldiario.net\/portal\/2022\/03\/21\/att-anuncia-investigacion-sobre-locomotora-que-se-descarrilo\/#breadcrumb"},"inLanguage":"es","potentialAction":[{"@type":"ReadAction","target":["https:\/\/www.eldiario.net\/portal\/2022\/03\/21\/att-anuncia-investigacion-sobre-locomotora-que-se-descarrilo\/"]}]},{"@type":"BreadcrumbList","@id":"https:\/\/www.eldiario.net\/portal\/2022\/03\/21\/att-anuncia-investigacion-sobre-locomotora-que-se-descarrilo\/#breadcrumb","itemListElement":[{"@type":"ListItem","position":1,"name":"Portada","item":"https:\/\/www.eldiario.net\/portal\/"},{"@type":"ListItem","position":2,"name":"ATT anuncia investigaci\u00f3n sobre locomotora que se descarril\u00f3"}]},{"@type":"WebSite","@id":"https:\/\/www.eldiario.net\/portal\/#website","url":"https:\/\/www.eldiario.net\/portal\/","name":"El Diario - Decano de la prensa nacional","description":"El Diario - Decano de la prensa nacional","publisher":{"@id":"https:\/\/www.eldiario.net\/portal\/#organization"},"potentialAction":[{"@type":"SearchAction","target":{"@type":"EntryPoint","urlTemplate":"https:\/\/www.eldiario.net\/portal\/?s={search_term_string}"},"query-input":{"@type":"PropertyValueSpecification","valueRequired":true,"valueName":"search_term_string"}}],"inLanguage":"es"},{"@type":"Organization","@id":"https:\/\/www.eldiario.net\/portal\/#organization","name":"El Diario - Decano de la prensa nacional","url":"https:\/\/www.eldiario.net\/portal\/","logo":{"@type":"ImageObject","inLanguage":"es","@id":"https:\/\/www.eldiario.net\/portal\/#\/schema\/logo\/image\/","url":"https:\/\/www.eldiario.net\/portal\/wp-content\/uploads\/2023\/07\/logo_ED.jpg","contentUrl":"https:\/\/www.eldiario.net\/portal\/wp-content\/uploads\/2023\/07\/logo_ED.jpg","width":272,"height":52,"caption":"El Diario - Decano de la prensa nacional"},"image":{"@id":"https:\/\/www.eldiario.net\/portal\/#\/schema\/logo\/image\/"},"sameAs":["https:\/\/www.facebook.com\/eldiario.bolivia\/","https:\/\/x.com\/eldiario_net"]},{"@type":"Person","@id":"https:\/\/www.eldiario.net\/portal\/#\/schema\/person\/f46445640444750d7d753ccd04ae01b7","name":"Jeanette","image":{"@type":"ImageObject","inLanguage":"es","@id":"https:\/\/secure.gravatar.com\/avatar\/3ea2118a5f7dad2b7138b1187a6b7ee55f160b9968b66013c3a3ef39dd7e5798?s=96&d=mm&r=g","url":"https:\/\/secure.gravatar.com\/avatar\/3ea2118a5f7dad2b7138b1187a6b7ee55f160b9968b66013c3a3ef39dd7e5798?s=96&d=mm&r=g","contentUrl":"https:\/\/secure.gravatar.com\/avatar\/3ea2118a5f7dad2b7138b1187a6b7ee55f160b9968b66013c3a3ef39dd7e5798?s=96&d=mm&r=g","caption":"Jeanette"},"sameAs":["https:\/\/www.eldiario.net\/portal"],"url":"https:\/\/www.eldiario.net\/portal\/author\/jeanette\/"}]}},"_links":{"self":[{"href":"https:\/\/www.eldiario.net\/portal\/wp-json\/wp\/v2\/posts\/71000","targetHints":{"allow":["GET"]}}],"collection":[{"href":"https:\/\/www.eldiario.net\/portal\/wp-json\/wp\/v2\/posts"}],"about":[{"href":"https:\/\/www.eldiario.net\/portal\/wp-json\/wp\/v2\/types\/post"}],"author":[{"embeddable":true,"href":"https:\/\/www.eldiario.net\/portal\/wp-json\/wp\/v2\/users\/1"}],"replies":[{"embeddable":true,"href":"https:\/\/www.eldiario.net\/portal\/wp-json\/wp\/v2\/comments?post=71000"}],"version-history":[{"count":0,"href":"https:\/\/www.eldiario.net\/portal\/wp-json\/wp\/v2\/posts\/71000\/revisions"}],"wp:attachment":[{"href":"https:\/\/www.eldiario.net\/portal\/wp-json\/wp\/v2\/media?parent=71000"}],"wp:term":[{"taxonomy":"category","embeddable":true,"href":"https:\/\/www.eldiario.net\/portal\/wp-json\/wp\/v2\/categories?post=71000"},{"taxonomy":"post_tag","embeddable":true,"href":"https:\/\/www.eldiario.net\/portal\/wp-json\/wp\/v2\/tags?post=71000"}],"curies":[{"name":"wp","href":"https:\/\/api.w.org\/{rel}","templated":true}]}}