{"id":70996,"date":"2022-03-21T05:20:41","date_gmt":"2022-03-21T09:20:41","guid":{"rendered":"https:\/\/www.eldiario.net\/portal\/?p=70996"},"modified":"2022-03-21T05:20:41","modified_gmt":"2022-03-21T09:20:41","slug":"beki-villarroel","status":"publish","type":"post","link":"https:\/\/www.eldiario.net\/portal\/2022\/03\/21\/beki-villarroel\/","title":{"rendered":"Beki Villarroel"},"content":{"rendered":"<p>Nuestra hermosa invitada del d\u00eda en Cvltvral es una virtuosa del viol\u00edn cuya carrera art\u00edstica ha ido en continuo crecimiento con el paso de los a\u00f1os y de los maestros que fueron parte de su formaci\u00f3n musical deviniendo en la gran artista que es. Tiene en su haber much\u00edsimos logros a lo largo de su carrera, pero destaco de sus palabras, su amor y compromiso con la m\u00fasica\u2026 Sean todos bienvenidos al show.<\/p>\n<p><strong>\u00bfQui\u00e9n es Beki?<\/strong><br \/>\nBeki es una violinista con especialidad en m\u00fasica cl\u00e1sica pero que a trav\u00e9s de los a\u00f1os ha desarrollado su inter\u00e9s por la m\u00fasica popular. Amante del arte en general y la ense\u00f1anza musical. Mi familia es muy importante para m\u00ed, mis pap\u00e1s, hermanos y sobrinos son el pilar fundamental en mi vida y quienes me han dado aliento desde peque\u00f1a en mi carrera musical. Me gusta disfrutar de buena compa\u00f1ia, ir a conciertos, ver obras de teatro y me encanta viajar. Disfruto mucho compartir mi m\u00fasica tocando en orquesta, en mis eventos o para las personas que quiero.<\/p>\n<p><strong>\u00bfEn qu\u00e9 momento nace tu amor por la m\u00fasica?<\/strong><br \/>\nCreo que el primer momento fue cuando mi pap\u00e1 me llev\u00f3 a mi primera clase de iniciaci\u00f3n musical, el primer instrumento que toqu\u00e9 fue el piano y recuerdo muy bien que mi profesora, Sonia Ach\u00e1, me dijo que no deb\u00eda tener miedo de equivocarme al tocar o cantar, que juegue con ella a hacer m\u00fasica y eso hicimos hasta que entr\u00e9 al que ser\u00eda mi cole por los siguientes nueve a\u00f1os, El Laredo. Al principio no me fue muy bien, no lograba desarollar mi o\u00eddo como esperaba, ten\u00eda solo ocho a\u00f1os, muy t\u00edmida y no pod\u00eda solfear afinado; imag\u00ednate que ingres\u00e9 a un cole de m\u00fasica con mucho esfuerzo y en el camino simplemente no pod\u00eda, era frustrante. Pero la dulzura y paciencia que mi maestra de solfeo, Patricia Anaya, me tuvo me dieron la confianza para seguir estudiando, ella logr\u00f3 que mi o\u00eddo se desarrollara por completo y eso me permiti\u00f3 destacar en mis materias a lo largo de mis a\u00f1os de estudio.<\/p>\n<p><strong>\u00bfC\u00f3mo descubres tu habilidad para el viol\u00edn o fue el resultado de tu formaci\u00f3n musical inicial?<\/strong><br \/>\nDestacar en un instrumento es el reflejo de mucho esfuerzo y estudio. Tener disciplina y constancia es primordial para que los resultados sean los que te propones; en mi caso pienso que la formacion que recibimos en el colegio te permite crear habitos de estudio que nos favorecen, todo nuestro tiempo estaba dedicado a estudiar, yo sali\u00e1 de casa a las 7 AM, pas\u00e1bamos las clases normales en la ma\u00f1ana, me quedaba a almorzar en el cole y adem\u00e1s aprovechaba ese horario para estudiar mi instrumento antes de iniciar nuestras clases de m\u00fasica a las 2 de la tarde. Pas\u00e1bamos clases de arte en general, m\u00fasica, danza y teatro y por la noche reci\u00e9n volv\u00eda a casa. Tener formaci\u00f3n integral de todo lo que te menciono, disciplina y amor por tu instrumento, creo que han sido la clave para llegar a destacar en el viol\u00edn.<\/p>\n<p><strong>\u00bfQu\u00e9 grandes maestros del viol\u00edn han significado una gran influencia para ti?<\/strong><br \/>\nMi primer profesor de viol\u00edn fue Pedro Bustamante. Me ense\u00f1\u00f3 mis primeros pasos en este instrumento, me ense\u00f1\u00f3 a tener disciplina y adem\u00e1s me tuvo mucha paciencia. Ahora que soy maestra comprendo lo desafiante que es ense\u00f1ar y m\u00e1s a\u00fan si son peque\u00f1os. Se convirti\u00f3 en un gran amigo y lo sigue siendo hasta ahora. Mi segundo profesor el Mgr. Eduardo Rodr\u00edguez puli\u00f3 mi t\u00e9cnica, me dio nuevos desaf\u00edos en mi instrumento y me impuls\u00f3 en esta carrera. \u00c9l fue una gran inspiraci\u00f3n musical para m\u00ed y a lo largo de los a\u00f1os, pasar clases con distintos maestros internacionales como Roy Sonne (USA), Rub\u00e9n Reina (CO), Borgan Ascanio (VE), Eduardo Paredes (BO), Isarel Getsov (USA), entre otros, me han dado recursos acad\u00e9micos de los que aprend\u00ed mucho y trato de transmitir a mis alumnos.<br \/>\n<strong>\u00bfCu\u00e1l dir\u00edas que es tu mayor virtud como ejecutora de un instrumento tan complejo como el viol\u00edn?<\/strong><br \/>\nPienso que mi mayor virtud es transmitir emociones a trav\u00e9s del viol\u00edn. Disfruto mucho que la gente se sienta identificada con una melod\u00eda o una canci\u00f3n, en todos los \u00e1mbitos en los que toco, ya sea en orquestas, ensambles, como solista o en eventos. Las emociones son diferentes y realmente me encanta ver a la gente disfrutar mi m\u00fasica.<\/p>\n<p><strong>Sabemos que has incursionado en muchos ritmos. \u00bfCu\u00e1l es el g\u00e9nero que m\u00e1s disfrutas ejecutar?<\/strong><br \/>\n\u00a1Todos! Al venir de una escuela donde solo toc\u00e1bamos m\u00fasica acad\u00e9mica, realmente no estaba en mis planes diversificar mi mundo musical. Me encantan todos los g\u00e9neros, me gusta acompa\u00f1ar improvisando y me encanta tocar en viol\u00edn cualquier canci\u00f3n que me pidan para mis eventos. Si me piden elegir un g\u00e9nero en especifico elegir\u00eda el rock, \u00a1me encanta!<\/p>\n<p><strong>Luego de tu paso por la Filarm\u00f3nica de Cochabamba decides cambiar rumbos con destino Santa Cruz. \u00bfCon qu\u00e9 grandes orquestas de all\u00e1 has compartido escenario?<\/strong><br \/>\nEl a\u00f1o que llegu\u00e9 fui recibida en la \u201cOrquesta Sinf\u00f3nica Hombres Nuevos\u201d, orquesta con la que tuvimos la oportunidad de viajar a Roma y tocar en la Audiencia Papal. Tambi\u00e9n particip\u00e9 de la \u201cOrquesta Sinf\u00f3nica Juvenil\u201d y el a\u00f1o 2016, junto a colegas de la m\u00fasica, fundamos la primera orquesta profesional de la ciudad, la \u201cOrquesta Filarm\u00f3nica de Santa Cruz de la Sierra\u201d, proyecto en el que actualmemte me desempe\u00f1o como coordinadora y violinista.<\/p>\n<p><strong>\u00bfDe cu\u00e1ntos ensambles habr\u00e1s sido parte a lo largo de tu carrera?<\/strong><br \/>\nVarios. Y cada uno enfocado a distintos g\u00e9neros musicales. Actualmente me encuentro tocando en la Orquesta Arakaendar que es una orquesta especializada en m\u00fasica barroca y tambi\u00e9n soy concertina del \u201cEnsamble Curucus\u00ed\u201d el cu\u00e1l es parte de la Fundaci\u00f3n Coral y Orquestal Arte Canto.<\/p>\n<p><strong>Esto te ha llevado a pasear tu arte por Sudam\u00e9rica y Europa, \u00bfcu\u00e1l de tantos escenarios ha quedado grabado en tu memoria?<\/strong><br \/>\nViajar y conocer el mundo es una de las cosas que m\u00e1s disfruto de dedicarme a la m\u00fasica. Sin duda el escenario que m\u00e1s disfrut\u00e9 por todo lo que conlleva su historia y ni qu\u00e9 decir la ac\u00fastica, fue la Iglesia Kaiser Wilhelm Ged\u00e4chtniskirche en Berl\u00edn, Alemania. Esta iglesia todav\u00eda conserva una fachada despu\u00e9s de haber sido bombardeada en la segunda guerra y tambi\u00e9n cuenta con una infraestructura nueva en la que pudimos dar nuestro concierto que fue a sala llena y con aplausos de pie, sin duda una de las mejores experiencias de mi vida.<\/p>\n<p><strong>Tienes muchos conciertos como solista. \u00bfHas considerado grabar trabajos de estudio como tal?<\/strong><br \/>\nEs algo que deseo hacer realidad este a\u00f1o, adem\u00e1s de producir el material para mis eventos y registros para mis redes sociales, tengo planeado hacer un proyecto musical personal.<\/p>\n<p><strong>\u00bfQu\u00e9 ser\u00eda de la vida sin m\u00fasica?<\/strong><br \/>\nPara m\u00ed, nada. La m\u00fasica es vital en mi d\u00eda a d\u00eda, escucharla, ejecutarla, aprenderla, compartirla. Es una constante. Es el verdadero lenguaje universal, una melod\u00eda puede provocar emociones que difieren de persona a persona, he ahi la riqueza de este elemento. Nos permite ser subjetivos y aut\u00e9nticos, adem\u00e1s de ser terap\u00e9utica de tal manera que distintas armon\u00edas provoquen reacciones qu\u00edmicas en nuestro cerebro que nos permitan desarrollar nuestra imaginaci\u00f3n, nuestra memoria y conducta y adem\u00e1s nos ayuden a tratar de diversas maneras situaciones de dolor o estr\u00e9s. Definitivamente para m\u00ed \u00abLa vida sin m\u00fasica, ser\u00eda un error\u00bb.<\/p>\n<p><strong>\u00bfCu\u00e1l es el proyecto principal en el que est\u00e1s enfocada para este 2022?<\/strong><br \/>\nEste a\u00f1o estoy muy emocionada de poder realizar las grabaciones de mis primeras composiciones para viol\u00edn, estas no tienen un g\u00e9nero en espec\u00edfico, son mas bien el resultado de una b\u00fasqueda sonora en mi instrumento y tambi\u00e9n de armon\u00edas que siento que reflejan mucho lo que soy.<\/p>\n<p>Checklist:<\/p>\n<p>3 libros insoslayables:<br \/>\n&#8211; El retrato de Dorian Grey &#8211; Oscar Wilde<br \/>\n&#8211; Rayuela &#8211; Julio Cort\u00e1zar<br \/>\n&#8211; R\u00edo Fugitivo &#8211; Edmundo Paz Sold\u00e1n<br \/>\n3 pel\u00edculas para toda la vida:<br \/>\n&#8211; La lista de Schindler &#8211; La vida es bella<br \/>\n&#8211; La sociedad de los poetas muertos<br \/>\n3 violinistas que m\u00e1s admiras:<br \/>\n&#8211; David Oistrakh -Itzhak Perlman &#8211; Hilary Hahn<br \/>\n3 cosas esenciales en la vida:<br \/>\n&#8211; Buenas amistades: rodearte de personas que sumen para bien en tu vida.<br \/>\n&#8211; Productividad: Trabajar por construir algo en lo<br \/>\nque te sientas pleno y orgulloso.<br \/>\n&#8211; Espiritualidad: Estar en comuni\u00f3n con lo que<br \/>\ncrees, predicas y practicas.<\/p>\n<p><a href=\"https:\/\/www.eldiario.net\/portal\/wp-content\/uploads\/2022\/03\/1647789391583-scaled.jpg\"><img loading=\"lazy\" decoding=\"async\" class=\"aligncenter size-medium wp-image-70998\" src=\"https:\/\/www.eldiario.net\/portal\/wp-content\/uploads\/2022\/03\/1647789391583-300x223.jpg\" alt=\"\" width=\"300\" height=\"223\" \/><\/a><\/p>\n","protected":false},"excerpt":{"rendered":"<p>Nuestra hermosa invitada del d\u00eda en Cvltvral es una virtuosa del viol\u00edn cuya carrera art\u00edstica ha ido en continuo crecimiento con el paso de los a\u00f1os y de los maestros que fueron parte de su formaci\u00f3n musical deviniendo en la gran artista que es. Tiene en su haber much\u00edsimos logros a lo largo de su [&hellip;]<\/p>\n","protected":false},"author":1,"featured_media":70997,"comment_status":"closed","ping_status":"closed","sticky":false,"template":"","format":"standard","meta":{"_acf_changed":false,"footnotes":""},"categories":[8],"tags":[],"class_list":["post-70996","post","type-post","status-publish","format-standard","has-post-thumbnail","category-cultural"],"acf":{"antetitulo":""},"yoast_head":"<!-- This site is optimized with the Yoast SEO plugin v28.3 - https:\/\/yoast.com\/product\/yoast-seo-wordpress\/ -->\n<title>Beki Villarroel - El Diario - Bolivia<\/title>\n<meta name=\"robots\" content=\"index, follow, max-snippet:-1, max-image-preview:large, max-video-preview:-1\" \/>\n<link rel=\"canonical\" href=\"https:\/\/www.eldiario.net\/portal\/2022\/03\/21\/beki-villarroel\/\" \/>\n<meta property=\"og:locale\" content=\"es_ES\" \/>\n<meta property=\"og:type\" content=\"article\" \/>\n<meta property=\"og:title\" content=\"Beki Villarroel - El Diario - Bolivia\" \/>\n<meta property=\"og:description\" content=\"Nuestra hermosa invitada del d\u00eda en Cvltvral es una virtuosa del viol\u00edn cuya carrera art\u00edstica ha ido en continuo crecimiento con el paso de los a\u00f1os y de los maestros que fueron parte de su formaci\u00f3n musical deviniendo en la gran artista que es. Tiene en su haber much\u00edsimos logros a lo largo de su [&hellip;]\" \/>\n<meta property=\"og:url\" content=\"https:\/\/www.eldiario.net\/portal\/2022\/03\/21\/beki-villarroel\/\" \/>\n<meta property=\"og:site_name\" content=\"El Diario - Bolivia\" \/>\n<meta property=\"article:publisher\" content=\"https:\/\/www.facebook.com\/eldiario.bolivia\/\" \/>\n<meta property=\"article:published_time\" content=\"2022-03-21T09:20:41+00:00\" \/>\n<meta name=\"author\" content=\"Jeanette\" \/>\n<meta name=\"twitter:card\" content=\"summary_large_image\" \/>\n<meta name=\"twitter:creator\" content=\"@eldiario_net\" \/>\n<meta name=\"twitter:site\" content=\"@eldiario_net\" \/>\n<meta name=\"twitter:label1\" content=\"Escrito por\" \/>\n\t<meta name=\"twitter:data1\" content=\"Jeanette\" \/>\n\t<meta name=\"twitter:label2\" content=\"Tiempo de lectura\" \/>\n\t<meta name=\"twitter:data2\" content=\"7 minutos\" \/>\n<script type=\"application\/ld+json\" class=\"yoast-schema-graph\">{\"@context\":\"https:\\\/\\\/schema.org\",\"@graph\":[{\"@type\":\"Article\",\"@id\":\"https:\\\/\\\/www.eldiario.net\\\/portal\\\/2022\\\/03\\\/21\\\/beki-villarroel\\\/#article\",\"isPartOf\":{\"@id\":\"https:\\\/\\\/www.eldiario.net\\\/portal\\\/2022\\\/03\\\/21\\\/beki-villarroel\\\/\"},\"author\":{\"name\":\"Jeanette\",\"@id\":\"https:\\\/\\\/www.eldiario.net\\\/portal\\\/#\\\/schema\\\/person\\\/f46445640444750d7d753ccd04ae01b7\"},\"headline\":\"Beki Villarroel\",\"datePublished\":\"2022-03-21T09:20:41+00:00\",\"mainEntityOfPage\":{\"@id\":\"https:\\\/\\\/www.eldiario.net\\\/portal\\\/2022\\\/03\\\/21\\\/beki-villarroel\\\/\"},\"wordCount\":1524,\"publisher\":{\"@id\":\"https:\\\/\\\/www.eldiario.net\\\/portal\\\/#organization\"},\"image\":{\"@id\":\"https:\\\/\\\/www.eldiario.net\\\/portal\\\/2022\\\/03\\\/21\\\/beki-villarroel\\\/#primaryimage\"},\"thumbnailUrl\":\"\",\"articleSection\":[\"Cultural\"],\"inLanguage\":\"es\"},{\"@type\":\"WebPage\",\"@id\":\"https:\\\/\\\/www.eldiario.net\\\/portal\\\/2022\\\/03\\\/21\\\/beki-villarroel\\\/\",\"url\":\"https:\\\/\\\/www.eldiario.net\\\/portal\\\/2022\\\/03\\\/21\\\/beki-villarroel\\\/\",\"name\":\"Beki Villarroel - El Diario - Bolivia\",\"isPartOf\":{\"@id\":\"https:\\\/\\\/www.eldiario.net\\\/portal\\\/#website\"},\"primaryImageOfPage\":{\"@id\":\"https:\\\/\\\/www.eldiario.net\\\/portal\\\/2022\\\/03\\\/21\\\/beki-villarroel\\\/#primaryimage\"},\"image\":{\"@id\":\"https:\\\/\\\/www.eldiario.net\\\/portal\\\/2022\\\/03\\\/21\\\/beki-villarroel\\\/#primaryimage\"},\"thumbnailUrl\":\"\",\"datePublished\":\"2022-03-21T09:20:41+00:00\",\"breadcrumb\":{\"@id\":\"https:\\\/\\\/www.eldiario.net\\\/portal\\\/2022\\\/03\\\/21\\\/beki-villarroel\\\/#breadcrumb\"},\"inLanguage\":\"es\",\"potentialAction\":[{\"@type\":\"ReadAction\",\"target\":[\"https:\\\/\\\/www.eldiario.net\\\/portal\\\/2022\\\/03\\\/21\\\/beki-villarroel\\\/\"]}]},{\"@type\":\"ImageObject\",\"inLanguage\":\"es\",\"@id\":\"https:\\\/\\\/www.eldiario.net\\\/portal\\\/2022\\\/03\\\/21\\\/beki-villarroel\\\/#primaryimage\",\"url\":\"\",\"contentUrl\":\"\"},{\"@type\":\"BreadcrumbList\",\"@id\":\"https:\\\/\\\/www.eldiario.net\\\/portal\\\/2022\\\/03\\\/21\\\/beki-villarroel\\\/#breadcrumb\",\"itemListElement\":[{\"@type\":\"ListItem\",\"position\":1,\"name\":\"Portada\",\"item\":\"https:\\\/\\\/www.eldiario.net\\\/portal\\\/\"},{\"@type\":\"ListItem\",\"position\":2,\"name\":\"Beki Villarroel\"}]},{\"@type\":\"WebSite\",\"@id\":\"https:\\\/\\\/www.eldiario.net\\\/portal\\\/#website\",\"url\":\"https:\\\/\\\/www.eldiario.net\\\/portal\\\/\",\"name\":\"El Diario - Decano de la prensa nacional\",\"description\":\"El Diario - Decano de la prensa nacional\",\"publisher\":{\"@id\":\"https:\\\/\\\/www.eldiario.net\\\/portal\\\/#organization\"},\"potentialAction\":[{\"@type\":\"SearchAction\",\"target\":{\"@type\":\"EntryPoint\",\"urlTemplate\":\"https:\\\/\\\/www.eldiario.net\\\/portal\\\/?s={search_term_string}\"},\"query-input\":{\"@type\":\"PropertyValueSpecification\",\"valueRequired\":true,\"valueName\":\"search_term_string\"}}],\"inLanguage\":\"es\"},{\"@type\":\"Organization\",\"@id\":\"https:\\\/\\\/www.eldiario.net\\\/portal\\\/#organization\",\"name\":\"El Diario - Decano de la prensa nacional\",\"url\":\"https:\\\/\\\/www.eldiario.net\\\/portal\\\/\",\"logo\":{\"@type\":\"ImageObject\",\"inLanguage\":\"es\",\"@id\":\"https:\\\/\\\/www.eldiario.net\\\/portal\\\/#\\\/schema\\\/logo\\\/image\\\/\",\"url\":\"https:\\\/\\\/www.eldiario.net\\\/portal\\\/wp-content\\\/uploads\\\/2023\\\/07\\\/logo_ED.jpg\",\"contentUrl\":\"https:\\\/\\\/www.eldiario.net\\\/portal\\\/wp-content\\\/uploads\\\/2023\\\/07\\\/logo_ED.jpg\",\"width\":272,\"height\":52,\"caption\":\"El Diario - Decano de la prensa nacional\"},\"image\":{\"@id\":\"https:\\\/\\\/www.eldiario.net\\\/portal\\\/#\\\/schema\\\/logo\\\/image\\\/\"},\"sameAs\":[\"https:\\\/\\\/www.facebook.com\\\/eldiario.bolivia\\\/\",\"https:\\\/\\\/x.com\\\/eldiario_net\"]},{\"@type\":\"Person\",\"@id\":\"https:\\\/\\\/www.eldiario.net\\\/portal\\\/#\\\/schema\\\/person\\\/f46445640444750d7d753ccd04ae01b7\",\"name\":\"Jeanette\",\"image\":{\"@type\":\"ImageObject\",\"inLanguage\":\"es\",\"@id\":\"https:\\\/\\\/secure.gravatar.com\\\/avatar\\\/3ea2118a5f7dad2b7138b1187a6b7ee55f160b9968b66013c3a3ef39dd7e5798?s=96&d=mm&r=g\",\"url\":\"https:\\\/\\\/secure.gravatar.com\\\/avatar\\\/3ea2118a5f7dad2b7138b1187a6b7ee55f160b9968b66013c3a3ef39dd7e5798?s=96&d=mm&r=g\",\"contentUrl\":\"https:\\\/\\\/secure.gravatar.com\\\/avatar\\\/3ea2118a5f7dad2b7138b1187a6b7ee55f160b9968b66013c3a3ef39dd7e5798?s=96&d=mm&r=g\",\"caption\":\"Jeanette\"},\"sameAs\":[\"https:\\\/\\\/www.eldiario.net\\\/portal\"],\"url\":\"https:\\\/\\\/www.eldiario.net\\\/portal\\\/author\\\/jeanette\\\/\"}]}<\/script>\n<!-- \/ Yoast SEO plugin. -->","yoast_head_json":{"title":"Beki Villarroel - El Diario - Bolivia","robots":{"index":"index","follow":"follow","max-snippet":"max-snippet:-1","max-image-preview":"max-image-preview:large","max-video-preview":"max-video-preview:-1"},"canonical":"https:\/\/www.eldiario.net\/portal\/2022\/03\/21\/beki-villarroel\/","og_locale":"es_ES","og_type":"article","og_title":"Beki Villarroel - El Diario - Bolivia","og_description":"Nuestra hermosa invitada del d\u00eda en Cvltvral es una virtuosa del viol\u00edn cuya carrera art\u00edstica ha ido en continuo crecimiento con el paso de los a\u00f1os y de los maestros que fueron parte de su formaci\u00f3n musical deviniendo en la gran artista que es. Tiene en su haber much\u00edsimos logros a lo largo de su [&hellip;]","og_url":"https:\/\/www.eldiario.net\/portal\/2022\/03\/21\/beki-villarroel\/","og_site_name":"El Diario - Bolivia","article_publisher":"https:\/\/www.facebook.com\/eldiario.bolivia\/","article_published_time":"2022-03-21T09:20:41+00:00","author":"Jeanette","twitter_card":"summary_large_image","twitter_creator":"@eldiario_net","twitter_site":"@eldiario_net","twitter_misc":{"Escrito por":"Jeanette","Tiempo de lectura":"7 minutos"},"schema":{"@context":"https:\/\/schema.org","@graph":[{"@type":"Article","@id":"https:\/\/www.eldiario.net\/portal\/2022\/03\/21\/beki-villarroel\/#article","isPartOf":{"@id":"https:\/\/www.eldiario.net\/portal\/2022\/03\/21\/beki-villarroel\/"},"author":{"name":"Jeanette","@id":"https:\/\/www.eldiario.net\/portal\/#\/schema\/person\/f46445640444750d7d753ccd04ae01b7"},"headline":"Beki Villarroel","datePublished":"2022-03-21T09:20:41+00:00","mainEntityOfPage":{"@id":"https:\/\/www.eldiario.net\/portal\/2022\/03\/21\/beki-villarroel\/"},"wordCount":1524,"publisher":{"@id":"https:\/\/www.eldiario.net\/portal\/#organization"},"image":{"@id":"https:\/\/www.eldiario.net\/portal\/2022\/03\/21\/beki-villarroel\/#primaryimage"},"thumbnailUrl":"","articleSection":["Cultural"],"inLanguage":"es"},{"@type":"WebPage","@id":"https:\/\/www.eldiario.net\/portal\/2022\/03\/21\/beki-villarroel\/","url":"https:\/\/www.eldiario.net\/portal\/2022\/03\/21\/beki-villarroel\/","name":"Beki Villarroel - El Diario - Bolivia","isPartOf":{"@id":"https:\/\/www.eldiario.net\/portal\/#website"},"primaryImageOfPage":{"@id":"https:\/\/www.eldiario.net\/portal\/2022\/03\/21\/beki-villarroel\/#primaryimage"},"image":{"@id":"https:\/\/www.eldiario.net\/portal\/2022\/03\/21\/beki-villarroel\/#primaryimage"},"thumbnailUrl":"","datePublished":"2022-03-21T09:20:41+00:00","breadcrumb":{"@id":"https:\/\/www.eldiario.net\/portal\/2022\/03\/21\/beki-villarroel\/#breadcrumb"},"inLanguage":"es","potentialAction":[{"@type":"ReadAction","target":["https:\/\/www.eldiario.net\/portal\/2022\/03\/21\/beki-villarroel\/"]}]},{"@type":"ImageObject","inLanguage":"es","@id":"https:\/\/www.eldiario.net\/portal\/2022\/03\/21\/beki-villarroel\/#primaryimage","url":"","contentUrl":""},{"@type":"BreadcrumbList","@id":"https:\/\/www.eldiario.net\/portal\/2022\/03\/21\/beki-villarroel\/#breadcrumb","itemListElement":[{"@type":"ListItem","position":1,"name":"Portada","item":"https:\/\/www.eldiario.net\/portal\/"},{"@type":"ListItem","position":2,"name":"Beki Villarroel"}]},{"@type":"WebSite","@id":"https:\/\/www.eldiario.net\/portal\/#website","url":"https:\/\/www.eldiario.net\/portal\/","name":"El Diario - Decano de la prensa nacional","description":"El Diario - Decano de la prensa nacional","publisher":{"@id":"https:\/\/www.eldiario.net\/portal\/#organization"},"potentialAction":[{"@type":"SearchAction","target":{"@type":"EntryPoint","urlTemplate":"https:\/\/www.eldiario.net\/portal\/?s={search_term_string}"},"query-input":{"@type":"PropertyValueSpecification","valueRequired":true,"valueName":"search_term_string"}}],"inLanguage":"es"},{"@type":"Organization","@id":"https:\/\/www.eldiario.net\/portal\/#organization","name":"El Diario - Decano de la prensa nacional","url":"https:\/\/www.eldiario.net\/portal\/","logo":{"@type":"ImageObject","inLanguage":"es","@id":"https:\/\/www.eldiario.net\/portal\/#\/schema\/logo\/image\/","url":"https:\/\/www.eldiario.net\/portal\/wp-content\/uploads\/2023\/07\/logo_ED.jpg","contentUrl":"https:\/\/www.eldiario.net\/portal\/wp-content\/uploads\/2023\/07\/logo_ED.jpg","width":272,"height":52,"caption":"El Diario - Decano de la prensa nacional"},"image":{"@id":"https:\/\/www.eldiario.net\/portal\/#\/schema\/logo\/image\/"},"sameAs":["https:\/\/www.facebook.com\/eldiario.bolivia\/","https:\/\/x.com\/eldiario_net"]},{"@type":"Person","@id":"https:\/\/www.eldiario.net\/portal\/#\/schema\/person\/f46445640444750d7d753ccd04ae01b7","name":"Jeanette","image":{"@type":"ImageObject","inLanguage":"es","@id":"https:\/\/secure.gravatar.com\/avatar\/3ea2118a5f7dad2b7138b1187a6b7ee55f160b9968b66013c3a3ef39dd7e5798?s=96&d=mm&r=g","url":"https:\/\/secure.gravatar.com\/avatar\/3ea2118a5f7dad2b7138b1187a6b7ee55f160b9968b66013c3a3ef39dd7e5798?s=96&d=mm&r=g","contentUrl":"https:\/\/secure.gravatar.com\/avatar\/3ea2118a5f7dad2b7138b1187a6b7ee55f160b9968b66013c3a3ef39dd7e5798?s=96&d=mm&r=g","caption":"Jeanette"},"sameAs":["https:\/\/www.eldiario.net\/portal"],"url":"https:\/\/www.eldiario.net\/portal\/author\/jeanette\/"}]}},"_links":{"self":[{"href":"https:\/\/www.eldiario.net\/portal\/wp-json\/wp\/v2\/posts\/70996","targetHints":{"allow":["GET"]}}],"collection":[{"href":"https:\/\/www.eldiario.net\/portal\/wp-json\/wp\/v2\/posts"}],"about":[{"href":"https:\/\/www.eldiario.net\/portal\/wp-json\/wp\/v2\/types\/post"}],"author":[{"embeddable":true,"href":"https:\/\/www.eldiario.net\/portal\/wp-json\/wp\/v2\/users\/1"}],"replies":[{"embeddable":true,"href":"https:\/\/www.eldiario.net\/portal\/wp-json\/wp\/v2\/comments?post=70996"}],"version-history":[{"count":0,"href":"https:\/\/www.eldiario.net\/portal\/wp-json\/wp\/v2\/posts\/70996\/revisions"}],"wp:attachment":[{"href":"https:\/\/www.eldiario.net\/portal\/wp-json\/wp\/v2\/media?parent=70996"}],"wp:term":[{"taxonomy":"category","embeddable":true,"href":"https:\/\/www.eldiario.net\/portal\/wp-json\/wp\/v2\/categories?post=70996"},{"taxonomy":"post_tag","embeddable":true,"href":"https:\/\/www.eldiario.net\/portal\/wp-json\/wp\/v2\/tags?post=70996"}],"curies":[{"name":"wp","href":"https:\/\/api.w.org\/{rel}","templated":true}]}}