{"id":70992,"date":"2022-03-21T05:17:53","date_gmt":"2022-03-21T09:17:53","guid":{"rendered":"https:\/\/www.eldiario.net\/portal\/?p=70992"},"modified":"2022-03-21T05:17:53","modified_gmt":"2022-03-21T09:17:53","slug":"el-karisiri-llega-desde-peru-de-la-mano-de-raul-machaca","status":"publish","type":"post","link":"https:\/\/www.eldiario.net\/portal\/2022\/03\/21\/el-karisiri-llega-desde-peru-de-la-mano-de-raul-machaca\/","title":{"rendered":"El \u201cKarisiri\u201d llega desde Per\u00fa  de la mano de Ra\u00fal Machaca"},"content":{"rendered":"<p>El artista arequipe\u00f1o, Juan Ra\u00fal Machaca de Aquino lleg\u00f3 desde Per\u00fa hasta La Paz para exponer \u201cKarisiri\u201d en las salas del Museo Nacional de Arte (MNA), dependiente de la Fundaci\u00f3n Cultural del Banco Central de Bolivia (FCBCB).<br \/>\n\u201cEl kharisiri es un personaje que hace un pacto con el diablo en busca de volverse poderoso. En ese sentido, yo tengo una versi\u00f3n muy particular de lo que son las fuerzas extra\u00f1as\u201d, comenta el pintor. La muestra se inaugur\u00f3 el pasado viernes, y re\u00fane 23 obras que exhiben al m\u00edtico personaje andino en diferentes facetas.<br \/>\nMachaca aclara que, si bien la palabra se escribe con \u201ch\u201d, \u00e9l decidi\u00f3 romper esa regla y simplemente titula \u201ckarisiri\u201d, para ir un poco contra de la norma.<br \/>\nSeg\u00fan el bolet\u00edn del MNA, en el mundo andino boliviano, el kharisiri es un ser extra\u00f1o que llega a las comunidades subrepticiamente -por lo general en abril- y en forma de cura, turista, polic\u00eda o abogado. Llega en ese mes porque \u2013se dice- las personas est\u00e1n gordas gracias a las lluvias y la buena producci\u00f3n agr\u00edcola.<br \/>\nUna de las particularidades de la obra de Machaca es la explosi\u00f3n de color en cuadros de gran formato, algunos de los cuales miden tres e incluso cinco metros.<br \/>\nLa inauguraci\u00f3n estuvo acompa\u00f1ada de una performance, que incluy\u00f3 la participaci\u00f3n de una banda de 30 m\u00fasicos, con quienes el artista hizo su ingreso a las salas de exposici\u00f3n.<\/p>\n<figure id=\"attachment_70994\" aria-describedby=\"caption-attachment-70994\" style=\"width: 300px\" class=\"wp-caption aligncenter\"><a href=\"https:\/\/www.eldiario.net\/portal\/wp-content\/uploads\/2022\/03\/FOTO-2jpg\"><img loading=\"lazy\" decoding=\"async\" class=\"size-medium wp-image-70994\" src=\"https:\/\/www.eldiario.net\/portal\/wp-content\/uploads\/2022\/03\/FOTO-2-300x200.jpg\" alt=\"\" width=\"300\" height=\"200\" \/><\/a><figcaption id=\"caption-attachment-70994\" class=\"wp-caption-text\">EL ARTISTA AREQUIPE\u00d1O LLEG\u00d3 AL MNA AL SON DE UNA BANDA.<\/figcaption><\/figure>\n","protected":false},"excerpt":{"rendered":"<p>El artista arequipe\u00f1o, Juan Ra\u00fal Machaca de Aquino lleg\u00f3 desde Per\u00fa hasta La Paz para exponer \u201cKarisiri\u201d en las salas del Museo Nacional de Arte (MNA), dependiente de la Fundaci\u00f3n Cultural del Banco Central de Bolivia (FCBCB). \u201cEl kharisiri es un personaje que hace un pacto con el diablo en busca de volverse poderoso. En [&hellip;]<\/p>\n","protected":false},"author":1,"featured_media":70993,"comment_status":"closed","ping_status":"closed","sticky":false,"template":"","format":"standard","meta":{"_acf_changed":false,"footnotes":""},"categories":[8],"tags":[],"class_list":["post-70992","post","type-post","status-publish","format-standard","has-post-thumbnail","category-cultural"],"acf":{"antetitulo":""},"yoast_head":"<!-- This site is optimized with the Yoast SEO plugin v28.3 - https:\/\/yoast.com\/product\/yoast-seo-wordpress\/ -->\n<title>El \u201cKarisiri\u201d llega desde Per\u00fa de la mano de Ra\u00fal Machaca - El Diario - Bolivia<\/title>\n<meta name=\"robots\" content=\"index, follow, max-snippet:-1, max-image-preview:large, max-video-preview:-1\" \/>\n<link rel=\"canonical\" href=\"https:\/\/www.eldiario.net\/portal\/2022\/03\/21\/el-karisiri-llega-desde-peru-de-la-mano-de-raul-machaca\/\" \/>\n<meta property=\"og:locale\" content=\"es_ES\" \/>\n<meta property=\"og:type\" content=\"article\" \/>\n<meta property=\"og:title\" content=\"El \u201cKarisiri\u201d llega desde Per\u00fa de la mano de Ra\u00fal Machaca - El Diario - Bolivia\" \/>\n<meta property=\"og:description\" content=\"El artista arequipe\u00f1o, Juan Ra\u00fal Machaca de Aquino lleg\u00f3 desde Per\u00fa hasta La Paz para exponer \u201cKarisiri\u201d en las salas del Museo Nacional de Arte (MNA), dependiente de la Fundaci\u00f3n Cultural del Banco Central de Bolivia (FCBCB). \u201cEl kharisiri es un personaje que hace un pacto con el diablo en busca de volverse poderoso. En [&hellip;]\" \/>\n<meta property=\"og:url\" content=\"https:\/\/www.eldiario.net\/portal\/2022\/03\/21\/el-karisiri-llega-desde-peru-de-la-mano-de-raul-machaca\/\" \/>\n<meta property=\"og:site_name\" content=\"El Diario - Bolivia\" \/>\n<meta property=\"article:publisher\" content=\"https:\/\/www.facebook.com\/eldiario.bolivia\/\" \/>\n<meta property=\"article:published_time\" content=\"2022-03-21T09:17:53+00:00\" \/>\n<meta name=\"author\" content=\"Jeanette\" \/>\n<meta name=\"twitter:card\" content=\"summary_large_image\" \/>\n<meta name=\"twitter:creator\" content=\"@eldiario_net\" \/>\n<meta name=\"twitter:site\" content=\"@eldiario_net\" \/>\n<meta name=\"twitter:label1\" content=\"Escrito por\" \/>\n\t<meta name=\"twitter:data1\" content=\"Jeanette\" \/>\n\t<meta name=\"twitter:label2\" content=\"Tiempo de lectura\" \/>\n\t<meta name=\"twitter:data2\" content=\"2 minutos\" \/>\n<script type=\"application\/ld+json\" class=\"yoast-schema-graph\">{\"@context\":\"https:\\\/\\\/schema.org\",\"@graph\":[{\"@type\":\"Article\",\"@id\":\"https:\\\/\\\/www.eldiario.net\\\/portal\\\/2022\\\/03\\\/21\\\/el-karisiri-llega-desde-peru-de-la-mano-de-raul-machaca\\\/#article\",\"isPartOf\":{\"@id\":\"https:\\\/\\\/www.eldiario.net\\\/portal\\\/2022\\\/03\\\/21\\\/el-karisiri-llega-desde-peru-de-la-mano-de-raul-machaca\\\/\"},\"author\":{\"name\":\"Jeanette\",\"@id\":\"https:\\\/\\\/www.eldiario.net\\\/portal\\\/#\\\/schema\\\/person\\\/f46445640444750d7d753ccd04ae01b7\"},\"headline\":\"El \u201cKarisiri\u201d llega desde Per\u00fa de la mano de Ra\u00fal Machaca\",\"datePublished\":\"2022-03-21T09:17:53+00:00\",\"mainEntityOfPage\":{\"@id\":\"https:\\\/\\\/www.eldiario.net\\\/portal\\\/2022\\\/03\\\/21\\\/el-karisiri-llega-desde-peru-de-la-mano-de-raul-machaca\\\/\"},\"wordCount\":284,\"publisher\":{\"@id\":\"https:\\\/\\\/www.eldiario.net\\\/portal\\\/#organization\"},\"image\":{\"@id\":\"https:\\\/\\\/www.eldiario.net\\\/portal\\\/2022\\\/03\\\/21\\\/el-karisiri-llega-desde-peru-de-la-mano-de-raul-machaca\\\/#primaryimage\"},\"thumbnailUrl\":\"\",\"articleSection\":[\"Cultural\"],\"inLanguage\":\"es\"},{\"@type\":\"WebPage\",\"@id\":\"https:\\\/\\\/www.eldiario.net\\\/portal\\\/2022\\\/03\\\/21\\\/el-karisiri-llega-desde-peru-de-la-mano-de-raul-machaca\\\/\",\"url\":\"https:\\\/\\\/www.eldiario.net\\\/portal\\\/2022\\\/03\\\/21\\\/el-karisiri-llega-desde-peru-de-la-mano-de-raul-machaca\\\/\",\"name\":\"El \u201cKarisiri\u201d llega desde Per\u00fa de la mano de Ra\u00fal Machaca - El Diario - Bolivia\",\"isPartOf\":{\"@id\":\"https:\\\/\\\/www.eldiario.net\\\/portal\\\/#website\"},\"primaryImageOfPage\":{\"@id\":\"https:\\\/\\\/www.eldiario.net\\\/portal\\\/2022\\\/03\\\/21\\\/el-karisiri-llega-desde-peru-de-la-mano-de-raul-machaca\\\/#primaryimage\"},\"image\":{\"@id\":\"https:\\\/\\\/www.eldiario.net\\\/portal\\\/2022\\\/03\\\/21\\\/el-karisiri-llega-desde-peru-de-la-mano-de-raul-machaca\\\/#primaryimage\"},\"thumbnailUrl\":\"\",\"datePublished\":\"2022-03-21T09:17:53+00:00\",\"breadcrumb\":{\"@id\":\"https:\\\/\\\/www.eldiario.net\\\/portal\\\/2022\\\/03\\\/21\\\/el-karisiri-llega-desde-peru-de-la-mano-de-raul-machaca\\\/#breadcrumb\"},\"inLanguage\":\"es\",\"potentialAction\":[{\"@type\":\"ReadAction\",\"target\":[\"https:\\\/\\\/www.eldiario.net\\\/portal\\\/2022\\\/03\\\/21\\\/el-karisiri-llega-desde-peru-de-la-mano-de-raul-machaca\\\/\"]}]},{\"@type\":\"ImageObject\",\"inLanguage\":\"es\",\"@id\":\"https:\\\/\\\/www.eldiario.net\\\/portal\\\/2022\\\/03\\\/21\\\/el-karisiri-llega-desde-peru-de-la-mano-de-raul-machaca\\\/#primaryimage\",\"url\":\"\",\"contentUrl\":\"\"},{\"@type\":\"BreadcrumbList\",\"@id\":\"https:\\\/\\\/www.eldiario.net\\\/portal\\\/2022\\\/03\\\/21\\\/el-karisiri-llega-desde-peru-de-la-mano-de-raul-machaca\\\/#breadcrumb\",\"itemListElement\":[{\"@type\":\"ListItem\",\"position\":1,\"name\":\"Portada\",\"item\":\"https:\\\/\\\/www.eldiario.net\\\/portal\\\/\"},{\"@type\":\"ListItem\",\"position\":2,\"name\":\"El \u201cKarisiri\u201d llega desde Per\u00fa de la mano de Ra\u00fal Machaca\"}]},{\"@type\":\"WebSite\",\"@id\":\"https:\\\/\\\/www.eldiario.net\\\/portal\\\/#website\",\"url\":\"https:\\\/\\\/www.eldiario.net\\\/portal\\\/\",\"name\":\"El Diario - Decano de la prensa nacional\",\"description\":\"El Diario - Decano de la prensa nacional\",\"publisher\":{\"@id\":\"https:\\\/\\\/www.eldiario.net\\\/portal\\\/#organization\"},\"potentialAction\":[{\"@type\":\"SearchAction\",\"target\":{\"@type\":\"EntryPoint\",\"urlTemplate\":\"https:\\\/\\\/www.eldiario.net\\\/portal\\\/?s={search_term_string}\"},\"query-input\":{\"@type\":\"PropertyValueSpecification\",\"valueRequired\":true,\"valueName\":\"search_term_string\"}}],\"inLanguage\":\"es\"},{\"@type\":\"Organization\",\"@id\":\"https:\\\/\\\/www.eldiario.net\\\/portal\\\/#organization\",\"name\":\"El Diario - Decano de la prensa nacional\",\"url\":\"https:\\\/\\\/www.eldiario.net\\\/portal\\\/\",\"logo\":{\"@type\":\"ImageObject\",\"inLanguage\":\"es\",\"@id\":\"https:\\\/\\\/www.eldiario.net\\\/portal\\\/#\\\/schema\\\/logo\\\/image\\\/\",\"url\":\"https:\\\/\\\/www.eldiario.net\\\/portal\\\/wp-content\\\/uploads\\\/2023\\\/07\\\/logo_ED.jpg\",\"contentUrl\":\"https:\\\/\\\/www.eldiario.net\\\/portal\\\/wp-content\\\/uploads\\\/2023\\\/07\\\/logo_ED.jpg\",\"width\":272,\"height\":52,\"caption\":\"El Diario - Decano de la prensa nacional\"},\"image\":{\"@id\":\"https:\\\/\\\/www.eldiario.net\\\/portal\\\/#\\\/schema\\\/logo\\\/image\\\/\"},\"sameAs\":[\"https:\\\/\\\/www.facebook.com\\\/eldiario.bolivia\\\/\",\"https:\\\/\\\/x.com\\\/eldiario_net\"]},{\"@type\":\"Person\",\"@id\":\"https:\\\/\\\/www.eldiario.net\\\/portal\\\/#\\\/schema\\\/person\\\/f46445640444750d7d753ccd04ae01b7\",\"name\":\"Jeanette\",\"image\":{\"@type\":\"ImageObject\",\"inLanguage\":\"es\",\"@id\":\"https:\\\/\\\/secure.gravatar.com\\\/avatar\\\/3ea2118a5f7dad2b7138b1187a6b7ee55f160b9968b66013c3a3ef39dd7e5798?s=96&d=mm&r=g\",\"url\":\"https:\\\/\\\/secure.gravatar.com\\\/avatar\\\/3ea2118a5f7dad2b7138b1187a6b7ee55f160b9968b66013c3a3ef39dd7e5798?s=96&d=mm&r=g\",\"contentUrl\":\"https:\\\/\\\/secure.gravatar.com\\\/avatar\\\/3ea2118a5f7dad2b7138b1187a6b7ee55f160b9968b66013c3a3ef39dd7e5798?s=96&d=mm&r=g\",\"caption\":\"Jeanette\"},\"sameAs\":[\"https:\\\/\\\/www.eldiario.net\\\/portal\"],\"url\":\"https:\\\/\\\/www.eldiario.net\\\/portal\\\/author\\\/jeanette\\\/\"}]}<\/script>\n<!-- \/ Yoast SEO plugin. -->","yoast_head_json":{"title":"El \u201cKarisiri\u201d llega desde Per\u00fa de la mano de Ra\u00fal Machaca - El Diario - Bolivia","robots":{"index":"index","follow":"follow","max-snippet":"max-snippet:-1","max-image-preview":"max-image-preview:large","max-video-preview":"max-video-preview:-1"},"canonical":"https:\/\/www.eldiario.net\/portal\/2022\/03\/21\/el-karisiri-llega-desde-peru-de-la-mano-de-raul-machaca\/","og_locale":"es_ES","og_type":"article","og_title":"El \u201cKarisiri\u201d llega desde Per\u00fa de la mano de Ra\u00fal Machaca - El Diario - Bolivia","og_description":"El artista arequipe\u00f1o, Juan Ra\u00fal Machaca de Aquino lleg\u00f3 desde Per\u00fa hasta La Paz para exponer \u201cKarisiri\u201d en las salas del Museo Nacional de Arte (MNA), dependiente de la Fundaci\u00f3n Cultural del Banco Central de Bolivia (FCBCB). \u201cEl kharisiri es un personaje que hace un pacto con el diablo en busca de volverse poderoso. En [&hellip;]","og_url":"https:\/\/www.eldiario.net\/portal\/2022\/03\/21\/el-karisiri-llega-desde-peru-de-la-mano-de-raul-machaca\/","og_site_name":"El Diario - Bolivia","article_publisher":"https:\/\/www.facebook.com\/eldiario.bolivia\/","article_published_time":"2022-03-21T09:17:53+00:00","author":"Jeanette","twitter_card":"summary_large_image","twitter_creator":"@eldiario_net","twitter_site":"@eldiario_net","twitter_misc":{"Escrito por":"Jeanette","Tiempo de lectura":"2 minutos"},"schema":{"@context":"https:\/\/schema.org","@graph":[{"@type":"Article","@id":"https:\/\/www.eldiario.net\/portal\/2022\/03\/21\/el-karisiri-llega-desde-peru-de-la-mano-de-raul-machaca\/#article","isPartOf":{"@id":"https:\/\/www.eldiario.net\/portal\/2022\/03\/21\/el-karisiri-llega-desde-peru-de-la-mano-de-raul-machaca\/"},"author":{"name":"Jeanette","@id":"https:\/\/www.eldiario.net\/portal\/#\/schema\/person\/f46445640444750d7d753ccd04ae01b7"},"headline":"El \u201cKarisiri\u201d llega desde Per\u00fa de la mano de Ra\u00fal Machaca","datePublished":"2022-03-21T09:17:53+00:00","mainEntityOfPage":{"@id":"https:\/\/www.eldiario.net\/portal\/2022\/03\/21\/el-karisiri-llega-desde-peru-de-la-mano-de-raul-machaca\/"},"wordCount":284,"publisher":{"@id":"https:\/\/www.eldiario.net\/portal\/#organization"},"image":{"@id":"https:\/\/www.eldiario.net\/portal\/2022\/03\/21\/el-karisiri-llega-desde-peru-de-la-mano-de-raul-machaca\/#primaryimage"},"thumbnailUrl":"","articleSection":["Cultural"],"inLanguage":"es"},{"@type":"WebPage","@id":"https:\/\/www.eldiario.net\/portal\/2022\/03\/21\/el-karisiri-llega-desde-peru-de-la-mano-de-raul-machaca\/","url":"https:\/\/www.eldiario.net\/portal\/2022\/03\/21\/el-karisiri-llega-desde-peru-de-la-mano-de-raul-machaca\/","name":"El \u201cKarisiri\u201d llega desde Per\u00fa de la mano de Ra\u00fal Machaca - El Diario - Bolivia","isPartOf":{"@id":"https:\/\/www.eldiario.net\/portal\/#website"},"primaryImageOfPage":{"@id":"https:\/\/www.eldiario.net\/portal\/2022\/03\/21\/el-karisiri-llega-desde-peru-de-la-mano-de-raul-machaca\/#primaryimage"},"image":{"@id":"https:\/\/www.eldiario.net\/portal\/2022\/03\/21\/el-karisiri-llega-desde-peru-de-la-mano-de-raul-machaca\/#primaryimage"},"thumbnailUrl":"","datePublished":"2022-03-21T09:17:53+00:00","breadcrumb":{"@id":"https:\/\/www.eldiario.net\/portal\/2022\/03\/21\/el-karisiri-llega-desde-peru-de-la-mano-de-raul-machaca\/#breadcrumb"},"inLanguage":"es","potentialAction":[{"@type":"ReadAction","target":["https:\/\/www.eldiario.net\/portal\/2022\/03\/21\/el-karisiri-llega-desde-peru-de-la-mano-de-raul-machaca\/"]}]},{"@type":"ImageObject","inLanguage":"es","@id":"https:\/\/www.eldiario.net\/portal\/2022\/03\/21\/el-karisiri-llega-desde-peru-de-la-mano-de-raul-machaca\/#primaryimage","url":"","contentUrl":""},{"@type":"BreadcrumbList","@id":"https:\/\/www.eldiario.net\/portal\/2022\/03\/21\/el-karisiri-llega-desde-peru-de-la-mano-de-raul-machaca\/#breadcrumb","itemListElement":[{"@type":"ListItem","position":1,"name":"Portada","item":"https:\/\/www.eldiario.net\/portal\/"},{"@type":"ListItem","position":2,"name":"El \u201cKarisiri\u201d llega desde Per\u00fa de la mano de Ra\u00fal Machaca"}]},{"@type":"WebSite","@id":"https:\/\/www.eldiario.net\/portal\/#website","url":"https:\/\/www.eldiario.net\/portal\/","name":"El Diario - Decano de la prensa nacional","description":"El Diario - Decano de la prensa nacional","publisher":{"@id":"https:\/\/www.eldiario.net\/portal\/#organization"},"potentialAction":[{"@type":"SearchAction","target":{"@type":"EntryPoint","urlTemplate":"https:\/\/www.eldiario.net\/portal\/?s={search_term_string}"},"query-input":{"@type":"PropertyValueSpecification","valueRequired":true,"valueName":"search_term_string"}}],"inLanguage":"es"},{"@type":"Organization","@id":"https:\/\/www.eldiario.net\/portal\/#organization","name":"El Diario - Decano de la prensa nacional","url":"https:\/\/www.eldiario.net\/portal\/","logo":{"@type":"ImageObject","inLanguage":"es","@id":"https:\/\/www.eldiario.net\/portal\/#\/schema\/logo\/image\/","url":"https:\/\/www.eldiario.net\/portal\/wp-content\/uploads\/2023\/07\/logo_ED.jpg","contentUrl":"https:\/\/www.eldiario.net\/portal\/wp-content\/uploads\/2023\/07\/logo_ED.jpg","width":272,"height":52,"caption":"El Diario - Decano de la prensa nacional"},"image":{"@id":"https:\/\/www.eldiario.net\/portal\/#\/schema\/logo\/image\/"},"sameAs":["https:\/\/www.facebook.com\/eldiario.bolivia\/","https:\/\/x.com\/eldiario_net"]},{"@type":"Person","@id":"https:\/\/www.eldiario.net\/portal\/#\/schema\/person\/f46445640444750d7d753ccd04ae01b7","name":"Jeanette","image":{"@type":"ImageObject","inLanguage":"es","@id":"https:\/\/secure.gravatar.com\/avatar\/3ea2118a5f7dad2b7138b1187a6b7ee55f160b9968b66013c3a3ef39dd7e5798?s=96&d=mm&r=g","url":"https:\/\/secure.gravatar.com\/avatar\/3ea2118a5f7dad2b7138b1187a6b7ee55f160b9968b66013c3a3ef39dd7e5798?s=96&d=mm&r=g","contentUrl":"https:\/\/secure.gravatar.com\/avatar\/3ea2118a5f7dad2b7138b1187a6b7ee55f160b9968b66013c3a3ef39dd7e5798?s=96&d=mm&r=g","caption":"Jeanette"},"sameAs":["https:\/\/www.eldiario.net\/portal"],"url":"https:\/\/www.eldiario.net\/portal\/author\/jeanette\/"}]}},"_links":{"self":[{"href":"https:\/\/www.eldiario.net\/portal\/wp-json\/wp\/v2\/posts\/70992","targetHints":{"allow":["GET"]}}],"collection":[{"href":"https:\/\/www.eldiario.net\/portal\/wp-json\/wp\/v2\/posts"}],"about":[{"href":"https:\/\/www.eldiario.net\/portal\/wp-json\/wp\/v2\/types\/post"}],"author":[{"embeddable":true,"href":"https:\/\/www.eldiario.net\/portal\/wp-json\/wp\/v2\/users\/1"}],"replies":[{"embeddable":true,"href":"https:\/\/www.eldiario.net\/portal\/wp-json\/wp\/v2\/comments?post=70992"}],"version-history":[{"count":0,"href":"https:\/\/www.eldiario.net\/portal\/wp-json\/wp\/v2\/posts\/70992\/revisions"}],"wp:attachment":[{"href":"https:\/\/www.eldiario.net\/portal\/wp-json\/wp\/v2\/media?parent=70992"}],"wp:term":[{"taxonomy":"category","embeddable":true,"href":"https:\/\/www.eldiario.net\/portal\/wp-json\/wp\/v2\/categories?post=70992"},{"taxonomy":"post_tag","embeddable":true,"href":"https:\/\/www.eldiario.net\/portal\/wp-json\/wp\/v2\/tags?post=70992"}],"curies":[{"name":"wp","href":"https:\/\/api.w.org\/{rel}","templated":true}]}}