{"id":70984,"date":"2022-03-21T05:14:40","date_gmt":"2022-03-21T09:14:40","guid":{"rendered":"https:\/\/www.eldiario.net\/portal\/?p=70984"},"modified":"2022-03-21T05:14:40","modified_gmt":"2022-03-21T09:14:40","slug":"reportan-un-muerto-y-20-heridos-por-tiroteo-en-eeuu","status":"publish","type":"post","link":"https:\/\/www.eldiario.net\/portal\/2022\/03\/21\/reportan-un-muerto-y-20-heridos-por-tiroteo-en-eeuu\/","title":{"rendered":"Reportan un muerto y 20  heridos por tiroteo en EEUU"},"content":{"rendered":"<p>Arkansas.- Un tiroteo en una exhibici\u00f3n de autom\u00f3viles en Dumas, en Arkansas, Estados Unidos, caus\u00f3 ayer al menos un muerto y 20 personas heridas, seg\u00fan ha informado la Polic\u00eda de ese estado en declaraciones recogidas por la cadena ABC News.<br \/>\nLas causas del tiroteo todav\u00eda se desconocen, pero la Polic\u00eda ha detenido a una persona y ha abierto una investigaci\u00f3n para esclarecer si han estado involucradas m\u00e1s personas, seg\u00fan la cadena Kark.<br \/>\nAdem\u00e1s, la Polic\u00eda del estado estadounidense ha confirmado que al menos 20 personas han recibido disparos, despu\u00e9s de estimar en un primer momento que hab\u00eda unas diez v\u00edctimas. Las autoridades, sin embargo, esperan que esta cifra aumente en las pr\u00f3ximas horas, seg\u00fan ABC News.<br \/>\nPor el momento una persona falleci\u00f3, luego el tiroteo y var\u00edas v\u00edctimas ya han sido trasladas a hospitales cercanos, entre los que tambi\u00e9n se encuentran ni\u00f1os. Adem\u00e1s, al menos dos de las v\u00edctimas han sido trasladadas en helic\u00f3ptero para su atenci\u00f3n m\u00e9dica seg\u00fan informa la cadena FOX.<br \/>\n\u00abEstamos desconsolados y conmocionados por lo que ha ocurrido esta noche en la feria del autom\u00f3vil. Un sospechoso desconocido ha disparado a varias personas. Todav\u00eda no se ha revelado el alcance total de las lesiones\u00bb, ha explicado la organizaci\u00f3n del evento, que pretend\u00eda promover la no violencia, en Facebook.<br \/>\nEl vicegobernador de Arkansas, Tim Griffin, mostr\u00f3 su rechazo al tiroteo \u00absin sentido y tr\u00e1gico\u00bb, y ha asegurado que est\u00e1 rezando por \u00abtoda la comunidad de Dumas y las familias con ni\u00f1os peque\u00f1os\u00bb. (Europa Press)<\/p>\n","protected":false},"excerpt":{"rendered":"<p>Arkansas.- Un tiroteo en una exhibici\u00f3n de autom\u00f3viles en Dumas, en Arkansas, Estados Unidos, caus\u00f3 ayer al menos un muerto y 20 personas heridas, seg\u00fan ha informado la Polic\u00eda de ese estado en declaraciones recogidas por la cadena ABC News. Las causas del tiroteo todav\u00eda se desconocen, pero la Polic\u00eda ha detenido a una persona [&hellip;]<\/p>\n","protected":false},"author":1,"featured_media":70985,"comment_status":"closed","ping_status":"closed","sticky":false,"template":"","format":"standard","meta":{"_acf_changed":false,"footnotes":""},"categories":[3],"tags":[],"class_list":["post-70984","post","type-post","status-publish","format-standard","has-post-thumbnail","category-internacional"],"acf":{"antetitulo":""},"yoast_head":"<!-- This site is optimized with the Yoast SEO plugin v28.3 - https:\/\/yoast.com\/product\/yoast-seo-wordpress\/ -->\n<title>Reportan un muerto y 20 heridos por tiroteo en EEUU - El Diario - Bolivia<\/title>\n<meta name=\"robots\" content=\"index, follow, max-snippet:-1, max-image-preview:large, max-video-preview:-1\" \/>\n<link rel=\"canonical\" href=\"https:\/\/www.eldiario.net\/portal\/2022\/03\/21\/reportan-un-muerto-y-20-heridos-por-tiroteo-en-eeuu\/\" \/>\n<meta property=\"og:locale\" content=\"es_ES\" \/>\n<meta property=\"og:type\" content=\"article\" \/>\n<meta property=\"og:title\" content=\"Reportan un muerto y 20 heridos por tiroteo en EEUU - El Diario - Bolivia\" \/>\n<meta property=\"og:description\" content=\"Arkansas.- Un tiroteo en una exhibici\u00f3n de autom\u00f3viles en Dumas, en Arkansas, Estados Unidos, caus\u00f3 ayer al menos un muerto y 20 personas heridas, seg\u00fan ha informado la Polic\u00eda de ese estado en declaraciones recogidas por la cadena ABC News. Las causas del tiroteo todav\u00eda se desconocen, pero la Polic\u00eda ha detenido a una persona [&hellip;]\" \/>\n<meta property=\"og:url\" content=\"https:\/\/www.eldiario.net\/portal\/2022\/03\/21\/reportan-un-muerto-y-20-heridos-por-tiroteo-en-eeuu\/\" \/>\n<meta property=\"og:site_name\" content=\"El Diario - Bolivia\" \/>\n<meta property=\"article:publisher\" content=\"https:\/\/www.facebook.com\/eldiario.bolivia\/\" \/>\n<meta property=\"article:published_time\" content=\"2022-03-21T09:14:40+00:00\" \/>\n<meta name=\"author\" content=\"Jeanette\" \/>\n<meta name=\"twitter:card\" content=\"summary_large_image\" \/>\n<meta name=\"twitter:creator\" content=\"@eldiario_net\" \/>\n<meta name=\"twitter:site\" content=\"@eldiario_net\" \/>\n<meta name=\"twitter:label1\" content=\"Escrito por\" \/>\n\t<meta name=\"twitter:data1\" content=\"Jeanette\" \/>\n\t<meta name=\"twitter:label2\" content=\"Tiempo de lectura\" \/>\n\t<meta name=\"twitter:data2\" content=\"2 minutos\" \/>\n<script type=\"application\/ld+json\" class=\"yoast-schema-graph\">{\"@context\":\"https:\\\/\\\/schema.org\",\"@graph\":[{\"@type\":\"Article\",\"@id\":\"https:\\\/\\\/www.eldiario.net\\\/portal\\\/2022\\\/03\\\/21\\\/reportan-un-muerto-y-20-heridos-por-tiroteo-en-eeuu\\\/#article\",\"isPartOf\":{\"@id\":\"https:\\\/\\\/www.eldiario.net\\\/portal\\\/2022\\\/03\\\/21\\\/reportan-un-muerto-y-20-heridos-por-tiroteo-en-eeuu\\\/\"},\"author\":{\"name\":\"Jeanette\",\"@id\":\"https:\\\/\\\/www.eldiario.net\\\/portal\\\/#\\\/schema\\\/person\\\/f46445640444750d7d753ccd04ae01b7\"},\"headline\":\"Reportan un muerto y 20 heridos por tiroteo en EEUU\",\"datePublished\":\"2022-03-21T09:14:40+00:00\",\"mainEntityOfPage\":{\"@id\":\"https:\\\/\\\/www.eldiario.net\\\/portal\\\/2022\\\/03\\\/21\\\/reportan-un-muerto-y-20-heridos-por-tiroteo-en-eeuu\\\/\"},\"wordCount\":288,\"publisher\":{\"@id\":\"https:\\\/\\\/www.eldiario.net\\\/portal\\\/#organization\"},\"image\":{\"@id\":\"https:\\\/\\\/www.eldiario.net\\\/portal\\\/2022\\\/03\\\/21\\\/reportan-un-muerto-y-20-heridos-por-tiroteo-en-eeuu\\\/#primaryimage\"},\"thumbnailUrl\":\"\",\"articleSection\":[\"Internacional\"],\"inLanguage\":\"es\"},{\"@type\":\"WebPage\",\"@id\":\"https:\\\/\\\/www.eldiario.net\\\/portal\\\/2022\\\/03\\\/21\\\/reportan-un-muerto-y-20-heridos-por-tiroteo-en-eeuu\\\/\",\"url\":\"https:\\\/\\\/www.eldiario.net\\\/portal\\\/2022\\\/03\\\/21\\\/reportan-un-muerto-y-20-heridos-por-tiroteo-en-eeuu\\\/\",\"name\":\"Reportan un muerto y 20 heridos por tiroteo en EEUU - El Diario - Bolivia\",\"isPartOf\":{\"@id\":\"https:\\\/\\\/www.eldiario.net\\\/portal\\\/#website\"},\"primaryImageOfPage\":{\"@id\":\"https:\\\/\\\/www.eldiario.net\\\/portal\\\/2022\\\/03\\\/21\\\/reportan-un-muerto-y-20-heridos-por-tiroteo-en-eeuu\\\/#primaryimage\"},\"image\":{\"@id\":\"https:\\\/\\\/www.eldiario.net\\\/portal\\\/2022\\\/03\\\/21\\\/reportan-un-muerto-y-20-heridos-por-tiroteo-en-eeuu\\\/#primaryimage\"},\"thumbnailUrl\":\"\",\"datePublished\":\"2022-03-21T09:14:40+00:00\",\"breadcrumb\":{\"@id\":\"https:\\\/\\\/www.eldiario.net\\\/portal\\\/2022\\\/03\\\/21\\\/reportan-un-muerto-y-20-heridos-por-tiroteo-en-eeuu\\\/#breadcrumb\"},\"inLanguage\":\"es\",\"potentialAction\":[{\"@type\":\"ReadAction\",\"target\":[\"https:\\\/\\\/www.eldiario.net\\\/portal\\\/2022\\\/03\\\/21\\\/reportan-un-muerto-y-20-heridos-por-tiroteo-en-eeuu\\\/\"]}]},{\"@type\":\"ImageObject\",\"inLanguage\":\"es\",\"@id\":\"https:\\\/\\\/www.eldiario.net\\\/portal\\\/2022\\\/03\\\/21\\\/reportan-un-muerto-y-20-heridos-por-tiroteo-en-eeuu\\\/#primaryimage\",\"url\":\"\",\"contentUrl\":\"\"},{\"@type\":\"BreadcrumbList\",\"@id\":\"https:\\\/\\\/www.eldiario.net\\\/portal\\\/2022\\\/03\\\/21\\\/reportan-un-muerto-y-20-heridos-por-tiroteo-en-eeuu\\\/#breadcrumb\",\"itemListElement\":[{\"@type\":\"ListItem\",\"position\":1,\"name\":\"Portada\",\"item\":\"https:\\\/\\\/www.eldiario.net\\\/portal\\\/\"},{\"@type\":\"ListItem\",\"position\":2,\"name\":\"Reportan un muerto y 20 heridos por tiroteo en EEUU\"}]},{\"@type\":\"WebSite\",\"@id\":\"https:\\\/\\\/www.eldiario.net\\\/portal\\\/#website\",\"url\":\"https:\\\/\\\/www.eldiario.net\\\/portal\\\/\",\"name\":\"El Diario - Decano de la prensa nacional\",\"description\":\"El Diario - Decano de la prensa nacional\",\"publisher\":{\"@id\":\"https:\\\/\\\/www.eldiario.net\\\/portal\\\/#organization\"},\"potentialAction\":[{\"@type\":\"SearchAction\",\"target\":{\"@type\":\"EntryPoint\",\"urlTemplate\":\"https:\\\/\\\/www.eldiario.net\\\/portal\\\/?s={search_term_string}\"},\"query-input\":{\"@type\":\"PropertyValueSpecification\",\"valueRequired\":true,\"valueName\":\"search_term_string\"}}],\"inLanguage\":\"es\"},{\"@type\":\"Organization\",\"@id\":\"https:\\\/\\\/www.eldiario.net\\\/portal\\\/#organization\",\"name\":\"El Diario - Decano de la prensa nacional\",\"url\":\"https:\\\/\\\/www.eldiario.net\\\/portal\\\/\",\"logo\":{\"@type\":\"ImageObject\",\"inLanguage\":\"es\",\"@id\":\"https:\\\/\\\/www.eldiario.net\\\/portal\\\/#\\\/schema\\\/logo\\\/image\\\/\",\"url\":\"https:\\\/\\\/www.eldiario.net\\\/portal\\\/wp-content\\\/uploads\\\/2023\\\/07\\\/logo_ED.jpg\",\"contentUrl\":\"https:\\\/\\\/www.eldiario.net\\\/portal\\\/wp-content\\\/uploads\\\/2023\\\/07\\\/logo_ED.jpg\",\"width\":272,\"height\":52,\"caption\":\"El Diario - Decano de la prensa nacional\"},\"image\":{\"@id\":\"https:\\\/\\\/www.eldiario.net\\\/portal\\\/#\\\/schema\\\/logo\\\/image\\\/\"},\"sameAs\":[\"https:\\\/\\\/www.facebook.com\\\/eldiario.bolivia\\\/\",\"https:\\\/\\\/x.com\\\/eldiario_net\"]},{\"@type\":\"Person\",\"@id\":\"https:\\\/\\\/www.eldiario.net\\\/portal\\\/#\\\/schema\\\/person\\\/f46445640444750d7d753ccd04ae01b7\",\"name\":\"Jeanette\",\"image\":{\"@type\":\"ImageObject\",\"inLanguage\":\"es\",\"@id\":\"https:\\\/\\\/secure.gravatar.com\\\/avatar\\\/3ea2118a5f7dad2b7138b1187a6b7ee55f160b9968b66013c3a3ef39dd7e5798?s=96&d=mm&r=g\",\"url\":\"https:\\\/\\\/secure.gravatar.com\\\/avatar\\\/3ea2118a5f7dad2b7138b1187a6b7ee55f160b9968b66013c3a3ef39dd7e5798?s=96&d=mm&r=g\",\"contentUrl\":\"https:\\\/\\\/secure.gravatar.com\\\/avatar\\\/3ea2118a5f7dad2b7138b1187a6b7ee55f160b9968b66013c3a3ef39dd7e5798?s=96&d=mm&r=g\",\"caption\":\"Jeanette\"},\"sameAs\":[\"https:\\\/\\\/www.eldiario.net\\\/portal\"],\"url\":\"https:\\\/\\\/www.eldiario.net\\\/portal\\\/author\\\/jeanette\\\/\"}]}<\/script>\n<!-- \/ Yoast SEO plugin. -->","yoast_head_json":{"title":"Reportan un muerto y 20 heridos por tiroteo en EEUU - El Diario - Bolivia","robots":{"index":"index","follow":"follow","max-snippet":"max-snippet:-1","max-image-preview":"max-image-preview:large","max-video-preview":"max-video-preview:-1"},"canonical":"https:\/\/www.eldiario.net\/portal\/2022\/03\/21\/reportan-un-muerto-y-20-heridos-por-tiroteo-en-eeuu\/","og_locale":"es_ES","og_type":"article","og_title":"Reportan un muerto y 20 heridos por tiroteo en EEUU - El Diario - Bolivia","og_description":"Arkansas.- Un tiroteo en una exhibici\u00f3n de autom\u00f3viles en Dumas, en Arkansas, Estados Unidos, caus\u00f3 ayer al menos un muerto y 20 personas heridas, seg\u00fan ha informado la Polic\u00eda de ese estado en declaraciones recogidas por la cadena ABC News. Las causas del tiroteo todav\u00eda se desconocen, pero la Polic\u00eda ha detenido a una persona [&hellip;]","og_url":"https:\/\/www.eldiario.net\/portal\/2022\/03\/21\/reportan-un-muerto-y-20-heridos-por-tiroteo-en-eeuu\/","og_site_name":"El Diario - Bolivia","article_publisher":"https:\/\/www.facebook.com\/eldiario.bolivia\/","article_published_time":"2022-03-21T09:14:40+00:00","author":"Jeanette","twitter_card":"summary_large_image","twitter_creator":"@eldiario_net","twitter_site":"@eldiario_net","twitter_misc":{"Escrito por":"Jeanette","Tiempo de lectura":"2 minutos"},"schema":{"@context":"https:\/\/schema.org","@graph":[{"@type":"Article","@id":"https:\/\/www.eldiario.net\/portal\/2022\/03\/21\/reportan-un-muerto-y-20-heridos-por-tiroteo-en-eeuu\/#article","isPartOf":{"@id":"https:\/\/www.eldiario.net\/portal\/2022\/03\/21\/reportan-un-muerto-y-20-heridos-por-tiroteo-en-eeuu\/"},"author":{"name":"Jeanette","@id":"https:\/\/www.eldiario.net\/portal\/#\/schema\/person\/f46445640444750d7d753ccd04ae01b7"},"headline":"Reportan un muerto y 20 heridos por tiroteo en EEUU","datePublished":"2022-03-21T09:14:40+00:00","mainEntityOfPage":{"@id":"https:\/\/www.eldiario.net\/portal\/2022\/03\/21\/reportan-un-muerto-y-20-heridos-por-tiroteo-en-eeuu\/"},"wordCount":288,"publisher":{"@id":"https:\/\/www.eldiario.net\/portal\/#organization"},"image":{"@id":"https:\/\/www.eldiario.net\/portal\/2022\/03\/21\/reportan-un-muerto-y-20-heridos-por-tiroteo-en-eeuu\/#primaryimage"},"thumbnailUrl":"","articleSection":["Internacional"],"inLanguage":"es"},{"@type":"WebPage","@id":"https:\/\/www.eldiario.net\/portal\/2022\/03\/21\/reportan-un-muerto-y-20-heridos-por-tiroteo-en-eeuu\/","url":"https:\/\/www.eldiario.net\/portal\/2022\/03\/21\/reportan-un-muerto-y-20-heridos-por-tiroteo-en-eeuu\/","name":"Reportan un muerto y 20 heridos por tiroteo en EEUU - El Diario - Bolivia","isPartOf":{"@id":"https:\/\/www.eldiario.net\/portal\/#website"},"primaryImageOfPage":{"@id":"https:\/\/www.eldiario.net\/portal\/2022\/03\/21\/reportan-un-muerto-y-20-heridos-por-tiroteo-en-eeuu\/#primaryimage"},"image":{"@id":"https:\/\/www.eldiario.net\/portal\/2022\/03\/21\/reportan-un-muerto-y-20-heridos-por-tiroteo-en-eeuu\/#primaryimage"},"thumbnailUrl":"","datePublished":"2022-03-21T09:14:40+00:00","breadcrumb":{"@id":"https:\/\/www.eldiario.net\/portal\/2022\/03\/21\/reportan-un-muerto-y-20-heridos-por-tiroteo-en-eeuu\/#breadcrumb"},"inLanguage":"es","potentialAction":[{"@type":"ReadAction","target":["https:\/\/www.eldiario.net\/portal\/2022\/03\/21\/reportan-un-muerto-y-20-heridos-por-tiroteo-en-eeuu\/"]}]},{"@type":"ImageObject","inLanguage":"es","@id":"https:\/\/www.eldiario.net\/portal\/2022\/03\/21\/reportan-un-muerto-y-20-heridos-por-tiroteo-en-eeuu\/#primaryimage","url":"","contentUrl":""},{"@type":"BreadcrumbList","@id":"https:\/\/www.eldiario.net\/portal\/2022\/03\/21\/reportan-un-muerto-y-20-heridos-por-tiroteo-en-eeuu\/#breadcrumb","itemListElement":[{"@type":"ListItem","position":1,"name":"Portada","item":"https:\/\/www.eldiario.net\/portal\/"},{"@type":"ListItem","position":2,"name":"Reportan un muerto y 20 heridos por tiroteo en EEUU"}]},{"@type":"WebSite","@id":"https:\/\/www.eldiario.net\/portal\/#website","url":"https:\/\/www.eldiario.net\/portal\/","name":"El Diario - Decano de la prensa nacional","description":"El Diario - Decano de la prensa nacional","publisher":{"@id":"https:\/\/www.eldiario.net\/portal\/#organization"},"potentialAction":[{"@type":"SearchAction","target":{"@type":"EntryPoint","urlTemplate":"https:\/\/www.eldiario.net\/portal\/?s={search_term_string}"},"query-input":{"@type":"PropertyValueSpecification","valueRequired":true,"valueName":"search_term_string"}}],"inLanguage":"es"},{"@type":"Organization","@id":"https:\/\/www.eldiario.net\/portal\/#organization","name":"El Diario - Decano de la prensa nacional","url":"https:\/\/www.eldiario.net\/portal\/","logo":{"@type":"ImageObject","inLanguage":"es","@id":"https:\/\/www.eldiario.net\/portal\/#\/schema\/logo\/image\/","url":"https:\/\/www.eldiario.net\/portal\/wp-content\/uploads\/2023\/07\/logo_ED.jpg","contentUrl":"https:\/\/www.eldiario.net\/portal\/wp-content\/uploads\/2023\/07\/logo_ED.jpg","width":272,"height":52,"caption":"El Diario - Decano de la prensa nacional"},"image":{"@id":"https:\/\/www.eldiario.net\/portal\/#\/schema\/logo\/image\/"},"sameAs":["https:\/\/www.facebook.com\/eldiario.bolivia\/","https:\/\/x.com\/eldiario_net"]},{"@type":"Person","@id":"https:\/\/www.eldiario.net\/portal\/#\/schema\/person\/f46445640444750d7d753ccd04ae01b7","name":"Jeanette","image":{"@type":"ImageObject","inLanguage":"es","@id":"https:\/\/secure.gravatar.com\/avatar\/3ea2118a5f7dad2b7138b1187a6b7ee55f160b9968b66013c3a3ef39dd7e5798?s=96&d=mm&r=g","url":"https:\/\/secure.gravatar.com\/avatar\/3ea2118a5f7dad2b7138b1187a6b7ee55f160b9968b66013c3a3ef39dd7e5798?s=96&d=mm&r=g","contentUrl":"https:\/\/secure.gravatar.com\/avatar\/3ea2118a5f7dad2b7138b1187a6b7ee55f160b9968b66013c3a3ef39dd7e5798?s=96&d=mm&r=g","caption":"Jeanette"},"sameAs":["https:\/\/www.eldiario.net\/portal"],"url":"https:\/\/www.eldiario.net\/portal\/author\/jeanette\/"}]}},"_links":{"self":[{"href":"https:\/\/www.eldiario.net\/portal\/wp-json\/wp\/v2\/posts\/70984","targetHints":{"allow":["GET"]}}],"collection":[{"href":"https:\/\/www.eldiario.net\/portal\/wp-json\/wp\/v2\/posts"}],"about":[{"href":"https:\/\/www.eldiario.net\/portal\/wp-json\/wp\/v2\/types\/post"}],"author":[{"embeddable":true,"href":"https:\/\/www.eldiario.net\/portal\/wp-json\/wp\/v2\/users\/1"}],"replies":[{"embeddable":true,"href":"https:\/\/www.eldiario.net\/portal\/wp-json\/wp\/v2\/comments?post=70984"}],"version-history":[{"count":0,"href":"https:\/\/www.eldiario.net\/portal\/wp-json\/wp\/v2\/posts\/70984\/revisions"}],"wp:attachment":[{"href":"https:\/\/www.eldiario.net\/portal\/wp-json\/wp\/v2\/media?parent=70984"}],"wp:term":[{"taxonomy":"category","embeddable":true,"href":"https:\/\/www.eldiario.net\/portal\/wp-json\/wp\/v2\/categories?post=70984"},{"taxonomy":"post_tag","embeddable":true,"href":"https:\/\/www.eldiario.net\/portal\/wp-json\/wp\/v2\/tags?post=70984"}],"curies":[{"name":"wp","href":"https:\/\/api.w.org\/{rel}","templated":true}]}}