{"id":70981,"date":"2022-03-21T05:12:52","date_gmt":"2022-03-21T09:12:52","guid":{"rendered":"https:\/\/www.eldiario.net\/portal\/?p=70981"},"modified":"2022-03-21T05:12:52","modified_gmt":"2022-03-21T09:12:52","slug":"papa-considera-a-conflicto-en-ucrania-masacre-sin-sentido","status":"publish","type":"post","link":"https:\/\/www.eldiario.net\/portal\/2022\/03\/21\/papa-considera-a-conflicto-en-ucrania-masacre-sin-sentido\/","title":{"rendered":"Papa considera a conflicto en  Ucrania masacre sin sentido"},"content":{"rendered":"<p>Ciudad del Vaticano.- El Papa Francisco, continuando con su cr\u00edtica impl\u00edcita a Rusia, calific\u00f3 ayer el conflicto en Ucrania como una \u00abmasacre sin sentido\u00bb injustificada e inst\u00f3 a los l\u00edderes pol\u00edticos a detener \u00abesta guerra repugnante\u00bb y que cometen \u00abmatanzas y atrocidades\u00bb.<br \/>\n\u00abLa violenta agresi\u00f3n contra Ucrania, por desgracia, no se frena\u00bb, dijo a unas 30.000 personas en la Plaza de San Pedro para su discurso y bendici\u00f3n semanal de los domingos.<br \/>\n\u00abEs una masacre sin sentido en la que cada d\u00eda se repiten las matanzas y las atrocidades\u00bb, sostuvo Francisco en una nueva condena de la guerra, en la que hasta ahora ha evitado mencionar a Rusia por su nombre.<br \/>\n\u00abNo hay ninguna justificaci\u00f3n para esto\u00bb, remarc\u00f3.<br \/>\nMosc\u00fa dice que la acci\u00f3n que lanz\u00f3 el 24 de febrero es una \u00aboperaci\u00f3n militar especial\u00bb dise\u00f1ada no para ocupar territorio sino para desmilitarizar a su vecino y purgarlo de lo que considera peligrosos nacionalistas. Francisco ya ha rechazado esa terminolog\u00eda.<br \/>\n\u00abRuego a todos los actores de la comunidad internacional que se comprometan de verdad a detener esta guerra repugnante\u00bb, dijo el Papa, arrancando fuertes v\u00edtores y aplausos de la multitud. (Reuters)<\/p>\n","protected":false},"excerpt":{"rendered":"<p>Ciudad del Vaticano.- El Papa Francisco, continuando con su cr\u00edtica impl\u00edcita a Rusia, calific\u00f3 ayer el conflicto en Ucrania como una \u00abmasacre sin sentido\u00bb injustificada e inst\u00f3 a los l\u00edderes pol\u00edticos a detener \u00abesta guerra repugnante\u00bb y que cometen \u00abmatanzas y atrocidades\u00bb. \u00abLa violenta agresi\u00f3n contra Ucrania, por desgracia, no se frena\u00bb, dijo a unas [&hellip;]<\/p>\n","protected":false},"author":1,"featured_media":70982,"comment_status":"closed","ping_status":"closed","sticky":false,"template":"","format":"standard","meta":{"_acf_changed":false,"footnotes":""},"categories":[3],"tags":[],"class_list":["post-70981","post","type-post","status-publish","format-standard","has-post-thumbnail","category-internacional"],"acf":{"antetitulo":""},"yoast_head":"<!-- This site is optimized with the Yoast SEO plugin v28.3 - https:\/\/yoast.com\/product\/yoast-seo-wordpress\/ -->\n<title>Papa considera a conflicto en Ucrania masacre sin sentido - El Diario - Bolivia<\/title>\n<meta name=\"robots\" content=\"index, follow, max-snippet:-1, max-image-preview:large, max-video-preview:-1\" \/>\n<link rel=\"canonical\" href=\"https:\/\/www.eldiario.net\/portal\/2022\/03\/21\/papa-considera-a-conflicto-en-ucrania-masacre-sin-sentido\/\" \/>\n<meta property=\"og:locale\" content=\"es_ES\" \/>\n<meta property=\"og:type\" content=\"article\" \/>\n<meta property=\"og:title\" content=\"Papa considera a conflicto en Ucrania masacre sin sentido - El Diario - Bolivia\" \/>\n<meta property=\"og:description\" content=\"Ciudad del Vaticano.- El Papa Francisco, continuando con su cr\u00edtica impl\u00edcita a Rusia, calific\u00f3 ayer el conflicto en Ucrania como una \u00abmasacre sin sentido\u00bb injustificada e inst\u00f3 a los l\u00edderes pol\u00edticos a detener \u00abesta guerra repugnante\u00bb y que cometen \u00abmatanzas y atrocidades\u00bb. \u00abLa violenta agresi\u00f3n contra Ucrania, por desgracia, no se frena\u00bb, dijo a unas [&hellip;]\" \/>\n<meta property=\"og:url\" content=\"https:\/\/www.eldiario.net\/portal\/2022\/03\/21\/papa-considera-a-conflicto-en-ucrania-masacre-sin-sentido\/\" \/>\n<meta property=\"og:site_name\" content=\"El Diario - Bolivia\" \/>\n<meta property=\"article:publisher\" content=\"https:\/\/www.facebook.com\/eldiario.bolivia\/\" \/>\n<meta property=\"article:published_time\" content=\"2022-03-21T09:12:52+00:00\" \/>\n<meta name=\"author\" content=\"Jeanette\" \/>\n<meta name=\"twitter:card\" content=\"summary_large_image\" \/>\n<meta name=\"twitter:creator\" content=\"@eldiario_net\" \/>\n<meta name=\"twitter:site\" content=\"@eldiario_net\" \/>\n<meta name=\"twitter:label1\" content=\"Escrito por\" \/>\n\t<meta name=\"twitter:data1\" content=\"Jeanette\" \/>\n\t<meta name=\"twitter:label2\" content=\"Tiempo de lectura\" \/>\n\t<meta name=\"twitter:data2\" content=\"1 minuto\" \/>\n<script type=\"application\/ld+json\" class=\"yoast-schema-graph\">{\"@context\":\"https:\\\/\\\/schema.org\",\"@graph\":[{\"@type\":\"Article\",\"@id\":\"https:\\\/\\\/www.eldiario.net\\\/portal\\\/2022\\\/03\\\/21\\\/papa-considera-a-conflicto-en-ucrania-masacre-sin-sentido\\\/#article\",\"isPartOf\":{\"@id\":\"https:\\\/\\\/www.eldiario.net\\\/portal\\\/2022\\\/03\\\/21\\\/papa-considera-a-conflicto-en-ucrania-masacre-sin-sentido\\\/\"},\"author\":{\"name\":\"Jeanette\",\"@id\":\"https:\\\/\\\/www.eldiario.net\\\/portal\\\/#\\\/schema\\\/person\\\/f46445640444750d7d753ccd04ae01b7\"},\"headline\":\"Papa considera a conflicto en Ucrania masacre sin sentido\",\"datePublished\":\"2022-03-21T09:12:52+00:00\",\"mainEntityOfPage\":{\"@id\":\"https:\\\/\\\/www.eldiario.net\\\/portal\\\/2022\\\/03\\\/21\\\/papa-considera-a-conflicto-en-ucrania-masacre-sin-sentido\\\/\"},\"wordCount\":211,\"publisher\":{\"@id\":\"https:\\\/\\\/www.eldiario.net\\\/portal\\\/#organization\"},\"image\":{\"@id\":\"https:\\\/\\\/www.eldiario.net\\\/portal\\\/2022\\\/03\\\/21\\\/papa-considera-a-conflicto-en-ucrania-masacre-sin-sentido\\\/#primaryimage\"},\"thumbnailUrl\":\"\",\"articleSection\":[\"Internacional\"],\"inLanguage\":\"es\"},{\"@type\":\"WebPage\",\"@id\":\"https:\\\/\\\/www.eldiario.net\\\/portal\\\/2022\\\/03\\\/21\\\/papa-considera-a-conflicto-en-ucrania-masacre-sin-sentido\\\/\",\"url\":\"https:\\\/\\\/www.eldiario.net\\\/portal\\\/2022\\\/03\\\/21\\\/papa-considera-a-conflicto-en-ucrania-masacre-sin-sentido\\\/\",\"name\":\"Papa considera a conflicto en Ucrania masacre sin sentido - El Diario - Bolivia\",\"isPartOf\":{\"@id\":\"https:\\\/\\\/www.eldiario.net\\\/portal\\\/#website\"},\"primaryImageOfPage\":{\"@id\":\"https:\\\/\\\/www.eldiario.net\\\/portal\\\/2022\\\/03\\\/21\\\/papa-considera-a-conflicto-en-ucrania-masacre-sin-sentido\\\/#primaryimage\"},\"image\":{\"@id\":\"https:\\\/\\\/www.eldiario.net\\\/portal\\\/2022\\\/03\\\/21\\\/papa-considera-a-conflicto-en-ucrania-masacre-sin-sentido\\\/#primaryimage\"},\"thumbnailUrl\":\"\",\"datePublished\":\"2022-03-21T09:12:52+00:00\",\"breadcrumb\":{\"@id\":\"https:\\\/\\\/www.eldiario.net\\\/portal\\\/2022\\\/03\\\/21\\\/papa-considera-a-conflicto-en-ucrania-masacre-sin-sentido\\\/#breadcrumb\"},\"inLanguage\":\"es\",\"potentialAction\":[{\"@type\":\"ReadAction\",\"target\":[\"https:\\\/\\\/www.eldiario.net\\\/portal\\\/2022\\\/03\\\/21\\\/papa-considera-a-conflicto-en-ucrania-masacre-sin-sentido\\\/\"]}]},{\"@type\":\"ImageObject\",\"inLanguage\":\"es\",\"@id\":\"https:\\\/\\\/www.eldiario.net\\\/portal\\\/2022\\\/03\\\/21\\\/papa-considera-a-conflicto-en-ucrania-masacre-sin-sentido\\\/#primaryimage\",\"url\":\"\",\"contentUrl\":\"\"},{\"@type\":\"BreadcrumbList\",\"@id\":\"https:\\\/\\\/www.eldiario.net\\\/portal\\\/2022\\\/03\\\/21\\\/papa-considera-a-conflicto-en-ucrania-masacre-sin-sentido\\\/#breadcrumb\",\"itemListElement\":[{\"@type\":\"ListItem\",\"position\":1,\"name\":\"Portada\",\"item\":\"https:\\\/\\\/www.eldiario.net\\\/portal\\\/\"},{\"@type\":\"ListItem\",\"position\":2,\"name\":\"Papa considera a conflicto en Ucrania masacre sin sentido\"}]},{\"@type\":\"WebSite\",\"@id\":\"https:\\\/\\\/www.eldiario.net\\\/portal\\\/#website\",\"url\":\"https:\\\/\\\/www.eldiario.net\\\/portal\\\/\",\"name\":\"El Diario - Decano de la prensa nacional\",\"description\":\"El Diario - Decano de la prensa nacional\",\"publisher\":{\"@id\":\"https:\\\/\\\/www.eldiario.net\\\/portal\\\/#organization\"},\"potentialAction\":[{\"@type\":\"SearchAction\",\"target\":{\"@type\":\"EntryPoint\",\"urlTemplate\":\"https:\\\/\\\/www.eldiario.net\\\/portal\\\/?s={search_term_string}\"},\"query-input\":{\"@type\":\"PropertyValueSpecification\",\"valueRequired\":true,\"valueName\":\"search_term_string\"}}],\"inLanguage\":\"es\"},{\"@type\":\"Organization\",\"@id\":\"https:\\\/\\\/www.eldiario.net\\\/portal\\\/#organization\",\"name\":\"El Diario - Decano de la prensa nacional\",\"url\":\"https:\\\/\\\/www.eldiario.net\\\/portal\\\/\",\"logo\":{\"@type\":\"ImageObject\",\"inLanguage\":\"es\",\"@id\":\"https:\\\/\\\/www.eldiario.net\\\/portal\\\/#\\\/schema\\\/logo\\\/image\\\/\",\"url\":\"https:\\\/\\\/www.eldiario.net\\\/portal\\\/wp-content\\\/uploads\\\/2023\\\/07\\\/logo_ED.jpg\",\"contentUrl\":\"https:\\\/\\\/www.eldiario.net\\\/portal\\\/wp-content\\\/uploads\\\/2023\\\/07\\\/logo_ED.jpg\",\"width\":272,\"height\":52,\"caption\":\"El Diario - Decano de la prensa nacional\"},\"image\":{\"@id\":\"https:\\\/\\\/www.eldiario.net\\\/portal\\\/#\\\/schema\\\/logo\\\/image\\\/\"},\"sameAs\":[\"https:\\\/\\\/www.facebook.com\\\/eldiario.bolivia\\\/\",\"https:\\\/\\\/x.com\\\/eldiario_net\"]},{\"@type\":\"Person\",\"@id\":\"https:\\\/\\\/www.eldiario.net\\\/portal\\\/#\\\/schema\\\/person\\\/f46445640444750d7d753ccd04ae01b7\",\"name\":\"Jeanette\",\"image\":{\"@type\":\"ImageObject\",\"inLanguage\":\"es\",\"@id\":\"https:\\\/\\\/secure.gravatar.com\\\/avatar\\\/3ea2118a5f7dad2b7138b1187a6b7ee55f160b9968b66013c3a3ef39dd7e5798?s=96&d=mm&r=g\",\"url\":\"https:\\\/\\\/secure.gravatar.com\\\/avatar\\\/3ea2118a5f7dad2b7138b1187a6b7ee55f160b9968b66013c3a3ef39dd7e5798?s=96&d=mm&r=g\",\"contentUrl\":\"https:\\\/\\\/secure.gravatar.com\\\/avatar\\\/3ea2118a5f7dad2b7138b1187a6b7ee55f160b9968b66013c3a3ef39dd7e5798?s=96&d=mm&r=g\",\"caption\":\"Jeanette\"},\"sameAs\":[\"https:\\\/\\\/www.eldiario.net\\\/portal\"],\"url\":\"https:\\\/\\\/www.eldiario.net\\\/portal\\\/author\\\/jeanette\\\/\"}]}<\/script>\n<!-- \/ Yoast SEO plugin. -->","yoast_head_json":{"title":"Papa considera a conflicto en Ucrania masacre sin sentido - El Diario - Bolivia","robots":{"index":"index","follow":"follow","max-snippet":"max-snippet:-1","max-image-preview":"max-image-preview:large","max-video-preview":"max-video-preview:-1"},"canonical":"https:\/\/www.eldiario.net\/portal\/2022\/03\/21\/papa-considera-a-conflicto-en-ucrania-masacre-sin-sentido\/","og_locale":"es_ES","og_type":"article","og_title":"Papa considera a conflicto en Ucrania masacre sin sentido - El Diario - Bolivia","og_description":"Ciudad del Vaticano.- El Papa Francisco, continuando con su cr\u00edtica impl\u00edcita a Rusia, calific\u00f3 ayer el conflicto en Ucrania como una \u00abmasacre sin sentido\u00bb injustificada e inst\u00f3 a los l\u00edderes pol\u00edticos a detener \u00abesta guerra repugnante\u00bb y que cometen \u00abmatanzas y atrocidades\u00bb. \u00abLa violenta agresi\u00f3n contra Ucrania, por desgracia, no se frena\u00bb, dijo a unas [&hellip;]","og_url":"https:\/\/www.eldiario.net\/portal\/2022\/03\/21\/papa-considera-a-conflicto-en-ucrania-masacre-sin-sentido\/","og_site_name":"El Diario - Bolivia","article_publisher":"https:\/\/www.facebook.com\/eldiario.bolivia\/","article_published_time":"2022-03-21T09:12:52+00:00","author":"Jeanette","twitter_card":"summary_large_image","twitter_creator":"@eldiario_net","twitter_site":"@eldiario_net","twitter_misc":{"Escrito por":"Jeanette","Tiempo de lectura":"1 minuto"},"schema":{"@context":"https:\/\/schema.org","@graph":[{"@type":"Article","@id":"https:\/\/www.eldiario.net\/portal\/2022\/03\/21\/papa-considera-a-conflicto-en-ucrania-masacre-sin-sentido\/#article","isPartOf":{"@id":"https:\/\/www.eldiario.net\/portal\/2022\/03\/21\/papa-considera-a-conflicto-en-ucrania-masacre-sin-sentido\/"},"author":{"name":"Jeanette","@id":"https:\/\/www.eldiario.net\/portal\/#\/schema\/person\/f46445640444750d7d753ccd04ae01b7"},"headline":"Papa considera a conflicto en Ucrania masacre sin sentido","datePublished":"2022-03-21T09:12:52+00:00","mainEntityOfPage":{"@id":"https:\/\/www.eldiario.net\/portal\/2022\/03\/21\/papa-considera-a-conflicto-en-ucrania-masacre-sin-sentido\/"},"wordCount":211,"publisher":{"@id":"https:\/\/www.eldiario.net\/portal\/#organization"},"image":{"@id":"https:\/\/www.eldiario.net\/portal\/2022\/03\/21\/papa-considera-a-conflicto-en-ucrania-masacre-sin-sentido\/#primaryimage"},"thumbnailUrl":"","articleSection":["Internacional"],"inLanguage":"es"},{"@type":"WebPage","@id":"https:\/\/www.eldiario.net\/portal\/2022\/03\/21\/papa-considera-a-conflicto-en-ucrania-masacre-sin-sentido\/","url":"https:\/\/www.eldiario.net\/portal\/2022\/03\/21\/papa-considera-a-conflicto-en-ucrania-masacre-sin-sentido\/","name":"Papa considera a conflicto en Ucrania masacre sin sentido - El Diario - Bolivia","isPartOf":{"@id":"https:\/\/www.eldiario.net\/portal\/#website"},"primaryImageOfPage":{"@id":"https:\/\/www.eldiario.net\/portal\/2022\/03\/21\/papa-considera-a-conflicto-en-ucrania-masacre-sin-sentido\/#primaryimage"},"image":{"@id":"https:\/\/www.eldiario.net\/portal\/2022\/03\/21\/papa-considera-a-conflicto-en-ucrania-masacre-sin-sentido\/#primaryimage"},"thumbnailUrl":"","datePublished":"2022-03-21T09:12:52+00:00","breadcrumb":{"@id":"https:\/\/www.eldiario.net\/portal\/2022\/03\/21\/papa-considera-a-conflicto-en-ucrania-masacre-sin-sentido\/#breadcrumb"},"inLanguage":"es","potentialAction":[{"@type":"ReadAction","target":["https:\/\/www.eldiario.net\/portal\/2022\/03\/21\/papa-considera-a-conflicto-en-ucrania-masacre-sin-sentido\/"]}]},{"@type":"ImageObject","inLanguage":"es","@id":"https:\/\/www.eldiario.net\/portal\/2022\/03\/21\/papa-considera-a-conflicto-en-ucrania-masacre-sin-sentido\/#primaryimage","url":"","contentUrl":""},{"@type":"BreadcrumbList","@id":"https:\/\/www.eldiario.net\/portal\/2022\/03\/21\/papa-considera-a-conflicto-en-ucrania-masacre-sin-sentido\/#breadcrumb","itemListElement":[{"@type":"ListItem","position":1,"name":"Portada","item":"https:\/\/www.eldiario.net\/portal\/"},{"@type":"ListItem","position":2,"name":"Papa considera a conflicto en Ucrania masacre sin sentido"}]},{"@type":"WebSite","@id":"https:\/\/www.eldiario.net\/portal\/#website","url":"https:\/\/www.eldiario.net\/portal\/","name":"El Diario - Decano de la prensa nacional","description":"El Diario - Decano de la prensa nacional","publisher":{"@id":"https:\/\/www.eldiario.net\/portal\/#organization"},"potentialAction":[{"@type":"SearchAction","target":{"@type":"EntryPoint","urlTemplate":"https:\/\/www.eldiario.net\/portal\/?s={search_term_string}"},"query-input":{"@type":"PropertyValueSpecification","valueRequired":true,"valueName":"search_term_string"}}],"inLanguage":"es"},{"@type":"Organization","@id":"https:\/\/www.eldiario.net\/portal\/#organization","name":"El Diario - Decano de la prensa nacional","url":"https:\/\/www.eldiario.net\/portal\/","logo":{"@type":"ImageObject","inLanguage":"es","@id":"https:\/\/www.eldiario.net\/portal\/#\/schema\/logo\/image\/","url":"https:\/\/www.eldiario.net\/portal\/wp-content\/uploads\/2023\/07\/logo_ED.jpg","contentUrl":"https:\/\/www.eldiario.net\/portal\/wp-content\/uploads\/2023\/07\/logo_ED.jpg","width":272,"height":52,"caption":"El Diario - Decano de la prensa nacional"},"image":{"@id":"https:\/\/www.eldiario.net\/portal\/#\/schema\/logo\/image\/"},"sameAs":["https:\/\/www.facebook.com\/eldiario.bolivia\/","https:\/\/x.com\/eldiario_net"]},{"@type":"Person","@id":"https:\/\/www.eldiario.net\/portal\/#\/schema\/person\/f46445640444750d7d753ccd04ae01b7","name":"Jeanette","image":{"@type":"ImageObject","inLanguage":"es","@id":"https:\/\/secure.gravatar.com\/avatar\/3ea2118a5f7dad2b7138b1187a6b7ee55f160b9968b66013c3a3ef39dd7e5798?s=96&d=mm&r=g","url":"https:\/\/secure.gravatar.com\/avatar\/3ea2118a5f7dad2b7138b1187a6b7ee55f160b9968b66013c3a3ef39dd7e5798?s=96&d=mm&r=g","contentUrl":"https:\/\/secure.gravatar.com\/avatar\/3ea2118a5f7dad2b7138b1187a6b7ee55f160b9968b66013c3a3ef39dd7e5798?s=96&d=mm&r=g","caption":"Jeanette"},"sameAs":["https:\/\/www.eldiario.net\/portal"],"url":"https:\/\/www.eldiario.net\/portal\/author\/jeanette\/"}]}},"_links":{"self":[{"href":"https:\/\/www.eldiario.net\/portal\/wp-json\/wp\/v2\/posts\/70981","targetHints":{"allow":["GET"]}}],"collection":[{"href":"https:\/\/www.eldiario.net\/portal\/wp-json\/wp\/v2\/posts"}],"about":[{"href":"https:\/\/www.eldiario.net\/portal\/wp-json\/wp\/v2\/types\/post"}],"author":[{"embeddable":true,"href":"https:\/\/www.eldiario.net\/portal\/wp-json\/wp\/v2\/users\/1"}],"replies":[{"embeddable":true,"href":"https:\/\/www.eldiario.net\/portal\/wp-json\/wp\/v2\/comments?post=70981"}],"version-history":[{"count":0,"href":"https:\/\/www.eldiario.net\/portal\/wp-json\/wp\/v2\/posts\/70981\/revisions"}],"wp:attachment":[{"href":"https:\/\/www.eldiario.net\/portal\/wp-json\/wp\/v2\/media?parent=70981"}],"wp:term":[{"taxonomy":"category","embeddable":true,"href":"https:\/\/www.eldiario.net\/portal\/wp-json\/wp\/v2\/categories?post=70981"},{"taxonomy":"post_tag","embeddable":true,"href":"https:\/\/www.eldiario.net\/portal\/wp-json\/wp\/v2\/tags?post=70981"}],"curies":[{"name":"wp","href":"https:\/\/api.w.org\/{rel}","templated":true}]}}