{"id":70968,"date":"2022-03-21T05:09:57","date_gmt":"2022-03-21T09:09:57","guid":{"rendered":"https:\/\/www.eldiario.net\/portal\/?p=70968"},"modified":"2022-03-21T05:09:57","modified_gmt":"2022-03-21T09:09:57","slug":"expertos-explican-por-que-moscu-no-logra-controlar-cielos-de-kiev","status":"publish","type":"post","link":"https:\/\/www.eldiario.net\/portal\/2022\/03\/21\/expertos-explican-por-que-moscu-no-logra-controlar-cielos-de-kiev\/","title":{"rendered":"Expertos explican por qu\u00e9 Mosc\u00fa  no logra controlar cielos de Kiev"},"content":{"rendered":"<p>Expertos entrevistados por BBC Mundo explican por qu\u00e9 en m\u00e1s de tres semanas despu\u00e9s del inicio de la invasi\u00f3n el 24 de febrero, Rusia no ha sido capaz de controlar los cielos del pa\u00eds vecino, a pesar de tener una de las fuerzas a\u00e9reas m\u00e1s grandes del mundo.<br \/>\nHa ido contra todos los pron\u00f3sticos, cuando las tropas del Kremlin se aglomeraban alrededor de Ucrania en los meses pasados, la inteligencia occidental y expertos de todos lados coincid\u00edan en que ser\u00eda cuesti\u00f3n de dos o tres d\u00edas hasta que los aviones de guerra ruso impusieran su supremac\u00eda sobre el espacio a\u00e9reo del pa\u00eds vecino.<br \/>\n\u00abEs un hecho desconcertante desde el punto de vista de la estrategia militar\u00bb, sostuvo a BBC Mundo Walter Dorn, profesor de Estudios de Defensa del Royal Military College of Canada (RMC).<br \/>\n\u00abPese a tener una fuerza a\u00e9rea en n\u00fameros de equipos y potencia de fuego notablemente inferior a la rusa, los ucranianos todav\u00eda est\u00e1n volando y sus defensas a\u00e9reas todav\u00eda se consideran viables\u00bb, agreg\u00f3.<br \/>\nY es que, de acuerdo con el experto, el control de los aires es una de las bases fundamentales de toda guerra moderna, dado que garantiza el avance de las tropas por tierra y limita fuertemente el movimiento de las fuerzas enemigas.<br \/>\nEn un informe publicado la pasada semana, el Royal United Services Institute (RUSI), el principal grupo de expertos en defensa y seguridad de Reino Unido, se\u00f1alaba que, tras el inicio de la invasi\u00f3n, destruir las defensas a\u00e9reas ucranianas era \u00abel pr\u00f3ximo paso l\u00f3gico y ampliamente anticipado, como se ha visto en casi todos los conflictos militares desde 1938\u00bb.<br \/>\nSin embargo, esto no ha ocurrido y el ej\u00e9rcito ucraniano, aunque ha sufrido tambi\u00e9n numerosas p\u00e9rdidas, ha anunciado que ha derribado numerosos aviones rusos a lo largo de los combates.<br \/>\nDe hecho, multitud de videos en redes sociales, cuya legitimidad ha sido confirmada por expertos militares, muestran c\u00f3mo aviones de combate y helic\u00f3pteros rusos caen a la deriva, envueltos en llamas.<br \/>\nLa resistencia a\u00e9rea de los ucranianos ha sido tan sorpresiva que ha llevado incluso a la creaci\u00f3n de leyendas urbanas, como el llamado \u00abfantasma de Kiev\u00bb, un supuesto piloto que ha derribado numerosas aeronaves rusas.<\/p>\n<p>SUPERIORIDAD A\u00c9REA<br \/>\nDe acuerdo con Dorn, la supremac\u00eda a\u00e9rea \u00absignifica el control total de los cielos\u00bb, incluy\u00f3 la capacidad de volar en cualquier lugar, en cualquier momento, con poco o ning\u00fan riesgo de ser derribado.<br \/>\n\u00abLa supremac\u00eda del aire brinda el beneficio de una tercera dimensi\u00f3n del espacio. Y tambi\u00e9n niega ese beneficio al enemigo\u00bb, explic\u00f3.<br \/>\nLos expertos militares coinciden en que Rusia ten\u00eda la capacidad militar de controlar r\u00e1pidamente los cielos de Ucrania dado su poder\u00edo militar.<br \/>\nDe acuerdo con datos de Global Firepower, la VKS -la fuerza a\u00e9rea de Rusia- es la tercera m\u00e1s grande del mundo, solo superada por las de Estados Unidos y China.<br \/>\nAl inicio del conflicto, Mosc\u00fa contaba con 1.391 aviones de guerra (frente a 132 de Ucrania) y 948 helic\u00f3pteros (los ucranianos solo ten\u00edan 55).<br \/>\nMientras, el presupuesto general de defensa de Rusia, de US$ 45.800 millones, es casi 10 veces mayor que el del pa\u00eds vecino.<br \/>\nJennifer Cafarella, jefa de gabinete del Instituto para el Estudio de la Guerra, se\u00f1al\u00f3 a BBC Mundo que los rusos tambi\u00e9n han utilizado y entrenado sus fuerzas a\u00e9reas con anterioridad para el combate, como lo hicieron durante la guerra de Siria.<br \/>\n\u00abLa contribuci\u00f3n central que hicieron los rusos al comienzo de la intervenci\u00f3n en Siria fue la introducci\u00f3n de su poder\u00edo a\u00e9reo, que fue decisivo para habilitar un grupo de milicianos pro-Asad, incluidas las milicias sirias y los grupos de combatientes extranjeros proporcionados por Ir\u00e1n\u00bb, dijo.<br \/>\n\u00abEl poder a\u00e9reo ruso fue suficiente para permitir que estos grupos lograran una gran victoria en el campo de batalla\u00bb, a\u00f1adi\u00f3.<br \/>\nSin embargo, analistas militares y reportes de inteligencia sugieren que el Kremlin, por motivos que no est\u00e1n claros, decidi\u00f3 no desplegar una gran avanzada de su fuerza a\u00e9rea en Ucrania.<br \/>\n\u00abParece bastante obvio ahora que Rusia crey\u00f3 que podr\u00eda tomar Ucrania mucho m\u00e1s f\u00e1cilmente, que no iban a encontrar la resistencia que ha tenido\u00bb, se\u00f1al\u00f3 Dorn.<br \/>\n\u00abEsta suposici\u00f3n, al parecer, los llev\u00f3 a no tener las fuerzas a\u00e9reas listas para ser desplegadas, aunque tambi\u00e9n hay reportes que indican que hay cierto temor entre los generales rusos de causar grandes p\u00e9rdidas a sus costosos aviones\u00bb, indic\u00f3.<\/p>\n<p>FALTA DE<br \/>\nCLARIDAD<br \/>\nDe acuerdo con Dorn, otro posible factor es que existe evidencia de que las tropas rusas no ten\u00edan claro el tipo de misi\u00f3n al que se enfrentaban.<br \/>\n\u00abTodo indica que los rusos les dijeron a sus efectivos que iban a realizar ejercicios y luego se han visto por sorpresa en el fuego real. Esto tiene un impacto tanto psicol\u00f3gico como t\u00e1ctico, porque las fuerzas no estaban totalmente preparadas para hacer este tipo de cosas\u00bb, apunt\u00f3.<br \/>\nEn ese sentido, Cafarella cree que el factor moral, un elemento decisivo en el campo de batalla, tambi\u00e9n puede estar jugando de forma diferente en los dos bandos.<br \/>\n\u00abParte de lo que estamos viendo en Ucrania es simplemente el factor desconocido de lo que sucede cuando dos pa\u00edses, dos fuerzas militares, van a la guerra\u00bb, consider\u00f3.<br \/>\n\u00abAl parecer, los rusos tienen un problema moral muy serio porque sus fuerzas no esperaban pelear esta guerra y no estaban mentalmente preparadas para la escala del combate que iban a enfrentar. Los ucranianos, en cambio, est\u00e1n luchando por su patria, por lo que la moral ucraniana es muy alta, dado que tienen una claridad de prop\u00f3sito\u00bb, agreg\u00f3.<br \/>\nEl informe de RUSI inform\u00f3 que puede haber otra causa mayor, pese a la experiencia que gan\u00f3 parte de la fuerza a\u00e9rea rusa durante su incursi\u00f3n en la guerra en Siria.<br \/>\n\u00abSi bien el fracaso temprano de la VKS para establecer la superioridad a\u00e9rea podr\u00eda explicarse por la falta de alerta temprana, capacidad de coordinaci\u00f3n y suficiente tiempo de planificaci\u00f3n, el patr\u00f3n continuo de actividad sugiere una conclusi\u00f3n m\u00e1s significativa: que la VKS carece de la capacidad institucional para planificar, informar y volar operaciones a\u00e9reas complejas a gran escala\u00bb, indic\u00f3. (BBC Mundo)<\/p>\n<p><strong>Errores estrat\u00e9gicos<\/strong><\/p>\n<p>Los expertos militares coinciden en que m\u00e1s all\u00e1 de los errores estrat\u00e9gicos que han cometido las fuerzas rusas, un factor fundamental que ha permitido a los ucranianos mantener el control sobre su espacio a\u00e9reo es la implementaci\u00f3n de una t\u00e1ctica creativa, que se adapta a las limitaciones y circunstancias.<br \/>\nAl tener una fuerza a\u00e9rea m\u00e1s peque\u00f1a, se han concentrado en ataques puntuales y no en grandes despliegues, lo que les ha servido para encauzar sus recursos.<br \/>\n\u00abAunque es mucho m\u00e1s peque\u00f1o, el ej\u00e9rcito ucraniano es profesional y tiene muy buenas armas. Tambi\u00e9n han recibido entrenamiento de las fuerzas de la OTAN, incluidos Canad\u00e1 y Estados Unidos\u00bb, se\u00f1ala Dorn.<br \/>\nEl analista militar apunta que otro factor fundamental es que, desde antes de que empezara el conflicto, pa\u00edses aliados comenzaron a enviar ayuda militar a Ucrania, incluidos misiles tierra-aire, que han ayudado a impedir que Rusia logre esta supremac\u00eda a\u00e9rea.<br \/>\nEl inicio de la invasi\u00f3n a Ucrania llev\u00f3 tambi\u00e9n a que numerosos pa\u00edses de Occidente le enviaran apoyo militar a Kiev, incluso naciones que por a\u00f1os hab\u00edan mantenido un estatus neutral, como Alemania.<br \/>\nAn\u00e1lisis militares muestran que los ucranianos han hecho un uso estrat\u00e9gico de los drones turcos TB-2 y de drones de reconocimiento Raven, que han servido no solo para ataques contra naves enemigas, sino tambi\u00e9n para fuerzas en tierra.<br \/>\nEl mi\u00e9rcoles pasado, el presidente de Estados Unidos, Joe Biden, anunci\u00f3 que su pa\u00eds destinar\u00e1 $us 800 millones en ayuda militar a Ucrania, incluidos armamentos como drones que pueden convertirse en bombas voladoras y armas antia\u00e9reas que pueden disparar a helic\u00f3pteros desde el cielo.<br \/>\nSin embargo, el control del espacio a\u00e9reo ha sido tambi\u00e9n un punto de tensiones entre Ucrania y Occidente.<\/p>\n<p><strong>Aliados occidentales<\/strong><\/p>\n<p>Desde que comenz\u00f3 la invasi\u00f3n, la demanda m\u00e1s frecuente del presidente de Ucrania, Volodimir Zelensky, a sus aliados occidentales fueron la del establecimiento de una zona de exclusi\u00f3n \u00e1rea sobre su pa\u00eds, lo que implicar\u00eda que la OTAN tendr\u00eda que derribar los aviones rusos que cruzaran su espacio a\u00e9reo.<br \/>\nLa tentativa de Polonia de entregar aviones MIG-29 a Ucrania tambi\u00e9n gener\u00f3 roces entre Estados Unidos y la Uni\u00f3n Europea, ante el temor de que Rusia considerara que Occidente hab\u00eda ido muy lejos al donarle aviones a Kiev.<\/p>\n<p>FUTURO INCIERTO<br \/>\nLos analistas coinciden en que el hecho de que Rusia no haya logrado a\u00fan la supremac\u00eda a\u00e9rea contra Ucrania no implica que no lo pueda conseguir en los pr\u00f3ximos d\u00edas o semanas.<br \/>\n\u00abLa VKS puede comenzar repentinamente a montar operaciones a\u00e9reas complejas a gran escala comparables a las que realizan rutinariamente los estados de la OTAN y otras fuerzas a\u00e9reas modernas, como Israel\u00bb, advirti\u00f3 el informe de RUSI.<br \/>\nSin embargo, analistas como Dorn est\u00e1n m\u00e1s preocupados de que la falta de avances en el campo de batalla pueda llevar a Putin a tomar decisiones m\u00e1s desesperadas, incluido el uso de armamentos hasta ahora nunca utilizados.<br \/>\n\u00abAl comienzo de la campa\u00f1a Rusia us\u00f3 muchas bombas inteligentes (misiles guiados con precisi\u00f3n), pero ahora usa principalmente \u00b4bombas tontas\u00b4, que son menos precisas y por tanto aumentan severamente las muertes de civiles (los llamados &#8216;da\u00f1os colaterales&#8217;)\u00bb, dijo.<br \/>\n\u00abTambi\u00e9n [su fuerza a\u00e9rea] vuela desde m\u00e1s alto en el aire, para protegerse contra el fuego terrestre, lo que significa que sus misiles y bombas son menos precisos\u00bb, agreg\u00f3.<br \/>\nPero, para el acad\u00e9mico, uno de los mayores riesgos no est\u00e1 solo en estos elementos, sino en informes militares y videos y fotos que muestran lo que parece ser el uso de drones rusos con capacidades aut\u00f3nomas (es decir, que est\u00e1n dise\u00f1ados para decidir por s\u00ed mismos sus objetivos de ataque).<br \/>\n\u00abEl mundo nunca antes hab\u00eda visto usar sistemas de armas aut\u00f3nomos en el campo de batalla. Esto es un avance tecnol\u00f3gico, pero un retroceso moral\u00bb, opin\u00f3.<br \/>\n\u00abDar a las m\u00e1quinas (drones) la capacidad de seleccionar objetivos significa la introducci\u00f3n de robots asesinos en el aire, algo que debe detenerse. Si permitimos que las computadoras y los robots tomen decisiones sobre la vida y la muerte, entonces la humanidad en su conjunto est\u00e1 dando un paso atr\u00e1s\u00bb, lament\u00f3.<\/p>\n<div id='gallery-1' class='gallery galleryid-70968 gallery-columns-3 gallery-size-medium'><figure class='gallery-item'>\n\t\t\t<div class='gallery-icon landscape'>\n\t\t\t\t<a href='https:\/\/www.eldiario.net\/portal\/2022\/03\/21\/expertos-explican-por-que-moscu-no-logra-controlar-cielos-de-kiev\/putin-defiende-el-reconocimiento-de-donetsk-y-lugansk-como-una-respuesta-a-la-agresion-ucraniana-en-el-donbas\/'><img loading=\"lazy\" decoding=\"async\" width=\"300\" height=\"185\" src=\"https:\/\/www.eldiario.net\/portal\/wp-content\/uploads\/2022\/03\/Inter-25-2-7-300x185.jpg\" class=\"attachment-medium size-medium\" alt=\"\" aria-describedby=\"gallery-1-70970\" srcset=\"https:\/\/www.eldiario.net\/portal\/wp-content\/uploads\/2022\/03\/Inter-25-2-7-300x185.jpg 300w, https:\/\/www.eldiario.net\/portal\/wp-content\/uploads\/2022\/03\/Inter-25-2-7-1024x631.jpg 1024w, https:\/\/www.eldiario.net\/portal\/wp-content\/uploads\/2022\/03\/Inter-25-2-7-768x474.jpg 768w, https:\/\/www.eldiario.net\/portal\/wp-content\/uploads\/2022\/03\/Inter-25-2-7-696x429.jpg 696w, https:\/\/www.eldiario.net\/portal\/wp-content\/uploads\/2022\/03\/Inter-25-2-7-1068x659.jpg 1068w, https:\/\/www.eldiario.net\/portal\/wp-content\/uploads\/2022\/03\/Inter-25-2-7.jpg 1200w\" sizes=\"auto, (max-width: 300px) 100vw, 300px\" \/><\/a>\n\t\t\t<\/div>\n\t\t\t\t<figcaption class='wp-caption-text gallery-caption' id='gallery-1-70970'>\n\t\t\t\tPRESIDENTE DE RUSIA, VLADIMIR PUTIN.\n\t\t\t\t<\/figcaption><\/figure><figure class='gallery-item'>\n\t\t\t<div class='gallery-icon landscape'>\n\t\t\t\t<a href='https:\/\/www.eldiario.net\/portal\/2022\/03\/21\/expertos-explican-por-que-moscu-no-logra-controlar-cielos-de-kiev\/inter-25-3-83\/'><img loading=\"lazy\" decoding=\"async\" width=\"300\" height=\"169\" src=\"https:\/\/www.eldiario.net\/portal\/wp-content\/uploads\/2022\/03\/Inter-25-3-5-300x169.jpg\" class=\"attachment-medium size-medium\" alt=\"\" aria-describedby=\"gallery-1-70971\" srcset=\"https:\/\/www.eldiario.net\/portal\/wp-content\/uploads\/2022\/03\/Inter-25-3-5-300x169.jpg 300w, https:\/\/www.eldiario.net\/portal\/wp-content\/uploads\/2022\/03\/Inter-25-3-5.jpg 620w\" sizes=\"auto, (max-width: 300px) 100vw, 300px\" \/><\/a>\n\t\t\t<\/div>\n\t\t\t\t<figcaption class='wp-caption-text gallery-caption' id='gallery-1-70971'>\n\t\t\t\tANALISTAS MILITARES Y REPORTES DE INTELIGENCIA SUGIEREN QUE EL KREMLIN, POR MOTIVOS QUE NO EST\u00c1N CLAROS, DECIDI\u00d3 NO DESPLEGAR UNA GRAN AVANZADA DE SU FUERZA A\u00c9REA EN UCRANIA. BBC MUNDO\n\t\t\t\t<\/figcaption><\/figure>\n\t\t<\/div>\n\n","protected":false},"excerpt":{"rendered":"<p>Expertos entrevistados por BBC Mundo explican por qu\u00e9 en m\u00e1s de tres semanas despu\u00e9s del inicio de la invasi\u00f3n el 24 de febrero, Rusia no ha sido capaz de controlar los cielos del pa\u00eds vecino, a pesar de tener una de las fuerzas a\u00e9reas m\u00e1s grandes del mundo. Ha ido contra todos los pron\u00f3sticos, cuando [&hellip;]<\/p>\n","protected":false},"author":1,"featured_media":70969,"comment_status":"closed","ping_status":"closed","sticky":false,"template":"","format":"standard","meta":{"_acf_changed":false,"footnotes":""},"categories":[3],"tags":[],"class_list":["post-70968","post","type-post","status-publish","format-standard","has-post-thumbnail","category-internacional"],"acf":{"antetitulo":""},"yoast_head":"<!-- This site is optimized with the Yoast SEO plugin v28.3 - https:\/\/yoast.com\/product\/yoast-seo-wordpress\/ -->\n<title>Expertos explican por qu\u00e9 Mosc\u00fa no logra controlar cielos de Kiev - El Diario - Bolivia<\/title>\n<meta name=\"robots\" content=\"index, follow, max-snippet:-1, max-image-preview:large, max-video-preview:-1\" \/>\n<link rel=\"canonical\" href=\"https:\/\/www.eldiario.net\/portal\/2022\/03\/21\/expertos-explican-por-que-moscu-no-logra-controlar-cielos-de-kiev\/\" \/>\n<meta property=\"og:locale\" content=\"es_ES\" \/>\n<meta property=\"og:type\" content=\"article\" \/>\n<meta property=\"og:title\" content=\"Expertos explican por qu\u00e9 Mosc\u00fa no logra controlar cielos de Kiev - El Diario - Bolivia\" \/>\n<meta property=\"og:description\" content=\"Expertos entrevistados por BBC Mundo explican por qu\u00e9 en m\u00e1s de tres semanas despu\u00e9s del inicio de la invasi\u00f3n el 24 de febrero, Rusia no ha sido capaz de controlar los cielos del pa\u00eds vecino, a pesar de tener una de las fuerzas a\u00e9reas m\u00e1s grandes del mundo. Ha ido contra todos los pron\u00f3sticos, cuando [&hellip;]\" \/>\n<meta property=\"og:url\" content=\"https:\/\/www.eldiario.net\/portal\/2022\/03\/21\/expertos-explican-por-que-moscu-no-logra-controlar-cielos-de-kiev\/\" \/>\n<meta property=\"og:site_name\" content=\"El Diario - Bolivia\" \/>\n<meta property=\"article:publisher\" content=\"https:\/\/www.facebook.com\/eldiario.bolivia\/\" \/>\n<meta property=\"article:published_time\" content=\"2022-03-21T09:09:57+00:00\" \/>\n<meta name=\"author\" content=\"Jeanette\" \/>\n<meta name=\"twitter:card\" content=\"summary_large_image\" \/>\n<meta name=\"twitter:creator\" content=\"@eldiario_net\" \/>\n<meta name=\"twitter:site\" content=\"@eldiario_net\" \/>\n<meta name=\"twitter:label1\" content=\"Escrito por\" \/>\n\t<meta name=\"twitter:data1\" content=\"Jeanette\" \/>\n\t<meta name=\"twitter:label2\" content=\"Tiempo de lectura\" \/>\n\t<meta name=\"twitter:data2\" content=\"8 minutos\" \/>\n<script type=\"application\/ld+json\" class=\"yoast-schema-graph\">{\"@context\":\"https:\\\/\\\/schema.org\",\"@graph\":[{\"@type\":\"Article\",\"@id\":\"https:\\\/\\\/www.eldiario.net\\\/portal\\\/2022\\\/03\\\/21\\\/expertos-explican-por-que-moscu-no-logra-controlar-cielos-de-kiev\\\/#article\",\"isPartOf\":{\"@id\":\"https:\\\/\\\/www.eldiario.net\\\/portal\\\/2022\\\/03\\\/21\\\/expertos-explican-por-que-moscu-no-logra-controlar-cielos-de-kiev\\\/\"},\"author\":{\"name\":\"Jeanette\",\"@id\":\"https:\\\/\\\/www.eldiario.net\\\/portal\\\/#\\\/schema\\\/person\\\/f46445640444750d7d753ccd04ae01b7\"},\"headline\":\"Expertos explican por qu\u00e9 Mosc\u00fa no logra controlar cielos de Kiev\",\"datePublished\":\"2022-03-21T09:09:57+00:00\",\"mainEntityOfPage\":{\"@id\":\"https:\\\/\\\/www.eldiario.net\\\/portal\\\/2022\\\/03\\\/21\\\/expertos-explican-por-que-moscu-no-logra-controlar-cielos-de-kiev\\\/\"},\"wordCount\":1836,\"publisher\":{\"@id\":\"https:\\\/\\\/www.eldiario.net\\\/portal\\\/#organization\"},\"image\":{\"@id\":\"https:\\\/\\\/www.eldiario.net\\\/portal\\\/2022\\\/03\\\/21\\\/expertos-explican-por-que-moscu-no-logra-controlar-cielos-de-kiev\\\/#primaryimage\"},\"thumbnailUrl\":\"\",\"articleSection\":[\"Internacional\"],\"inLanguage\":\"es\"},{\"@type\":\"WebPage\",\"@id\":\"https:\\\/\\\/www.eldiario.net\\\/portal\\\/2022\\\/03\\\/21\\\/expertos-explican-por-que-moscu-no-logra-controlar-cielos-de-kiev\\\/\",\"url\":\"https:\\\/\\\/www.eldiario.net\\\/portal\\\/2022\\\/03\\\/21\\\/expertos-explican-por-que-moscu-no-logra-controlar-cielos-de-kiev\\\/\",\"name\":\"Expertos explican por qu\u00e9 Mosc\u00fa no logra controlar cielos de Kiev - El Diario - Bolivia\",\"isPartOf\":{\"@id\":\"https:\\\/\\\/www.eldiario.net\\\/portal\\\/#website\"},\"primaryImageOfPage\":{\"@id\":\"https:\\\/\\\/www.eldiario.net\\\/portal\\\/2022\\\/03\\\/21\\\/expertos-explican-por-que-moscu-no-logra-controlar-cielos-de-kiev\\\/#primaryimage\"},\"image\":{\"@id\":\"https:\\\/\\\/www.eldiario.net\\\/portal\\\/2022\\\/03\\\/21\\\/expertos-explican-por-que-moscu-no-logra-controlar-cielos-de-kiev\\\/#primaryimage\"},\"thumbnailUrl\":\"\",\"datePublished\":\"2022-03-21T09:09:57+00:00\",\"breadcrumb\":{\"@id\":\"https:\\\/\\\/www.eldiario.net\\\/portal\\\/2022\\\/03\\\/21\\\/expertos-explican-por-que-moscu-no-logra-controlar-cielos-de-kiev\\\/#breadcrumb\"},\"inLanguage\":\"es\",\"potentialAction\":[{\"@type\":\"ReadAction\",\"target\":[\"https:\\\/\\\/www.eldiario.net\\\/portal\\\/2022\\\/03\\\/21\\\/expertos-explican-por-que-moscu-no-logra-controlar-cielos-de-kiev\\\/\"]}]},{\"@type\":\"ImageObject\",\"inLanguage\":\"es\",\"@id\":\"https:\\\/\\\/www.eldiario.net\\\/portal\\\/2022\\\/03\\\/21\\\/expertos-explican-por-que-moscu-no-logra-controlar-cielos-de-kiev\\\/#primaryimage\",\"url\":\"\",\"contentUrl\":\"\"},{\"@type\":\"BreadcrumbList\",\"@id\":\"https:\\\/\\\/www.eldiario.net\\\/portal\\\/2022\\\/03\\\/21\\\/expertos-explican-por-que-moscu-no-logra-controlar-cielos-de-kiev\\\/#breadcrumb\",\"itemListElement\":[{\"@type\":\"ListItem\",\"position\":1,\"name\":\"Portada\",\"item\":\"https:\\\/\\\/www.eldiario.net\\\/portal\\\/\"},{\"@type\":\"ListItem\",\"position\":2,\"name\":\"Expertos explican por qu\u00e9 Mosc\u00fa no logra controlar cielos de Kiev\"}]},{\"@type\":\"WebSite\",\"@id\":\"https:\\\/\\\/www.eldiario.net\\\/portal\\\/#website\",\"url\":\"https:\\\/\\\/www.eldiario.net\\\/portal\\\/\",\"name\":\"El Diario - Decano de la prensa nacional\",\"description\":\"El Diario - Decano de la prensa nacional\",\"publisher\":{\"@id\":\"https:\\\/\\\/www.eldiario.net\\\/portal\\\/#organization\"},\"potentialAction\":[{\"@type\":\"SearchAction\",\"target\":{\"@type\":\"EntryPoint\",\"urlTemplate\":\"https:\\\/\\\/www.eldiario.net\\\/portal\\\/?s={search_term_string}\"},\"query-input\":{\"@type\":\"PropertyValueSpecification\",\"valueRequired\":true,\"valueName\":\"search_term_string\"}}],\"inLanguage\":\"es\"},{\"@type\":\"Organization\",\"@id\":\"https:\\\/\\\/www.eldiario.net\\\/portal\\\/#organization\",\"name\":\"El Diario - Decano de la prensa nacional\",\"url\":\"https:\\\/\\\/www.eldiario.net\\\/portal\\\/\",\"logo\":{\"@type\":\"ImageObject\",\"inLanguage\":\"es\",\"@id\":\"https:\\\/\\\/www.eldiario.net\\\/portal\\\/#\\\/schema\\\/logo\\\/image\\\/\",\"url\":\"https:\\\/\\\/www.eldiario.net\\\/portal\\\/wp-content\\\/uploads\\\/2023\\\/07\\\/logo_ED.jpg\",\"contentUrl\":\"https:\\\/\\\/www.eldiario.net\\\/portal\\\/wp-content\\\/uploads\\\/2023\\\/07\\\/logo_ED.jpg\",\"width\":272,\"height\":52,\"caption\":\"El Diario - Decano de la prensa nacional\"},\"image\":{\"@id\":\"https:\\\/\\\/www.eldiario.net\\\/portal\\\/#\\\/schema\\\/logo\\\/image\\\/\"},\"sameAs\":[\"https:\\\/\\\/www.facebook.com\\\/eldiario.bolivia\\\/\",\"https:\\\/\\\/x.com\\\/eldiario_net\"]},{\"@type\":\"Person\",\"@id\":\"https:\\\/\\\/www.eldiario.net\\\/portal\\\/#\\\/schema\\\/person\\\/f46445640444750d7d753ccd04ae01b7\",\"name\":\"Jeanette\",\"image\":{\"@type\":\"ImageObject\",\"inLanguage\":\"es\",\"@id\":\"https:\\\/\\\/secure.gravatar.com\\\/avatar\\\/3ea2118a5f7dad2b7138b1187a6b7ee55f160b9968b66013c3a3ef39dd7e5798?s=96&d=mm&r=g\",\"url\":\"https:\\\/\\\/secure.gravatar.com\\\/avatar\\\/3ea2118a5f7dad2b7138b1187a6b7ee55f160b9968b66013c3a3ef39dd7e5798?s=96&d=mm&r=g\",\"contentUrl\":\"https:\\\/\\\/secure.gravatar.com\\\/avatar\\\/3ea2118a5f7dad2b7138b1187a6b7ee55f160b9968b66013c3a3ef39dd7e5798?s=96&d=mm&r=g\",\"caption\":\"Jeanette\"},\"sameAs\":[\"https:\\\/\\\/www.eldiario.net\\\/portal\"],\"url\":\"https:\\\/\\\/www.eldiario.net\\\/portal\\\/author\\\/jeanette\\\/\"}]}<\/script>\n<!-- \/ Yoast SEO plugin. -->","yoast_head_json":{"title":"Expertos explican por qu\u00e9 Mosc\u00fa no logra controlar cielos de Kiev - El Diario - Bolivia","robots":{"index":"index","follow":"follow","max-snippet":"max-snippet:-1","max-image-preview":"max-image-preview:large","max-video-preview":"max-video-preview:-1"},"canonical":"https:\/\/www.eldiario.net\/portal\/2022\/03\/21\/expertos-explican-por-que-moscu-no-logra-controlar-cielos-de-kiev\/","og_locale":"es_ES","og_type":"article","og_title":"Expertos explican por qu\u00e9 Mosc\u00fa no logra controlar cielos de Kiev - El Diario - Bolivia","og_description":"Expertos entrevistados por BBC Mundo explican por qu\u00e9 en m\u00e1s de tres semanas despu\u00e9s del inicio de la invasi\u00f3n el 24 de febrero, Rusia no ha sido capaz de controlar los cielos del pa\u00eds vecino, a pesar de tener una de las fuerzas a\u00e9reas m\u00e1s grandes del mundo. Ha ido contra todos los pron\u00f3sticos, cuando [&hellip;]","og_url":"https:\/\/www.eldiario.net\/portal\/2022\/03\/21\/expertos-explican-por-que-moscu-no-logra-controlar-cielos-de-kiev\/","og_site_name":"El Diario - Bolivia","article_publisher":"https:\/\/www.facebook.com\/eldiario.bolivia\/","article_published_time":"2022-03-21T09:09:57+00:00","author":"Jeanette","twitter_card":"summary_large_image","twitter_creator":"@eldiario_net","twitter_site":"@eldiario_net","twitter_misc":{"Escrito por":"Jeanette","Tiempo de lectura":"8 minutos"},"schema":{"@context":"https:\/\/schema.org","@graph":[{"@type":"Article","@id":"https:\/\/www.eldiario.net\/portal\/2022\/03\/21\/expertos-explican-por-que-moscu-no-logra-controlar-cielos-de-kiev\/#article","isPartOf":{"@id":"https:\/\/www.eldiario.net\/portal\/2022\/03\/21\/expertos-explican-por-que-moscu-no-logra-controlar-cielos-de-kiev\/"},"author":{"name":"Jeanette","@id":"https:\/\/www.eldiario.net\/portal\/#\/schema\/person\/f46445640444750d7d753ccd04ae01b7"},"headline":"Expertos explican por qu\u00e9 Mosc\u00fa no logra controlar cielos de Kiev","datePublished":"2022-03-21T09:09:57+00:00","mainEntityOfPage":{"@id":"https:\/\/www.eldiario.net\/portal\/2022\/03\/21\/expertos-explican-por-que-moscu-no-logra-controlar-cielos-de-kiev\/"},"wordCount":1836,"publisher":{"@id":"https:\/\/www.eldiario.net\/portal\/#organization"},"image":{"@id":"https:\/\/www.eldiario.net\/portal\/2022\/03\/21\/expertos-explican-por-que-moscu-no-logra-controlar-cielos-de-kiev\/#primaryimage"},"thumbnailUrl":"","articleSection":["Internacional"],"inLanguage":"es"},{"@type":"WebPage","@id":"https:\/\/www.eldiario.net\/portal\/2022\/03\/21\/expertos-explican-por-que-moscu-no-logra-controlar-cielos-de-kiev\/","url":"https:\/\/www.eldiario.net\/portal\/2022\/03\/21\/expertos-explican-por-que-moscu-no-logra-controlar-cielos-de-kiev\/","name":"Expertos explican por qu\u00e9 Mosc\u00fa no logra controlar cielos de Kiev - El Diario - Bolivia","isPartOf":{"@id":"https:\/\/www.eldiario.net\/portal\/#website"},"primaryImageOfPage":{"@id":"https:\/\/www.eldiario.net\/portal\/2022\/03\/21\/expertos-explican-por-que-moscu-no-logra-controlar-cielos-de-kiev\/#primaryimage"},"image":{"@id":"https:\/\/www.eldiario.net\/portal\/2022\/03\/21\/expertos-explican-por-que-moscu-no-logra-controlar-cielos-de-kiev\/#primaryimage"},"thumbnailUrl":"","datePublished":"2022-03-21T09:09:57+00:00","breadcrumb":{"@id":"https:\/\/www.eldiario.net\/portal\/2022\/03\/21\/expertos-explican-por-que-moscu-no-logra-controlar-cielos-de-kiev\/#breadcrumb"},"inLanguage":"es","potentialAction":[{"@type":"ReadAction","target":["https:\/\/www.eldiario.net\/portal\/2022\/03\/21\/expertos-explican-por-que-moscu-no-logra-controlar-cielos-de-kiev\/"]}]},{"@type":"ImageObject","inLanguage":"es","@id":"https:\/\/www.eldiario.net\/portal\/2022\/03\/21\/expertos-explican-por-que-moscu-no-logra-controlar-cielos-de-kiev\/#primaryimage","url":"","contentUrl":""},{"@type":"BreadcrumbList","@id":"https:\/\/www.eldiario.net\/portal\/2022\/03\/21\/expertos-explican-por-que-moscu-no-logra-controlar-cielos-de-kiev\/#breadcrumb","itemListElement":[{"@type":"ListItem","position":1,"name":"Portada","item":"https:\/\/www.eldiario.net\/portal\/"},{"@type":"ListItem","position":2,"name":"Expertos explican por qu\u00e9 Mosc\u00fa no logra controlar cielos de Kiev"}]},{"@type":"WebSite","@id":"https:\/\/www.eldiario.net\/portal\/#website","url":"https:\/\/www.eldiario.net\/portal\/","name":"El Diario - Decano de la prensa nacional","description":"El Diario - Decano de la prensa nacional","publisher":{"@id":"https:\/\/www.eldiario.net\/portal\/#organization"},"potentialAction":[{"@type":"SearchAction","target":{"@type":"EntryPoint","urlTemplate":"https:\/\/www.eldiario.net\/portal\/?s={search_term_string}"},"query-input":{"@type":"PropertyValueSpecification","valueRequired":true,"valueName":"search_term_string"}}],"inLanguage":"es"},{"@type":"Organization","@id":"https:\/\/www.eldiario.net\/portal\/#organization","name":"El Diario - Decano de la prensa nacional","url":"https:\/\/www.eldiario.net\/portal\/","logo":{"@type":"ImageObject","inLanguage":"es","@id":"https:\/\/www.eldiario.net\/portal\/#\/schema\/logo\/image\/","url":"https:\/\/www.eldiario.net\/portal\/wp-content\/uploads\/2023\/07\/logo_ED.jpg","contentUrl":"https:\/\/www.eldiario.net\/portal\/wp-content\/uploads\/2023\/07\/logo_ED.jpg","width":272,"height":52,"caption":"El Diario - Decano de la prensa nacional"},"image":{"@id":"https:\/\/www.eldiario.net\/portal\/#\/schema\/logo\/image\/"},"sameAs":["https:\/\/www.facebook.com\/eldiario.bolivia\/","https:\/\/x.com\/eldiario_net"]},{"@type":"Person","@id":"https:\/\/www.eldiario.net\/portal\/#\/schema\/person\/f46445640444750d7d753ccd04ae01b7","name":"Jeanette","image":{"@type":"ImageObject","inLanguage":"es","@id":"https:\/\/secure.gravatar.com\/avatar\/3ea2118a5f7dad2b7138b1187a6b7ee55f160b9968b66013c3a3ef39dd7e5798?s=96&d=mm&r=g","url":"https:\/\/secure.gravatar.com\/avatar\/3ea2118a5f7dad2b7138b1187a6b7ee55f160b9968b66013c3a3ef39dd7e5798?s=96&d=mm&r=g","contentUrl":"https:\/\/secure.gravatar.com\/avatar\/3ea2118a5f7dad2b7138b1187a6b7ee55f160b9968b66013c3a3ef39dd7e5798?s=96&d=mm&r=g","caption":"Jeanette"},"sameAs":["https:\/\/www.eldiario.net\/portal"],"url":"https:\/\/www.eldiario.net\/portal\/author\/jeanette\/"}]}},"_links":{"self":[{"href":"https:\/\/www.eldiario.net\/portal\/wp-json\/wp\/v2\/posts\/70968","targetHints":{"allow":["GET"]}}],"collection":[{"href":"https:\/\/www.eldiario.net\/portal\/wp-json\/wp\/v2\/posts"}],"about":[{"href":"https:\/\/www.eldiario.net\/portal\/wp-json\/wp\/v2\/types\/post"}],"author":[{"embeddable":true,"href":"https:\/\/www.eldiario.net\/portal\/wp-json\/wp\/v2\/users\/1"}],"replies":[{"embeddable":true,"href":"https:\/\/www.eldiario.net\/portal\/wp-json\/wp\/v2\/comments?post=70968"}],"version-history":[{"count":0,"href":"https:\/\/www.eldiario.net\/portal\/wp-json\/wp\/v2\/posts\/70968\/revisions"}],"wp:attachment":[{"href":"https:\/\/www.eldiario.net\/portal\/wp-json\/wp\/v2\/media?parent=70968"}],"wp:term":[{"taxonomy":"category","embeddable":true,"href":"https:\/\/www.eldiario.net\/portal\/wp-json\/wp\/v2\/categories?post=70968"},{"taxonomy":"post_tag","embeddable":true,"href":"https:\/\/www.eldiario.net\/portal\/wp-json\/wp\/v2\/tags?post=70968"}],"curies":[{"name":"wp","href":"https:\/\/api.w.org\/{rel}","templated":true}]}}