{"id":70965,"date":"2022-03-21T05:05:42","date_gmt":"2022-03-21T09:05:42","guid":{"rendered":"https:\/\/www.eldiario.net\/portal\/?p=70965"},"modified":"2022-03-21T05:05:42","modified_gmt":"2022-03-21T09:05:42","slug":"detienen-el-inspector-de-carcel-por-fuga-de-narcotraficante","status":"publish","type":"post","link":"https:\/\/www.eldiario.net\/portal\/2022\/03\/21\/detienen-el-inspector-de-carcel-por-fuga-de-narcotraficante\/","title":{"rendered":"Detienen el inspector de c\u00e1rcel  por fuga de narcotraficante"},"content":{"rendered":"<p>Bogot\u00e1.- Las autoridades colombianas informaron de la detenci\u00f3n de Milton L. Jim\u00e9nez, inspector de servicio de la c\u00e1rcel La Picota de\u00a0Bogot\u00e1, quien habr\u00eda\u00a0dejado las rejas abiertas para facilitar la fuga de Juan Larrinson Castro Estupi\u00f1\u00e1n, alias \u201cMatamba\u201d, considerado como el n\u00famero dos del Clan del Golfo.<\/p>\n<p>La Fiscal\u00eda inform\u00f3 de que el pr\u00f3ximo martes se le imputar\u00e1 el delito de favorecimiento de fuga de presos, ya que \u201cMatamba\u201d sali\u00f3 de la prisi\u00f3n a pie, con uniforme militar y tras atravesar siete puertas que deb\u00edan estar cerradas.<\/p>\n<p>Jim\u00e9nez fue detenido el propio viernes y en el registro posterior se hallaron 10 millones de pesos (unos 2.350 euros).<\/p>\n<p>\u201cMatamba\u201d fue detenido en mayo de 2021 por su presunta responsabilidad en m\u00faltiples acciones armadas y de narcotr\u00e1fico en la regi\u00f3n del Pac\u00edfico y se le imputaron los delitos de concierto para delinquir con fines de homicidio y extorsi\u00f3n, fabricaci\u00f3n, tr\u00e1fico, porte o tenencia de armas de fuego y fabricaci\u00f3n, tr\u00e1fico y porte de municiones de uso restringido de uso privativo de las Fuerzas Armadas.<\/p>\n<p>Adem\u00e1s, contaba con la colaboraci\u00f3n de un coronel retirado, dos en activo, tres sargentos y un soldado raso que le informaban de los movimientos de tropa e incluso de los intentos de infiltraci\u00f3n.<\/p>\n<p>La investigaci\u00f3n abierta apunta a que \u201cMatamba\u201d habr\u00eda pagado \u00abentre 4 y 5 millones de d\u00f3lares para concretar su fuga con la complicidad de por lo menos diez guardias del INPEC, aunque no se descarta que haya m\u00e1s involucrados\u00bb, seg\u00fan recoge el diario El Tiempo. (Europa Press)<\/p>\n<p>&nbsp;<\/p>\n","protected":false},"excerpt":{"rendered":"<p>Bogot\u00e1.- Las autoridades colombianas informaron de la detenci\u00f3n de Milton L. Jim\u00e9nez, inspector de servicio de la c\u00e1rcel La Picota de\u00a0Bogot\u00e1, quien habr\u00eda\u00a0dejado las rejas abiertas para facilitar la fuga de Juan Larrinson Castro Estupi\u00f1\u00e1n, alias \u201cMatamba\u201d, considerado como el n\u00famero dos del Clan del Golfo. La Fiscal\u00eda inform\u00f3 de que el pr\u00f3ximo martes se [&hellip;]<\/p>\n","protected":false},"author":1,"featured_media":70966,"comment_status":"closed","ping_status":"closed","sticky":false,"template":"","format":"standard","meta":{"_acf_changed":false,"footnotes":""},"categories":[3],"tags":[],"class_list":["post-70965","post","type-post","status-publish","format-standard","has-post-thumbnail","category-internacional"],"acf":{"antetitulo":""},"yoast_head":"<!-- This site is optimized with the Yoast SEO plugin v28.4 - https:\/\/yoast.com\/product\/yoast-seo-wordpress\/ -->\n<title>Detienen el inspector de c\u00e1rcel por fuga de narcotraficante - El Diario - Bolivia<\/title>\n<meta name=\"robots\" content=\"index, follow, max-snippet:-1, max-image-preview:large, max-video-preview:-1\" \/>\n<link rel=\"canonical\" href=\"https:\/\/www.eldiario.net\/portal\/2022\/03\/21\/detienen-el-inspector-de-carcel-por-fuga-de-narcotraficante\/\" \/>\n<meta property=\"og:locale\" content=\"es_ES\" \/>\n<meta property=\"og:type\" content=\"article\" \/>\n<meta property=\"og:title\" content=\"Detienen el inspector de c\u00e1rcel por fuga de narcotraficante - El Diario - Bolivia\" \/>\n<meta property=\"og:description\" content=\"Bogot\u00e1.- Las autoridades colombianas informaron de la detenci\u00f3n de Milton L. Jim\u00e9nez, inspector de servicio de la c\u00e1rcel La Picota de\u00a0Bogot\u00e1, quien habr\u00eda\u00a0dejado las rejas abiertas para facilitar la fuga de Juan Larrinson Castro Estupi\u00f1\u00e1n, alias \u201cMatamba\u201d, considerado como el n\u00famero dos del Clan del Golfo. La Fiscal\u00eda inform\u00f3 de que el pr\u00f3ximo martes se [&hellip;]\" \/>\n<meta property=\"og:url\" content=\"https:\/\/www.eldiario.net\/portal\/2022\/03\/21\/detienen-el-inspector-de-carcel-por-fuga-de-narcotraficante\/\" \/>\n<meta property=\"og:site_name\" content=\"El Diario - Bolivia\" \/>\n<meta property=\"article:publisher\" content=\"https:\/\/www.facebook.com\/eldiario.bolivia\/\" \/>\n<meta property=\"article:published_time\" content=\"2022-03-21T09:05:42+00:00\" \/>\n<meta name=\"author\" content=\"Jeanette\" \/>\n<meta name=\"twitter:card\" content=\"summary_large_image\" \/>\n<meta name=\"twitter:creator\" content=\"@eldiario_net\" \/>\n<meta name=\"twitter:site\" content=\"@eldiario_net\" \/>\n<meta name=\"twitter:label1\" content=\"Escrito por\" \/>\n\t<meta name=\"twitter:data1\" content=\"Jeanette\" \/>\n\t<meta name=\"twitter:label2\" content=\"Tiempo de lectura\" \/>\n\t<meta name=\"twitter:data2\" content=\"2 minutos\" \/>\n<script type=\"application\/ld+json\" class=\"yoast-schema-graph\">{\"@context\":\"https:\\\/\\\/schema.org\",\"@graph\":[{\"@type\":\"Article\",\"@id\":\"https:\\\/\\\/www.eldiario.net\\\/portal\\\/2022\\\/03\\\/21\\\/detienen-el-inspector-de-carcel-por-fuga-de-narcotraficante\\\/#article\",\"isPartOf\":{\"@id\":\"https:\\\/\\\/www.eldiario.net\\\/portal\\\/2022\\\/03\\\/21\\\/detienen-el-inspector-de-carcel-por-fuga-de-narcotraficante\\\/\"},\"author\":{\"name\":\"Jeanette\",\"@id\":\"https:\\\/\\\/www.eldiario.net\\\/portal\\\/#\\\/schema\\\/person\\\/f46445640444750d7d753ccd04ae01b7\"},\"headline\":\"Detienen el inspector de c\u00e1rcel por fuga de narcotraficante\",\"datePublished\":\"2022-03-21T09:05:42+00:00\",\"mainEntityOfPage\":{\"@id\":\"https:\\\/\\\/www.eldiario.net\\\/portal\\\/2022\\\/03\\\/21\\\/detienen-el-inspector-de-carcel-por-fuga-de-narcotraficante\\\/\"},\"wordCount\":288,\"publisher\":{\"@id\":\"https:\\\/\\\/www.eldiario.net\\\/portal\\\/#organization\"},\"image\":{\"@id\":\"https:\\\/\\\/www.eldiario.net\\\/portal\\\/2022\\\/03\\\/21\\\/detienen-el-inspector-de-carcel-por-fuga-de-narcotraficante\\\/#primaryimage\"},\"thumbnailUrl\":\"\",\"articleSection\":[\"Internacional\"],\"inLanguage\":\"es\"},{\"@type\":\"WebPage\",\"@id\":\"https:\\\/\\\/www.eldiario.net\\\/portal\\\/2022\\\/03\\\/21\\\/detienen-el-inspector-de-carcel-por-fuga-de-narcotraficante\\\/\",\"url\":\"https:\\\/\\\/www.eldiario.net\\\/portal\\\/2022\\\/03\\\/21\\\/detienen-el-inspector-de-carcel-por-fuga-de-narcotraficante\\\/\",\"name\":\"Detienen el inspector de c\u00e1rcel por fuga de narcotraficante - El Diario - Bolivia\",\"isPartOf\":{\"@id\":\"https:\\\/\\\/www.eldiario.net\\\/portal\\\/#website\"},\"primaryImageOfPage\":{\"@id\":\"https:\\\/\\\/www.eldiario.net\\\/portal\\\/2022\\\/03\\\/21\\\/detienen-el-inspector-de-carcel-por-fuga-de-narcotraficante\\\/#primaryimage\"},\"image\":{\"@id\":\"https:\\\/\\\/www.eldiario.net\\\/portal\\\/2022\\\/03\\\/21\\\/detienen-el-inspector-de-carcel-por-fuga-de-narcotraficante\\\/#primaryimage\"},\"thumbnailUrl\":\"\",\"datePublished\":\"2022-03-21T09:05:42+00:00\",\"breadcrumb\":{\"@id\":\"https:\\\/\\\/www.eldiario.net\\\/portal\\\/2022\\\/03\\\/21\\\/detienen-el-inspector-de-carcel-por-fuga-de-narcotraficante\\\/#breadcrumb\"},\"inLanguage\":\"es\",\"potentialAction\":[{\"@type\":\"ReadAction\",\"target\":[\"https:\\\/\\\/www.eldiario.net\\\/portal\\\/2022\\\/03\\\/21\\\/detienen-el-inspector-de-carcel-por-fuga-de-narcotraficante\\\/\"]}]},{\"@type\":\"ImageObject\",\"inLanguage\":\"es\",\"@id\":\"https:\\\/\\\/www.eldiario.net\\\/portal\\\/2022\\\/03\\\/21\\\/detienen-el-inspector-de-carcel-por-fuga-de-narcotraficante\\\/#primaryimage\",\"url\":\"\",\"contentUrl\":\"\"},{\"@type\":\"BreadcrumbList\",\"@id\":\"https:\\\/\\\/www.eldiario.net\\\/portal\\\/2022\\\/03\\\/21\\\/detienen-el-inspector-de-carcel-por-fuga-de-narcotraficante\\\/#breadcrumb\",\"itemListElement\":[{\"@type\":\"ListItem\",\"position\":1,\"name\":\"Portada\",\"item\":\"https:\\\/\\\/www.eldiario.net\\\/portal\\\/\"},{\"@type\":\"ListItem\",\"position\":2,\"name\":\"Detienen el inspector de c\u00e1rcel por fuga de narcotraficante\"}]},{\"@type\":\"WebSite\",\"@id\":\"https:\\\/\\\/www.eldiario.net\\\/portal\\\/#website\",\"url\":\"https:\\\/\\\/www.eldiario.net\\\/portal\\\/\",\"name\":\"El Diario - Decano de la prensa nacional\",\"description\":\"El Diario - Decano de la prensa nacional\",\"publisher\":{\"@id\":\"https:\\\/\\\/www.eldiario.net\\\/portal\\\/#organization\"},\"potentialAction\":[{\"@type\":\"SearchAction\",\"target\":{\"@type\":\"EntryPoint\",\"urlTemplate\":\"https:\\\/\\\/www.eldiario.net\\\/portal\\\/?s={search_term_string}\"},\"query-input\":{\"@type\":\"PropertyValueSpecification\",\"valueRequired\":true,\"valueName\":\"search_term_string\"}}],\"inLanguage\":\"es\"},{\"@type\":\"Organization\",\"@id\":\"https:\\\/\\\/www.eldiario.net\\\/portal\\\/#organization\",\"name\":\"El Diario - Decano de la prensa nacional\",\"url\":\"https:\\\/\\\/www.eldiario.net\\\/portal\\\/\",\"logo\":{\"@type\":\"ImageObject\",\"inLanguage\":\"es\",\"@id\":\"https:\\\/\\\/www.eldiario.net\\\/portal\\\/#\\\/schema\\\/logo\\\/image\\\/\",\"url\":\"https:\\\/\\\/www.eldiario.net\\\/portal\\\/wp-content\\\/uploads\\\/2023\\\/07\\\/logo_ED.jpg\",\"contentUrl\":\"https:\\\/\\\/www.eldiario.net\\\/portal\\\/wp-content\\\/uploads\\\/2023\\\/07\\\/logo_ED.jpg\",\"width\":272,\"height\":52,\"caption\":\"El Diario - Decano de la prensa nacional\"},\"image\":{\"@id\":\"https:\\\/\\\/www.eldiario.net\\\/portal\\\/#\\\/schema\\\/logo\\\/image\\\/\"},\"sameAs\":[\"https:\\\/\\\/www.facebook.com\\\/eldiario.bolivia\\\/\",\"https:\\\/\\\/x.com\\\/eldiario_net\"]},{\"@type\":\"Person\",\"@id\":\"https:\\\/\\\/www.eldiario.net\\\/portal\\\/#\\\/schema\\\/person\\\/f46445640444750d7d753ccd04ae01b7\",\"name\":\"Jeanette\",\"image\":{\"@type\":\"ImageObject\",\"inLanguage\":\"es\",\"@id\":\"https:\\\/\\\/secure.gravatar.com\\\/avatar\\\/3ea2118a5f7dad2b7138b1187a6b7ee55f160b9968b66013c3a3ef39dd7e5798?s=96&d=mm&r=g\",\"url\":\"https:\\\/\\\/secure.gravatar.com\\\/avatar\\\/3ea2118a5f7dad2b7138b1187a6b7ee55f160b9968b66013c3a3ef39dd7e5798?s=96&d=mm&r=g\",\"contentUrl\":\"https:\\\/\\\/secure.gravatar.com\\\/avatar\\\/3ea2118a5f7dad2b7138b1187a6b7ee55f160b9968b66013c3a3ef39dd7e5798?s=96&d=mm&r=g\",\"caption\":\"Jeanette\"},\"sameAs\":[\"https:\\\/\\\/www.eldiario.net\\\/portal\"],\"url\":\"https:\\\/\\\/www.eldiario.net\\\/portal\\\/author\\\/jeanette\\\/\"}]}<\/script>\n<!-- \/ Yoast SEO plugin. -->","yoast_head_json":{"title":"Detienen el inspector de c\u00e1rcel por fuga de narcotraficante - El Diario - Bolivia","robots":{"index":"index","follow":"follow","max-snippet":"max-snippet:-1","max-image-preview":"max-image-preview:large","max-video-preview":"max-video-preview:-1"},"canonical":"https:\/\/www.eldiario.net\/portal\/2022\/03\/21\/detienen-el-inspector-de-carcel-por-fuga-de-narcotraficante\/","og_locale":"es_ES","og_type":"article","og_title":"Detienen el inspector de c\u00e1rcel por fuga de narcotraficante - El Diario - Bolivia","og_description":"Bogot\u00e1.- Las autoridades colombianas informaron de la detenci\u00f3n de Milton L. Jim\u00e9nez, inspector de servicio de la c\u00e1rcel La Picota de\u00a0Bogot\u00e1, quien habr\u00eda\u00a0dejado las rejas abiertas para facilitar la fuga de Juan Larrinson Castro Estupi\u00f1\u00e1n, alias \u201cMatamba\u201d, considerado como el n\u00famero dos del Clan del Golfo. La Fiscal\u00eda inform\u00f3 de que el pr\u00f3ximo martes se [&hellip;]","og_url":"https:\/\/www.eldiario.net\/portal\/2022\/03\/21\/detienen-el-inspector-de-carcel-por-fuga-de-narcotraficante\/","og_site_name":"El Diario - Bolivia","article_publisher":"https:\/\/www.facebook.com\/eldiario.bolivia\/","article_published_time":"2022-03-21T09:05:42+00:00","author":"Jeanette","twitter_card":"summary_large_image","twitter_creator":"@eldiario_net","twitter_site":"@eldiario_net","twitter_misc":{"Escrito por":"Jeanette","Tiempo de lectura":"2 minutos"},"schema":{"@context":"https:\/\/schema.org","@graph":[{"@type":"Article","@id":"https:\/\/www.eldiario.net\/portal\/2022\/03\/21\/detienen-el-inspector-de-carcel-por-fuga-de-narcotraficante\/#article","isPartOf":{"@id":"https:\/\/www.eldiario.net\/portal\/2022\/03\/21\/detienen-el-inspector-de-carcel-por-fuga-de-narcotraficante\/"},"author":{"name":"Jeanette","@id":"https:\/\/www.eldiario.net\/portal\/#\/schema\/person\/f46445640444750d7d753ccd04ae01b7"},"headline":"Detienen el inspector de c\u00e1rcel por fuga de narcotraficante","datePublished":"2022-03-21T09:05:42+00:00","mainEntityOfPage":{"@id":"https:\/\/www.eldiario.net\/portal\/2022\/03\/21\/detienen-el-inspector-de-carcel-por-fuga-de-narcotraficante\/"},"wordCount":288,"publisher":{"@id":"https:\/\/www.eldiario.net\/portal\/#organization"},"image":{"@id":"https:\/\/www.eldiario.net\/portal\/2022\/03\/21\/detienen-el-inspector-de-carcel-por-fuga-de-narcotraficante\/#primaryimage"},"thumbnailUrl":"","articleSection":["Internacional"],"inLanguage":"es"},{"@type":"WebPage","@id":"https:\/\/www.eldiario.net\/portal\/2022\/03\/21\/detienen-el-inspector-de-carcel-por-fuga-de-narcotraficante\/","url":"https:\/\/www.eldiario.net\/portal\/2022\/03\/21\/detienen-el-inspector-de-carcel-por-fuga-de-narcotraficante\/","name":"Detienen el inspector de c\u00e1rcel por fuga de narcotraficante - El Diario - Bolivia","isPartOf":{"@id":"https:\/\/www.eldiario.net\/portal\/#website"},"primaryImageOfPage":{"@id":"https:\/\/www.eldiario.net\/portal\/2022\/03\/21\/detienen-el-inspector-de-carcel-por-fuga-de-narcotraficante\/#primaryimage"},"image":{"@id":"https:\/\/www.eldiario.net\/portal\/2022\/03\/21\/detienen-el-inspector-de-carcel-por-fuga-de-narcotraficante\/#primaryimage"},"thumbnailUrl":"","datePublished":"2022-03-21T09:05:42+00:00","breadcrumb":{"@id":"https:\/\/www.eldiario.net\/portal\/2022\/03\/21\/detienen-el-inspector-de-carcel-por-fuga-de-narcotraficante\/#breadcrumb"},"inLanguage":"es","potentialAction":[{"@type":"ReadAction","target":["https:\/\/www.eldiario.net\/portal\/2022\/03\/21\/detienen-el-inspector-de-carcel-por-fuga-de-narcotraficante\/"]}]},{"@type":"ImageObject","inLanguage":"es","@id":"https:\/\/www.eldiario.net\/portal\/2022\/03\/21\/detienen-el-inspector-de-carcel-por-fuga-de-narcotraficante\/#primaryimage","url":"","contentUrl":""},{"@type":"BreadcrumbList","@id":"https:\/\/www.eldiario.net\/portal\/2022\/03\/21\/detienen-el-inspector-de-carcel-por-fuga-de-narcotraficante\/#breadcrumb","itemListElement":[{"@type":"ListItem","position":1,"name":"Portada","item":"https:\/\/www.eldiario.net\/portal\/"},{"@type":"ListItem","position":2,"name":"Detienen el inspector de c\u00e1rcel por fuga de narcotraficante"}]},{"@type":"WebSite","@id":"https:\/\/www.eldiario.net\/portal\/#website","url":"https:\/\/www.eldiario.net\/portal\/","name":"El Diario - Decano de la prensa nacional","description":"El Diario - Decano de la prensa nacional","publisher":{"@id":"https:\/\/www.eldiario.net\/portal\/#organization"},"potentialAction":[{"@type":"SearchAction","target":{"@type":"EntryPoint","urlTemplate":"https:\/\/www.eldiario.net\/portal\/?s={search_term_string}"},"query-input":{"@type":"PropertyValueSpecification","valueRequired":true,"valueName":"search_term_string"}}],"inLanguage":"es"},{"@type":"Organization","@id":"https:\/\/www.eldiario.net\/portal\/#organization","name":"El Diario - Decano de la prensa nacional","url":"https:\/\/www.eldiario.net\/portal\/","logo":{"@type":"ImageObject","inLanguage":"es","@id":"https:\/\/www.eldiario.net\/portal\/#\/schema\/logo\/image\/","url":"https:\/\/www.eldiario.net\/portal\/wp-content\/uploads\/2023\/07\/logo_ED.jpg","contentUrl":"https:\/\/www.eldiario.net\/portal\/wp-content\/uploads\/2023\/07\/logo_ED.jpg","width":272,"height":52,"caption":"El Diario - Decano de la prensa nacional"},"image":{"@id":"https:\/\/www.eldiario.net\/portal\/#\/schema\/logo\/image\/"},"sameAs":["https:\/\/www.facebook.com\/eldiario.bolivia\/","https:\/\/x.com\/eldiario_net"]},{"@type":"Person","@id":"https:\/\/www.eldiario.net\/portal\/#\/schema\/person\/f46445640444750d7d753ccd04ae01b7","name":"Jeanette","image":{"@type":"ImageObject","inLanguage":"es","@id":"https:\/\/secure.gravatar.com\/avatar\/3ea2118a5f7dad2b7138b1187a6b7ee55f160b9968b66013c3a3ef39dd7e5798?s=96&d=mm&r=g","url":"https:\/\/secure.gravatar.com\/avatar\/3ea2118a5f7dad2b7138b1187a6b7ee55f160b9968b66013c3a3ef39dd7e5798?s=96&d=mm&r=g","contentUrl":"https:\/\/secure.gravatar.com\/avatar\/3ea2118a5f7dad2b7138b1187a6b7ee55f160b9968b66013c3a3ef39dd7e5798?s=96&d=mm&r=g","caption":"Jeanette"},"sameAs":["https:\/\/www.eldiario.net\/portal"],"url":"https:\/\/www.eldiario.net\/portal\/author\/jeanette\/"}]}},"_links":{"self":[{"href":"https:\/\/www.eldiario.net\/portal\/wp-json\/wp\/v2\/posts\/70965","targetHints":{"allow":["GET"]}}],"collection":[{"href":"https:\/\/www.eldiario.net\/portal\/wp-json\/wp\/v2\/posts"}],"about":[{"href":"https:\/\/www.eldiario.net\/portal\/wp-json\/wp\/v2\/types\/post"}],"author":[{"embeddable":true,"href":"https:\/\/www.eldiario.net\/portal\/wp-json\/wp\/v2\/users\/1"}],"replies":[{"embeddable":true,"href":"https:\/\/www.eldiario.net\/portal\/wp-json\/wp\/v2\/comments?post=70965"}],"version-history":[{"count":0,"href":"https:\/\/www.eldiario.net\/portal\/wp-json\/wp\/v2\/posts\/70965\/revisions"}],"wp:attachment":[{"href":"https:\/\/www.eldiario.net\/portal\/wp-json\/wp\/v2\/media?parent=70965"}],"wp:term":[{"taxonomy":"category","embeddable":true,"href":"https:\/\/www.eldiario.net\/portal\/wp-json\/wp\/v2\/categories?post=70965"},{"taxonomy":"post_tag","embeddable":true,"href":"https:\/\/www.eldiario.net\/portal\/wp-json\/wp\/v2\/tags?post=70965"}],"curies":[{"name":"wp","href":"https:\/\/api.w.org\/{rel}","templated":true}]}}