{"id":70961,"date":"2022-03-21T05:04:49","date_gmt":"2022-03-21T09:04:49","guid":{"rendered":"https:\/\/www.eldiario.net\/portal\/?p=70961"},"modified":"2022-03-21T05:04:49","modified_gmt":"2022-03-21T09:04:49","slug":"onu-cifra-902-civiles-muertos-en-ucrania","status":"publish","type":"post","link":"https:\/\/www.eldiario.net\/portal\/2022\/03\/21\/onu-cifra-902-civiles-muertos-en-ucrania\/","title":{"rendered":"ONU cifra 902 civiles  muertos en Ucrania"},"content":{"rendered":"<p style=\"margin: 0cm; margin-bottom: .0001pt; text-align: justify; text-justify: inter-ideograph; background: white;\"><span style=\"font-size: 14.0pt; color: #222222;\">Kiev.- Al menos 10 millones de ucranianos huyeron de su pa\u00eds por la invasi\u00f3n rusa del pasado 24 de febrero, inform\u00f3 ayer el Alto Comisionado de Naciones Unidas para los Refugiados (Acnur), Filippo Grandi. <\/span><\/p>\n<p style=\"margin: 0cm; margin-bottom: .0001pt; text-align: justify; text-justify: inter-ideograph; background: white;\"><span style=\"font-size: 14.0pt; color: #222222;\">El reporte se\u00f1al\u00f3 que las personas est\u00e1n en calidad de refugiados y son desplazados hacia los pa\u00edses vecinos de Ucrania. <\/span><\/p>\n<p style=\"margin: 0cm; margin-bottom: .0001pt; text-align: justify; text-justify: inter-ideograph; background: white;\"><span style=\"font-size: 14.0pt; color: #001010;\">La mayor\u00eda de las v\u00edctimas se produjeron por armas explosivas, como bombardeos de artiller\u00eda pesada y sistemas de lanzamiento de cohetes, as\u00ed como por ataques a\u00e9reos y con misiles, dijo la agencia.<\/span><\/p>\n<p style=\"margin: 0cm; margin-bottom: .0001pt; text-align: justify; text-justify: inter-ideograph; background: white;\"><span style=\"font-size: 14.0pt; color: #001010;\">Se cree que el n\u00famero real de v\u00edctimas es considerablemente mayor. La agencia, que cuenta con un amplio equipo de supervisi\u00f3n en el pa\u00eds, a\u00fan no ha podido recibir ni verificar las informaciones sobre las v\u00edctimas de varias ciudades gravemente afectadas, incluida Mari\u00fapol. (Reuters)<\/span><\/p>\n<p style=\"margin: 0cm; margin-bottom: .0001pt; text-align: justify; text-justify: inter-ideograph; background: white;\"><span style=\"font-size: 14.0pt; color: #001010;\">\u00a0<\/span><\/p>\n","protected":false},"excerpt":{"rendered":"<p>Kiev.- Al menos 10 millones de ucranianos huyeron de su pa\u00eds por la invasi\u00f3n rusa del pasado 24 de febrero, inform\u00f3 ayer el Alto Comisionado de Naciones Unidas para los Refugiados (Acnur), Filippo Grandi. El reporte se\u00f1al\u00f3 que las personas est\u00e1n en calidad de refugiados y son desplazados hacia los pa\u00edses vecinos de Ucrania. La [&hellip;]<\/p>\n","protected":false},"author":1,"featured_media":70962,"comment_status":"closed","ping_status":"closed","sticky":false,"template":"","format":"standard","meta":{"_acf_changed":false,"footnotes":""},"categories":[3],"tags":[],"class_list":["post-70961","post","type-post","status-publish","format-standard","has-post-thumbnail","category-internacional"],"acf":{"antetitulo":""},"yoast_head":"<!-- This site is optimized with the Yoast SEO plugin v28.4 - https:\/\/yoast.com\/product\/yoast-seo-wordpress\/ -->\n<title>ONU cifra 902 civiles muertos en Ucrania - El Diario - Bolivia<\/title>\n<meta name=\"robots\" content=\"index, follow, max-snippet:-1, max-image-preview:large, max-video-preview:-1\" \/>\n<link rel=\"canonical\" href=\"https:\/\/www.eldiario.net\/portal\/2022\/03\/21\/onu-cifra-902-civiles-muertos-en-ucrania\/\" \/>\n<meta property=\"og:locale\" content=\"es_ES\" \/>\n<meta property=\"og:type\" content=\"article\" \/>\n<meta property=\"og:title\" content=\"ONU cifra 902 civiles muertos en Ucrania - El Diario - Bolivia\" \/>\n<meta property=\"og:description\" content=\"Kiev.- Al menos 10 millones de ucranianos huyeron de su pa\u00eds por la invasi\u00f3n rusa del pasado 24 de febrero, inform\u00f3 ayer el Alto Comisionado de Naciones Unidas para los Refugiados (Acnur), Filippo Grandi. El reporte se\u00f1al\u00f3 que las personas est\u00e1n en calidad de refugiados y son desplazados hacia los pa\u00edses vecinos de Ucrania. La [&hellip;]\" \/>\n<meta property=\"og:url\" content=\"https:\/\/www.eldiario.net\/portal\/2022\/03\/21\/onu-cifra-902-civiles-muertos-en-ucrania\/\" \/>\n<meta property=\"og:site_name\" content=\"El Diario - Bolivia\" \/>\n<meta property=\"article:publisher\" content=\"https:\/\/www.facebook.com\/eldiario.bolivia\/\" \/>\n<meta property=\"article:published_time\" content=\"2022-03-21T09:04:49+00:00\" \/>\n<meta name=\"author\" content=\"Jeanette\" \/>\n<meta name=\"twitter:card\" content=\"summary_large_image\" \/>\n<meta name=\"twitter:creator\" content=\"@eldiario_net\" \/>\n<meta name=\"twitter:site\" content=\"@eldiario_net\" \/>\n<meta name=\"twitter:label1\" content=\"Escrito por\" \/>\n\t<meta name=\"twitter:data1\" content=\"Jeanette\" \/>\n\t<meta name=\"twitter:label2\" content=\"Tiempo de lectura\" \/>\n\t<meta name=\"twitter:data2\" content=\"1 minuto\" \/>\n<script type=\"application\/ld+json\" class=\"yoast-schema-graph\">{\"@context\":\"https:\\\/\\\/schema.org\",\"@graph\":[{\"@type\":\"Article\",\"@id\":\"https:\\\/\\\/www.eldiario.net\\\/portal\\\/2022\\\/03\\\/21\\\/onu-cifra-902-civiles-muertos-en-ucrania\\\/#article\",\"isPartOf\":{\"@id\":\"https:\\\/\\\/www.eldiario.net\\\/portal\\\/2022\\\/03\\\/21\\\/onu-cifra-902-civiles-muertos-en-ucrania\\\/\"},\"author\":{\"name\":\"Jeanette\",\"@id\":\"https:\\\/\\\/www.eldiario.net\\\/portal\\\/#\\\/schema\\\/person\\\/f46445640444750d7d753ccd04ae01b7\"},\"headline\":\"ONU cifra 902 civiles muertos en Ucrania\",\"datePublished\":\"2022-03-21T09:04:49+00:00\",\"mainEntityOfPage\":{\"@id\":\"https:\\\/\\\/www.eldiario.net\\\/portal\\\/2022\\\/03\\\/21\\\/onu-cifra-902-civiles-muertos-en-ucrania\\\/\"},\"wordCount\":151,\"publisher\":{\"@id\":\"https:\\\/\\\/www.eldiario.net\\\/portal\\\/#organization\"},\"image\":{\"@id\":\"https:\\\/\\\/www.eldiario.net\\\/portal\\\/2022\\\/03\\\/21\\\/onu-cifra-902-civiles-muertos-en-ucrania\\\/#primaryimage\"},\"thumbnailUrl\":\"\",\"articleSection\":[\"Internacional\"],\"inLanguage\":\"es\"},{\"@type\":\"WebPage\",\"@id\":\"https:\\\/\\\/www.eldiario.net\\\/portal\\\/2022\\\/03\\\/21\\\/onu-cifra-902-civiles-muertos-en-ucrania\\\/\",\"url\":\"https:\\\/\\\/www.eldiario.net\\\/portal\\\/2022\\\/03\\\/21\\\/onu-cifra-902-civiles-muertos-en-ucrania\\\/\",\"name\":\"ONU cifra 902 civiles muertos en Ucrania - El Diario - Bolivia\",\"isPartOf\":{\"@id\":\"https:\\\/\\\/www.eldiario.net\\\/portal\\\/#website\"},\"primaryImageOfPage\":{\"@id\":\"https:\\\/\\\/www.eldiario.net\\\/portal\\\/2022\\\/03\\\/21\\\/onu-cifra-902-civiles-muertos-en-ucrania\\\/#primaryimage\"},\"image\":{\"@id\":\"https:\\\/\\\/www.eldiario.net\\\/portal\\\/2022\\\/03\\\/21\\\/onu-cifra-902-civiles-muertos-en-ucrania\\\/#primaryimage\"},\"thumbnailUrl\":\"\",\"datePublished\":\"2022-03-21T09:04:49+00:00\",\"breadcrumb\":{\"@id\":\"https:\\\/\\\/www.eldiario.net\\\/portal\\\/2022\\\/03\\\/21\\\/onu-cifra-902-civiles-muertos-en-ucrania\\\/#breadcrumb\"},\"inLanguage\":\"es\",\"potentialAction\":[{\"@type\":\"ReadAction\",\"target\":[\"https:\\\/\\\/www.eldiario.net\\\/portal\\\/2022\\\/03\\\/21\\\/onu-cifra-902-civiles-muertos-en-ucrania\\\/\"]}]},{\"@type\":\"ImageObject\",\"inLanguage\":\"es\",\"@id\":\"https:\\\/\\\/www.eldiario.net\\\/portal\\\/2022\\\/03\\\/21\\\/onu-cifra-902-civiles-muertos-en-ucrania\\\/#primaryimage\",\"url\":\"\",\"contentUrl\":\"\"},{\"@type\":\"BreadcrumbList\",\"@id\":\"https:\\\/\\\/www.eldiario.net\\\/portal\\\/2022\\\/03\\\/21\\\/onu-cifra-902-civiles-muertos-en-ucrania\\\/#breadcrumb\",\"itemListElement\":[{\"@type\":\"ListItem\",\"position\":1,\"name\":\"Portada\",\"item\":\"https:\\\/\\\/www.eldiario.net\\\/portal\\\/\"},{\"@type\":\"ListItem\",\"position\":2,\"name\":\"ONU cifra 902 civiles muertos en Ucrania\"}]},{\"@type\":\"WebSite\",\"@id\":\"https:\\\/\\\/www.eldiario.net\\\/portal\\\/#website\",\"url\":\"https:\\\/\\\/www.eldiario.net\\\/portal\\\/\",\"name\":\"El Diario - Decano de la prensa nacional\",\"description\":\"El Diario - Decano de la prensa nacional\",\"publisher\":{\"@id\":\"https:\\\/\\\/www.eldiario.net\\\/portal\\\/#organization\"},\"potentialAction\":[{\"@type\":\"SearchAction\",\"target\":{\"@type\":\"EntryPoint\",\"urlTemplate\":\"https:\\\/\\\/www.eldiario.net\\\/portal\\\/?s={search_term_string}\"},\"query-input\":{\"@type\":\"PropertyValueSpecification\",\"valueRequired\":true,\"valueName\":\"search_term_string\"}}],\"inLanguage\":\"es\"},{\"@type\":\"Organization\",\"@id\":\"https:\\\/\\\/www.eldiario.net\\\/portal\\\/#organization\",\"name\":\"El Diario - Decano de la prensa nacional\",\"url\":\"https:\\\/\\\/www.eldiario.net\\\/portal\\\/\",\"logo\":{\"@type\":\"ImageObject\",\"inLanguage\":\"es\",\"@id\":\"https:\\\/\\\/www.eldiario.net\\\/portal\\\/#\\\/schema\\\/logo\\\/image\\\/\",\"url\":\"https:\\\/\\\/www.eldiario.net\\\/portal\\\/wp-content\\\/uploads\\\/2023\\\/07\\\/logo_ED.jpg\",\"contentUrl\":\"https:\\\/\\\/www.eldiario.net\\\/portal\\\/wp-content\\\/uploads\\\/2023\\\/07\\\/logo_ED.jpg\",\"width\":272,\"height\":52,\"caption\":\"El Diario - Decano de la prensa nacional\"},\"image\":{\"@id\":\"https:\\\/\\\/www.eldiario.net\\\/portal\\\/#\\\/schema\\\/logo\\\/image\\\/\"},\"sameAs\":[\"https:\\\/\\\/www.facebook.com\\\/eldiario.bolivia\\\/\",\"https:\\\/\\\/x.com\\\/eldiario_net\"]},{\"@type\":\"Person\",\"@id\":\"https:\\\/\\\/www.eldiario.net\\\/portal\\\/#\\\/schema\\\/person\\\/f46445640444750d7d753ccd04ae01b7\",\"name\":\"Jeanette\",\"image\":{\"@type\":\"ImageObject\",\"inLanguage\":\"es\",\"@id\":\"https:\\\/\\\/secure.gravatar.com\\\/avatar\\\/3ea2118a5f7dad2b7138b1187a6b7ee55f160b9968b66013c3a3ef39dd7e5798?s=96&d=mm&r=g\",\"url\":\"https:\\\/\\\/secure.gravatar.com\\\/avatar\\\/3ea2118a5f7dad2b7138b1187a6b7ee55f160b9968b66013c3a3ef39dd7e5798?s=96&d=mm&r=g\",\"contentUrl\":\"https:\\\/\\\/secure.gravatar.com\\\/avatar\\\/3ea2118a5f7dad2b7138b1187a6b7ee55f160b9968b66013c3a3ef39dd7e5798?s=96&d=mm&r=g\",\"caption\":\"Jeanette\"},\"sameAs\":[\"https:\\\/\\\/www.eldiario.net\\\/portal\"],\"url\":\"https:\\\/\\\/www.eldiario.net\\\/portal\\\/author\\\/jeanette\\\/\"}]}<\/script>\n<!-- \/ Yoast SEO plugin. -->","yoast_head_json":{"title":"ONU cifra 902 civiles muertos en Ucrania - El Diario - Bolivia","robots":{"index":"index","follow":"follow","max-snippet":"max-snippet:-1","max-image-preview":"max-image-preview:large","max-video-preview":"max-video-preview:-1"},"canonical":"https:\/\/www.eldiario.net\/portal\/2022\/03\/21\/onu-cifra-902-civiles-muertos-en-ucrania\/","og_locale":"es_ES","og_type":"article","og_title":"ONU cifra 902 civiles muertos en Ucrania - El Diario - Bolivia","og_description":"Kiev.- Al menos 10 millones de ucranianos huyeron de su pa\u00eds por la invasi\u00f3n rusa del pasado 24 de febrero, inform\u00f3 ayer el Alto Comisionado de Naciones Unidas para los Refugiados (Acnur), Filippo Grandi. El reporte se\u00f1al\u00f3 que las personas est\u00e1n en calidad de refugiados y son desplazados hacia los pa\u00edses vecinos de Ucrania. La [&hellip;]","og_url":"https:\/\/www.eldiario.net\/portal\/2022\/03\/21\/onu-cifra-902-civiles-muertos-en-ucrania\/","og_site_name":"El Diario - Bolivia","article_publisher":"https:\/\/www.facebook.com\/eldiario.bolivia\/","article_published_time":"2022-03-21T09:04:49+00:00","author":"Jeanette","twitter_card":"summary_large_image","twitter_creator":"@eldiario_net","twitter_site":"@eldiario_net","twitter_misc":{"Escrito por":"Jeanette","Tiempo de lectura":"1 minuto"},"schema":{"@context":"https:\/\/schema.org","@graph":[{"@type":"Article","@id":"https:\/\/www.eldiario.net\/portal\/2022\/03\/21\/onu-cifra-902-civiles-muertos-en-ucrania\/#article","isPartOf":{"@id":"https:\/\/www.eldiario.net\/portal\/2022\/03\/21\/onu-cifra-902-civiles-muertos-en-ucrania\/"},"author":{"name":"Jeanette","@id":"https:\/\/www.eldiario.net\/portal\/#\/schema\/person\/f46445640444750d7d753ccd04ae01b7"},"headline":"ONU cifra 902 civiles muertos en Ucrania","datePublished":"2022-03-21T09:04:49+00:00","mainEntityOfPage":{"@id":"https:\/\/www.eldiario.net\/portal\/2022\/03\/21\/onu-cifra-902-civiles-muertos-en-ucrania\/"},"wordCount":151,"publisher":{"@id":"https:\/\/www.eldiario.net\/portal\/#organization"},"image":{"@id":"https:\/\/www.eldiario.net\/portal\/2022\/03\/21\/onu-cifra-902-civiles-muertos-en-ucrania\/#primaryimage"},"thumbnailUrl":"","articleSection":["Internacional"],"inLanguage":"es"},{"@type":"WebPage","@id":"https:\/\/www.eldiario.net\/portal\/2022\/03\/21\/onu-cifra-902-civiles-muertos-en-ucrania\/","url":"https:\/\/www.eldiario.net\/portal\/2022\/03\/21\/onu-cifra-902-civiles-muertos-en-ucrania\/","name":"ONU cifra 902 civiles muertos en Ucrania - El Diario - Bolivia","isPartOf":{"@id":"https:\/\/www.eldiario.net\/portal\/#website"},"primaryImageOfPage":{"@id":"https:\/\/www.eldiario.net\/portal\/2022\/03\/21\/onu-cifra-902-civiles-muertos-en-ucrania\/#primaryimage"},"image":{"@id":"https:\/\/www.eldiario.net\/portal\/2022\/03\/21\/onu-cifra-902-civiles-muertos-en-ucrania\/#primaryimage"},"thumbnailUrl":"","datePublished":"2022-03-21T09:04:49+00:00","breadcrumb":{"@id":"https:\/\/www.eldiario.net\/portal\/2022\/03\/21\/onu-cifra-902-civiles-muertos-en-ucrania\/#breadcrumb"},"inLanguage":"es","potentialAction":[{"@type":"ReadAction","target":["https:\/\/www.eldiario.net\/portal\/2022\/03\/21\/onu-cifra-902-civiles-muertos-en-ucrania\/"]}]},{"@type":"ImageObject","inLanguage":"es","@id":"https:\/\/www.eldiario.net\/portal\/2022\/03\/21\/onu-cifra-902-civiles-muertos-en-ucrania\/#primaryimage","url":"","contentUrl":""},{"@type":"BreadcrumbList","@id":"https:\/\/www.eldiario.net\/portal\/2022\/03\/21\/onu-cifra-902-civiles-muertos-en-ucrania\/#breadcrumb","itemListElement":[{"@type":"ListItem","position":1,"name":"Portada","item":"https:\/\/www.eldiario.net\/portal\/"},{"@type":"ListItem","position":2,"name":"ONU cifra 902 civiles muertos en Ucrania"}]},{"@type":"WebSite","@id":"https:\/\/www.eldiario.net\/portal\/#website","url":"https:\/\/www.eldiario.net\/portal\/","name":"El Diario - Decano de la prensa nacional","description":"El Diario - Decano de la prensa nacional","publisher":{"@id":"https:\/\/www.eldiario.net\/portal\/#organization"},"potentialAction":[{"@type":"SearchAction","target":{"@type":"EntryPoint","urlTemplate":"https:\/\/www.eldiario.net\/portal\/?s={search_term_string}"},"query-input":{"@type":"PropertyValueSpecification","valueRequired":true,"valueName":"search_term_string"}}],"inLanguage":"es"},{"@type":"Organization","@id":"https:\/\/www.eldiario.net\/portal\/#organization","name":"El Diario - Decano de la prensa nacional","url":"https:\/\/www.eldiario.net\/portal\/","logo":{"@type":"ImageObject","inLanguage":"es","@id":"https:\/\/www.eldiario.net\/portal\/#\/schema\/logo\/image\/","url":"https:\/\/www.eldiario.net\/portal\/wp-content\/uploads\/2023\/07\/logo_ED.jpg","contentUrl":"https:\/\/www.eldiario.net\/portal\/wp-content\/uploads\/2023\/07\/logo_ED.jpg","width":272,"height":52,"caption":"El Diario - Decano de la prensa nacional"},"image":{"@id":"https:\/\/www.eldiario.net\/portal\/#\/schema\/logo\/image\/"},"sameAs":["https:\/\/www.facebook.com\/eldiario.bolivia\/","https:\/\/x.com\/eldiario_net"]},{"@type":"Person","@id":"https:\/\/www.eldiario.net\/portal\/#\/schema\/person\/f46445640444750d7d753ccd04ae01b7","name":"Jeanette","image":{"@type":"ImageObject","inLanguage":"es","@id":"https:\/\/secure.gravatar.com\/avatar\/3ea2118a5f7dad2b7138b1187a6b7ee55f160b9968b66013c3a3ef39dd7e5798?s=96&d=mm&r=g","url":"https:\/\/secure.gravatar.com\/avatar\/3ea2118a5f7dad2b7138b1187a6b7ee55f160b9968b66013c3a3ef39dd7e5798?s=96&d=mm&r=g","contentUrl":"https:\/\/secure.gravatar.com\/avatar\/3ea2118a5f7dad2b7138b1187a6b7ee55f160b9968b66013c3a3ef39dd7e5798?s=96&d=mm&r=g","caption":"Jeanette"},"sameAs":["https:\/\/www.eldiario.net\/portal"],"url":"https:\/\/www.eldiario.net\/portal\/author\/jeanette\/"}]}},"_links":{"self":[{"href":"https:\/\/www.eldiario.net\/portal\/wp-json\/wp\/v2\/posts\/70961","targetHints":{"allow":["GET"]}}],"collection":[{"href":"https:\/\/www.eldiario.net\/portal\/wp-json\/wp\/v2\/posts"}],"about":[{"href":"https:\/\/www.eldiario.net\/portal\/wp-json\/wp\/v2\/types\/post"}],"author":[{"embeddable":true,"href":"https:\/\/www.eldiario.net\/portal\/wp-json\/wp\/v2\/users\/1"}],"replies":[{"embeddable":true,"href":"https:\/\/www.eldiario.net\/portal\/wp-json\/wp\/v2\/comments?post=70961"}],"version-history":[{"count":0,"href":"https:\/\/www.eldiario.net\/portal\/wp-json\/wp\/v2\/posts\/70961\/revisions"}],"wp:attachment":[{"href":"https:\/\/www.eldiario.net\/portal\/wp-json\/wp\/v2\/media?parent=70961"}],"wp:term":[{"taxonomy":"category","embeddable":true,"href":"https:\/\/www.eldiario.net\/portal\/wp-json\/wp\/v2\/categories?post=70961"},{"taxonomy":"post_tag","embeddable":true,"href":"https:\/\/www.eldiario.net\/portal\/wp-json\/wp\/v2\/tags?post=70961"}],"curies":[{"name":"wp","href":"https:\/\/api.w.org\/{rel}","templated":true}]}}