{"id":70958,"date":"2022-03-21T05:02:06","date_gmt":"2022-03-21T09:02:06","guid":{"rendered":"https:\/\/www.eldiario.net\/portal\/?p=70958"},"modified":"2022-03-21T05:02:06","modified_gmt":"2022-03-21T09:02:06","slug":"barcelona-da-catedra-al-real-madrid-en-el-bernabeu","status":"publish","type":"post","link":"https:\/\/www.eldiario.net\/portal\/2022\/03\/21\/barcelona-da-catedra-al-real-madrid-en-el-bernabeu\/","title":{"rendered":"Barcelona da catedra al Real Madrid en el Bernab\u00e9u"},"content":{"rendered":"<p>Barcelona dio el golpe este domingo al imponerse 4-0 ante Real Madrid en el Santiago Bernab\u00e9u. El equipo de Xavi Hern\u00e1ndez dio c\u00e1tedra por momentos y pudo haber conseguido una diferencia mayor en el cl\u00e1sico de Espa\u00f1a.<br \/>\nEn los minutos iniciales se vio una intenci\u00f3n de ambos bandos por adue\u00f1arse de la pelota, pero fue el cuadro visitante el que gan\u00f3 la batalla. El cero se rompi\u00f3 a los 29 minutos, cuando el equipo de Xavi ya era m\u00e1s que su adversario que carec\u00eda de peso ofensivo. Dembel\u00e9 lleg\u00f3 hasta el fondo y lanz\u00f3 el centro perfecto para la llegada en velocidad de Aubameyang, que meti\u00f3 el frentazo y grit\u00f3 el 1 a 0.<br \/>\nEl Real Madrid pudo haberlo empatado minutos despu\u00e9s en un gran contra golpe despu\u00e9s de un c\u00f3rner, pero Vin\u00edcius Jr. se tropez\u00f3 con la pelota cuando quiso enganchar al quedar mano a mano con Ter Stegen. El local pag\u00f3 caro esa acci\u00f3n del brasile\u00f1o porque el Barcelona estam\u00f3 el segundo en la siguiente maniobra. Fue en un tiro de esquina ejecutado por Demb\u00e9l\u00e9 el que Ronald Ara\u00fajo conect\u00f3 de cabeza al saltar m\u00e1s que su marca para establecer el 2-0 antes del final de la primer mitad. Ancelotti meti\u00f3 mano en el descanso y mand\u00f3 a la cancha a Mariano y a Camavinga, por Kroos y Carvajal. Pero sus cambios no dieron el efecto que esperaba porque a los ocho minutos su perd\u00eda 3-0. Fue una gran jugada colectiva del Barcelona que Aubameyang complet\u00f3 con un taco brillante en la puerta del \u00e1rea para que Ferr\u00e1n Torres quedase mano a mano y defina con la cara interna de su pie derecho para el 3-0.<br \/>\nEn el siguiente ataque, hubo devoluci\u00f3n de gentilezas porque Torres escap\u00f3 por izquierda y asisti\u00f3 al delantero gabon\u00e9s, que se lapic\u00f3 a Courtois en el 4-0. El VAR tuvo que analizar la acci\u00f3n, debido a que el juez de l\u00ednea hab\u00eda detectado un fuera de juego inexistente en el inicio de la acci\u00f3n y tras la revisi\u00f3n se confirm\u00f3 el tanto del cuadro de Xavi. Pese al dolor por esta ca\u00edda, el equip blanco sigue siendo el l\u00edder de La Liga con nueve puntos de ventaja sobre el Sevilla, su inmediato perseguidor y el pr\u00f3ximo fin de semana debe visitar al Celta de Vigo. Por su parte, el Barcelona alcanz\u00f3 los 54 puntos, 12 menos que el puntero, con ocho jornadas por delante y en la pr\u00f3xima se medir\u00e1 ante Sevilla.<\/p>\n<p>EL DATO<\/p>\n<p>66 PUNTOS tiene el Real Madrid que se mantiene l\u00edder, seguido del Sevilla con 57 y el Barcelona que tiene ahora 54.<\/p>\n<p><strong>INFOBAE<\/strong><\/p>\n","protected":false},"excerpt":{"rendered":"<p>Barcelona dio el golpe este domingo al imponerse 4-0 ante Real Madrid en el Santiago Bernab\u00e9u. El equipo de Xavi Hern\u00e1ndez dio c\u00e1tedra por momentos y pudo haber conseguido una diferencia mayor en el cl\u00e1sico de Espa\u00f1a. En los minutos iniciales se vio una intenci\u00f3n de ambos bandos por adue\u00f1arse de la pelota, pero fue [&hellip;]<\/p>\n","protected":false},"author":1,"featured_media":70959,"comment_status":"closed","ping_status":"closed","sticky":false,"template":"","format":"standard","meta":{"_acf_changed":false,"footnotes":""},"categories":[6],"tags":[],"class_list":["post-70958","post","type-post","status-publish","format-standard","has-post-thumbnail","category-deportes"],"acf":{"antetitulo":""},"yoast_head":"<!-- This site is optimized with the Yoast SEO plugin v28.4 - https:\/\/yoast.com\/product\/yoast-seo-wordpress\/ -->\n<title>Barcelona da catedra al Real Madrid en el Bernab\u00e9u - El Diario - Bolivia<\/title>\n<meta name=\"robots\" content=\"index, follow, max-snippet:-1, max-image-preview:large, max-video-preview:-1\" \/>\n<link rel=\"canonical\" href=\"https:\/\/www.eldiario.net\/portal\/2022\/03\/21\/barcelona-da-catedra-al-real-madrid-en-el-bernabeu\/\" \/>\n<meta property=\"og:locale\" content=\"es_ES\" \/>\n<meta property=\"og:type\" content=\"article\" \/>\n<meta property=\"og:title\" content=\"Barcelona da catedra al Real Madrid en el Bernab\u00e9u - El Diario - Bolivia\" \/>\n<meta property=\"og:description\" content=\"Barcelona dio el golpe este domingo al imponerse 4-0 ante Real Madrid en el Santiago Bernab\u00e9u. El equipo de Xavi Hern\u00e1ndez dio c\u00e1tedra por momentos y pudo haber conseguido una diferencia mayor en el cl\u00e1sico de Espa\u00f1a. En los minutos iniciales se vio una intenci\u00f3n de ambos bandos por adue\u00f1arse de la pelota, pero fue [&hellip;]\" \/>\n<meta property=\"og:url\" content=\"https:\/\/www.eldiario.net\/portal\/2022\/03\/21\/barcelona-da-catedra-al-real-madrid-en-el-bernabeu\/\" \/>\n<meta property=\"og:site_name\" content=\"El Diario - Bolivia\" \/>\n<meta property=\"article:publisher\" content=\"https:\/\/www.facebook.com\/eldiario.bolivia\/\" \/>\n<meta property=\"article:published_time\" content=\"2022-03-21T09:02:06+00:00\" \/>\n<meta name=\"author\" content=\"Jeanette\" \/>\n<meta name=\"twitter:card\" content=\"summary_large_image\" \/>\n<meta name=\"twitter:creator\" content=\"@eldiario_net\" \/>\n<meta name=\"twitter:site\" content=\"@eldiario_net\" \/>\n<meta name=\"twitter:label1\" content=\"Escrito por\" \/>\n\t<meta name=\"twitter:data1\" content=\"Jeanette\" \/>\n\t<meta name=\"twitter:label2\" content=\"Tiempo de lectura\" \/>\n\t<meta name=\"twitter:data2\" content=\"2 minutos\" \/>\n<script type=\"application\/ld+json\" class=\"yoast-schema-graph\">{\"@context\":\"https:\\\/\\\/schema.org\",\"@graph\":[{\"@type\":\"Article\",\"@id\":\"https:\\\/\\\/www.eldiario.net\\\/portal\\\/2022\\\/03\\\/21\\\/barcelona-da-catedra-al-real-madrid-en-el-bernabeu\\\/#article\",\"isPartOf\":{\"@id\":\"https:\\\/\\\/www.eldiario.net\\\/portal\\\/2022\\\/03\\\/21\\\/barcelona-da-catedra-al-real-madrid-en-el-bernabeu\\\/\"},\"author\":{\"name\":\"Jeanette\",\"@id\":\"https:\\\/\\\/www.eldiario.net\\\/portal\\\/#\\\/schema\\\/person\\\/f46445640444750d7d753ccd04ae01b7\"},\"headline\":\"Barcelona da catedra al Real Madrid en el Bernab\u00e9u\",\"datePublished\":\"2022-03-21T09:02:06+00:00\",\"mainEntityOfPage\":{\"@id\":\"https:\\\/\\\/www.eldiario.net\\\/portal\\\/2022\\\/03\\\/21\\\/barcelona-da-catedra-al-real-madrid-en-el-bernabeu\\\/\"},\"wordCount\":468,\"publisher\":{\"@id\":\"https:\\\/\\\/www.eldiario.net\\\/portal\\\/#organization\"},\"image\":{\"@id\":\"https:\\\/\\\/www.eldiario.net\\\/portal\\\/2022\\\/03\\\/21\\\/barcelona-da-catedra-al-real-madrid-en-el-bernabeu\\\/#primaryimage\"},\"thumbnailUrl\":\"\",\"articleSection\":[\"Deportes\"],\"inLanguage\":\"es\"},{\"@type\":\"WebPage\",\"@id\":\"https:\\\/\\\/www.eldiario.net\\\/portal\\\/2022\\\/03\\\/21\\\/barcelona-da-catedra-al-real-madrid-en-el-bernabeu\\\/\",\"url\":\"https:\\\/\\\/www.eldiario.net\\\/portal\\\/2022\\\/03\\\/21\\\/barcelona-da-catedra-al-real-madrid-en-el-bernabeu\\\/\",\"name\":\"Barcelona da catedra al Real Madrid en el Bernab\u00e9u - El Diario - Bolivia\",\"isPartOf\":{\"@id\":\"https:\\\/\\\/www.eldiario.net\\\/portal\\\/#website\"},\"primaryImageOfPage\":{\"@id\":\"https:\\\/\\\/www.eldiario.net\\\/portal\\\/2022\\\/03\\\/21\\\/barcelona-da-catedra-al-real-madrid-en-el-bernabeu\\\/#primaryimage\"},\"image\":{\"@id\":\"https:\\\/\\\/www.eldiario.net\\\/portal\\\/2022\\\/03\\\/21\\\/barcelona-da-catedra-al-real-madrid-en-el-bernabeu\\\/#primaryimage\"},\"thumbnailUrl\":\"\",\"datePublished\":\"2022-03-21T09:02:06+00:00\",\"breadcrumb\":{\"@id\":\"https:\\\/\\\/www.eldiario.net\\\/portal\\\/2022\\\/03\\\/21\\\/barcelona-da-catedra-al-real-madrid-en-el-bernabeu\\\/#breadcrumb\"},\"inLanguage\":\"es\",\"potentialAction\":[{\"@type\":\"ReadAction\",\"target\":[\"https:\\\/\\\/www.eldiario.net\\\/portal\\\/2022\\\/03\\\/21\\\/barcelona-da-catedra-al-real-madrid-en-el-bernabeu\\\/\"]}]},{\"@type\":\"ImageObject\",\"inLanguage\":\"es\",\"@id\":\"https:\\\/\\\/www.eldiario.net\\\/portal\\\/2022\\\/03\\\/21\\\/barcelona-da-catedra-al-real-madrid-en-el-bernabeu\\\/#primaryimage\",\"url\":\"\",\"contentUrl\":\"\"},{\"@type\":\"BreadcrumbList\",\"@id\":\"https:\\\/\\\/www.eldiario.net\\\/portal\\\/2022\\\/03\\\/21\\\/barcelona-da-catedra-al-real-madrid-en-el-bernabeu\\\/#breadcrumb\",\"itemListElement\":[{\"@type\":\"ListItem\",\"position\":1,\"name\":\"Portada\",\"item\":\"https:\\\/\\\/www.eldiario.net\\\/portal\\\/\"},{\"@type\":\"ListItem\",\"position\":2,\"name\":\"Barcelona da catedra al Real Madrid en el Bernab\u00e9u\"}]},{\"@type\":\"WebSite\",\"@id\":\"https:\\\/\\\/www.eldiario.net\\\/portal\\\/#website\",\"url\":\"https:\\\/\\\/www.eldiario.net\\\/portal\\\/\",\"name\":\"El Diario - Decano de la prensa nacional\",\"description\":\"El Diario - Decano de la prensa nacional\",\"publisher\":{\"@id\":\"https:\\\/\\\/www.eldiario.net\\\/portal\\\/#organization\"},\"potentialAction\":[{\"@type\":\"SearchAction\",\"target\":{\"@type\":\"EntryPoint\",\"urlTemplate\":\"https:\\\/\\\/www.eldiario.net\\\/portal\\\/?s={search_term_string}\"},\"query-input\":{\"@type\":\"PropertyValueSpecification\",\"valueRequired\":true,\"valueName\":\"search_term_string\"}}],\"inLanguage\":\"es\"},{\"@type\":\"Organization\",\"@id\":\"https:\\\/\\\/www.eldiario.net\\\/portal\\\/#organization\",\"name\":\"El Diario - Decano de la prensa nacional\",\"url\":\"https:\\\/\\\/www.eldiario.net\\\/portal\\\/\",\"logo\":{\"@type\":\"ImageObject\",\"inLanguage\":\"es\",\"@id\":\"https:\\\/\\\/www.eldiario.net\\\/portal\\\/#\\\/schema\\\/logo\\\/image\\\/\",\"url\":\"https:\\\/\\\/www.eldiario.net\\\/portal\\\/wp-content\\\/uploads\\\/2023\\\/07\\\/logo_ED.jpg\",\"contentUrl\":\"https:\\\/\\\/www.eldiario.net\\\/portal\\\/wp-content\\\/uploads\\\/2023\\\/07\\\/logo_ED.jpg\",\"width\":272,\"height\":52,\"caption\":\"El Diario - Decano de la prensa nacional\"},\"image\":{\"@id\":\"https:\\\/\\\/www.eldiario.net\\\/portal\\\/#\\\/schema\\\/logo\\\/image\\\/\"},\"sameAs\":[\"https:\\\/\\\/www.facebook.com\\\/eldiario.bolivia\\\/\",\"https:\\\/\\\/x.com\\\/eldiario_net\"]},{\"@type\":\"Person\",\"@id\":\"https:\\\/\\\/www.eldiario.net\\\/portal\\\/#\\\/schema\\\/person\\\/f46445640444750d7d753ccd04ae01b7\",\"name\":\"Jeanette\",\"image\":{\"@type\":\"ImageObject\",\"inLanguage\":\"es\",\"@id\":\"https:\\\/\\\/secure.gravatar.com\\\/avatar\\\/3ea2118a5f7dad2b7138b1187a6b7ee55f160b9968b66013c3a3ef39dd7e5798?s=96&d=mm&r=g\",\"url\":\"https:\\\/\\\/secure.gravatar.com\\\/avatar\\\/3ea2118a5f7dad2b7138b1187a6b7ee55f160b9968b66013c3a3ef39dd7e5798?s=96&d=mm&r=g\",\"contentUrl\":\"https:\\\/\\\/secure.gravatar.com\\\/avatar\\\/3ea2118a5f7dad2b7138b1187a6b7ee55f160b9968b66013c3a3ef39dd7e5798?s=96&d=mm&r=g\",\"caption\":\"Jeanette\"},\"sameAs\":[\"https:\\\/\\\/www.eldiario.net\\\/portal\"],\"url\":\"https:\\\/\\\/www.eldiario.net\\\/portal\\\/author\\\/jeanette\\\/\"}]}<\/script>\n<!-- \/ Yoast SEO plugin. -->","yoast_head_json":{"title":"Barcelona da catedra al Real Madrid en el Bernab\u00e9u - El Diario - Bolivia","robots":{"index":"index","follow":"follow","max-snippet":"max-snippet:-1","max-image-preview":"max-image-preview:large","max-video-preview":"max-video-preview:-1"},"canonical":"https:\/\/www.eldiario.net\/portal\/2022\/03\/21\/barcelona-da-catedra-al-real-madrid-en-el-bernabeu\/","og_locale":"es_ES","og_type":"article","og_title":"Barcelona da catedra al Real Madrid en el Bernab\u00e9u - El Diario - Bolivia","og_description":"Barcelona dio el golpe este domingo al imponerse 4-0 ante Real Madrid en el Santiago Bernab\u00e9u. El equipo de Xavi Hern\u00e1ndez dio c\u00e1tedra por momentos y pudo haber conseguido una diferencia mayor en el cl\u00e1sico de Espa\u00f1a. En los minutos iniciales se vio una intenci\u00f3n de ambos bandos por adue\u00f1arse de la pelota, pero fue [&hellip;]","og_url":"https:\/\/www.eldiario.net\/portal\/2022\/03\/21\/barcelona-da-catedra-al-real-madrid-en-el-bernabeu\/","og_site_name":"El Diario - Bolivia","article_publisher":"https:\/\/www.facebook.com\/eldiario.bolivia\/","article_published_time":"2022-03-21T09:02:06+00:00","author":"Jeanette","twitter_card":"summary_large_image","twitter_creator":"@eldiario_net","twitter_site":"@eldiario_net","twitter_misc":{"Escrito por":"Jeanette","Tiempo de lectura":"2 minutos"},"schema":{"@context":"https:\/\/schema.org","@graph":[{"@type":"Article","@id":"https:\/\/www.eldiario.net\/portal\/2022\/03\/21\/barcelona-da-catedra-al-real-madrid-en-el-bernabeu\/#article","isPartOf":{"@id":"https:\/\/www.eldiario.net\/portal\/2022\/03\/21\/barcelona-da-catedra-al-real-madrid-en-el-bernabeu\/"},"author":{"name":"Jeanette","@id":"https:\/\/www.eldiario.net\/portal\/#\/schema\/person\/f46445640444750d7d753ccd04ae01b7"},"headline":"Barcelona da catedra al Real Madrid en el Bernab\u00e9u","datePublished":"2022-03-21T09:02:06+00:00","mainEntityOfPage":{"@id":"https:\/\/www.eldiario.net\/portal\/2022\/03\/21\/barcelona-da-catedra-al-real-madrid-en-el-bernabeu\/"},"wordCount":468,"publisher":{"@id":"https:\/\/www.eldiario.net\/portal\/#organization"},"image":{"@id":"https:\/\/www.eldiario.net\/portal\/2022\/03\/21\/barcelona-da-catedra-al-real-madrid-en-el-bernabeu\/#primaryimage"},"thumbnailUrl":"","articleSection":["Deportes"],"inLanguage":"es"},{"@type":"WebPage","@id":"https:\/\/www.eldiario.net\/portal\/2022\/03\/21\/barcelona-da-catedra-al-real-madrid-en-el-bernabeu\/","url":"https:\/\/www.eldiario.net\/portal\/2022\/03\/21\/barcelona-da-catedra-al-real-madrid-en-el-bernabeu\/","name":"Barcelona da catedra al Real Madrid en el Bernab\u00e9u - El Diario - Bolivia","isPartOf":{"@id":"https:\/\/www.eldiario.net\/portal\/#website"},"primaryImageOfPage":{"@id":"https:\/\/www.eldiario.net\/portal\/2022\/03\/21\/barcelona-da-catedra-al-real-madrid-en-el-bernabeu\/#primaryimage"},"image":{"@id":"https:\/\/www.eldiario.net\/portal\/2022\/03\/21\/barcelona-da-catedra-al-real-madrid-en-el-bernabeu\/#primaryimage"},"thumbnailUrl":"","datePublished":"2022-03-21T09:02:06+00:00","breadcrumb":{"@id":"https:\/\/www.eldiario.net\/portal\/2022\/03\/21\/barcelona-da-catedra-al-real-madrid-en-el-bernabeu\/#breadcrumb"},"inLanguage":"es","potentialAction":[{"@type":"ReadAction","target":["https:\/\/www.eldiario.net\/portal\/2022\/03\/21\/barcelona-da-catedra-al-real-madrid-en-el-bernabeu\/"]}]},{"@type":"ImageObject","inLanguage":"es","@id":"https:\/\/www.eldiario.net\/portal\/2022\/03\/21\/barcelona-da-catedra-al-real-madrid-en-el-bernabeu\/#primaryimage","url":"","contentUrl":""},{"@type":"BreadcrumbList","@id":"https:\/\/www.eldiario.net\/portal\/2022\/03\/21\/barcelona-da-catedra-al-real-madrid-en-el-bernabeu\/#breadcrumb","itemListElement":[{"@type":"ListItem","position":1,"name":"Portada","item":"https:\/\/www.eldiario.net\/portal\/"},{"@type":"ListItem","position":2,"name":"Barcelona da catedra al Real Madrid en el Bernab\u00e9u"}]},{"@type":"WebSite","@id":"https:\/\/www.eldiario.net\/portal\/#website","url":"https:\/\/www.eldiario.net\/portal\/","name":"El Diario - Decano de la prensa nacional","description":"El Diario - Decano de la prensa nacional","publisher":{"@id":"https:\/\/www.eldiario.net\/portal\/#organization"},"potentialAction":[{"@type":"SearchAction","target":{"@type":"EntryPoint","urlTemplate":"https:\/\/www.eldiario.net\/portal\/?s={search_term_string}"},"query-input":{"@type":"PropertyValueSpecification","valueRequired":true,"valueName":"search_term_string"}}],"inLanguage":"es"},{"@type":"Organization","@id":"https:\/\/www.eldiario.net\/portal\/#organization","name":"El Diario - Decano de la prensa nacional","url":"https:\/\/www.eldiario.net\/portal\/","logo":{"@type":"ImageObject","inLanguage":"es","@id":"https:\/\/www.eldiario.net\/portal\/#\/schema\/logo\/image\/","url":"https:\/\/www.eldiario.net\/portal\/wp-content\/uploads\/2023\/07\/logo_ED.jpg","contentUrl":"https:\/\/www.eldiario.net\/portal\/wp-content\/uploads\/2023\/07\/logo_ED.jpg","width":272,"height":52,"caption":"El Diario - Decano de la prensa nacional"},"image":{"@id":"https:\/\/www.eldiario.net\/portal\/#\/schema\/logo\/image\/"},"sameAs":["https:\/\/www.facebook.com\/eldiario.bolivia\/","https:\/\/x.com\/eldiario_net"]},{"@type":"Person","@id":"https:\/\/www.eldiario.net\/portal\/#\/schema\/person\/f46445640444750d7d753ccd04ae01b7","name":"Jeanette","image":{"@type":"ImageObject","inLanguage":"es","@id":"https:\/\/secure.gravatar.com\/avatar\/3ea2118a5f7dad2b7138b1187a6b7ee55f160b9968b66013c3a3ef39dd7e5798?s=96&d=mm&r=g","url":"https:\/\/secure.gravatar.com\/avatar\/3ea2118a5f7dad2b7138b1187a6b7ee55f160b9968b66013c3a3ef39dd7e5798?s=96&d=mm&r=g","contentUrl":"https:\/\/secure.gravatar.com\/avatar\/3ea2118a5f7dad2b7138b1187a6b7ee55f160b9968b66013c3a3ef39dd7e5798?s=96&d=mm&r=g","caption":"Jeanette"},"sameAs":["https:\/\/www.eldiario.net\/portal"],"url":"https:\/\/www.eldiario.net\/portal\/author\/jeanette\/"}]}},"_links":{"self":[{"href":"https:\/\/www.eldiario.net\/portal\/wp-json\/wp\/v2\/posts\/70958","targetHints":{"allow":["GET"]}}],"collection":[{"href":"https:\/\/www.eldiario.net\/portal\/wp-json\/wp\/v2\/posts"}],"about":[{"href":"https:\/\/www.eldiario.net\/portal\/wp-json\/wp\/v2\/types\/post"}],"author":[{"embeddable":true,"href":"https:\/\/www.eldiario.net\/portal\/wp-json\/wp\/v2\/users\/1"}],"replies":[{"embeddable":true,"href":"https:\/\/www.eldiario.net\/portal\/wp-json\/wp\/v2\/comments?post=70958"}],"version-history":[{"count":0,"href":"https:\/\/www.eldiario.net\/portal\/wp-json\/wp\/v2\/posts\/70958\/revisions"}],"wp:attachment":[{"href":"https:\/\/www.eldiario.net\/portal\/wp-json\/wp\/v2\/media?parent=70958"}],"wp:term":[{"taxonomy":"category","embeddable":true,"href":"https:\/\/www.eldiario.net\/portal\/wp-json\/wp\/v2\/categories?post=70958"},{"taxonomy":"post_tag","embeddable":true,"href":"https:\/\/www.eldiario.net\/portal\/wp-json\/wp\/v2\/tags?post=70958"}],"curies":[{"name":"wp","href":"https:\/\/api.w.org\/{rel}","templated":true}]}}