{"id":7078,"date":"2021-05-29T05:59:48","date_gmt":"2021-05-29T09:59:48","guid":{"rendered":"https:\/\/www.eldiario.net\/portal\/?p=7078"},"modified":"2021-05-29T05:59:48","modified_gmt":"2021-05-29T09:59:48","slug":"conade-rechaza-pedidos-de-ampliacion-en-investigaciones","status":"publish","type":"post","link":"https:\/\/www.eldiario.net\/portal\/2021\/05\/29\/conade-rechaza-pedidos-de-ampliacion-en-investigaciones\/","title":{"rendered":"Conade rechaza pedidos de ampliaci\u00f3n en investigaciones"},"content":{"rendered":"<p>Luego del pedido del ministro de Obras P\u00fablicas, Edgar Monta\u00f1o, sobre una ampliaci\u00f3n de las investigaciones en el caso de la compra irregular de gases lacrim\u00f3genos en contra de c\u00edvicos y miembros del Comit\u00e9 Nacional por la Defensa de la Democracia (Conade), desde esta instancia se rechaz\u00f3 estas solicitudes y acusaciones, calificando a la postura como un acto infantil por parte de la autoridad.<br \/>\nActivistas y representantes del ente defensor de la democracia cuestionaron las palabras de Monta\u00f1o por ir en contra del esp\u00edritu de esta instancia, y porque por ser completamente falso alg\u00fan tipo de cercan\u00eda con el gobierno transitorio y sus colaboradores.<br \/>\nPara el vocero de Conade, Manuel Morales, las palabras del titular de la cartera de Obras Publicas pueden ser consideradas como declaraciones infantiles, pues solo se cumpli\u00f3 con denunciar los arbitrariedades del gobierno de Morales y el intento del masismo por perpetrar un fraude electoral en los comicios de 2019.<br \/>\n\u201cSobre las declaraciones del ministro de Obras que insinu\u00f3 que el Conade ha sido compinche del gobierno de Jeanine A\u00f1ez, queremos se\u00f1alar con absoluta contundencia que estas declaraciones son bastante infantiles, ya que se cumpli\u00f3 con el rol frente al fraude y fueron cr\u00edticos al gobierno de Jeanine A\u00f1ez el momento que ella se ha postulado para una elecci\u00f3n\u201d, dijo.<br \/>\nSobre el pedido de que desde esta instancia se pida disculpas por el apoyo a movimientos c\u00edvicos y ciudadanos para la salida de Evo Morales del poder, el dirigente sostuvo que no existe ning\u00fan motivo para expresar palabras en este sentido, por el contrario se continuar\u00e1 con la defensa de la legalidad y en contra del abuso de poder mediante el sistema judicial.<br \/>\n\u201cNo vamos a pedir disculpas absolutamente de nada, decir que el Conade ha sido compinche del gobierno de A\u00f1ez es una mentira. Ratificamos nuestra lucha por la defensa a las detenciones ilegales y la subordinaci\u00f3n de la Justicia\u201d, indic\u00f3 Morales.<br \/>\nEstas declaraciones surgen tras el pedido del ministro de Obras Publicas Edgar Monta\u00f1o de ampliar investigaciones en contra del Conade y representantes c\u00edvicos de Santa Cruz que encabezaron las protestas tras el fraude electoral en octubre de 2019.<br \/>\n\u201cSon organizaciones sociales que ustedes conocen, por ejemplo, la organizaci\u00f3n del se\u00f1or Waldo Albarrac\u00edn, el Conade, que defend\u00eda a raja tabla, tambi\u00e9n puedo sindicar claramente al Comit\u00e9 C\u00edvico de Santa Cruz; entonces esta gente protagoniz\u00f3 un paro para robar al Estado boliviano\u201d, dijo.<\/p>\n","protected":false},"excerpt":{"rendered":"<p>Luego del pedido del ministro de Obras P\u00fablicas, Edgar Monta\u00f1o, sobre una ampliaci\u00f3n de las investigaciones en el caso de la compra irregular de gases lacrim\u00f3genos en contra de c\u00edvicos y miembros del Comit\u00e9 Nacional por la Defensa de la Democracia (Conade), desde esta instancia se rechaz\u00f3 estas solicitudes y acusaciones, calificando a la postura [&hellip;]<\/p>\n","protected":false},"author":1,"featured_media":0,"comment_status":"closed","ping_status":"closed","sticky":false,"template":"","format":"standard","meta":{"_acf_changed":false,"footnotes":""},"categories":[14],"tags":[],"class_list":["post-7078","post","type-post","status-publish","format-standard","category-politica"],"acf":{"antetitulo":""},"yoast_head":"<!-- This site is optimized with the Yoast SEO plugin v28.3 - https:\/\/yoast.com\/product\/yoast-seo-wordpress\/ -->\n<title>Conade rechaza pedidos de ampliaci\u00f3n en investigaciones - El Diario - Bolivia<\/title>\n<meta name=\"robots\" content=\"index, follow, max-snippet:-1, max-image-preview:large, max-video-preview:-1\" \/>\n<link rel=\"canonical\" href=\"https:\/\/www.eldiario.net\/portal\/2021\/05\/29\/conade-rechaza-pedidos-de-ampliacion-en-investigaciones\/\" \/>\n<meta property=\"og:locale\" content=\"es_ES\" \/>\n<meta property=\"og:type\" content=\"article\" \/>\n<meta property=\"og:title\" content=\"Conade rechaza pedidos de ampliaci\u00f3n en investigaciones - El Diario - Bolivia\" \/>\n<meta property=\"og:description\" content=\"Luego del pedido del ministro de Obras P\u00fablicas, Edgar Monta\u00f1o, sobre una ampliaci\u00f3n de las investigaciones en el caso de la compra irregular de gases lacrim\u00f3genos en contra de c\u00edvicos y miembros del Comit\u00e9 Nacional por la Defensa de la Democracia (Conade), desde esta instancia se rechaz\u00f3 estas solicitudes y acusaciones, calificando a la postura [&hellip;]\" \/>\n<meta property=\"og:url\" content=\"https:\/\/www.eldiario.net\/portal\/2021\/05\/29\/conade-rechaza-pedidos-de-ampliacion-en-investigaciones\/\" \/>\n<meta property=\"og:site_name\" content=\"El Diario - Bolivia\" \/>\n<meta property=\"article:publisher\" content=\"https:\/\/www.facebook.com\/eldiario.bolivia\/\" \/>\n<meta property=\"article:published_time\" content=\"2021-05-29T09:59:48+00:00\" \/>\n<meta name=\"author\" content=\"Jeanette\" \/>\n<meta name=\"twitter:card\" content=\"summary_large_image\" \/>\n<meta name=\"twitter:creator\" content=\"@eldiario_net\" \/>\n<meta name=\"twitter:site\" content=\"@eldiario_net\" \/>\n<meta name=\"twitter:label1\" content=\"Escrito por\" \/>\n\t<meta name=\"twitter:data1\" content=\"Jeanette\" \/>\n\t<meta name=\"twitter:label2\" content=\"Tiempo de lectura\" \/>\n\t<meta name=\"twitter:data2\" content=\"2 minutos\" \/>\n<script type=\"application\/ld+json\" class=\"yoast-schema-graph\">{\"@context\":\"https:\\\/\\\/schema.org\",\"@graph\":[{\"@type\":\"Article\",\"@id\":\"https:\\\/\\\/www.eldiario.net\\\/portal\\\/2021\\\/05\\\/29\\\/conade-rechaza-pedidos-de-ampliacion-en-investigaciones\\\/#article\",\"isPartOf\":{\"@id\":\"https:\\\/\\\/www.eldiario.net\\\/portal\\\/2021\\\/05\\\/29\\\/conade-rechaza-pedidos-de-ampliacion-en-investigaciones\\\/\"},\"author\":{\"name\":\"Jeanette\",\"@id\":\"https:\\\/\\\/www.eldiario.net\\\/portal\\\/#\\\/schema\\\/person\\\/f46445640444750d7d753ccd04ae01b7\"},\"headline\":\"Conade rechaza pedidos de ampliaci\u00f3n en investigaciones\",\"datePublished\":\"2021-05-29T09:59:48+00:00\",\"mainEntityOfPage\":{\"@id\":\"https:\\\/\\\/www.eldiario.net\\\/portal\\\/2021\\\/05\\\/29\\\/conade-rechaza-pedidos-de-ampliacion-en-investigaciones\\\/\"},\"wordCount\":430,\"publisher\":{\"@id\":\"https:\\\/\\\/www.eldiario.net\\\/portal\\\/#organization\"},\"articleSection\":[\"Pol\u00edtica\"],\"inLanguage\":\"es\"},{\"@type\":\"WebPage\",\"@id\":\"https:\\\/\\\/www.eldiario.net\\\/portal\\\/2021\\\/05\\\/29\\\/conade-rechaza-pedidos-de-ampliacion-en-investigaciones\\\/\",\"url\":\"https:\\\/\\\/www.eldiario.net\\\/portal\\\/2021\\\/05\\\/29\\\/conade-rechaza-pedidos-de-ampliacion-en-investigaciones\\\/\",\"name\":\"Conade rechaza pedidos de ampliaci\u00f3n en investigaciones - El Diario - Bolivia\",\"isPartOf\":{\"@id\":\"https:\\\/\\\/www.eldiario.net\\\/portal\\\/#website\"},\"datePublished\":\"2021-05-29T09:59:48+00:00\",\"breadcrumb\":{\"@id\":\"https:\\\/\\\/www.eldiario.net\\\/portal\\\/2021\\\/05\\\/29\\\/conade-rechaza-pedidos-de-ampliacion-en-investigaciones\\\/#breadcrumb\"},\"inLanguage\":\"es\",\"potentialAction\":[{\"@type\":\"ReadAction\",\"target\":[\"https:\\\/\\\/www.eldiario.net\\\/portal\\\/2021\\\/05\\\/29\\\/conade-rechaza-pedidos-de-ampliacion-en-investigaciones\\\/\"]}]},{\"@type\":\"BreadcrumbList\",\"@id\":\"https:\\\/\\\/www.eldiario.net\\\/portal\\\/2021\\\/05\\\/29\\\/conade-rechaza-pedidos-de-ampliacion-en-investigaciones\\\/#breadcrumb\",\"itemListElement\":[{\"@type\":\"ListItem\",\"position\":1,\"name\":\"Portada\",\"item\":\"https:\\\/\\\/www.eldiario.net\\\/portal\\\/\"},{\"@type\":\"ListItem\",\"position\":2,\"name\":\"Conade rechaza pedidos de ampliaci\u00f3n en investigaciones\"}]},{\"@type\":\"WebSite\",\"@id\":\"https:\\\/\\\/www.eldiario.net\\\/portal\\\/#website\",\"url\":\"https:\\\/\\\/www.eldiario.net\\\/portal\\\/\",\"name\":\"El Diario - Decano de la prensa nacional\",\"description\":\"El Diario - Decano de la prensa nacional\",\"publisher\":{\"@id\":\"https:\\\/\\\/www.eldiario.net\\\/portal\\\/#organization\"},\"potentialAction\":[{\"@type\":\"SearchAction\",\"target\":{\"@type\":\"EntryPoint\",\"urlTemplate\":\"https:\\\/\\\/www.eldiario.net\\\/portal\\\/?s={search_term_string}\"},\"query-input\":{\"@type\":\"PropertyValueSpecification\",\"valueRequired\":true,\"valueName\":\"search_term_string\"}}],\"inLanguage\":\"es\"},{\"@type\":\"Organization\",\"@id\":\"https:\\\/\\\/www.eldiario.net\\\/portal\\\/#organization\",\"name\":\"El Diario - Decano de la prensa nacional\",\"url\":\"https:\\\/\\\/www.eldiario.net\\\/portal\\\/\",\"logo\":{\"@type\":\"ImageObject\",\"inLanguage\":\"es\",\"@id\":\"https:\\\/\\\/www.eldiario.net\\\/portal\\\/#\\\/schema\\\/logo\\\/image\\\/\",\"url\":\"https:\\\/\\\/www.eldiario.net\\\/portal\\\/wp-content\\\/uploads\\\/2023\\\/07\\\/logo_ED.jpg\",\"contentUrl\":\"https:\\\/\\\/www.eldiario.net\\\/portal\\\/wp-content\\\/uploads\\\/2023\\\/07\\\/logo_ED.jpg\",\"width\":272,\"height\":52,\"caption\":\"El Diario - Decano de la prensa nacional\"},\"image\":{\"@id\":\"https:\\\/\\\/www.eldiario.net\\\/portal\\\/#\\\/schema\\\/logo\\\/image\\\/\"},\"sameAs\":[\"https:\\\/\\\/www.facebook.com\\\/eldiario.bolivia\\\/\",\"https:\\\/\\\/x.com\\\/eldiario_net\"]},{\"@type\":\"Person\",\"@id\":\"https:\\\/\\\/www.eldiario.net\\\/portal\\\/#\\\/schema\\\/person\\\/f46445640444750d7d753ccd04ae01b7\",\"name\":\"Jeanette\",\"image\":{\"@type\":\"ImageObject\",\"inLanguage\":\"es\",\"@id\":\"https:\\\/\\\/secure.gravatar.com\\\/avatar\\\/3ea2118a5f7dad2b7138b1187a6b7ee55f160b9968b66013c3a3ef39dd7e5798?s=96&d=mm&r=g\",\"url\":\"https:\\\/\\\/secure.gravatar.com\\\/avatar\\\/3ea2118a5f7dad2b7138b1187a6b7ee55f160b9968b66013c3a3ef39dd7e5798?s=96&d=mm&r=g\",\"contentUrl\":\"https:\\\/\\\/secure.gravatar.com\\\/avatar\\\/3ea2118a5f7dad2b7138b1187a6b7ee55f160b9968b66013c3a3ef39dd7e5798?s=96&d=mm&r=g\",\"caption\":\"Jeanette\"},\"sameAs\":[\"https:\\\/\\\/www.eldiario.net\\\/portal\"],\"url\":\"https:\\\/\\\/www.eldiario.net\\\/portal\\\/author\\\/jeanette\\\/\"}]}<\/script>\n<!-- \/ Yoast SEO plugin. -->","yoast_head_json":{"title":"Conade rechaza pedidos de ampliaci\u00f3n en investigaciones - El Diario - Bolivia","robots":{"index":"index","follow":"follow","max-snippet":"max-snippet:-1","max-image-preview":"max-image-preview:large","max-video-preview":"max-video-preview:-1"},"canonical":"https:\/\/www.eldiario.net\/portal\/2021\/05\/29\/conade-rechaza-pedidos-de-ampliacion-en-investigaciones\/","og_locale":"es_ES","og_type":"article","og_title":"Conade rechaza pedidos de ampliaci\u00f3n en investigaciones - El Diario - Bolivia","og_description":"Luego del pedido del ministro de Obras P\u00fablicas, Edgar Monta\u00f1o, sobre una ampliaci\u00f3n de las investigaciones en el caso de la compra irregular de gases lacrim\u00f3genos en contra de c\u00edvicos y miembros del Comit\u00e9 Nacional por la Defensa de la Democracia (Conade), desde esta instancia se rechaz\u00f3 estas solicitudes y acusaciones, calificando a la postura [&hellip;]","og_url":"https:\/\/www.eldiario.net\/portal\/2021\/05\/29\/conade-rechaza-pedidos-de-ampliacion-en-investigaciones\/","og_site_name":"El Diario - Bolivia","article_publisher":"https:\/\/www.facebook.com\/eldiario.bolivia\/","article_published_time":"2021-05-29T09:59:48+00:00","author":"Jeanette","twitter_card":"summary_large_image","twitter_creator":"@eldiario_net","twitter_site":"@eldiario_net","twitter_misc":{"Escrito por":"Jeanette","Tiempo de lectura":"2 minutos"},"schema":{"@context":"https:\/\/schema.org","@graph":[{"@type":"Article","@id":"https:\/\/www.eldiario.net\/portal\/2021\/05\/29\/conade-rechaza-pedidos-de-ampliacion-en-investigaciones\/#article","isPartOf":{"@id":"https:\/\/www.eldiario.net\/portal\/2021\/05\/29\/conade-rechaza-pedidos-de-ampliacion-en-investigaciones\/"},"author":{"name":"Jeanette","@id":"https:\/\/www.eldiario.net\/portal\/#\/schema\/person\/f46445640444750d7d753ccd04ae01b7"},"headline":"Conade rechaza pedidos de ampliaci\u00f3n en investigaciones","datePublished":"2021-05-29T09:59:48+00:00","mainEntityOfPage":{"@id":"https:\/\/www.eldiario.net\/portal\/2021\/05\/29\/conade-rechaza-pedidos-de-ampliacion-en-investigaciones\/"},"wordCount":430,"publisher":{"@id":"https:\/\/www.eldiario.net\/portal\/#organization"},"articleSection":["Pol\u00edtica"],"inLanguage":"es"},{"@type":"WebPage","@id":"https:\/\/www.eldiario.net\/portal\/2021\/05\/29\/conade-rechaza-pedidos-de-ampliacion-en-investigaciones\/","url":"https:\/\/www.eldiario.net\/portal\/2021\/05\/29\/conade-rechaza-pedidos-de-ampliacion-en-investigaciones\/","name":"Conade rechaza pedidos de ampliaci\u00f3n en investigaciones - El Diario - Bolivia","isPartOf":{"@id":"https:\/\/www.eldiario.net\/portal\/#website"},"datePublished":"2021-05-29T09:59:48+00:00","breadcrumb":{"@id":"https:\/\/www.eldiario.net\/portal\/2021\/05\/29\/conade-rechaza-pedidos-de-ampliacion-en-investigaciones\/#breadcrumb"},"inLanguage":"es","potentialAction":[{"@type":"ReadAction","target":["https:\/\/www.eldiario.net\/portal\/2021\/05\/29\/conade-rechaza-pedidos-de-ampliacion-en-investigaciones\/"]}]},{"@type":"BreadcrumbList","@id":"https:\/\/www.eldiario.net\/portal\/2021\/05\/29\/conade-rechaza-pedidos-de-ampliacion-en-investigaciones\/#breadcrumb","itemListElement":[{"@type":"ListItem","position":1,"name":"Portada","item":"https:\/\/www.eldiario.net\/portal\/"},{"@type":"ListItem","position":2,"name":"Conade rechaza pedidos de ampliaci\u00f3n en investigaciones"}]},{"@type":"WebSite","@id":"https:\/\/www.eldiario.net\/portal\/#website","url":"https:\/\/www.eldiario.net\/portal\/","name":"El Diario - Decano de la prensa nacional","description":"El Diario - Decano de la prensa nacional","publisher":{"@id":"https:\/\/www.eldiario.net\/portal\/#organization"},"potentialAction":[{"@type":"SearchAction","target":{"@type":"EntryPoint","urlTemplate":"https:\/\/www.eldiario.net\/portal\/?s={search_term_string}"},"query-input":{"@type":"PropertyValueSpecification","valueRequired":true,"valueName":"search_term_string"}}],"inLanguage":"es"},{"@type":"Organization","@id":"https:\/\/www.eldiario.net\/portal\/#organization","name":"El Diario - Decano de la prensa nacional","url":"https:\/\/www.eldiario.net\/portal\/","logo":{"@type":"ImageObject","inLanguage":"es","@id":"https:\/\/www.eldiario.net\/portal\/#\/schema\/logo\/image\/","url":"https:\/\/www.eldiario.net\/portal\/wp-content\/uploads\/2023\/07\/logo_ED.jpg","contentUrl":"https:\/\/www.eldiario.net\/portal\/wp-content\/uploads\/2023\/07\/logo_ED.jpg","width":272,"height":52,"caption":"El Diario - Decano de la prensa nacional"},"image":{"@id":"https:\/\/www.eldiario.net\/portal\/#\/schema\/logo\/image\/"},"sameAs":["https:\/\/www.facebook.com\/eldiario.bolivia\/","https:\/\/x.com\/eldiario_net"]},{"@type":"Person","@id":"https:\/\/www.eldiario.net\/portal\/#\/schema\/person\/f46445640444750d7d753ccd04ae01b7","name":"Jeanette","image":{"@type":"ImageObject","inLanguage":"es","@id":"https:\/\/secure.gravatar.com\/avatar\/3ea2118a5f7dad2b7138b1187a6b7ee55f160b9968b66013c3a3ef39dd7e5798?s=96&d=mm&r=g","url":"https:\/\/secure.gravatar.com\/avatar\/3ea2118a5f7dad2b7138b1187a6b7ee55f160b9968b66013c3a3ef39dd7e5798?s=96&d=mm&r=g","contentUrl":"https:\/\/secure.gravatar.com\/avatar\/3ea2118a5f7dad2b7138b1187a6b7ee55f160b9968b66013c3a3ef39dd7e5798?s=96&d=mm&r=g","caption":"Jeanette"},"sameAs":["https:\/\/www.eldiario.net\/portal"],"url":"https:\/\/www.eldiario.net\/portal\/author\/jeanette\/"}]}},"_links":{"self":[{"href":"https:\/\/www.eldiario.net\/portal\/wp-json\/wp\/v2\/posts\/7078","targetHints":{"allow":["GET"]}}],"collection":[{"href":"https:\/\/www.eldiario.net\/portal\/wp-json\/wp\/v2\/posts"}],"about":[{"href":"https:\/\/www.eldiario.net\/portal\/wp-json\/wp\/v2\/types\/post"}],"author":[{"embeddable":true,"href":"https:\/\/www.eldiario.net\/portal\/wp-json\/wp\/v2\/users\/1"}],"replies":[{"embeddable":true,"href":"https:\/\/www.eldiario.net\/portal\/wp-json\/wp\/v2\/comments?post=7078"}],"version-history":[{"count":0,"href":"https:\/\/www.eldiario.net\/portal\/wp-json\/wp\/v2\/posts\/7078\/revisions"}],"wp:attachment":[{"href":"https:\/\/www.eldiario.net\/portal\/wp-json\/wp\/v2\/media?parent=7078"}],"wp:term":[{"taxonomy":"category","embeddable":true,"href":"https:\/\/www.eldiario.net\/portal\/wp-json\/wp\/v2\/categories?post=7078"},{"taxonomy":"post_tag","embeddable":true,"href":"https:\/\/www.eldiario.net\/portal\/wp-json\/wp\/v2\/tags?post=7078"}],"curies":[{"name":"wp","href":"https:\/\/api.w.org\/{rel}","templated":true}]}}