{"id":7074,"date":"2021-05-29T05:58:50","date_gmt":"2021-05-29T09:58:50","guid":{"rendered":"https:\/\/www.eldiario.net\/portal\/?p=7074"},"modified":"2021-05-29T05:58:50","modified_gmt":"2021-05-29T09:58:50","slug":"activan-19-alertas-migratorias-y-ejecutaron-nueve-allanamientos","status":"publish","type":"post","link":"https:\/\/www.eldiario.net\/portal\/2021\/05\/29\/activan-19-alertas-migratorias-y-ejecutaron-nueve-allanamientos\/","title":{"rendered":"Activan 19 alertas migratorias y  ejecutaron nueve allanamientos"},"content":{"rendered":"<p>El Ministerio P\u00fablico activ\u00f3 nueve operativos de allanamiento a inmuebles tanto del exministro Arturo Murillo y otros, adem\u00e1s de 19 alertas migratorias contra varias personas implicadas en la irregular compra de gases lacrim\u00f3genos y material no letal para la Polic\u00eda boliviana.<br \/>\n\u201cHemos realizado, en conjunto con la Polic\u00eda, seis allanamientos en todo el territorio nacional. Hoy estamos realizando tres allanamientos m\u00e1s. Hemos encontrado bastante documentaci\u00f3n, no solo vinculada al caso de la compra de gases lacrim\u00f3genos, hay una serie de otros procesos que se encontrar\u00edan en estos domicilios\u201d, declar\u00f3 el ministro de Gobierno, Eduardo del Castillo.<br \/>\nDos de los allanamientos a inmuebles, propiedad de Murillo, se realizaron en Cochabamba, una casa ubicada en Tiquipaya y un departamento en la zona de Sarcobamba.<br \/>\nDurante el operativo en la casa de Tiquipaya, el Ministerio P\u00fablico secuestr\u00f3 armas de fuego y chalecos antibalas como evidencia, lo que agrava la situaci\u00f3n del exministro Murillo.<br \/>\nLos operativos de inspecci\u00f3n con car\u00e1cter investigativo alcanz\u00f3 a los domicilios de los oficiales de polic\u00eda Ivar G., Daniel B., la casa del jefe de gabinete de Murillo, Rodrigo M\u00e9ndez, y la casa de su excu\u00f1ado Daniel A., involucrados en la irregular compra del material policial no letal.<br \/>\nEl martes pasado, tras hacer p\u00fablica una declaraci\u00f3n jurada del agente especial del Bur\u00f3 Federal de Investigaciones (FBI), Jonathan Eades, acerca de legitimaci\u00f3n de ganancias il\u00edcitas y soborno de $us 582.000, al menos cuatro personas involucradas fueron aprehendidas.<\/p>\n<p>ALERTAS MIGRATORIAS<br \/>\nEn tanto, el comandante general de la Polic\u00eda, coronel Jhonny Aguilera, inform\u00f3 que las investigaciones alcanzan a funcionarios en jefatura administrativa y asesor\u00edas jur\u00eddicas durante la gesti\u00f3n del exministro Murillo, por lo que se activaron, al menos, 19 alertas migratorias.<br \/>\n\u201cYa se han emitido una diversidad de alertas, por lo menos 19. Son alertas migratorias producto del an\u00e1lisis que establece quienes hubieran participado. Hay muchas personas que producto del proceso ya hab\u00edan salido del pa\u00eds\u201d, declar\u00f3.<br \/>\nLas investigaciones, seg\u00fan precis\u00f3 Aguilera, alcanzan a jefaturas jur\u00eddicas, dependencias administrativas y otros que han tenido que ver con la cadena documental que verifica la materializaci\u00f3n de un sobreprecio de 2.4 millones de d\u00f3lares en la compra de armamento no letal.<br \/>\nEn criterio de la autoridad policial, si bien el proceso fue iniciado en junio de 2020, este no tuvo avance resultado de estrategias en los ministerios de Gobierno y Defensa que imped\u00edan la persecuci\u00f3n penal.<br \/>\n\u201cMuchas de ellas (estrategias) se traduc\u00edan en la devoluci\u00f3n de requerimientos, en negar la anotaci\u00f3n de la alerta migratoria en el sistema y otras que se han materializado en el encubrimiento a la actividad il\u00edcita\u201d, dijo.<br \/>\nAguilera insisti\u00f3 en la necesidad de establecer el car\u00e1cter doloso, o no, de las actuaciones administrativas de quienes fing\u00edan como servidores p\u00fablicos en los ministerios de Gobierno y Defensa.<\/p>\n<figure id=\"attachment_7076\" aria-describedby=\"caption-attachment-7076\" style=\"width: 300px\" class=\"wp-caption alignleft\"><img loading=\"lazy\" decoding=\"async\" class=\"size-medium wp-image-7076\" src=\"https:\/\/www.eldiario.net\/portal\/wp-content\/uploads\/2021\/05\/MURILLO-2-300x168.jpg\" alt=\"\" width=\"300\" height=\"168\" srcset=\"https:\/\/www.eldiario.net\/portal\/wp-content\/uploads\/2021\/05\/MURILLO-2-300x168.jpg 300w, https:\/\/www.eldiario.net\/portal\/wp-content\/uploads\/2021\/05\/MURILLO-2-768x429.jpg 768w, https:\/\/www.eldiario.net\/portal\/wp-content\/uploads\/2021\/05\/MURILLO-2-696x389.jpg 696w, https:\/\/www.eldiario.net\/portal\/wp-content\/uploads\/2021\/05\/MURILLO-2.jpg 770w\" sizes=\"auto, (max-width: 300px) 100vw, 300px\" \/><figcaption id=\"caption-attachment-7076\" class=\"wp-caption-text\">SECUEsTRO DE COMPUTADORAS, DOCUMENTACI\u00f3N Y OTROS ELEMENTOS DE PRUEBA DEL CASO LEGITIMACI\u00f3N DE GANANCIAS IL\u00edCITAS Y SOBORNO.<\/figcaption><\/figure>\n","protected":false},"excerpt":{"rendered":"<p>El Ministerio P\u00fablico activ\u00f3 nueve operativos de allanamiento a inmuebles tanto del exministro Arturo Murillo y otros, adem\u00e1s de 19 alertas migratorias contra varias personas implicadas en la irregular compra de gases lacrim\u00f3genos y material no letal para la Polic\u00eda boliviana. \u201cHemos realizado, en conjunto con la Polic\u00eda, seis allanamientos en todo el territorio nacional. [&hellip;]<\/p>\n","protected":false},"author":1,"featured_media":7075,"comment_status":"closed","ping_status":"closed","sticky":false,"template":"","format":"standard","meta":{"_acf_changed":false,"footnotes":""},"categories":[39],"tags":[],"class_list":["post-7074","post","type-post","status-publish","format-standard","has-post-thumbnail","category-sociedad"],"acf":{"antetitulo":""},"yoast_head":"<!-- This site is optimized with the Yoast SEO plugin v28.3 - https:\/\/yoast.com\/product\/yoast-seo-wordpress\/ -->\n<title>Activan 19 alertas migratorias y ejecutaron nueve allanamientos - El Diario - Bolivia<\/title>\n<meta name=\"robots\" content=\"index, follow, max-snippet:-1, max-image-preview:large, max-video-preview:-1\" \/>\n<link rel=\"canonical\" href=\"https:\/\/www.eldiario.net\/portal\/2021\/05\/29\/activan-19-alertas-migratorias-y-ejecutaron-nueve-allanamientos\/\" \/>\n<meta property=\"og:locale\" content=\"es_ES\" \/>\n<meta property=\"og:type\" content=\"article\" \/>\n<meta property=\"og:title\" content=\"Activan 19 alertas migratorias y ejecutaron nueve allanamientos - El Diario - Bolivia\" \/>\n<meta property=\"og:description\" content=\"El Ministerio P\u00fablico activ\u00f3 nueve operativos de allanamiento a inmuebles tanto del exministro Arturo Murillo y otros, adem\u00e1s de 19 alertas migratorias contra varias personas implicadas en la irregular compra de gases lacrim\u00f3genos y material no letal para la Polic\u00eda boliviana. \u201cHemos realizado, en conjunto con la Polic\u00eda, seis allanamientos en todo el territorio nacional. [&hellip;]\" \/>\n<meta property=\"og:url\" content=\"https:\/\/www.eldiario.net\/portal\/2021\/05\/29\/activan-19-alertas-migratorias-y-ejecutaron-nueve-allanamientos\/\" \/>\n<meta property=\"og:site_name\" content=\"El Diario - Bolivia\" \/>\n<meta property=\"article:publisher\" content=\"https:\/\/www.facebook.com\/eldiario.bolivia\/\" \/>\n<meta property=\"article:published_time\" content=\"2021-05-29T09:58:50+00:00\" \/>\n<meta name=\"author\" content=\"Jeanette\" \/>\n<meta name=\"twitter:card\" content=\"summary_large_image\" \/>\n<meta name=\"twitter:creator\" content=\"@eldiario_net\" \/>\n<meta name=\"twitter:site\" content=\"@eldiario_net\" \/>\n<meta name=\"twitter:label1\" content=\"Escrito por\" \/>\n\t<meta name=\"twitter:data1\" content=\"Jeanette\" \/>\n\t<meta name=\"twitter:label2\" content=\"Tiempo de lectura\" \/>\n\t<meta name=\"twitter:data2\" content=\"3 minutos\" \/>\n<script type=\"application\/ld+json\" class=\"yoast-schema-graph\">{\"@context\":\"https:\\\/\\\/schema.org\",\"@graph\":[{\"@type\":\"Article\",\"@id\":\"https:\\\/\\\/www.eldiario.net\\\/portal\\\/2021\\\/05\\\/29\\\/activan-19-alertas-migratorias-y-ejecutaron-nueve-allanamientos\\\/#article\",\"isPartOf\":{\"@id\":\"https:\\\/\\\/www.eldiario.net\\\/portal\\\/2021\\\/05\\\/29\\\/activan-19-alertas-migratorias-y-ejecutaron-nueve-allanamientos\\\/\"},\"author\":{\"name\":\"Jeanette\",\"@id\":\"https:\\\/\\\/www.eldiario.net\\\/portal\\\/#\\\/schema\\\/person\\\/f46445640444750d7d753ccd04ae01b7\"},\"headline\":\"Activan 19 alertas migratorias y ejecutaron nueve allanamientos\",\"datePublished\":\"2021-05-29T09:58:50+00:00\",\"mainEntityOfPage\":{\"@id\":\"https:\\\/\\\/www.eldiario.net\\\/portal\\\/2021\\\/05\\\/29\\\/activan-19-alertas-migratorias-y-ejecutaron-nueve-allanamientos\\\/\"},\"wordCount\":523,\"publisher\":{\"@id\":\"https:\\\/\\\/www.eldiario.net\\\/portal\\\/#organization\"},\"image\":{\"@id\":\"https:\\\/\\\/www.eldiario.net\\\/portal\\\/2021\\\/05\\\/29\\\/activan-19-alertas-migratorias-y-ejecutaron-nueve-allanamientos\\\/#primaryimage\"},\"thumbnailUrl\":\"\",\"articleSection\":[\"Sociedad - Seguridad\"],\"inLanguage\":\"es\"},{\"@type\":\"WebPage\",\"@id\":\"https:\\\/\\\/www.eldiario.net\\\/portal\\\/2021\\\/05\\\/29\\\/activan-19-alertas-migratorias-y-ejecutaron-nueve-allanamientos\\\/\",\"url\":\"https:\\\/\\\/www.eldiario.net\\\/portal\\\/2021\\\/05\\\/29\\\/activan-19-alertas-migratorias-y-ejecutaron-nueve-allanamientos\\\/\",\"name\":\"Activan 19 alertas migratorias y ejecutaron nueve allanamientos - El Diario - Bolivia\",\"isPartOf\":{\"@id\":\"https:\\\/\\\/www.eldiario.net\\\/portal\\\/#website\"},\"primaryImageOfPage\":{\"@id\":\"https:\\\/\\\/www.eldiario.net\\\/portal\\\/2021\\\/05\\\/29\\\/activan-19-alertas-migratorias-y-ejecutaron-nueve-allanamientos\\\/#primaryimage\"},\"image\":{\"@id\":\"https:\\\/\\\/www.eldiario.net\\\/portal\\\/2021\\\/05\\\/29\\\/activan-19-alertas-migratorias-y-ejecutaron-nueve-allanamientos\\\/#primaryimage\"},\"thumbnailUrl\":\"\",\"datePublished\":\"2021-05-29T09:58:50+00:00\",\"breadcrumb\":{\"@id\":\"https:\\\/\\\/www.eldiario.net\\\/portal\\\/2021\\\/05\\\/29\\\/activan-19-alertas-migratorias-y-ejecutaron-nueve-allanamientos\\\/#breadcrumb\"},\"inLanguage\":\"es\",\"potentialAction\":[{\"@type\":\"ReadAction\",\"target\":[\"https:\\\/\\\/www.eldiario.net\\\/portal\\\/2021\\\/05\\\/29\\\/activan-19-alertas-migratorias-y-ejecutaron-nueve-allanamientos\\\/\"]}]},{\"@type\":\"ImageObject\",\"inLanguage\":\"es\",\"@id\":\"https:\\\/\\\/www.eldiario.net\\\/portal\\\/2021\\\/05\\\/29\\\/activan-19-alertas-migratorias-y-ejecutaron-nueve-allanamientos\\\/#primaryimage\",\"url\":\"\",\"contentUrl\":\"\"},{\"@type\":\"BreadcrumbList\",\"@id\":\"https:\\\/\\\/www.eldiario.net\\\/portal\\\/2021\\\/05\\\/29\\\/activan-19-alertas-migratorias-y-ejecutaron-nueve-allanamientos\\\/#breadcrumb\",\"itemListElement\":[{\"@type\":\"ListItem\",\"position\":1,\"name\":\"Portada\",\"item\":\"https:\\\/\\\/www.eldiario.net\\\/portal\\\/\"},{\"@type\":\"ListItem\",\"position\":2,\"name\":\"Activan 19 alertas migratorias y ejecutaron nueve allanamientos\"}]},{\"@type\":\"WebSite\",\"@id\":\"https:\\\/\\\/www.eldiario.net\\\/portal\\\/#website\",\"url\":\"https:\\\/\\\/www.eldiario.net\\\/portal\\\/\",\"name\":\"El Diario - Decano de la prensa nacional\",\"description\":\"El Diario - Decano de la prensa nacional\",\"publisher\":{\"@id\":\"https:\\\/\\\/www.eldiario.net\\\/portal\\\/#organization\"},\"potentialAction\":[{\"@type\":\"SearchAction\",\"target\":{\"@type\":\"EntryPoint\",\"urlTemplate\":\"https:\\\/\\\/www.eldiario.net\\\/portal\\\/?s={search_term_string}\"},\"query-input\":{\"@type\":\"PropertyValueSpecification\",\"valueRequired\":true,\"valueName\":\"search_term_string\"}}],\"inLanguage\":\"es\"},{\"@type\":\"Organization\",\"@id\":\"https:\\\/\\\/www.eldiario.net\\\/portal\\\/#organization\",\"name\":\"El Diario - Decano de la prensa nacional\",\"url\":\"https:\\\/\\\/www.eldiario.net\\\/portal\\\/\",\"logo\":{\"@type\":\"ImageObject\",\"inLanguage\":\"es\",\"@id\":\"https:\\\/\\\/www.eldiario.net\\\/portal\\\/#\\\/schema\\\/logo\\\/image\\\/\",\"url\":\"https:\\\/\\\/www.eldiario.net\\\/portal\\\/wp-content\\\/uploads\\\/2023\\\/07\\\/logo_ED.jpg\",\"contentUrl\":\"https:\\\/\\\/www.eldiario.net\\\/portal\\\/wp-content\\\/uploads\\\/2023\\\/07\\\/logo_ED.jpg\",\"width\":272,\"height\":52,\"caption\":\"El Diario - Decano de la prensa nacional\"},\"image\":{\"@id\":\"https:\\\/\\\/www.eldiario.net\\\/portal\\\/#\\\/schema\\\/logo\\\/image\\\/\"},\"sameAs\":[\"https:\\\/\\\/www.facebook.com\\\/eldiario.bolivia\\\/\",\"https:\\\/\\\/x.com\\\/eldiario_net\"]},{\"@type\":\"Person\",\"@id\":\"https:\\\/\\\/www.eldiario.net\\\/portal\\\/#\\\/schema\\\/person\\\/f46445640444750d7d753ccd04ae01b7\",\"name\":\"Jeanette\",\"image\":{\"@type\":\"ImageObject\",\"inLanguage\":\"es\",\"@id\":\"https:\\\/\\\/secure.gravatar.com\\\/avatar\\\/3ea2118a5f7dad2b7138b1187a6b7ee55f160b9968b66013c3a3ef39dd7e5798?s=96&d=mm&r=g\",\"url\":\"https:\\\/\\\/secure.gravatar.com\\\/avatar\\\/3ea2118a5f7dad2b7138b1187a6b7ee55f160b9968b66013c3a3ef39dd7e5798?s=96&d=mm&r=g\",\"contentUrl\":\"https:\\\/\\\/secure.gravatar.com\\\/avatar\\\/3ea2118a5f7dad2b7138b1187a6b7ee55f160b9968b66013c3a3ef39dd7e5798?s=96&d=mm&r=g\",\"caption\":\"Jeanette\"},\"sameAs\":[\"https:\\\/\\\/www.eldiario.net\\\/portal\"],\"url\":\"https:\\\/\\\/www.eldiario.net\\\/portal\\\/author\\\/jeanette\\\/\"}]}<\/script>\n<!-- \/ Yoast SEO plugin. -->","yoast_head_json":{"title":"Activan 19 alertas migratorias y ejecutaron nueve allanamientos - El Diario - Bolivia","robots":{"index":"index","follow":"follow","max-snippet":"max-snippet:-1","max-image-preview":"max-image-preview:large","max-video-preview":"max-video-preview:-1"},"canonical":"https:\/\/www.eldiario.net\/portal\/2021\/05\/29\/activan-19-alertas-migratorias-y-ejecutaron-nueve-allanamientos\/","og_locale":"es_ES","og_type":"article","og_title":"Activan 19 alertas migratorias y ejecutaron nueve allanamientos - El Diario - Bolivia","og_description":"El Ministerio P\u00fablico activ\u00f3 nueve operativos de allanamiento a inmuebles tanto del exministro Arturo Murillo y otros, adem\u00e1s de 19 alertas migratorias contra varias personas implicadas en la irregular compra de gases lacrim\u00f3genos y material no letal para la Polic\u00eda boliviana. \u201cHemos realizado, en conjunto con la Polic\u00eda, seis allanamientos en todo el territorio nacional. [&hellip;]","og_url":"https:\/\/www.eldiario.net\/portal\/2021\/05\/29\/activan-19-alertas-migratorias-y-ejecutaron-nueve-allanamientos\/","og_site_name":"El Diario - Bolivia","article_publisher":"https:\/\/www.facebook.com\/eldiario.bolivia\/","article_published_time":"2021-05-29T09:58:50+00:00","author":"Jeanette","twitter_card":"summary_large_image","twitter_creator":"@eldiario_net","twitter_site":"@eldiario_net","twitter_misc":{"Escrito por":"Jeanette","Tiempo de lectura":"3 minutos"},"schema":{"@context":"https:\/\/schema.org","@graph":[{"@type":"Article","@id":"https:\/\/www.eldiario.net\/portal\/2021\/05\/29\/activan-19-alertas-migratorias-y-ejecutaron-nueve-allanamientos\/#article","isPartOf":{"@id":"https:\/\/www.eldiario.net\/portal\/2021\/05\/29\/activan-19-alertas-migratorias-y-ejecutaron-nueve-allanamientos\/"},"author":{"name":"Jeanette","@id":"https:\/\/www.eldiario.net\/portal\/#\/schema\/person\/f46445640444750d7d753ccd04ae01b7"},"headline":"Activan 19 alertas migratorias y ejecutaron nueve allanamientos","datePublished":"2021-05-29T09:58:50+00:00","mainEntityOfPage":{"@id":"https:\/\/www.eldiario.net\/portal\/2021\/05\/29\/activan-19-alertas-migratorias-y-ejecutaron-nueve-allanamientos\/"},"wordCount":523,"publisher":{"@id":"https:\/\/www.eldiario.net\/portal\/#organization"},"image":{"@id":"https:\/\/www.eldiario.net\/portal\/2021\/05\/29\/activan-19-alertas-migratorias-y-ejecutaron-nueve-allanamientos\/#primaryimage"},"thumbnailUrl":"","articleSection":["Sociedad - Seguridad"],"inLanguage":"es"},{"@type":"WebPage","@id":"https:\/\/www.eldiario.net\/portal\/2021\/05\/29\/activan-19-alertas-migratorias-y-ejecutaron-nueve-allanamientos\/","url":"https:\/\/www.eldiario.net\/portal\/2021\/05\/29\/activan-19-alertas-migratorias-y-ejecutaron-nueve-allanamientos\/","name":"Activan 19 alertas migratorias y ejecutaron nueve allanamientos - El Diario - Bolivia","isPartOf":{"@id":"https:\/\/www.eldiario.net\/portal\/#website"},"primaryImageOfPage":{"@id":"https:\/\/www.eldiario.net\/portal\/2021\/05\/29\/activan-19-alertas-migratorias-y-ejecutaron-nueve-allanamientos\/#primaryimage"},"image":{"@id":"https:\/\/www.eldiario.net\/portal\/2021\/05\/29\/activan-19-alertas-migratorias-y-ejecutaron-nueve-allanamientos\/#primaryimage"},"thumbnailUrl":"","datePublished":"2021-05-29T09:58:50+00:00","breadcrumb":{"@id":"https:\/\/www.eldiario.net\/portal\/2021\/05\/29\/activan-19-alertas-migratorias-y-ejecutaron-nueve-allanamientos\/#breadcrumb"},"inLanguage":"es","potentialAction":[{"@type":"ReadAction","target":["https:\/\/www.eldiario.net\/portal\/2021\/05\/29\/activan-19-alertas-migratorias-y-ejecutaron-nueve-allanamientos\/"]}]},{"@type":"ImageObject","inLanguage":"es","@id":"https:\/\/www.eldiario.net\/portal\/2021\/05\/29\/activan-19-alertas-migratorias-y-ejecutaron-nueve-allanamientos\/#primaryimage","url":"","contentUrl":""},{"@type":"BreadcrumbList","@id":"https:\/\/www.eldiario.net\/portal\/2021\/05\/29\/activan-19-alertas-migratorias-y-ejecutaron-nueve-allanamientos\/#breadcrumb","itemListElement":[{"@type":"ListItem","position":1,"name":"Portada","item":"https:\/\/www.eldiario.net\/portal\/"},{"@type":"ListItem","position":2,"name":"Activan 19 alertas migratorias y ejecutaron nueve allanamientos"}]},{"@type":"WebSite","@id":"https:\/\/www.eldiario.net\/portal\/#website","url":"https:\/\/www.eldiario.net\/portal\/","name":"El Diario - Decano de la prensa nacional","description":"El Diario - Decano de la prensa nacional","publisher":{"@id":"https:\/\/www.eldiario.net\/portal\/#organization"},"potentialAction":[{"@type":"SearchAction","target":{"@type":"EntryPoint","urlTemplate":"https:\/\/www.eldiario.net\/portal\/?s={search_term_string}"},"query-input":{"@type":"PropertyValueSpecification","valueRequired":true,"valueName":"search_term_string"}}],"inLanguage":"es"},{"@type":"Organization","@id":"https:\/\/www.eldiario.net\/portal\/#organization","name":"El Diario - Decano de la prensa nacional","url":"https:\/\/www.eldiario.net\/portal\/","logo":{"@type":"ImageObject","inLanguage":"es","@id":"https:\/\/www.eldiario.net\/portal\/#\/schema\/logo\/image\/","url":"https:\/\/www.eldiario.net\/portal\/wp-content\/uploads\/2023\/07\/logo_ED.jpg","contentUrl":"https:\/\/www.eldiario.net\/portal\/wp-content\/uploads\/2023\/07\/logo_ED.jpg","width":272,"height":52,"caption":"El Diario - Decano de la prensa nacional"},"image":{"@id":"https:\/\/www.eldiario.net\/portal\/#\/schema\/logo\/image\/"},"sameAs":["https:\/\/www.facebook.com\/eldiario.bolivia\/","https:\/\/x.com\/eldiario_net"]},{"@type":"Person","@id":"https:\/\/www.eldiario.net\/portal\/#\/schema\/person\/f46445640444750d7d753ccd04ae01b7","name":"Jeanette","image":{"@type":"ImageObject","inLanguage":"es","@id":"https:\/\/secure.gravatar.com\/avatar\/3ea2118a5f7dad2b7138b1187a6b7ee55f160b9968b66013c3a3ef39dd7e5798?s=96&d=mm&r=g","url":"https:\/\/secure.gravatar.com\/avatar\/3ea2118a5f7dad2b7138b1187a6b7ee55f160b9968b66013c3a3ef39dd7e5798?s=96&d=mm&r=g","contentUrl":"https:\/\/secure.gravatar.com\/avatar\/3ea2118a5f7dad2b7138b1187a6b7ee55f160b9968b66013c3a3ef39dd7e5798?s=96&d=mm&r=g","caption":"Jeanette"},"sameAs":["https:\/\/www.eldiario.net\/portal"],"url":"https:\/\/www.eldiario.net\/portal\/author\/jeanette\/"}]}},"_links":{"self":[{"href":"https:\/\/www.eldiario.net\/portal\/wp-json\/wp\/v2\/posts\/7074","targetHints":{"allow":["GET"]}}],"collection":[{"href":"https:\/\/www.eldiario.net\/portal\/wp-json\/wp\/v2\/posts"}],"about":[{"href":"https:\/\/www.eldiario.net\/portal\/wp-json\/wp\/v2\/types\/post"}],"author":[{"embeddable":true,"href":"https:\/\/www.eldiario.net\/portal\/wp-json\/wp\/v2\/users\/1"}],"replies":[{"embeddable":true,"href":"https:\/\/www.eldiario.net\/portal\/wp-json\/wp\/v2\/comments?post=7074"}],"version-history":[{"count":0,"href":"https:\/\/www.eldiario.net\/portal\/wp-json\/wp\/v2\/posts\/7074\/revisions"}],"wp:attachment":[{"href":"https:\/\/www.eldiario.net\/portal\/wp-json\/wp\/v2\/media?parent=7074"}],"wp:term":[{"taxonomy":"category","embeddable":true,"href":"https:\/\/www.eldiario.net\/portal\/wp-json\/wp\/v2\/categories?post=7074"},{"taxonomy":"post_tag","embeddable":true,"href":"https:\/\/www.eldiario.net\/portal\/wp-json\/wp\/v2\/tags?post=7074"}],"curies":[{"name":"wp","href":"https:\/\/api.w.org\/{rel}","templated":true}]}}