{"id":7069,"date":"2021-05-29T05:56:41","date_gmt":"2021-05-29T09:56:41","guid":{"rendered":"https:\/\/www.eldiario.net\/portal\/?p=7069"},"modified":"2021-05-29T05:56:41","modified_gmt":"2021-05-29T09:56:41","slug":"activistas-en-emergencia-por-persecucion-politica","status":"publish","type":"post","link":"https:\/\/www.eldiario.net\/portal\/2021\/05\/29\/activistas-en-emergencia-por-persecucion-politica\/","title":{"rendered":"Activistas en emergencia  por \u201cpersecuci\u00f3n pol\u00edtica\u201d"},"content":{"rendered":"<p>Activistas del pa\u00eds se declararon en emergencia porque consideran que el Gobierno inici\u00f3 una \u201cpersecuci\u00f3n pol\u00edtica\u201d. El representante de la plataforma 21-F, Guillermo Paz, manifest\u00f3 a EL DIARIO que el pr\u00f3ximo 1 de junio, cuatro activistas deber\u00e1n declarar en la Fiscal\u00eda por pedir la renuncia de la Defensora del Pueblo.<br \/>\n\u201cEl Gobierno est\u00e1 empezando a presionar, esta es la parte dos de la persecuci\u00f3n pol\u00edtica, la primera fue con los pol\u00edticos y ahora est\u00e1 yendo contra los activistas. El Gobierno no deber\u00eda mezclar lo que es un tema legal con uno que es netamente c\u00edvico, porque hemos salido a la calle pac\u00edficamente pidiendo justicia y democracia y el Gobierno ahora usa cualquier cosa para tratar de involucrar a los activistas\u201d, dijo.<br \/>\nEn criterio de Paz, lo que el Gobierno busca es sembrar miedo en la poblaci\u00f3n para que no vuelva a salir a las calles.<br \/>\n\u201cNosotros estamos atentos como activistas al proceder del Gobierno y que no se confunda, que no trate de amedrentar a la poblaci\u00f3n que hemos salido pac\u00edficamente. Todos los ciudadanos tenemos el derecho de pedir la renuncia de las autoridades, en este caso de la Defensora del Pueblo, que todos sabemos que representa al Movimiento al Socialismo (MAS) y no al pueblo como tendr\u00eda que ser\u201d, puntualiz\u00f3.<br \/>\nEn entrevistas anteriores, el diputado de Comunidad Ciudadana (CC), Beto Astorga, manifest\u00f3 que el Gobierno inici\u00f3 una tercera etapa de \u201cpersecuci\u00f3n pol\u00edtica\u201d, en contra de activistas y pidi\u00f3 a las plataformas ciudadanas que se declaren en estado de emergencia.<br \/>\n\u201cUna primera etapa de persecuci\u00f3n pol\u00edtica fue contra la expresidenta Jeanine A\u00f1ez y exministros, una segunda etapa donde se pretende culpar a militares y polic\u00edas. Ahora se produce una tercera etapa donde est\u00e1n los activistas\u201d, se\u00f1al\u00f3 Astorga.<\/p>\n<p>DENUNCIA<br \/>\nA trav\u00e9s de las redes sociales, el jueves se conoci\u00f3 una orden de citaci\u00f3n firmada por el fiscal Marcos Villa, contra la representante de las esposas de polic\u00edas, Guadalupe C\u00e1rdenas, la abogada Paola Barriga y la comunicadora Melisa Ibarra, las tres conocidas adem\u00e1s por sus actividades en defensa de las mujeres, ni\u00f1os y derechos humanos, sindicadas de instigaci\u00f3n p\u00fablica a delinquir, asociaci\u00f3n delictuosa, impedir o estorbar el ejercicio de funciones, atentados contra la libertad de trabajo y amenazas.<br \/>\nEn contacto con EL DIARIO, C\u00e1rdenas aclar\u00f3 que la citaci\u00f3n responde a una denuncia de la defensora del pueblo, Nadia Cruz, y no al Ministerio de Defensa, como se lee en la citaci\u00f3n.<br \/>\nC\u00e1rdenas que, adem\u00e1s, es embajadora de los derechos humanos a nivel mundial, asegur\u00f3 que no particip\u00f3 de ninguna \u201ctoma\u201d de los predios de la Defensor\u00eda del Pueblo, como la denuncian, porque estaba al cuidado de su nieta.<br \/>\n\u201cYo pas\u00e9 por ah\u00ed y al verlas me acerqu\u00e9 a felicitarlas, no participe porque estaba con mi nieta, de haber podido, quiz\u00e1 me hubiera unido a ellas\u201d, dijo.<br \/>\nA trav\u00e9s de sus redes sociales, Ibarra calific\u00f3 la citaci\u00f3n como una persecuci\u00f3n pol\u00edtica.<br \/>\n\u201cTercera denuncia contra mi persona, (como no es sostenible el cuentito del auto, se inventan otra cosa). Estoy junto a Guadalupe C\u00e1rdenas y Paola Barriga. \u00bfQu\u00e9 le enoj\u00f3 m\u00e1s a los tiranos?. 1) Que est\u00e9 en la lucha. 2) Que denuncie sus mentiras. 3) Que denuncie los sacrificios de ni\u00f1os vivos en Bolivia?. Tendr\u00e1 sentido defenderse contra el MAS? Para qu\u00e9?\u201d (sic), escribi\u00f3 en sus redes sociales.<\/p>\n<p>EL HECHO<br \/>\nEn noviembre de 2019, un grupo de activistas realiz\u00f3 una vigilia en puertas de la Defensor\u00eda del Pueblo exigiendo la renuncia de su titular Nadia Cruz, luego de su participaci\u00f3n en el cabildo cocalero en Sacaba, Cochabamba.<br \/>\nEn la oportunidad, Cruz dijo que acudi\u00f3 a ese encuentro a solicitud del Ministerio de la Presidencia, justamente para explicar los alcances del di\u00e1logo y acuerdo con el Gobierno con la finalidad de que levanten sus medidas de presi\u00f3n en pos de la pacificaci\u00f3n tras la violencia desatada por la dimisi\u00f3n de Evo Morales.<\/p>\n<figure id=\"attachment_7071\" aria-describedby=\"caption-attachment-7071\" style=\"width: 300px\" class=\"wp-caption alignleft\"><img loading=\"lazy\" decoding=\"async\" class=\"size-medium wp-image-7071\" src=\"https:\/\/www.eldiario.net\/portal\/wp-content\/uploads\/2021\/05\/Barriga-300x243.jpg\" alt=\"\" width=\"300\" height=\"243\" \/><figcaption id=\"caption-attachment-7071\" class=\"wp-caption-text\">PAOLA BARRIGA, ABOGADA.<\/figcaption><\/figure>\n<figure id=\"attachment_7072\" aria-describedby=\"caption-attachment-7072\" style=\"width: 300px\" class=\"wp-caption alignleft\"><img loading=\"lazy\" decoding=\"async\" class=\"size-medium wp-image-7072\" src=\"https:\/\/www.eldiario.net\/portal\/wp-content\/uploads\/2021\/05\/MELI-300x212.jpg\" alt=\"\" width=\"300\" height=\"212\" srcset=\"https:\/\/www.eldiario.net\/portal\/wp-content\/uploads\/2021\/05\/MELI-300x212.jpg 300w, https:\/\/www.eldiario.net\/portal\/wp-content\/uploads\/2021\/05\/MELI.jpg 637w\" sizes=\"auto, (max-width: 300px) 100vw, 300px\" \/><figcaption id=\"caption-attachment-7072\" class=\"wp-caption-text\">MELISA IBARRA, COMUNICADORA.<\/figcaption><\/figure>\n","protected":false},"excerpt":{"rendered":"<p>Activistas del pa\u00eds se declararon en emergencia porque consideran que el Gobierno inici\u00f3 una \u201cpersecuci\u00f3n pol\u00edtica\u201d. El representante de la plataforma 21-F, Guillermo Paz, manifest\u00f3 a EL DIARIO que el pr\u00f3ximo 1 de junio, cuatro activistas deber\u00e1n declarar en la Fiscal\u00eda por pedir la renuncia de la Defensora del Pueblo. \u201cEl Gobierno est\u00e1 empezando a [&hellip;]<\/p>\n","protected":false},"author":1,"featured_media":7070,"comment_status":"closed","ping_status":"closed","sticky":false,"template":"","format":"standard","meta":{"_acf_changed":false,"footnotes":""},"categories":[39],"tags":[],"class_list":["post-7069","post","type-post","status-publish","format-standard","has-post-thumbnail","category-sociedad"],"acf":{"antetitulo":""},"yoast_head":"<!-- This site is optimized with the Yoast SEO plugin v28.3 - https:\/\/yoast.com\/product\/yoast-seo-wordpress\/ -->\n<title>Activistas en emergencia por \u201cpersecuci\u00f3n pol\u00edtica\u201d - El Diario - Bolivia<\/title>\n<meta name=\"robots\" content=\"index, follow, max-snippet:-1, max-image-preview:large, max-video-preview:-1\" \/>\n<link rel=\"canonical\" href=\"https:\/\/www.eldiario.net\/portal\/2021\/05\/29\/activistas-en-emergencia-por-persecucion-politica\/\" \/>\n<meta property=\"og:locale\" content=\"es_ES\" \/>\n<meta property=\"og:type\" content=\"article\" \/>\n<meta property=\"og:title\" content=\"Activistas en emergencia por \u201cpersecuci\u00f3n pol\u00edtica\u201d - El Diario - Bolivia\" \/>\n<meta property=\"og:description\" content=\"Activistas del pa\u00eds se declararon en emergencia porque consideran que el Gobierno inici\u00f3 una \u201cpersecuci\u00f3n pol\u00edtica\u201d. El representante de la plataforma 21-F, Guillermo Paz, manifest\u00f3 a EL DIARIO que el pr\u00f3ximo 1 de junio, cuatro activistas deber\u00e1n declarar en la Fiscal\u00eda por pedir la renuncia de la Defensora del Pueblo. \u201cEl Gobierno est\u00e1 empezando a [&hellip;]\" \/>\n<meta property=\"og:url\" content=\"https:\/\/www.eldiario.net\/portal\/2021\/05\/29\/activistas-en-emergencia-por-persecucion-politica\/\" \/>\n<meta property=\"og:site_name\" content=\"El Diario - Bolivia\" \/>\n<meta property=\"article:publisher\" content=\"https:\/\/www.facebook.com\/eldiario.bolivia\/\" \/>\n<meta property=\"article:published_time\" content=\"2021-05-29T09:56:41+00:00\" \/>\n<meta name=\"author\" content=\"Jeanette\" \/>\n<meta name=\"twitter:card\" content=\"summary_large_image\" \/>\n<meta name=\"twitter:creator\" content=\"@eldiario_net\" \/>\n<meta name=\"twitter:site\" content=\"@eldiario_net\" \/>\n<meta name=\"twitter:label1\" content=\"Escrito por\" \/>\n\t<meta name=\"twitter:data1\" content=\"Jeanette\" \/>\n\t<meta name=\"twitter:label2\" content=\"Tiempo de lectura\" \/>\n\t<meta name=\"twitter:data2\" content=\"4 minutos\" \/>\n<script type=\"application\/ld+json\" class=\"yoast-schema-graph\">{\"@context\":\"https:\\\/\\\/schema.org\",\"@graph\":[{\"@type\":\"Article\",\"@id\":\"https:\\\/\\\/www.eldiario.net\\\/portal\\\/2021\\\/05\\\/29\\\/activistas-en-emergencia-por-persecucion-politica\\\/#article\",\"isPartOf\":{\"@id\":\"https:\\\/\\\/www.eldiario.net\\\/portal\\\/2021\\\/05\\\/29\\\/activistas-en-emergencia-por-persecucion-politica\\\/\"},\"author\":{\"name\":\"Jeanette\",\"@id\":\"https:\\\/\\\/www.eldiario.net\\\/portal\\\/#\\\/schema\\\/person\\\/f46445640444750d7d753ccd04ae01b7\"},\"headline\":\"Activistas en emergencia por \u201cpersecuci\u00f3n pol\u00edtica\u201d\",\"datePublished\":\"2021-05-29T09:56:41+00:00\",\"mainEntityOfPage\":{\"@id\":\"https:\\\/\\\/www.eldiario.net\\\/portal\\\/2021\\\/05\\\/29\\\/activistas-en-emergencia-por-persecucion-politica\\\/\"},\"wordCount\":713,\"publisher\":{\"@id\":\"https:\\\/\\\/www.eldiario.net\\\/portal\\\/#organization\"},\"image\":{\"@id\":\"https:\\\/\\\/www.eldiario.net\\\/portal\\\/2021\\\/05\\\/29\\\/activistas-en-emergencia-por-persecucion-politica\\\/#primaryimage\"},\"thumbnailUrl\":\"\",\"articleSection\":[\"Sociedad - Seguridad\"],\"inLanguage\":\"es\"},{\"@type\":\"WebPage\",\"@id\":\"https:\\\/\\\/www.eldiario.net\\\/portal\\\/2021\\\/05\\\/29\\\/activistas-en-emergencia-por-persecucion-politica\\\/\",\"url\":\"https:\\\/\\\/www.eldiario.net\\\/portal\\\/2021\\\/05\\\/29\\\/activistas-en-emergencia-por-persecucion-politica\\\/\",\"name\":\"Activistas en emergencia por \u201cpersecuci\u00f3n pol\u00edtica\u201d - El Diario - Bolivia\",\"isPartOf\":{\"@id\":\"https:\\\/\\\/www.eldiario.net\\\/portal\\\/#website\"},\"primaryImageOfPage\":{\"@id\":\"https:\\\/\\\/www.eldiario.net\\\/portal\\\/2021\\\/05\\\/29\\\/activistas-en-emergencia-por-persecucion-politica\\\/#primaryimage\"},\"image\":{\"@id\":\"https:\\\/\\\/www.eldiario.net\\\/portal\\\/2021\\\/05\\\/29\\\/activistas-en-emergencia-por-persecucion-politica\\\/#primaryimage\"},\"thumbnailUrl\":\"\",\"datePublished\":\"2021-05-29T09:56:41+00:00\",\"breadcrumb\":{\"@id\":\"https:\\\/\\\/www.eldiario.net\\\/portal\\\/2021\\\/05\\\/29\\\/activistas-en-emergencia-por-persecucion-politica\\\/#breadcrumb\"},\"inLanguage\":\"es\",\"potentialAction\":[{\"@type\":\"ReadAction\",\"target\":[\"https:\\\/\\\/www.eldiario.net\\\/portal\\\/2021\\\/05\\\/29\\\/activistas-en-emergencia-por-persecucion-politica\\\/\"]}]},{\"@type\":\"ImageObject\",\"inLanguage\":\"es\",\"@id\":\"https:\\\/\\\/www.eldiario.net\\\/portal\\\/2021\\\/05\\\/29\\\/activistas-en-emergencia-por-persecucion-politica\\\/#primaryimage\",\"url\":\"\",\"contentUrl\":\"\"},{\"@type\":\"BreadcrumbList\",\"@id\":\"https:\\\/\\\/www.eldiario.net\\\/portal\\\/2021\\\/05\\\/29\\\/activistas-en-emergencia-por-persecucion-politica\\\/#breadcrumb\",\"itemListElement\":[{\"@type\":\"ListItem\",\"position\":1,\"name\":\"Portada\",\"item\":\"https:\\\/\\\/www.eldiario.net\\\/portal\\\/\"},{\"@type\":\"ListItem\",\"position\":2,\"name\":\"Activistas en emergencia por \u201cpersecuci\u00f3n pol\u00edtica\u201d\"}]},{\"@type\":\"WebSite\",\"@id\":\"https:\\\/\\\/www.eldiario.net\\\/portal\\\/#website\",\"url\":\"https:\\\/\\\/www.eldiario.net\\\/portal\\\/\",\"name\":\"El Diario - Decano de la prensa nacional\",\"description\":\"El Diario - Decano de la prensa nacional\",\"publisher\":{\"@id\":\"https:\\\/\\\/www.eldiario.net\\\/portal\\\/#organization\"},\"potentialAction\":[{\"@type\":\"SearchAction\",\"target\":{\"@type\":\"EntryPoint\",\"urlTemplate\":\"https:\\\/\\\/www.eldiario.net\\\/portal\\\/?s={search_term_string}\"},\"query-input\":{\"@type\":\"PropertyValueSpecification\",\"valueRequired\":true,\"valueName\":\"search_term_string\"}}],\"inLanguage\":\"es\"},{\"@type\":\"Organization\",\"@id\":\"https:\\\/\\\/www.eldiario.net\\\/portal\\\/#organization\",\"name\":\"El Diario - Decano de la prensa nacional\",\"url\":\"https:\\\/\\\/www.eldiario.net\\\/portal\\\/\",\"logo\":{\"@type\":\"ImageObject\",\"inLanguage\":\"es\",\"@id\":\"https:\\\/\\\/www.eldiario.net\\\/portal\\\/#\\\/schema\\\/logo\\\/image\\\/\",\"url\":\"https:\\\/\\\/www.eldiario.net\\\/portal\\\/wp-content\\\/uploads\\\/2023\\\/07\\\/logo_ED.jpg\",\"contentUrl\":\"https:\\\/\\\/www.eldiario.net\\\/portal\\\/wp-content\\\/uploads\\\/2023\\\/07\\\/logo_ED.jpg\",\"width\":272,\"height\":52,\"caption\":\"El Diario - Decano de la prensa nacional\"},\"image\":{\"@id\":\"https:\\\/\\\/www.eldiario.net\\\/portal\\\/#\\\/schema\\\/logo\\\/image\\\/\"},\"sameAs\":[\"https:\\\/\\\/www.facebook.com\\\/eldiario.bolivia\\\/\",\"https:\\\/\\\/x.com\\\/eldiario_net\"]},{\"@type\":\"Person\",\"@id\":\"https:\\\/\\\/www.eldiario.net\\\/portal\\\/#\\\/schema\\\/person\\\/f46445640444750d7d753ccd04ae01b7\",\"name\":\"Jeanette\",\"image\":{\"@type\":\"ImageObject\",\"inLanguage\":\"es\",\"@id\":\"https:\\\/\\\/secure.gravatar.com\\\/avatar\\\/3ea2118a5f7dad2b7138b1187a6b7ee55f160b9968b66013c3a3ef39dd7e5798?s=96&d=mm&r=g\",\"url\":\"https:\\\/\\\/secure.gravatar.com\\\/avatar\\\/3ea2118a5f7dad2b7138b1187a6b7ee55f160b9968b66013c3a3ef39dd7e5798?s=96&d=mm&r=g\",\"contentUrl\":\"https:\\\/\\\/secure.gravatar.com\\\/avatar\\\/3ea2118a5f7dad2b7138b1187a6b7ee55f160b9968b66013c3a3ef39dd7e5798?s=96&d=mm&r=g\",\"caption\":\"Jeanette\"},\"sameAs\":[\"https:\\\/\\\/www.eldiario.net\\\/portal\"],\"url\":\"https:\\\/\\\/www.eldiario.net\\\/portal\\\/author\\\/jeanette\\\/\"}]}<\/script>\n<!-- \/ Yoast SEO plugin. -->","yoast_head_json":{"title":"Activistas en emergencia por \u201cpersecuci\u00f3n pol\u00edtica\u201d - El Diario - Bolivia","robots":{"index":"index","follow":"follow","max-snippet":"max-snippet:-1","max-image-preview":"max-image-preview:large","max-video-preview":"max-video-preview:-1"},"canonical":"https:\/\/www.eldiario.net\/portal\/2021\/05\/29\/activistas-en-emergencia-por-persecucion-politica\/","og_locale":"es_ES","og_type":"article","og_title":"Activistas en emergencia por \u201cpersecuci\u00f3n pol\u00edtica\u201d - El Diario - Bolivia","og_description":"Activistas del pa\u00eds se declararon en emergencia porque consideran que el Gobierno inici\u00f3 una \u201cpersecuci\u00f3n pol\u00edtica\u201d. El representante de la plataforma 21-F, Guillermo Paz, manifest\u00f3 a EL DIARIO que el pr\u00f3ximo 1 de junio, cuatro activistas deber\u00e1n declarar en la Fiscal\u00eda por pedir la renuncia de la Defensora del Pueblo. \u201cEl Gobierno est\u00e1 empezando a [&hellip;]","og_url":"https:\/\/www.eldiario.net\/portal\/2021\/05\/29\/activistas-en-emergencia-por-persecucion-politica\/","og_site_name":"El Diario - Bolivia","article_publisher":"https:\/\/www.facebook.com\/eldiario.bolivia\/","article_published_time":"2021-05-29T09:56:41+00:00","author":"Jeanette","twitter_card":"summary_large_image","twitter_creator":"@eldiario_net","twitter_site":"@eldiario_net","twitter_misc":{"Escrito por":"Jeanette","Tiempo de lectura":"4 minutos"},"schema":{"@context":"https:\/\/schema.org","@graph":[{"@type":"Article","@id":"https:\/\/www.eldiario.net\/portal\/2021\/05\/29\/activistas-en-emergencia-por-persecucion-politica\/#article","isPartOf":{"@id":"https:\/\/www.eldiario.net\/portal\/2021\/05\/29\/activistas-en-emergencia-por-persecucion-politica\/"},"author":{"name":"Jeanette","@id":"https:\/\/www.eldiario.net\/portal\/#\/schema\/person\/f46445640444750d7d753ccd04ae01b7"},"headline":"Activistas en emergencia por \u201cpersecuci\u00f3n pol\u00edtica\u201d","datePublished":"2021-05-29T09:56:41+00:00","mainEntityOfPage":{"@id":"https:\/\/www.eldiario.net\/portal\/2021\/05\/29\/activistas-en-emergencia-por-persecucion-politica\/"},"wordCount":713,"publisher":{"@id":"https:\/\/www.eldiario.net\/portal\/#organization"},"image":{"@id":"https:\/\/www.eldiario.net\/portal\/2021\/05\/29\/activistas-en-emergencia-por-persecucion-politica\/#primaryimage"},"thumbnailUrl":"","articleSection":["Sociedad - Seguridad"],"inLanguage":"es"},{"@type":"WebPage","@id":"https:\/\/www.eldiario.net\/portal\/2021\/05\/29\/activistas-en-emergencia-por-persecucion-politica\/","url":"https:\/\/www.eldiario.net\/portal\/2021\/05\/29\/activistas-en-emergencia-por-persecucion-politica\/","name":"Activistas en emergencia por \u201cpersecuci\u00f3n pol\u00edtica\u201d - El Diario - Bolivia","isPartOf":{"@id":"https:\/\/www.eldiario.net\/portal\/#website"},"primaryImageOfPage":{"@id":"https:\/\/www.eldiario.net\/portal\/2021\/05\/29\/activistas-en-emergencia-por-persecucion-politica\/#primaryimage"},"image":{"@id":"https:\/\/www.eldiario.net\/portal\/2021\/05\/29\/activistas-en-emergencia-por-persecucion-politica\/#primaryimage"},"thumbnailUrl":"","datePublished":"2021-05-29T09:56:41+00:00","breadcrumb":{"@id":"https:\/\/www.eldiario.net\/portal\/2021\/05\/29\/activistas-en-emergencia-por-persecucion-politica\/#breadcrumb"},"inLanguage":"es","potentialAction":[{"@type":"ReadAction","target":["https:\/\/www.eldiario.net\/portal\/2021\/05\/29\/activistas-en-emergencia-por-persecucion-politica\/"]}]},{"@type":"ImageObject","inLanguage":"es","@id":"https:\/\/www.eldiario.net\/portal\/2021\/05\/29\/activistas-en-emergencia-por-persecucion-politica\/#primaryimage","url":"","contentUrl":""},{"@type":"BreadcrumbList","@id":"https:\/\/www.eldiario.net\/portal\/2021\/05\/29\/activistas-en-emergencia-por-persecucion-politica\/#breadcrumb","itemListElement":[{"@type":"ListItem","position":1,"name":"Portada","item":"https:\/\/www.eldiario.net\/portal\/"},{"@type":"ListItem","position":2,"name":"Activistas en emergencia por \u201cpersecuci\u00f3n pol\u00edtica\u201d"}]},{"@type":"WebSite","@id":"https:\/\/www.eldiario.net\/portal\/#website","url":"https:\/\/www.eldiario.net\/portal\/","name":"El Diario - Decano de la prensa nacional","description":"El Diario - Decano de la prensa nacional","publisher":{"@id":"https:\/\/www.eldiario.net\/portal\/#organization"},"potentialAction":[{"@type":"SearchAction","target":{"@type":"EntryPoint","urlTemplate":"https:\/\/www.eldiario.net\/portal\/?s={search_term_string}"},"query-input":{"@type":"PropertyValueSpecification","valueRequired":true,"valueName":"search_term_string"}}],"inLanguage":"es"},{"@type":"Organization","@id":"https:\/\/www.eldiario.net\/portal\/#organization","name":"El Diario - Decano de la prensa nacional","url":"https:\/\/www.eldiario.net\/portal\/","logo":{"@type":"ImageObject","inLanguage":"es","@id":"https:\/\/www.eldiario.net\/portal\/#\/schema\/logo\/image\/","url":"https:\/\/www.eldiario.net\/portal\/wp-content\/uploads\/2023\/07\/logo_ED.jpg","contentUrl":"https:\/\/www.eldiario.net\/portal\/wp-content\/uploads\/2023\/07\/logo_ED.jpg","width":272,"height":52,"caption":"El Diario - Decano de la prensa nacional"},"image":{"@id":"https:\/\/www.eldiario.net\/portal\/#\/schema\/logo\/image\/"},"sameAs":["https:\/\/www.facebook.com\/eldiario.bolivia\/","https:\/\/x.com\/eldiario_net"]},{"@type":"Person","@id":"https:\/\/www.eldiario.net\/portal\/#\/schema\/person\/f46445640444750d7d753ccd04ae01b7","name":"Jeanette","image":{"@type":"ImageObject","inLanguage":"es","@id":"https:\/\/secure.gravatar.com\/avatar\/3ea2118a5f7dad2b7138b1187a6b7ee55f160b9968b66013c3a3ef39dd7e5798?s=96&d=mm&r=g","url":"https:\/\/secure.gravatar.com\/avatar\/3ea2118a5f7dad2b7138b1187a6b7ee55f160b9968b66013c3a3ef39dd7e5798?s=96&d=mm&r=g","contentUrl":"https:\/\/secure.gravatar.com\/avatar\/3ea2118a5f7dad2b7138b1187a6b7ee55f160b9968b66013c3a3ef39dd7e5798?s=96&d=mm&r=g","caption":"Jeanette"},"sameAs":["https:\/\/www.eldiario.net\/portal"],"url":"https:\/\/www.eldiario.net\/portal\/author\/jeanette\/"}]}},"_links":{"self":[{"href":"https:\/\/www.eldiario.net\/portal\/wp-json\/wp\/v2\/posts\/7069","targetHints":{"allow":["GET"]}}],"collection":[{"href":"https:\/\/www.eldiario.net\/portal\/wp-json\/wp\/v2\/posts"}],"about":[{"href":"https:\/\/www.eldiario.net\/portal\/wp-json\/wp\/v2\/types\/post"}],"author":[{"embeddable":true,"href":"https:\/\/www.eldiario.net\/portal\/wp-json\/wp\/v2\/users\/1"}],"replies":[{"embeddable":true,"href":"https:\/\/www.eldiario.net\/portal\/wp-json\/wp\/v2\/comments?post=7069"}],"version-history":[{"count":0,"href":"https:\/\/www.eldiario.net\/portal\/wp-json\/wp\/v2\/posts\/7069\/revisions"}],"wp:attachment":[{"href":"https:\/\/www.eldiario.net\/portal\/wp-json\/wp\/v2\/media?parent=7069"}],"wp:term":[{"taxonomy":"category","embeddable":true,"href":"https:\/\/www.eldiario.net\/portal\/wp-json\/wp\/v2\/categories?post=7069"},{"taxonomy":"post_tag","embeddable":true,"href":"https:\/\/www.eldiario.net\/portal\/wp-json\/wp\/v2\/tags?post=7069"}],"curies":[{"name":"wp","href":"https:\/\/api.w.org\/{rel}","templated":true}]}}