{"id":7066,"date":"2021-05-29T05:54:49","date_gmt":"2021-05-29T09:54:49","guid":{"rendered":"https:\/\/www.eldiario.net\/portal\/?p=7066"},"modified":"2021-05-29T05:54:49","modified_gmt":"2021-05-29T09:54:49","slug":"iglesia-catolica-recibio-cuestionario-de-la-fiscalia","status":"publish","type":"post","link":"https:\/\/www.eldiario.net\/portal\/2021\/05\/29\/iglesia-catolica-recibio-cuestionario-de-la-fiscalia\/","title":{"rendered":"Iglesia Cat\u00f3lica recibi\u00f3  cuestionario de la Fiscal\u00eda"},"content":{"rendered":"<p>La Conferencia Episcopal Boliviana (CEB) inform\u00f3 ayer que la Fiscal\u00eda envi\u00f3 un cuestionario \u201csobre el rol que cumpli\u00f3 la Iglesia Cat\u00f3lica en el proceso de pacificaci\u00f3n en el pa\u00eds\u201d, durante los conflictos poselectorales de 2019 y el proceso de pacificaci\u00f3n del pa\u00eds, inform\u00f3 el presidente de esa instancia, Ricardo Centellas.<br \/>\nAclar\u00f3 que el enfoque principal de las preguntas busca saber si existe documentaci\u00f3n o actas sobre las reuniones de entendimientos a las que se convoc\u00f3 durante los conflictos post-electorales de 2019.<br \/>\n\u201cRecibimos un requerimiento fiscal, significa responder unas cuantas preguntas con relaci\u00f3n a la labor de pacificaci\u00f3n que la Iglesia hizo desde octubre de 2019 m\u00e1s o menos hasta enero o febrero del 2020\u201d, manifest\u00f3 a radio Loyola.<br \/>\nCentellas record\u00f3 a las instancias investigativas de los hechos de 2019 y a los sectores que acusan a la iglesia de haber sido parte del supuesto \u201cgolpe\u201d, que el rol de la instituci\u00f3n es pacificador, abierto a la defensa de la vida y los intereses comunes del pa\u00eds.<br \/>\n\u201cNo actu\u00f3 de manera unilateral, siempre el accionar fue en consenso con los actores pol\u00edticos de oficialismo y oposici\u00f3n, sentados en mesas de pacificaci\u00f3n\u201d, apunt\u00f3.<\/p>\n<p>DATOS<br \/>\nExautoridades, incluida la expresidenta Jeanine A\u00f1ez, guardan detenci\u00f3n preventiva por un caso de supuesto golpe de Estado. A la fecha no se present\u00f3 ninguna prueba al respecto, solo refieren una reuni\u00f3n en predios de la Universidad Cat\u00f3lica Boliviana (UCB) entre pol\u00edticos, la Iglesia y veedores internacionales, posterior a la renuncia de Evo Morales, donde se habr\u00eda gestado el movimiento.<br \/>\nVarios protagonistas de las reuniones previas a la sucesi\u00f3n constitucional, descartaron que se haya mencionado a Jeanine \u00c1\u00f1ez como futura presidenta o que haya logrado el respaldo de las Fuerzas Armadas.<br \/>\nMediante su cuenta en Twitter, la exdiputada del Movimiento al Socialismo (MAS), Susana Rivero, se refiri\u00f3 a los documentos que maneja la Procuradur\u00eda General sobre el caso de supuesta conspiraci\u00f3n, sedici\u00f3n y terrorismo, que es la base para afirmar que en Bolivia hubo un \u201cgolpe de Estado\u201d entre el 10 y 12 de noviembre de 2019, \u201cgestado\u201d por \u00c4\u00f1ez y las FFAA, como interpret\u00f3 el ministro de Justicia, Iv\u00e1n Lima, en una reciente entrevista con radio Deseo.<br \/>\n\u201cLe\u00ed memorial de Subprocurador en caso golpe. En \u00e9l se distorsiona lo sucedido en reuniones 11 y 12 de noviembre 2019. Por mi responsabilidad con Bolivia aclaro que es impreciso afirmar que nos comunicaron que Jeanine ser\u00eda presidenta y que ya ten\u00eda apoyo de FFAA\u201d, escribi\u00f3 Rivero.<br \/>\nPor la oposici\u00f3n participaron los l\u00edderes pol\u00edticos Carlos Mesa, Samuel Doria Medina, Jorge Quiroga, los abogados Jerjes Justiniano, Luis V\u00e1squez, los asesores Ricardo Paz y Roberto Moscoso, y el senador Oscar \u00d3rtiz. De la sociedad civil participaron los miembros del Consejo Nacional de Defensa de la Democracia (Conade), Waldo Albarrac\u00edn, Rolando Villena y Juan Carlos N\u00fa\u00f1ez.<br \/>\n\u201cEl 11 de noviembre, Adriana y Teresa no hablaron nada mientras no se garantizara la vida de Evo y \u00c1lvaro. El 12 tocamos procedimientos y dejamos bien claro que no pod\u00edamos tocar m\u00e1s temas porque no hab\u00edamos hablado con la bancada. A uno de ellos se les sali\u00f3 que ten\u00edan plan b (\u2026) Nosotras ni sab\u00edamos cu\u00e1l era ese plan. Lo vimos reci\u00e9n en la tardecita en la tele como todos, por lo que no pueden insinuarse cosas que no pasaron\u201d, acot\u00f3 Rivero.<br \/>\nEl \u201cplan b\u201d que expres\u00f3 la oposici\u00f3n fue activar la sucesi\u00f3n constitucional, luego de 48 horas de vac\u00edo de poder en Bolivia.<br \/>\nSin embargo, anteriormente la Conferencia Episcopal Boliviana (CEB) asegur\u00f3 que Salvatierra, que coordinaba cada acci\u00f3n con el exministro de Justicia, H\u00e9ctor Arce, hab\u00eda aceptado la sucesi\u00f3n e incluso \u201cinvit\u00f3\u201d a la Iglesia y veedores a la sesi\u00f3n legislativa del d\u00eda 12. La Iglesia Cat\u00f3lica estuvo presente en la citada reuni\u00f3n de la UCB con sus representantes.<br \/>\n\u201cLa bancada del MAS no cumpli\u00f3 el acuerdo alcanzado en la reuni\u00f3n y no se presentaron a la sesi\u00f3n de la Asamblea Plurinacional, en la que fue posesionada la senadora Jeanine A\u00f1ez como nueva presidente, en virtud de la declaraci\u00f3n constitucional 003\/2001\u201d, cit\u00f3 el presidente de la CEB, Ricardo Centellas, en un comunicado del pasado 19 de marzo. (EL DIARIO y radio Fides)<\/p>\n","protected":false},"excerpt":{"rendered":"<p>La Conferencia Episcopal Boliviana (CEB) inform\u00f3 ayer que la Fiscal\u00eda envi\u00f3 un cuestionario \u201csobre el rol que cumpli\u00f3 la Iglesia Cat\u00f3lica en el proceso de pacificaci\u00f3n en el pa\u00eds\u201d, durante los conflictos poselectorales de 2019 y el proceso de pacificaci\u00f3n del pa\u00eds, inform\u00f3 el presidente de esa instancia, Ricardo Centellas. Aclar\u00f3 que el enfoque principal [&hellip;]<\/p>\n","protected":false},"author":1,"featured_media":7067,"comment_status":"closed","ping_status":"closed","sticky":false,"template":"","format":"standard","meta":{"_acf_changed":false,"footnotes":""},"categories":[39],"tags":[],"class_list":["post-7066","post","type-post","status-publish","format-standard","has-post-thumbnail","category-sociedad"],"acf":{"antetitulo":""},"yoast_head":"<!-- This site is optimized with the Yoast SEO plugin v28.3 - https:\/\/yoast.com\/product\/yoast-seo-wordpress\/ -->\n<title>Iglesia Cat\u00f3lica recibi\u00f3 cuestionario de la Fiscal\u00eda - El Diario - Bolivia<\/title>\n<meta name=\"robots\" content=\"index, follow, max-snippet:-1, max-image-preview:large, max-video-preview:-1\" \/>\n<link rel=\"canonical\" href=\"https:\/\/www.eldiario.net\/portal\/2021\/05\/29\/iglesia-catolica-recibio-cuestionario-de-la-fiscalia\/\" \/>\n<meta property=\"og:locale\" content=\"es_ES\" \/>\n<meta property=\"og:type\" content=\"article\" \/>\n<meta property=\"og:title\" content=\"Iglesia Cat\u00f3lica recibi\u00f3 cuestionario de la Fiscal\u00eda - El Diario - Bolivia\" \/>\n<meta property=\"og:description\" content=\"La Conferencia Episcopal Boliviana (CEB) inform\u00f3 ayer que la Fiscal\u00eda envi\u00f3 un cuestionario \u201csobre el rol que cumpli\u00f3 la Iglesia Cat\u00f3lica en el proceso de pacificaci\u00f3n en el pa\u00eds\u201d, durante los conflictos poselectorales de 2019 y el proceso de pacificaci\u00f3n del pa\u00eds, inform\u00f3 el presidente de esa instancia, Ricardo Centellas. Aclar\u00f3 que el enfoque principal [&hellip;]\" \/>\n<meta property=\"og:url\" content=\"https:\/\/www.eldiario.net\/portal\/2021\/05\/29\/iglesia-catolica-recibio-cuestionario-de-la-fiscalia\/\" \/>\n<meta property=\"og:site_name\" content=\"El Diario - Bolivia\" \/>\n<meta property=\"article:publisher\" content=\"https:\/\/www.facebook.com\/eldiario.bolivia\/\" \/>\n<meta property=\"article:published_time\" content=\"2021-05-29T09:54:49+00:00\" \/>\n<meta property=\"og:image\" content=\"https:\/\/www.eldiario.net\/portal\/wp-content\/uploads\/2021\/05\/IGLESIA.png\" \/>\n\t<meta property=\"og:image:width\" content=\"1197\" \/>\n\t<meta property=\"og:image:height\" content=\"635\" \/>\n\t<meta property=\"og:image:type\" content=\"image\/png\" \/>\n<meta name=\"author\" content=\"Jeanette\" \/>\n<meta name=\"twitter:card\" content=\"summary_large_image\" \/>\n<meta name=\"twitter:creator\" content=\"@eldiario_net\" \/>\n<meta name=\"twitter:site\" content=\"@eldiario_net\" \/>\n<meta name=\"twitter:label1\" content=\"Escrito por\" \/>\n\t<meta name=\"twitter:data1\" content=\"Jeanette\" \/>\n\t<meta name=\"twitter:label2\" content=\"Tiempo de lectura\" \/>\n\t<meta name=\"twitter:data2\" content=\"4 minutos\" \/>\n<script type=\"application\/ld+json\" class=\"yoast-schema-graph\">{\"@context\":\"https:\\\/\\\/schema.org\",\"@graph\":[{\"@type\":\"Article\",\"@id\":\"https:\\\/\\\/www.eldiario.net\\\/portal\\\/2021\\\/05\\\/29\\\/iglesia-catolica-recibio-cuestionario-de-la-fiscalia\\\/#article\",\"isPartOf\":{\"@id\":\"https:\\\/\\\/www.eldiario.net\\\/portal\\\/2021\\\/05\\\/29\\\/iglesia-catolica-recibio-cuestionario-de-la-fiscalia\\\/\"},\"author\":{\"name\":\"Jeanette\",\"@id\":\"https:\\\/\\\/www.eldiario.net\\\/portal\\\/#\\\/schema\\\/person\\\/f46445640444750d7d753ccd04ae01b7\"},\"headline\":\"Iglesia Cat\u00f3lica recibi\u00f3 cuestionario de la Fiscal\u00eda\",\"datePublished\":\"2021-05-29T09:54:49+00:00\",\"mainEntityOfPage\":{\"@id\":\"https:\\\/\\\/www.eldiario.net\\\/portal\\\/2021\\\/05\\\/29\\\/iglesia-catolica-recibio-cuestionario-de-la-fiscalia\\\/\"},\"wordCount\":733,\"publisher\":{\"@id\":\"https:\\\/\\\/www.eldiario.net\\\/portal\\\/#organization\"},\"image\":{\"@id\":\"https:\\\/\\\/www.eldiario.net\\\/portal\\\/2021\\\/05\\\/29\\\/iglesia-catolica-recibio-cuestionario-de-la-fiscalia\\\/#primaryimage\"},\"thumbnailUrl\":\"https:\\\/\\\/www.eldiario.net\\\/portal\\\/wp-content\\\/uploads\\\/2021\\\/05\\\/IGLESIA.png\",\"articleSection\":[\"Sociedad - Seguridad\"],\"inLanguage\":\"es\"},{\"@type\":\"WebPage\",\"@id\":\"https:\\\/\\\/www.eldiario.net\\\/portal\\\/2021\\\/05\\\/29\\\/iglesia-catolica-recibio-cuestionario-de-la-fiscalia\\\/\",\"url\":\"https:\\\/\\\/www.eldiario.net\\\/portal\\\/2021\\\/05\\\/29\\\/iglesia-catolica-recibio-cuestionario-de-la-fiscalia\\\/\",\"name\":\"Iglesia Cat\u00f3lica recibi\u00f3 cuestionario de la Fiscal\u00eda - El Diario - Bolivia\",\"isPartOf\":{\"@id\":\"https:\\\/\\\/www.eldiario.net\\\/portal\\\/#website\"},\"primaryImageOfPage\":{\"@id\":\"https:\\\/\\\/www.eldiario.net\\\/portal\\\/2021\\\/05\\\/29\\\/iglesia-catolica-recibio-cuestionario-de-la-fiscalia\\\/#primaryimage\"},\"image\":{\"@id\":\"https:\\\/\\\/www.eldiario.net\\\/portal\\\/2021\\\/05\\\/29\\\/iglesia-catolica-recibio-cuestionario-de-la-fiscalia\\\/#primaryimage\"},\"thumbnailUrl\":\"https:\\\/\\\/www.eldiario.net\\\/portal\\\/wp-content\\\/uploads\\\/2021\\\/05\\\/IGLESIA.png\",\"datePublished\":\"2021-05-29T09:54:49+00:00\",\"breadcrumb\":{\"@id\":\"https:\\\/\\\/www.eldiario.net\\\/portal\\\/2021\\\/05\\\/29\\\/iglesia-catolica-recibio-cuestionario-de-la-fiscalia\\\/#breadcrumb\"},\"inLanguage\":\"es\",\"potentialAction\":[{\"@type\":\"ReadAction\",\"target\":[\"https:\\\/\\\/www.eldiario.net\\\/portal\\\/2021\\\/05\\\/29\\\/iglesia-catolica-recibio-cuestionario-de-la-fiscalia\\\/\"]}]},{\"@type\":\"ImageObject\",\"inLanguage\":\"es\",\"@id\":\"https:\\\/\\\/www.eldiario.net\\\/portal\\\/2021\\\/05\\\/29\\\/iglesia-catolica-recibio-cuestionario-de-la-fiscalia\\\/#primaryimage\",\"url\":\"https:\\\/\\\/www.eldiario.net\\\/portal\\\/wp-content\\\/uploads\\\/2021\\\/05\\\/IGLESIA.png\",\"contentUrl\":\"https:\\\/\\\/www.eldiario.net\\\/portal\\\/wp-content\\\/uploads\\\/2021\\\/05\\\/IGLESIA.png\",\"width\":1197,\"height\":635},{\"@type\":\"BreadcrumbList\",\"@id\":\"https:\\\/\\\/www.eldiario.net\\\/portal\\\/2021\\\/05\\\/29\\\/iglesia-catolica-recibio-cuestionario-de-la-fiscalia\\\/#breadcrumb\",\"itemListElement\":[{\"@type\":\"ListItem\",\"position\":1,\"name\":\"Portada\",\"item\":\"https:\\\/\\\/www.eldiario.net\\\/portal\\\/\"},{\"@type\":\"ListItem\",\"position\":2,\"name\":\"Iglesia Cat\u00f3lica recibi\u00f3 cuestionario de la Fiscal\u00eda\"}]},{\"@type\":\"WebSite\",\"@id\":\"https:\\\/\\\/www.eldiario.net\\\/portal\\\/#website\",\"url\":\"https:\\\/\\\/www.eldiario.net\\\/portal\\\/\",\"name\":\"El Diario - Decano de la prensa nacional\",\"description\":\"El Diario - Decano de la prensa nacional\",\"publisher\":{\"@id\":\"https:\\\/\\\/www.eldiario.net\\\/portal\\\/#organization\"},\"potentialAction\":[{\"@type\":\"SearchAction\",\"target\":{\"@type\":\"EntryPoint\",\"urlTemplate\":\"https:\\\/\\\/www.eldiario.net\\\/portal\\\/?s={search_term_string}\"},\"query-input\":{\"@type\":\"PropertyValueSpecification\",\"valueRequired\":true,\"valueName\":\"search_term_string\"}}],\"inLanguage\":\"es\"},{\"@type\":\"Organization\",\"@id\":\"https:\\\/\\\/www.eldiario.net\\\/portal\\\/#organization\",\"name\":\"El Diario - Decano de la prensa nacional\",\"url\":\"https:\\\/\\\/www.eldiario.net\\\/portal\\\/\",\"logo\":{\"@type\":\"ImageObject\",\"inLanguage\":\"es\",\"@id\":\"https:\\\/\\\/www.eldiario.net\\\/portal\\\/#\\\/schema\\\/logo\\\/image\\\/\",\"url\":\"https:\\\/\\\/www.eldiario.net\\\/portal\\\/wp-content\\\/uploads\\\/2023\\\/07\\\/logo_ED.jpg\",\"contentUrl\":\"https:\\\/\\\/www.eldiario.net\\\/portal\\\/wp-content\\\/uploads\\\/2023\\\/07\\\/logo_ED.jpg\",\"width\":272,\"height\":52,\"caption\":\"El Diario - Decano de la prensa nacional\"},\"image\":{\"@id\":\"https:\\\/\\\/www.eldiario.net\\\/portal\\\/#\\\/schema\\\/logo\\\/image\\\/\"},\"sameAs\":[\"https:\\\/\\\/www.facebook.com\\\/eldiario.bolivia\\\/\",\"https:\\\/\\\/x.com\\\/eldiario_net\"]},{\"@type\":\"Person\",\"@id\":\"https:\\\/\\\/www.eldiario.net\\\/portal\\\/#\\\/schema\\\/person\\\/f46445640444750d7d753ccd04ae01b7\",\"name\":\"Jeanette\",\"image\":{\"@type\":\"ImageObject\",\"inLanguage\":\"es\",\"@id\":\"https:\\\/\\\/secure.gravatar.com\\\/avatar\\\/3ea2118a5f7dad2b7138b1187a6b7ee55f160b9968b66013c3a3ef39dd7e5798?s=96&d=mm&r=g\",\"url\":\"https:\\\/\\\/secure.gravatar.com\\\/avatar\\\/3ea2118a5f7dad2b7138b1187a6b7ee55f160b9968b66013c3a3ef39dd7e5798?s=96&d=mm&r=g\",\"contentUrl\":\"https:\\\/\\\/secure.gravatar.com\\\/avatar\\\/3ea2118a5f7dad2b7138b1187a6b7ee55f160b9968b66013c3a3ef39dd7e5798?s=96&d=mm&r=g\",\"caption\":\"Jeanette\"},\"sameAs\":[\"https:\\\/\\\/www.eldiario.net\\\/portal\"],\"url\":\"https:\\\/\\\/www.eldiario.net\\\/portal\\\/author\\\/jeanette\\\/\"}]}<\/script>\n<!-- \/ Yoast SEO plugin. -->","yoast_head_json":{"title":"Iglesia Cat\u00f3lica recibi\u00f3 cuestionario de la Fiscal\u00eda - El Diario - Bolivia","robots":{"index":"index","follow":"follow","max-snippet":"max-snippet:-1","max-image-preview":"max-image-preview:large","max-video-preview":"max-video-preview:-1"},"canonical":"https:\/\/www.eldiario.net\/portal\/2021\/05\/29\/iglesia-catolica-recibio-cuestionario-de-la-fiscalia\/","og_locale":"es_ES","og_type":"article","og_title":"Iglesia Cat\u00f3lica recibi\u00f3 cuestionario de la Fiscal\u00eda - El Diario - Bolivia","og_description":"La Conferencia Episcopal Boliviana (CEB) inform\u00f3 ayer que la Fiscal\u00eda envi\u00f3 un cuestionario \u201csobre el rol que cumpli\u00f3 la Iglesia Cat\u00f3lica en el proceso de pacificaci\u00f3n en el pa\u00eds\u201d, durante los conflictos poselectorales de 2019 y el proceso de pacificaci\u00f3n del pa\u00eds, inform\u00f3 el presidente de esa instancia, Ricardo Centellas. Aclar\u00f3 que el enfoque principal [&hellip;]","og_url":"https:\/\/www.eldiario.net\/portal\/2021\/05\/29\/iglesia-catolica-recibio-cuestionario-de-la-fiscalia\/","og_site_name":"El Diario - Bolivia","article_publisher":"https:\/\/www.facebook.com\/eldiario.bolivia\/","article_published_time":"2021-05-29T09:54:49+00:00","og_image":[{"width":1197,"height":635,"url":"https:\/\/www.eldiario.net\/portal\/wp-content\/uploads\/2021\/05\/IGLESIA.png","type":"image\/png"}],"author":"Jeanette","twitter_card":"summary_large_image","twitter_creator":"@eldiario_net","twitter_site":"@eldiario_net","twitter_misc":{"Escrito por":"Jeanette","Tiempo de lectura":"4 minutos"},"schema":{"@context":"https:\/\/schema.org","@graph":[{"@type":"Article","@id":"https:\/\/www.eldiario.net\/portal\/2021\/05\/29\/iglesia-catolica-recibio-cuestionario-de-la-fiscalia\/#article","isPartOf":{"@id":"https:\/\/www.eldiario.net\/portal\/2021\/05\/29\/iglesia-catolica-recibio-cuestionario-de-la-fiscalia\/"},"author":{"name":"Jeanette","@id":"https:\/\/www.eldiario.net\/portal\/#\/schema\/person\/f46445640444750d7d753ccd04ae01b7"},"headline":"Iglesia Cat\u00f3lica recibi\u00f3 cuestionario de la Fiscal\u00eda","datePublished":"2021-05-29T09:54:49+00:00","mainEntityOfPage":{"@id":"https:\/\/www.eldiario.net\/portal\/2021\/05\/29\/iglesia-catolica-recibio-cuestionario-de-la-fiscalia\/"},"wordCount":733,"publisher":{"@id":"https:\/\/www.eldiario.net\/portal\/#organization"},"image":{"@id":"https:\/\/www.eldiario.net\/portal\/2021\/05\/29\/iglesia-catolica-recibio-cuestionario-de-la-fiscalia\/#primaryimage"},"thumbnailUrl":"https:\/\/www.eldiario.net\/portal\/wp-content\/uploads\/2021\/05\/IGLESIA.png","articleSection":["Sociedad - Seguridad"],"inLanguage":"es"},{"@type":"WebPage","@id":"https:\/\/www.eldiario.net\/portal\/2021\/05\/29\/iglesia-catolica-recibio-cuestionario-de-la-fiscalia\/","url":"https:\/\/www.eldiario.net\/portal\/2021\/05\/29\/iglesia-catolica-recibio-cuestionario-de-la-fiscalia\/","name":"Iglesia Cat\u00f3lica recibi\u00f3 cuestionario de la Fiscal\u00eda - El Diario - Bolivia","isPartOf":{"@id":"https:\/\/www.eldiario.net\/portal\/#website"},"primaryImageOfPage":{"@id":"https:\/\/www.eldiario.net\/portal\/2021\/05\/29\/iglesia-catolica-recibio-cuestionario-de-la-fiscalia\/#primaryimage"},"image":{"@id":"https:\/\/www.eldiario.net\/portal\/2021\/05\/29\/iglesia-catolica-recibio-cuestionario-de-la-fiscalia\/#primaryimage"},"thumbnailUrl":"https:\/\/www.eldiario.net\/portal\/wp-content\/uploads\/2021\/05\/IGLESIA.png","datePublished":"2021-05-29T09:54:49+00:00","breadcrumb":{"@id":"https:\/\/www.eldiario.net\/portal\/2021\/05\/29\/iglesia-catolica-recibio-cuestionario-de-la-fiscalia\/#breadcrumb"},"inLanguage":"es","potentialAction":[{"@type":"ReadAction","target":["https:\/\/www.eldiario.net\/portal\/2021\/05\/29\/iglesia-catolica-recibio-cuestionario-de-la-fiscalia\/"]}]},{"@type":"ImageObject","inLanguage":"es","@id":"https:\/\/www.eldiario.net\/portal\/2021\/05\/29\/iglesia-catolica-recibio-cuestionario-de-la-fiscalia\/#primaryimage","url":"https:\/\/www.eldiario.net\/portal\/wp-content\/uploads\/2021\/05\/IGLESIA.png","contentUrl":"https:\/\/www.eldiario.net\/portal\/wp-content\/uploads\/2021\/05\/IGLESIA.png","width":1197,"height":635},{"@type":"BreadcrumbList","@id":"https:\/\/www.eldiario.net\/portal\/2021\/05\/29\/iglesia-catolica-recibio-cuestionario-de-la-fiscalia\/#breadcrumb","itemListElement":[{"@type":"ListItem","position":1,"name":"Portada","item":"https:\/\/www.eldiario.net\/portal\/"},{"@type":"ListItem","position":2,"name":"Iglesia Cat\u00f3lica recibi\u00f3 cuestionario de la Fiscal\u00eda"}]},{"@type":"WebSite","@id":"https:\/\/www.eldiario.net\/portal\/#website","url":"https:\/\/www.eldiario.net\/portal\/","name":"El Diario - Decano de la prensa nacional","description":"El Diario - Decano de la prensa nacional","publisher":{"@id":"https:\/\/www.eldiario.net\/portal\/#organization"},"potentialAction":[{"@type":"SearchAction","target":{"@type":"EntryPoint","urlTemplate":"https:\/\/www.eldiario.net\/portal\/?s={search_term_string}"},"query-input":{"@type":"PropertyValueSpecification","valueRequired":true,"valueName":"search_term_string"}}],"inLanguage":"es"},{"@type":"Organization","@id":"https:\/\/www.eldiario.net\/portal\/#organization","name":"El Diario - Decano de la prensa nacional","url":"https:\/\/www.eldiario.net\/portal\/","logo":{"@type":"ImageObject","inLanguage":"es","@id":"https:\/\/www.eldiario.net\/portal\/#\/schema\/logo\/image\/","url":"https:\/\/www.eldiario.net\/portal\/wp-content\/uploads\/2023\/07\/logo_ED.jpg","contentUrl":"https:\/\/www.eldiario.net\/portal\/wp-content\/uploads\/2023\/07\/logo_ED.jpg","width":272,"height":52,"caption":"El Diario - Decano de la prensa nacional"},"image":{"@id":"https:\/\/www.eldiario.net\/portal\/#\/schema\/logo\/image\/"},"sameAs":["https:\/\/www.facebook.com\/eldiario.bolivia\/","https:\/\/x.com\/eldiario_net"]},{"@type":"Person","@id":"https:\/\/www.eldiario.net\/portal\/#\/schema\/person\/f46445640444750d7d753ccd04ae01b7","name":"Jeanette","image":{"@type":"ImageObject","inLanguage":"es","@id":"https:\/\/secure.gravatar.com\/avatar\/3ea2118a5f7dad2b7138b1187a6b7ee55f160b9968b66013c3a3ef39dd7e5798?s=96&d=mm&r=g","url":"https:\/\/secure.gravatar.com\/avatar\/3ea2118a5f7dad2b7138b1187a6b7ee55f160b9968b66013c3a3ef39dd7e5798?s=96&d=mm&r=g","contentUrl":"https:\/\/secure.gravatar.com\/avatar\/3ea2118a5f7dad2b7138b1187a6b7ee55f160b9968b66013c3a3ef39dd7e5798?s=96&d=mm&r=g","caption":"Jeanette"},"sameAs":["https:\/\/www.eldiario.net\/portal"],"url":"https:\/\/www.eldiario.net\/portal\/author\/jeanette\/"}]}},"_links":{"self":[{"href":"https:\/\/www.eldiario.net\/portal\/wp-json\/wp\/v2\/posts\/7066","targetHints":{"allow":["GET"]}}],"collection":[{"href":"https:\/\/www.eldiario.net\/portal\/wp-json\/wp\/v2\/posts"}],"about":[{"href":"https:\/\/www.eldiario.net\/portal\/wp-json\/wp\/v2\/types\/post"}],"author":[{"embeddable":true,"href":"https:\/\/www.eldiario.net\/portal\/wp-json\/wp\/v2\/users\/1"}],"replies":[{"embeddable":true,"href":"https:\/\/www.eldiario.net\/portal\/wp-json\/wp\/v2\/comments?post=7066"}],"version-history":[{"count":0,"href":"https:\/\/www.eldiario.net\/portal\/wp-json\/wp\/v2\/posts\/7066\/revisions"}],"wp:featuredmedia":[{"embeddable":true,"href":"https:\/\/www.eldiario.net\/portal\/wp-json\/wp\/v2\/media\/7067"}],"wp:attachment":[{"href":"https:\/\/www.eldiario.net\/portal\/wp-json\/wp\/v2\/media?parent=7066"}],"wp:term":[{"taxonomy":"category","embeddable":true,"href":"https:\/\/www.eldiario.net\/portal\/wp-json\/wp\/v2\/categories?post=7066"},{"taxonomy":"post_tag","embeddable":true,"href":"https:\/\/www.eldiario.net\/portal\/wp-json\/wp\/v2\/tags?post=7066"}],"curies":[{"name":"wp","href":"https:\/\/api.w.org\/{rel}","templated":true}]}}