{"id":7063,"date":"2021-05-29T05:53:50","date_gmt":"2021-05-29T09:53:50","guid":{"rendered":"https:\/\/www.eldiario.net\/portal\/?p=7063"},"modified":"2021-05-29T05:53:50","modified_gmt":"2021-05-29T09:53:50","slug":"denuncian-a-oficial-de-credito-que-se-apropiaba-de-recursos-de-clientes","status":"publish","type":"post","link":"https:\/\/www.eldiario.net\/portal\/2021\/05\/29\/denuncian-a-oficial-de-credito-que-se-apropiaba-de-recursos-de-clientes\/","title":{"rendered":"Denuncian a oficial de cr\u00e9dito que  se apropiaba de recursos de clientes"},"content":{"rendered":"<p>El oficial de cr\u00e9ditos Jhonny C. A. que presuntamente cometi\u00f3 el delito de apropiaci\u00f3n indebida de recursos financieros de montos menores, por concepto de recuperaci\u00f3n de cr\u00e9ditos, fue denunciado en el \u00d3rgano Judicial, inform\u00f3 ayer el gerente general del Banco de Desarrollo Productivo (BDP), Ariel Zabala.<br \/>\n\u201cEl hecho fue puesto en conocimiento de las autoridades competentes, con el fin de sancionar al presunto responsable en la v\u00eda judicial. El BDP continuar\u00e1 contribuyendo a las investigaciones, hasta su conclusi\u00f3n\u201d, se lee en una nota de prensa de la entidad bancaria.<br \/>\nDe acuerdo a las investigaciones preliminares, la apropiaci\u00f3n indebida de fondos financieros corresponde a l\u00edneas de cr\u00e9dito de Primer Piso de clientes que este funcionario atend\u00eda.<\/p>\n","protected":false},"excerpt":{"rendered":"<p>El oficial de cr\u00e9ditos Jhonny C. A. que presuntamente cometi\u00f3 el delito de apropiaci\u00f3n indebida de recursos financieros de montos menores, por concepto de recuperaci\u00f3n de cr\u00e9ditos, fue denunciado en el \u00d3rgano Judicial, inform\u00f3 ayer el gerente general del Banco de Desarrollo Productivo (BDP), Ariel Zabala. \u201cEl hecho fue puesto en conocimiento de las autoridades [&hellip;]<\/p>\n","protected":false},"author":1,"featured_media":7064,"comment_status":"closed","ping_status":"closed","sticky":false,"template":"","format":"standard","meta":{"_acf_changed":false,"footnotes":""},"categories":[39],"tags":[],"class_list":["post-7063","post","type-post","status-publish","format-standard","has-post-thumbnail","category-sociedad"],"acf":{"antetitulo":""},"yoast_head":"<!-- This site is optimized with the Yoast SEO plugin v28.3 - https:\/\/yoast.com\/product\/yoast-seo-wordpress\/ -->\n<title>Denuncian a oficial de cr\u00e9dito que se apropiaba de recursos de clientes - El Diario - Bolivia<\/title>\n<meta name=\"robots\" content=\"index, follow, max-snippet:-1, max-image-preview:large, max-video-preview:-1\" \/>\n<link rel=\"canonical\" href=\"https:\/\/www.eldiario.net\/portal\/2021\/05\/29\/denuncian-a-oficial-de-credito-que-se-apropiaba-de-recursos-de-clientes\/\" \/>\n<meta property=\"og:locale\" content=\"es_ES\" \/>\n<meta property=\"og:type\" content=\"article\" \/>\n<meta property=\"og:title\" content=\"Denuncian a oficial de cr\u00e9dito que se apropiaba de recursos de clientes - El Diario - Bolivia\" \/>\n<meta property=\"og:description\" content=\"El oficial de cr\u00e9ditos Jhonny C. A. que presuntamente cometi\u00f3 el delito de apropiaci\u00f3n indebida de recursos financieros de montos menores, por concepto de recuperaci\u00f3n de cr\u00e9ditos, fue denunciado en el \u00d3rgano Judicial, inform\u00f3 ayer el gerente general del Banco de Desarrollo Productivo (BDP), Ariel Zabala. \u201cEl hecho fue puesto en conocimiento de las autoridades [&hellip;]\" \/>\n<meta property=\"og:url\" content=\"https:\/\/www.eldiario.net\/portal\/2021\/05\/29\/denuncian-a-oficial-de-credito-que-se-apropiaba-de-recursos-de-clientes\/\" \/>\n<meta property=\"og:site_name\" content=\"El Diario - Bolivia\" \/>\n<meta property=\"article:publisher\" content=\"https:\/\/www.facebook.com\/eldiario.bolivia\/\" \/>\n<meta property=\"article:published_time\" content=\"2021-05-29T09:53:50+00:00\" \/>\n<meta name=\"author\" content=\"Jeanette\" \/>\n<meta name=\"twitter:card\" content=\"summary_large_image\" \/>\n<meta name=\"twitter:creator\" content=\"@eldiario_net\" \/>\n<meta name=\"twitter:site\" content=\"@eldiario_net\" \/>\n<meta name=\"twitter:label1\" content=\"Escrito por\" \/>\n\t<meta name=\"twitter:data1\" content=\"Jeanette\" \/>\n\t<meta name=\"twitter:label2\" content=\"Tiempo de lectura\" \/>\n\t<meta name=\"twitter:data2\" content=\"1 minuto\" \/>\n<script type=\"application\/ld+json\" class=\"yoast-schema-graph\">{\"@context\":\"https:\\\/\\\/schema.org\",\"@graph\":[{\"@type\":\"Article\",\"@id\":\"https:\\\/\\\/www.eldiario.net\\\/portal\\\/2021\\\/05\\\/29\\\/denuncian-a-oficial-de-credito-que-se-apropiaba-de-recursos-de-clientes\\\/#article\",\"isPartOf\":{\"@id\":\"https:\\\/\\\/www.eldiario.net\\\/portal\\\/2021\\\/05\\\/29\\\/denuncian-a-oficial-de-credito-que-se-apropiaba-de-recursos-de-clientes\\\/\"},\"author\":{\"name\":\"Jeanette\",\"@id\":\"https:\\\/\\\/www.eldiario.net\\\/portal\\\/#\\\/schema\\\/person\\\/f46445640444750d7d753ccd04ae01b7\"},\"headline\":\"Denuncian a oficial de cr\u00e9dito que se apropiaba de recursos de clientes\",\"datePublished\":\"2021-05-29T09:53:50+00:00\",\"mainEntityOfPage\":{\"@id\":\"https:\\\/\\\/www.eldiario.net\\\/portal\\\/2021\\\/05\\\/29\\\/denuncian-a-oficial-de-credito-que-se-apropiaba-de-recursos-de-clientes\\\/\"},\"wordCount\":138,\"publisher\":{\"@id\":\"https:\\\/\\\/www.eldiario.net\\\/portal\\\/#organization\"},\"image\":{\"@id\":\"https:\\\/\\\/www.eldiario.net\\\/portal\\\/2021\\\/05\\\/29\\\/denuncian-a-oficial-de-credito-que-se-apropiaba-de-recursos-de-clientes\\\/#primaryimage\"},\"thumbnailUrl\":\"\",\"articleSection\":[\"Sociedad - Seguridad\"],\"inLanguage\":\"es\"},{\"@type\":\"WebPage\",\"@id\":\"https:\\\/\\\/www.eldiario.net\\\/portal\\\/2021\\\/05\\\/29\\\/denuncian-a-oficial-de-credito-que-se-apropiaba-de-recursos-de-clientes\\\/\",\"url\":\"https:\\\/\\\/www.eldiario.net\\\/portal\\\/2021\\\/05\\\/29\\\/denuncian-a-oficial-de-credito-que-se-apropiaba-de-recursos-de-clientes\\\/\",\"name\":\"Denuncian a oficial de cr\u00e9dito que se apropiaba de recursos de clientes - El Diario - Bolivia\",\"isPartOf\":{\"@id\":\"https:\\\/\\\/www.eldiario.net\\\/portal\\\/#website\"},\"primaryImageOfPage\":{\"@id\":\"https:\\\/\\\/www.eldiario.net\\\/portal\\\/2021\\\/05\\\/29\\\/denuncian-a-oficial-de-credito-que-se-apropiaba-de-recursos-de-clientes\\\/#primaryimage\"},\"image\":{\"@id\":\"https:\\\/\\\/www.eldiario.net\\\/portal\\\/2021\\\/05\\\/29\\\/denuncian-a-oficial-de-credito-que-se-apropiaba-de-recursos-de-clientes\\\/#primaryimage\"},\"thumbnailUrl\":\"\",\"datePublished\":\"2021-05-29T09:53:50+00:00\",\"breadcrumb\":{\"@id\":\"https:\\\/\\\/www.eldiario.net\\\/portal\\\/2021\\\/05\\\/29\\\/denuncian-a-oficial-de-credito-que-se-apropiaba-de-recursos-de-clientes\\\/#breadcrumb\"},\"inLanguage\":\"es\",\"potentialAction\":[{\"@type\":\"ReadAction\",\"target\":[\"https:\\\/\\\/www.eldiario.net\\\/portal\\\/2021\\\/05\\\/29\\\/denuncian-a-oficial-de-credito-que-se-apropiaba-de-recursos-de-clientes\\\/\"]}]},{\"@type\":\"ImageObject\",\"inLanguage\":\"es\",\"@id\":\"https:\\\/\\\/www.eldiario.net\\\/portal\\\/2021\\\/05\\\/29\\\/denuncian-a-oficial-de-credito-que-se-apropiaba-de-recursos-de-clientes\\\/#primaryimage\",\"url\":\"\",\"contentUrl\":\"\"},{\"@type\":\"BreadcrumbList\",\"@id\":\"https:\\\/\\\/www.eldiario.net\\\/portal\\\/2021\\\/05\\\/29\\\/denuncian-a-oficial-de-credito-que-se-apropiaba-de-recursos-de-clientes\\\/#breadcrumb\",\"itemListElement\":[{\"@type\":\"ListItem\",\"position\":1,\"name\":\"Portada\",\"item\":\"https:\\\/\\\/www.eldiario.net\\\/portal\\\/\"},{\"@type\":\"ListItem\",\"position\":2,\"name\":\"Denuncian a oficial de cr\u00e9dito que se apropiaba de recursos de clientes\"}]},{\"@type\":\"WebSite\",\"@id\":\"https:\\\/\\\/www.eldiario.net\\\/portal\\\/#website\",\"url\":\"https:\\\/\\\/www.eldiario.net\\\/portal\\\/\",\"name\":\"El Diario - Decano de la prensa nacional\",\"description\":\"El Diario - Decano de la prensa nacional\",\"publisher\":{\"@id\":\"https:\\\/\\\/www.eldiario.net\\\/portal\\\/#organization\"},\"potentialAction\":[{\"@type\":\"SearchAction\",\"target\":{\"@type\":\"EntryPoint\",\"urlTemplate\":\"https:\\\/\\\/www.eldiario.net\\\/portal\\\/?s={search_term_string}\"},\"query-input\":{\"@type\":\"PropertyValueSpecification\",\"valueRequired\":true,\"valueName\":\"search_term_string\"}}],\"inLanguage\":\"es\"},{\"@type\":\"Organization\",\"@id\":\"https:\\\/\\\/www.eldiario.net\\\/portal\\\/#organization\",\"name\":\"El Diario - Decano de la prensa nacional\",\"url\":\"https:\\\/\\\/www.eldiario.net\\\/portal\\\/\",\"logo\":{\"@type\":\"ImageObject\",\"inLanguage\":\"es\",\"@id\":\"https:\\\/\\\/www.eldiario.net\\\/portal\\\/#\\\/schema\\\/logo\\\/image\\\/\",\"url\":\"https:\\\/\\\/www.eldiario.net\\\/portal\\\/wp-content\\\/uploads\\\/2023\\\/07\\\/logo_ED.jpg\",\"contentUrl\":\"https:\\\/\\\/www.eldiario.net\\\/portal\\\/wp-content\\\/uploads\\\/2023\\\/07\\\/logo_ED.jpg\",\"width\":272,\"height\":52,\"caption\":\"El Diario - Decano de la prensa nacional\"},\"image\":{\"@id\":\"https:\\\/\\\/www.eldiario.net\\\/portal\\\/#\\\/schema\\\/logo\\\/image\\\/\"},\"sameAs\":[\"https:\\\/\\\/www.facebook.com\\\/eldiario.bolivia\\\/\",\"https:\\\/\\\/x.com\\\/eldiario_net\"]},{\"@type\":\"Person\",\"@id\":\"https:\\\/\\\/www.eldiario.net\\\/portal\\\/#\\\/schema\\\/person\\\/f46445640444750d7d753ccd04ae01b7\",\"name\":\"Jeanette\",\"image\":{\"@type\":\"ImageObject\",\"inLanguage\":\"es\",\"@id\":\"https:\\\/\\\/secure.gravatar.com\\\/avatar\\\/3ea2118a5f7dad2b7138b1187a6b7ee55f160b9968b66013c3a3ef39dd7e5798?s=96&d=mm&r=g\",\"url\":\"https:\\\/\\\/secure.gravatar.com\\\/avatar\\\/3ea2118a5f7dad2b7138b1187a6b7ee55f160b9968b66013c3a3ef39dd7e5798?s=96&d=mm&r=g\",\"contentUrl\":\"https:\\\/\\\/secure.gravatar.com\\\/avatar\\\/3ea2118a5f7dad2b7138b1187a6b7ee55f160b9968b66013c3a3ef39dd7e5798?s=96&d=mm&r=g\",\"caption\":\"Jeanette\"},\"sameAs\":[\"https:\\\/\\\/www.eldiario.net\\\/portal\"],\"url\":\"https:\\\/\\\/www.eldiario.net\\\/portal\\\/author\\\/jeanette\\\/\"}]}<\/script>\n<!-- \/ Yoast SEO plugin. -->","yoast_head_json":{"title":"Denuncian a oficial de cr\u00e9dito que se apropiaba de recursos de clientes - El Diario - Bolivia","robots":{"index":"index","follow":"follow","max-snippet":"max-snippet:-1","max-image-preview":"max-image-preview:large","max-video-preview":"max-video-preview:-1"},"canonical":"https:\/\/www.eldiario.net\/portal\/2021\/05\/29\/denuncian-a-oficial-de-credito-que-se-apropiaba-de-recursos-de-clientes\/","og_locale":"es_ES","og_type":"article","og_title":"Denuncian a oficial de cr\u00e9dito que se apropiaba de recursos de clientes - El Diario - Bolivia","og_description":"El oficial de cr\u00e9ditos Jhonny C. A. que presuntamente cometi\u00f3 el delito de apropiaci\u00f3n indebida de recursos financieros de montos menores, por concepto de recuperaci\u00f3n de cr\u00e9ditos, fue denunciado en el \u00d3rgano Judicial, inform\u00f3 ayer el gerente general del Banco de Desarrollo Productivo (BDP), Ariel Zabala. \u201cEl hecho fue puesto en conocimiento de las autoridades [&hellip;]","og_url":"https:\/\/www.eldiario.net\/portal\/2021\/05\/29\/denuncian-a-oficial-de-credito-que-se-apropiaba-de-recursos-de-clientes\/","og_site_name":"El Diario - Bolivia","article_publisher":"https:\/\/www.facebook.com\/eldiario.bolivia\/","article_published_time":"2021-05-29T09:53:50+00:00","author":"Jeanette","twitter_card":"summary_large_image","twitter_creator":"@eldiario_net","twitter_site":"@eldiario_net","twitter_misc":{"Escrito por":"Jeanette","Tiempo de lectura":"1 minuto"},"schema":{"@context":"https:\/\/schema.org","@graph":[{"@type":"Article","@id":"https:\/\/www.eldiario.net\/portal\/2021\/05\/29\/denuncian-a-oficial-de-credito-que-se-apropiaba-de-recursos-de-clientes\/#article","isPartOf":{"@id":"https:\/\/www.eldiario.net\/portal\/2021\/05\/29\/denuncian-a-oficial-de-credito-que-se-apropiaba-de-recursos-de-clientes\/"},"author":{"name":"Jeanette","@id":"https:\/\/www.eldiario.net\/portal\/#\/schema\/person\/f46445640444750d7d753ccd04ae01b7"},"headline":"Denuncian a oficial de cr\u00e9dito que se apropiaba de recursos de clientes","datePublished":"2021-05-29T09:53:50+00:00","mainEntityOfPage":{"@id":"https:\/\/www.eldiario.net\/portal\/2021\/05\/29\/denuncian-a-oficial-de-credito-que-se-apropiaba-de-recursos-de-clientes\/"},"wordCount":138,"publisher":{"@id":"https:\/\/www.eldiario.net\/portal\/#organization"},"image":{"@id":"https:\/\/www.eldiario.net\/portal\/2021\/05\/29\/denuncian-a-oficial-de-credito-que-se-apropiaba-de-recursos-de-clientes\/#primaryimage"},"thumbnailUrl":"","articleSection":["Sociedad - Seguridad"],"inLanguage":"es"},{"@type":"WebPage","@id":"https:\/\/www.eldiario.net\/portal\/2021\/05\/29\/denuncian-a-oficial-de-credito-que-se-apropiaba-de-recursos-de-clientes\/","url":"https:\/\/www.eldiario.net\/portal\/2021\/05\/29\/denuncian-a-oficial-de-credito-que-se-apropiaba-de-recursos-de-clientes\/","name":"Denuncian a oficial de cr\u00e9dito que se apropiaba de recursos de clientes - El Diario - Bolivia","isPartOf":{"@id":"https:\/\/www.eldiario.net\/portal\/#website"},"primaryImageOfPage":{"@id":"https:\/\/www.eldiario.net\/portal\/2021\/05\/29\/denuncian-a-oficial-de-credito-que-se-apropiaba-de-recursos-de-clientes\/#primaryimage"},"image":{"@id":"https:\/\/www.eldiario.net\/portal\/2021\/05\/29\/denuncian-a-oficial-de-credito-que-se-apropiaba-de-recursos-de-clientes\/#primaryimage"},"thumbnailUrl":"","datePublished":"2021-05-29T09:53:50+00:00","breadcrumb":{"@id":"https:\/\/www.eldiario.net\/portal\/2021\/05\/29\/denuncian-a-oficial-de-credito-que-se-apropiaba-de-recursos-de-clientes\/#breadcrumb"},"inLanguage":"es","potentialAction":[{"@type":"ReadAction","target":["https:\/\/www.eldiario.net\/portal\/2021\/05\/29\/denuncian-a-oficial-de-credito-que-se-apropiaba-de-recursos-de-clientes\/"]}]},{"@type":"ImageObject","inLanguage":"es","@id":"https:\/\/www.eldiario.net\/portal\/2021\/05\/29\/denuncian-a-oficial-de-credito-que-se-apropiaba-de-recursos-de-clientes\/#primaryimage","url":"","contentUrl":""},{"@type":"BreadcrumbList","@id":"https:\/\/www.eldiario.net\/portal\/2021\/05\/29\/denuncian-a-oficial-de-credito-que-se-apropiaba-de-recursos-de-clientes\/#breadcrumb","itemListElement":[{"@type":"ListItem","position":1,"name":"Portada","item":"https:\/\/www.eldiario.net\/portal\/"},{"@type":"ListItem","position":2,"name":"Denuncian a oficial de cr\u00e9dito que se apropiaba de recursos de clientes"}]},{"@type":"WebSite","@id":"https:\/\/www.eldiario.net\/portal\/#website","url":"https:\/\/www.eldiario.net\/portal\/","name":"El Diario - Decano de la prensa nacional","description":"El Diario - Decano de la prensa nacional","publisher":{"@id":"https:\/\/www.eldiario.net\/portal\/#organization"},"potentialAction":[{"@type":"SearchAction","target":{"@type":"EntryPoint","urlTemplate":"https:\/\/www.eldiario.net\/portal\/?s={search_term_string}"},"query-input":{"@type":"PropertyValueSpecification","valueRequired":true,"valueName":"search_term_string"}}],"inLanguage":"es"},{"@type":"Organization","@id":"https:\/\/www.eldiario.net\/portal\/#organization","name":"El Diario - Decano de la prensa nacional","url":"https:\/\/www.eldiario.net\/portal\/","logo":{"@type":"ImageObject","inLanguage":"es","@id":"https:\/\/www.eldiario.net\/portal\/#\/schema\/logo\/image\/","url":"https:\/\/www.eldiario.net\/portal\/wp-content\/uploads\/2023\/07\/logo_ED.jpg","contentUrl":"https:\/\/www.eldiario.net\/portal\/wp-content\/uploads\/2023\/07\/logo_ED.jpg","width":272,"height":52,"caption":"El Diario - Decano de la prensa nacional"},"image":{"@id":"https:\/\/www.eldiario.net\/portal\/#\/schema\/logo\/image\/"},"sameAs":["https:\/\/www.facebook.com\/eldiario.bolivia\/","https:\/\/x.com\/eldiario_net"]},{"@type":"Person","@id":"https:\/\/www.eldiario.net\/portal\/#\/schema\/person\/f46445640444750d7d753ccd04ae01b7","name":"Jeanette","image":{"@type":"ImageObject","inLanguage":"es","@id":"https:\/\/secure.gravatar.com\/avatar\/3ea2118a5f7dad2b7138b1187a6b7ee55f160b9968b66013c3a3ef39dd7e5798?s=96&d=mm&r=g","url":"https:\/\/secure.gravatar.com\/avatar\/3ea2118a5f7dad2b7138b1187a6b7ee55f160b9968b66013c3a3ef39dd7e5798?s=96&d=mm&r=g","contentUrl":"https:\/\/secure.gravatar.com\/avatar\/3ea2118a5f7dad2b7138b1187a6b7ee55f160b9968b66013c3a3ef39dd7e5798?s=96&d=mm&r=g","caption":"Jeanette"},"sameAs":["https:\/\/www.eldiario.net\/portal"],"url":"https:\/\/www.eldiario.net\/portal\/author\/jeanette\/"}]}},"_links":{"self":[{"href":"https:\/\/www.eldiario.net\/portal\/wp-json\/wp\/v2\/posts\/7063","targetHints":{"allow":["GET"]}}],"collection":[{"href":"https:\/\/www.eldiario.net\/portal\/wp-json\/wp\/v2\/posts"}],"about":[{"href":"https:\/\/www.eldiario.net\/portal\/wp-json\/wp\/v2\/types\/post"}],"author":[{"embeddable":true,"href":"https:\/\/www.eldiario.net\/portal\/wp-json\/wp\/v2\/users\/1"}],"replies":[{"embeddable":true,"href":"https:\/\/www.eldiario.net\/portal\/wp-json\/wp\/v2\/comments?post=7063"}],"version-history":[{"count":0,"href":"https:\/\/www.eldiario.net\/portal\/wp-json\/wp\/v2\/posts\/7063\/revisions"}],"wp:attachment":[{"href":"https:\/\/www.eldiario.net\/portal\/wp-json\/wp\/v2\/media?parent=7063"}],"wp:term":[{"taxonomy":"category","embeddable":true,"href":"https:\/\/www.eldiario.net\/portal\/wp-json\/wp\/v2\/categories?post=7063"},{"taxonomy":"post_tag","embeddable":true,"href":"https:\/\/www.eldiario.net\/portal\/wp-json\/wp\/v2\/tags?post=7063"}],"curies":[{"name":"wp","href":"https:\/\/api.w.org\/{rel}","templated":true}]}}