{"id":7058,"date":"2021-05-29T05:52:10","date_gmt":"2021-05-29T09:52:10","guid":{"rendered":"https:\/\/www.eldiario.net\/portal\/?p=7058"},"modified":"2021-05-29T05:52:10","modified_gmt":"2021-05-29T09:52:10","slug":"artesanos-piden-priorizar-vacuna-contra-covid-19-para-su-sector","status":"publish","type":"post","link":"https:\/\/www.eldiario.net\/portal\/2021\/05\/29\/artesanos-piden-priorizar-vacuna-contra-covid-19-para-su-sector\/","title":{"rendered":"Artesanos piden priorizar vacuna  contra covid-19 para su sector"},"content":{"rendered":"<p>Los artesanos de diferentes rubros de la ciudad de El Alto, agrupados en su organizaci\u00f3n el Consejo Central de Federaciones y Asociaciones de Artesanos El Alto (Cocedal), encabezado por el dirigente H\u00e9ctor Delgado, exigen al Gobierno la vacuna contra el covid-19.<br \/>\nUno de los principales motivos del pedido de este sector, seg\u00fan el dirigente Delgado, es que la mayor\u00eda de sus afiliados que son artesanos en diferentes rubros tienen sus puestos en varias ferias de la ciudad de El Alto, donde existe la presencia masiva de personas y se convierte en un verdadero riesgo de contagio masivo.<br \/>\nPor otro lado, el dirigente explic\u00f3 que esta vacuna contra el covid-19 deber\u00e1 llegar a su sector, porque ellos cuentan con trabajadores de diferentes edades, en los diferentes rubros artesanales, donde en algunos casos trabajan en los talleres y en otros salen a vender a las ferias, donde es inevitable el contacto con la poblaci\u00f3n.<br \/>\n\u201cTodos estos temas que hemos explicado son verdaderos riesgos de contagio a pesar de que cumplimos con todas las normas de bioseguridad, pero existen tambi\u00e9n en muchos de los casos que no se puede evitar algunos incumplimientos, por eso pedimos a las autoridades del Gobierno central, que pueda considerar la vacunaci\u00f3n masiva y con exclusividad como en otros sectores para todos los trabajadores de nuestra organizaci\u00f3n\u201d, dijo el dirigente de Cocedal, H\u00e9ctor Delgado.<br \/>\nEn el momento, la organizaci\u00f3n cuenta con m\u00e1s de 20.000 afilados pertenecientes a las diferentes asociaciones en rubros como la orfebrer\u00eda, tallado en madera, carpinteros en madera y aluminio, pollereras, bordadores, entre otros, quienes a pesar del cumplimiento de las normas de bioseguridad no cuenta con su salud garantizada a causa de la presencia del covid-19.<br \/>\nPara el efecto los dirigentes del sector adelantaron que est\u00e1n dispuestos a otorgar algunos espacios que puedan servir para realizar la vacunaci\u00f3n contra la pandemia del coronavirus, en diferentes zonas, en las que est\u00e1n diseminados los artesanos alte\u00f1os, de esta manera poder facilitar el trabajo de las autoridades m\u00e9dicas que se encarguen de esta vacuna a sus afiliados.<br \/>\nEn cuanto a la concientizaci\u00f3n que deben tener sobre el tema de las vacunas y sus beneficios, los dirigentes de esta organizaci\u00f3n de artesanos se\u00f1alaron que tienen previsto realizar varios talleres, que puedan posibilitar conocer los verdaderos beneficios y los cuidados con los que deben continuar a\u00fan luego de haber recibido las dos vacunas, porque no se debe confundir con estar planamente fuera de peligro, sino son vacunas que cubren de una posible letalidad del virus, pero no inmuniza totalmente.<br \/>\nCocedal fue fundada el 6 de julio de 1988, que en principio se cre\u00f3 con un reducido n\u00famero de sectores de artesanos, pero a lo largo de todo este tiempo fue creciendo y de esta manera en el momento haber llegado a aglutinar a m\u00e1s de 10 federaciones, las mismas a su vez conformadas por 130 asociaciones, con domicilio establecido, en la calle Jorge Carrasco, de la zona 12 de Octubre de la ciudad de El Alto, llamada tambi\u00e9n la casa del artesano o Jiska Qama\u00f1 Uta.<\/p>\n","protected":false},"excerpt":{"rendered":"<p>Los artesanos de diferentes rubros de la ciudad de El Alto, agrupados en su organizaci\u00f3n el Consejo Central de Federaciones y Asociaciones de Artesanos El Alto (Cocedal), encabezado por el dirigente H\u00e9ctor Delgado, exigen al Gobierno la vacuna contra el covid-19. Uno de los principales motivos del pedido de este sector, seg\u00fan el dirigente Delgado, [&hellip;]<\/p>\n","protected":false},"author":1,"featured_media":7059,"comment_status":"closed","ping_status":"closed","sticky":false,"template":"","format":"standard","meta":{"_acf_changed":false,"footnotes":""},"categories":[12],"tags":[],"class_list":["post-7058","post","type-post","status-publish","format-standard","has-post-thumbnail","category-nacional"],"acf":{"antetitulo":""},"yoast_head":"<!-- This site is optimized with the Yoast SEO plugin v28.3 - https:\/\/yoast.com\/product\/yoast-seo-wordpress\/ -->\n<title>Artesanos piden priorizar vacuna contra covid-19 para su sector - El Diario - Bolivia<\/title>\n<meta name=\"robots\" content=\"index, follow, max-snippet:-1, max-image-preview:large, max-video-preview:-1\" \/>\n<link rel=\"canonical\" href=\"https:\/\/www.eldiario.net\/portal\/2021\/05\/29\/artesanos-piden-priorizar-vacuna-contra-covid-19-para-su-sector\/\" \/>\n<meta property=\"og:locale\" content=\"es_ES\" \/>\n<meta property=\"og:type\" content=\"article\" \/>\n<meta property=\"og:title\" content=\"Artesanos piden priorizar vacuna contra covid-19 para su sector - El Diario - Bolivia\" \/>\n<meta property=\"og:description\" content=\"Los artesanos de diferentes rubros de la ciudad de El Alto, agrupados en su organizaci\u00f3n el Consejo Central de Federaciones y Asociaciones de Artesanos El Alto (Cocedal), encabezado por el dirigente H\u00e9ctor Delgado, exigen al Gobierno la vacuna contra el covid-19. Uno de los principales motivos del pedido de este sector, seg\u00fan el dirigente Delgado, [&hellip;]\" \/>\n<meta property=\"og:url\" content=\"https:\/\/www.eldiario.net\/portal\/2021\/05\/29\/artesanos-piden-priorizar-vacuna-contra-covid-19-para-su-sector\/\" \/>\n<meta property=\"og:site_name\" content=\"El Diario - Bolivia\" \/>\n<meta property=\"article:publisher\" content=\"https:\/\/www.facebook.com\/eldiario.bolivia\/\" \/>\n<meta property=\"article:published_time\" content=\"2021-05-29T09:52:10+00:00\" \/>\n<meta property=\"og:image\" content=\"https:\/\/www.eldiario.net\/portal\/wp-content\/uploads\/2021\/05\/1AL-9.jpg\" \/>\n\t<meta property=\"og:image:width\" content=\"1000\" \/>\n\t<meta property=\"og:image:height\" content=\"750\" \/>\n\t<meta property=\"og:image:type\" content=\"image\/jpeg\" \/>\n<meta name=\"author\" content=\"Jeanette\" \/>\n<meta name=\"twitter:card\" content=\"summary_large_image\" \/>\n<meta name=\"twitter:creator\" content=\"@eldiario_net\" \/>\n<meta name=\"twitter:site\" content=\"@eldiario_net\" \/>\n<meta name=\"twitter:label1\" content=\"Escrito por\" \/>\n\t<meta name=\"twitter:data1\" content=\"Jeanette\" \/>\n\t<meta name=\"twitter:label2\" content=\"Tiempo de lectura\" \/>\n\t<meta name=\"twitter:data2\" content=\"3 minutos\" \/>\n<script type=\"application\/ld+json\" class=\"yoast-schema-graph\">{\"@context\":\"https:\\\/\\\/schema.org\",\"@graph\":[{\"@type\":\"Article\",\"@id\":\"https:\\\/\\\/www.eldiario.net\\\/portal\\\/2021\\\/05\\\/29\\\/artesanos-piden-priorizar-vacuna-contra-covid-19-para-su-sector\\\/#article\",\"isPartOf\":{\"@id\":\"https:\\\/\\\/www.eldiario.net\\\/portal\\\/2021\\\/05\\\/29\\\/artesanos-piden-priorizar-vacuna-contra-covid-19-para-su-sector\\\/\"},\"author\":{\"name\":\"Jeanette\",\"@id\":\"https:\\\/\\\/www.eldiario.net\\\/portal\\\/#\\\/schema\\\/person\\\/f46445640444750d7d753ccd04ae01b7\"},\"headline\":\"Artesanos piden priorizar vacuna contra covid-19 para su sector\",\"datePublished\":\"2021-05-29T09:52:10+00:00\",\"mainEntityOfPage\":{\"@id\":\"https:\\\/\\\/www.eldiario.net\\\/portal\\\/2021\\\/05\\\/29\\\/artesanos-piden-priorizar-vacuna-contra-covid-19-para-su-sector\\\/\"},\"wordCount\":533,\"publisher\":{\"@id\":\"https:\\\/\\\/www.eldiario.net\\\/portal\\\/#organization\"},\"image\":{\"@id\":\"https:\\\/\\\/www.eldiario.net\\\/portal\\\/2021\\\/05\\\/29\\\/artesanos-piden-priorizar-vacuna-contra-covid-19-para-su-sector\\\/#primaryimage\"},\"thumbnailUrl\":\"https:\\\/\\\/www.eldiario.net\\\/portal\\\/wp-content\\\/uploads\\\/2021\\\/05\\\/1AL-9.jpg\",\"articleSection\":[\"Nacional\"],\"inLanguage\":\"es\"},{\"@type\":\"WebPage\",\"@id\":\"https:\\\/\\\/www.eldiario.net\\\/portal\\\/2021\\\/05\\\/29\\\/artesanos-piden-priorizar-vacuna-contra-covid-19-para-su-sector\\\/\",\"url\":\"https:\\\/\\\/www.eldiario.net\\\/portal\\\/2021\\\/05\\\/29\\\/artesanos-piden-priorizar-vacuna-contra-covid-19-para-su-sector\\\/\",\"name\":\"Artesanos piden priorizar vacuna contra covid-19 para su sector - El Diario - Bolivia\",\"isPartOf\":{\"@id\":\"https:\\\/\\\/www.eldiario.net\\\/portal\\\/#website\"},\"primaryImageOfPage\":{\"@id\":\"https:\\\/\\\/www.eldiario.net\\\/portal\\\/2021\\\/05\\\/29\\\/artesanos-piden-priorizar-vacuna-contra-covid-19-para-su-sector\\\/#primaryimage\"},\"image\":{\"@id\":\"https:\\\/\\\/www.eldiario.net\\\/portal\\\/2021\\\/05\\\/29\\\/artesanos-piden-priorizar-vacuna-contra-covid-19-para-su-sector\\\/#primaryimage\"},\"thumbnailUrl\":\"https:\\\/\\\/www.eldiario.net\\\/portal\\\/wp-content\\\/uploads\\\/2021\\\/05\\\/1AL-9.jpg\",\"datePublished\":\"2021-05-29T09:52:10+00:00\",\"breadcrumb\":{\"@id\":\"https:\\\/\\\/www.eldiario.net\\\/portal\\\/2021\\\/05\\\/29\\\/artesanos-piden-priorizar-vacuna-contra-covid-19-para-su-sector\\\/#breadcrumb\"},\"inLanguage\":\"es\",\"potentialAction\":[{\"@type\":\"ReadAction\",\"target\":[\"https:\\\/\\\/www.eldiario.net\\\/portal\\\/2021\\\/05\\\/29\\\/artesanos-piden-priorizar-vacuna-contra-covid-19-para-su-sector\\\/\"]}]},{\"@type\":\"ImageObject\",\"inLanguage\":\"es\",\"@id\":\"https:\\\/\\\/www.eldiario.net\\\/portal\\\/2021\\\/05\\\/29\\\/artesanos-piden-priorizar-vacuna-contra-covid-19-para-su-sector\\\/#primaryimage\",\"url\":\"https:\\\/\\\/www.eldiario.net\\\/portal\\\/wp-content\\\/uploads\\\/2021\\\/05\\\/1AL-9.jpg\",\"contentUrl\":\"https:\\\/\\\/www.eldiario.net\\\/portal\\\/wp-content\\\/uploads\\\/2021\\\/05\\\/1AL-9.jpg\",\"width\":1000,\"height\":750},{\"@type\":\"BreadcrumbList\",\"@id\":\"https:\\\/\\\/www.eldiario.net\\\/portal\\\/2021\\\/05\\\/29\\\/artesanos-piden-priorizar-vacuna-contra-covid-19-para-su-sector\\\/#breadcrumb\",\"itemListElement\":[{\"@type\":\"ListItem\",\"position\":1,\"name\":\"Portada\",\"item\":\"https:\\\/\\\/www.eldiario.net\\\/portal\\\/\"},{\"@type\":\"ListItem\",\"position\":2,\"name\":\"Artesanos piden priorizar vacuna contra covid-19 para su sector\"}]},{\"@type\":\"WebSite\",\"@id\":\"https:\\\/\\\/www.eldiario.net\\\/portal\\\/#website\",\"url\":\"https:\\\/\\\/www.eldiario.net\\\/portal\\\/\",\"name\":\"El Diario - Decano de la prensa nacional\",\"description\":\"El Diario - Decano de la prensa nacional\",\"publisher\":{\"@id\":\"https:\\\/\\\/www.eldiario.net\\\/portal\\\/#organization\"},\"potentialAction\":[{\"@type\":\"SearchAction\",\"target\":{\"@type\":\"EntryPoint\",\"urlTemplate\":\"https:\\\/\\\/www.eldiario.net\\\/portal\\\/?s={search_term_string}\"},\"query-input\":{\"@type\":\"PropertyValueSpecification\",\"valueRequired\":true,\"valueName\":\"search_term_string\"}}],\"inLanguage\":\"es\"},{\"@type\":\"Organization\",\"@id\":\"https:\\\/\\\/www.eldiario.net\\\/portal\\\/#organization\",\"name\":\"El Diario - Decano de la prensa nacional\",\"url\":\"https:\\\/\\\/www.eldiario.net\\\/portal\\\/\",\"logo\":{\"@type\":\"ImageObject\",\"inLanguage\":\"es\",\"@id\":\"https:\\\/\\\/www.eldiario.net\\\/portal\\\/#\\\/schema\\\/logo\\\/image\\\/\",\"url\":\"https:\\\/\\\/www.eldiario.net\\\/portal\\\/wp-content\\\/uploads\\\/2023\\\/07\\\/logo_ED.jpg\",\"contentUrl\":\"https:\\\/\\\/www.eldiario.net\\\/portal\\\/wp-content\\\/uploads\\\/2023\\\/07\\\/logo_ED.jpg\",\"width\":272,\"height\":52,\"caption\":\"El Diario - Decano de la prensa nacional\"},\"image\":{\"@id\":\"https:\\\/\\\/www.eldiario.net\\\/portal\\\/#\\\/schema\\\/logo\\\/image\\\/\"},\"sameAs\":[\"https:\\\/\\\/www.facebook.com\\\/eldiario.bolivia\\\/\",\"https:\\\/\\\/x.com\\\/eldiario_net\"]},{\"@type\":\"Person\",\"@id\":\"https:\\\/\\\/www.eldiario.net\\\/portal\\\/#\\\/schema\\\/person\\\/f46445640444750d7d753ccd04ae01b7\",\"name\":\"Jeanette\",\"image\":{\"@type\":\"ImageObject\",\"inLanguage\":\"es\",\"@id\":\"https:\\\/\\\/secure.gravatar.com\\\/avatar\\\/3ea2118a5f7dad2b7138b1187a6b7ee55f160b9968b66013c3a3ef39dd7e5798?s=96&d=mm&r=g\",\"url\":\"https:\\\/\\\/secure.gravatar.com\\\/avatar\\\/3ea2118a5f7dad2b7138b1187a6b7ee55f160b9968b66013c3a3ef39dd7e5798?s=96&d=mm&r=g\",\"contentUrl\":\"https:\\\/\\\/secure.gravatar.com\\\/avatar\\\/3ea2118a5f7dad2b7138b1187a6b7ee55f160b9968b66013c3a3ef39dd7e5798?s=96&d=mm&r=g\",\"caption\":\"Jeanette\"},\"sameAs\":[\"https:\\\/\\\/www.eldiario.net\\\/portal\"],\"url\":\"https:\\\/\\\/www.eldiario.net\\\/portal\\\/author\\\/jeanette\\\/\"}]}<\/script>\n<!-- \/ Yoast SEO plugin. -->","yoast_head_json":{"title":"Artesanos piden priorizar vacuna contra covid-19 para su sector - El Diario - Bolivia","robots":{"index":"index","follow":"follow","max-snippet":"max-snippet:-1","max-image-preview":"max-image-preview:large","max-video-preview":"max-video-preview:-1"},"canonical":"https:\/\/www.eldiario.net\/portal\/2021\/05\/29\/artesanos-piden-priorizar-vacuna-contra-covid-19-para-su-sector\/","og_locale":"es_ES","og_type":"article","og_title":"Artesanos piden priorizar vacuna contra covid-19 para su sector - El Diario - Bolivia","og_description":"Los artesanos de diferentes rubros de la ciudad de El Alto, agrupados en su organizaci\u00f3n el Consejo Central de Federaciones y Asociaciones de Artesanos El Alto (Cocedal), encabezado por el dirigente H\u00e9ctor Delgado, exigen al Gobierno la vacuna contra el covid-19. Uno de los principales motivos del pedido de este sector, seg\u00fan el dirigente Delgado, [&hellip;]","og_url":"https:\/\/www.eldiario.net\/portal\/2021\/05\/29\/artesanos-piden-priorizar-vacuna-contra-covid-19-para-su-sector\/","og_site_name":"El Diario - Bolivia","article_publisher":"https:\/\/www.facebook.com\/eldiario.bolivia\/","article_published_time":"2021-05-29T09:52:10+00:00","og_image":[{"width":1000,"height":750,"url":"https:\/\/www.eldiario.net\/portal\/wp-content\/uploads\/2021\/05\/1AL-9.jpg","type":"image\/jpeg"}],"author":"Jeanette","twitter_card":"summary_large_image","twitter_creator":"@eldiario_net","twitter_site":"@eldiario_net","twitter_misc":{"Escrito por":"Jeanette","Tiempo de lectura":"3 minutos"},"schema":{"@context":"https:\/\/schema.org","@graph":[{"@type":"Article","@id":"https:\/\/www.eldiario.net\/portal\/2021\/05\/29\/artesanos-piden-priorizar-vacuna-contra-covid-19-para-su-sector\/#article","isPartOf":{"@id":"https:\/\/www.eldiario.net\/portal\/2021\/05\/29\/artesanos-piden-priorizar-vacuna-contra-covid-19-para-su-sector\/"},"author":{"name":"Jeanette","@id":"https:\/\/www.eldiario.net\/portal\/#\/schema\/person\/f46445640444750d7d753ccd04ae01b7"},"headline":"Artesanos piden priorizar vacuna contra covid-19 para su sector","datePublished":"2021-05-29T09:52:10+00:00","mainEntityOfPage":{"@id":"https:\/\/www.eldiario.net\/portal\/2021\/05\/29\/artesanos-piden-priorizar-vacuna-contra-covid-19-para-su-sector\/"},"wordCount":533,"publisher":{"@id":"https:\/\/www.eldiario.net\/portal\/#organization"},"image":{"@id":"https:\/\/www.eldiario.net\/portal\/2021\/05\/29\/artesanos-piden-priorizar-vacuna-contra-covid-19-para-su-sector\/#primaryimage"},"thumbnailUrl":"https:\/\/www.eldiario.net\/portal\/wp-content\/uploads\/2021\/05\/1AL-9.jpg","articleSection":["Nacional"],"inLanguage":"es"},{"@type":"WebPage","@id":"https:\/\/www.eldiario.net\/portal\/2021\/05\/29\/artesanos-piden-priorizar-vacuna-contra-covid-19-para-su-sector\/","url":"https:\/\/www.eldiario.net\/portal\/2021\/05\/29\/artesanos-piden-priorizar-vacuna-contra-covid-19-para-su-sector\/","name":"Artesanos piden priorizar vacuna contra covid-19 para su sector - El Diario - Bolivia","isPartOf":{"@id":"https:\/\/www.eldiario.net\/portal\/#website"},"primaryImageOfPage":{"@id":"https:\/\/www.eldiario.net\/portal\/2021\/05\/29\/artesanos-piden-priorizar-vacuna-contra-covid-19-para-su-sector\/#primaryimage"},"image":{"@id":"https:\/\/www.eldiario.net\/portal\/2021\/05\/29\/artesanos-piden-priorizar-vacuna-contra-covid-19-para-su-sector\/#primaryimage"},"thumbnailUrl":"https:\/\/www.eldiario.net\/portal\/wp-content\/uploads\/2021\/05\/1AL-9.jpg","datePublished":"2021-05-29T09:52:10+00:00","breadcrumb":{"@id":"https:\/\/www.eldiario.net\/portal\/2021\/05\/29\/artesanos-piden-priorizar-vacuna-contra-covid-19-para-su-sector\/#breadcrumb"},"inLanguage":"es","potentialAction":[{"@type":"ReadAction","target":["https:\/\/www.eldiario.net\/portal\/2021\/05\/29\/artesanos-piden-priorizar-vacuna-contra-covid-19-para-su-sector\/"]}]},{"@type":"ImageObject","inLanguage":"es","@id":"https:\/\/www.eldiario.net\/portal\/2021\/05\/29\/artesanos-piden-priorizar-vacuna-contra-covid-19-para-su-sector\/#primaryimage","url":"https:\/\/www.eldiario.net\/portal\/wp-content\/uploads\/2021\/05\/1AL-9.jpg","contentUrl":"https:\/\/www.eldiario.net\/portal\/wp-content\/uploads\/2021\/05\/1AL-9.jpg","width":1000,"height":750},{"@type":"BreadcrumbList","@id":"https:\/\/www.eldiario.net\/portal\/2021\/05\/29\/artesanos-piden-priorizar-vacuna-contra-covid-19-para-su-sector\/#breadcrumb","itemListElement":[{"@type":"ListItem","position":1,"name":"Portada","item":"https:\/\/www.eldiario.net\/portal\/"},{"@type":"ListItem","position":2,"name":"Artesanos piden priorizar vacuna contra covid-19 para su sector"}]},{"@type":"WebSite","@id":"https:\/\/www.eldiario.net\/portal\/#website","url":"https:\/\/www.eldiario.net\/portal\/","name":"El Diario - Decano de la prensa nacional","description":"El Diario - Decano de la prensa nacional","publisher":{"@id":"https:\/\/www.eldiario.net\/portal\/#organization"},"potentialAction":[{"@type":"SearchAction","target":{"@type":"EntryPoint","urlTemplate":"https:\/\/www.eldiario.net\/portal\/?s={search_term_string}"},"query-input":{"@type":"PropertyValueSpecification","valueRequired":true,"valueName":"search_term_string"}}],"inLanguage":"es"},{"@type":"Organization","@id":"https:\/\/www.eldiario.net\/portal\/#organization","name":"El Diario - Decano de la prensa nacional","url":"https:\/\/www.eldiario.net\/portal\/","logo":{"@type":"ImageObject","inLanguage":"es","@id":"https:\/\/www.eldiario.net\/portal\/#\/schema\/logo\/image\/","url":"https:\/\/www.eldiario.net\/portal\/wp-content\/uploads\/2023\/07\/logo_ED.jpg","contentUrl":"https:\/\/www.eldiario.net\/portal\/wp-content\/uploads\/2023\/07\/logo_ED.jpg","width":272,"height":52,"caption":"El Diario - Decano de la prensa nacional"},"image":{"@id":"https:\/\/www.eldiario.net\/portal\/#\/schema\/logo\/image\/"},"sameAs":["https:\/\/www.facebook.com\/eldiario.bolivia\/","https:\/\/x.com\/eldiario_net"]},{"@type":"Person","@id":"https:\/\/www.eldiario.net\/portal\/#\/schema\/person\/f46445640444750d7d753ccd04ae01b7","name":"Jeanette","image":{"@type":"ImageObject","inLanguage":"es","@id":"https:\/\/secure.gravatar.com\/avatar\/3ea2118a5f7dad2b7138b1187a6b7ee55f160b9968b66013c3a3ef39dd7e5798?s=96&d=mm&r=g","url":"https:\/\/secure.gravatar.com\/avatar\/3ea2118a5f7dad2b7138b1187a6b7ee55f160b9968b66013c3a3ef39dd7e5798?s=96&d=mm&r=g","contentUrl":"https:\/\/secure.gravatar.com\/avatar\/3ea2118a5f7dad2b7138b1187a6b7ee55f160b9968b66013c3a3ef39dd7e5798?s=96&d=mm&r=g","caption":"Jeanette"},"sameAs":["https:\/\/www.eldiario.net\/portal"],"url":"https:\/\/www.eldiario.net\/portal\/author\/jeanette\/"}]}},"_links":{"self":[{"href":"https:\/\/www.eldiario.net\/portal\/wp-json\/wp\/v2\/posts\/7058","targetHints":{"allow":["GET"]}}],"collection":[{"href":"https:\/\/www.eldiario.net\/portal\/wp-json\/wp\/v2\/posts"}],"about":[{"href":"https:\/\/www.eldiario.net\/portal\/wp-json\/wp\/v2\/types\/post"}],"author":[{"embeddable":true,"href":"https:\/\/www.eldiario.net\/portal\/wp-json\/wp\/v2\/users\/1"}],"replies":[{"embeddable":true,"href":"https:\/\/www.eldiario.net\/portal\/wp-json\/wp\/v2\/comments?post=7058"}],"version-history":[{"count":0,"href":"https:\/\/www.eldiario.net\/portal\/wp-json\/wp\/v2\/posts\/7058\/revisions"}],"wp:featuredmedia":[{"embeddable":true,"href":"https:\/\/www.eldiario.net\/portal\/wp-json\/wp\/v2\/media\/7059"}],"wp:attachment":[{"href":"https:\/\/www.eldiario.net\/portal\/wp-json\/wp\/v2\/media?parent=7058"}],"wp:term":[{"taxonomy":"category","embeddable":true,"href":"https:\/\/www.eldiario.net\/portal\/wp-json\/wp\/v2\/categories?post=7058"},{"taxonomy":"post_tag","embeddable":true,"href":"https:\/\/www.eldiario.net\/portal\/wp-json\/wp\/v2\/tags?post=7058"}],"curies":[{"name":"wp","href":"https:\/\/api.w.org\/{rel}","templated":true}]}}