{"id":7055,"date":"2021-05-29T05:51:12","date_gmt":"2021-05-29T09:51:12","guid":{"rendered":"https:\/\/www.eldiario.net\/portal\/?p=7055"},"modified":"2021-05-29T05:51:12","modified_gmt":"2021-05-29T09:51:12","slug":"50-de-pacientes-presentan-sintomas-de-cepa-brasilena","status":"publish","type":"post","link":"https:\/\/www.eldiario.net\/portal\/2021\/05\/29\/50-de-pacientes-presentan-sintomas-de-cepa-brasilena\/","title":{"rendered":"50 % de pacientes presentan  s\u00edntomas de cepa brasile\u00f1a"},"content":{"rendered":"<p>La directora del Hospital Boliviano Holand\u00e9s de la ciudad de El Alto, Maricruz M\u00e9ndez, indic\u00f3 que por lo menos un 50 % de los pacientes internados por covid-19 presentan los s\u00edntomas de la cepa brasile\u00f1a, variante que ser\u00eda m\u00e1s letal en personas j\u00f3venes.<br \/>\nLa preocupaci\u00f3n de las autoridades en salud de este nosocomio es que hace varios d\u00edas se ha podido establecer este incremento del covid-19 en la urbe alte\u00f1a, ciudad que est\u00e1 considerada una de las segundas m\u00e1s pobladas del pa\u00eds, por lo que este aspecto significa mucho m\u00e1s el riesgo de un contagio por el n\u00famero de habitantes que tiene la urbe alte\u00f1a.<br \/>\nDe la misma forma, seg\u00fan M\u00e9ndez, se ha podido establecer que la cepa brasile\u00f1a afecta con mucha rapidez a los j\u00f3venes, por lo que ha exhortado a este sector de poblaci\u00f3n alte\u00f1a debe tener en cuenta mucho este aspecto, ya que son los que m\u00e1s salen a las calles, muchos sin los cuidados ni cumplen las normas de bioseguridad.<br \/>\n\u201cDe todos los pacientes que han ingresado con covid-19, la mitad tiene las sospechas y caracter\u00edsticas de la cepa brasile\u00f1a, quienes se encuentran en un \u00e1rea para este tipo de casos, mientras que otros que decidieron aislarse en sus casas, tambi\u00e9n est\u00e1n bajo cuidado m\u00e9dico y un control estricto de sus estados\u201d, explic\u00f3 la directora del nosocomio.<br \/>\nDe esta forma, las recomendaciones para este sector de los pacientes que se encuentran en sus casas, los familiares deben ser los encargados en brindarles todos los cuidados necesarios y de forma rigurosa, en el cumplimiento de la cuarentena y las indicaciones m\u00e9dicas que se les suministra en estos casos.<br \/>\nPor otro lado, la directora del Hospital Boliviano Holand\u00e9s, Maricruz M\u00e9ndez, advirti\u00f3 que cualquier otro paciente que pueda tener la sospecha de haber adquirido la variante de la cepa brasile\u00f1a debe acudir, para su certificaci\u00f3n a un laboratorio de car\u00e1cter nacional por delicadez.<br \/>\n\u201cHan ingresado varios pacientes j\u00f3venes con caracter\u00edsticas de la cepa brasile\u00f1a P-1, con cuadros gastrointestinales de diarrea, nauseas, v\u00f3mitos, fiebre, dolor de garganta y han salido cuadros positivos (para covid-19). Nosotros no podemos hacer el diagn\u00f3stico confirmando si es o no cepa brasile\u00f1a, los laboratorios nacionales son los que hacen la tipificaci\u00f3n\u201d, asever\u00f3.<br \/>\nSe debe tener en cuenta que uno de los principales s\u00edntomas con que puede anunciarse la cepa brasile\u00f1a es un cuadro de gastrointestinal o una intoxicaci\u00f3n alimentaria, de lo contrario dolores abdominales, v\u00f3mitos y diarrea.<\/p>\n","protected":false},"excerpt":{"rendered":"<p>La directora del Hospital Boliviano Holand\u00e9s de la ciudad de El Alto, Maricruz M\u00e9ndez, indic\u00f3 que por lo menos un 50 % de los pacientes internados por covid-19 presentan los s\u00edntomas de la cepa brasile\u00f1a, variante que ser\u00eda m\u00e1s letal en personas j\u00f3venes. La preocupaci\u00f3n de las autoridades en salud de este nosocomio es que [&hellip;]<\/p>\n","protected":false},"author":1,"featured_media":7056,"comment_status":"closed","ping_status":"closed","sticky":false,"template":"","format":"standard","meta":{"_acf_changed":false,"footnotes":""},"categories":[12],"tags":[],"class_list":["post-7055","post","type-post","status-publish","format-standard","has-post-thumbnail","category-nacional"],"acf":{"antetitulo":""},"yoast_head":"<!-- This site is optimized with the Yoast SEO plugin v28.3 - https:\/\/yoast.com\/product\/yoast-seo-wordpress\/ -->\n<title>50 % de pacientes presentan s\u00edntomas de cepa brasile\u00f1a - El Diario - Bolivia<\/title>\n<meta name=\"robots\" content=\"index, follow, max-snippet:-1, max-image-preview:large, max-video-preview:-1\" \/>\n<link rel=\"canonical\" href=\"https:\/\/www.eldiario.net\/portal\/2021\/05\/29\/50-de-pacientes-presentan-sintomas-de-cepa-brasilena\/\" \/>\n<meta property=\"og:locale\" content=\"es_ES\" \/>\n<meta property=\"og:type\" content=\"article\" \/>\n<meta property=\"og:title\" content=\"50 % de pacientes presentan s\u00edntomas de cepa brasile\u00f1a - El Diario - Bolivia\" \/>\n<meta property=\"og:description\" content=\"La directora del Hospital Boliviano Holand\u00e9s de la ciudad de El Alto, Maricruz M\u00e9ndez, indic\u00f3 que por lo menos un 50 % de los pacientes internados por covid-19 presentan los s\u00edntomas de la cepa brasile\u00f1a, variante que ser\u00eda m\u00e1s letal en personas j\u00f3venes. La preocupaci\u00f3n de las autoridades en salud de este nosocomio es que [&hellip;]\" \/>\n<meta property=\"og:url\" content=\"https:\/\/www.eldiario.net\/portal\/2021\/05\/29\/50-de-pacientes-presentan-sintomas-de-cepa-brasilena\/\" \/>\n<meta property=\"og:site_name\" content=\"El Diario - Bolivia\" \/>\n<meta property=\"article:publisher\" content=\"https:\/\/www.facebook.com\/eldiario.bolivia\/\" \/>\n<meta property=\"article:published_time\" content=\"2021-05-29T09:51:12+00:00\" \/>\n<meta name=\"author\" content=\"Jeanette\" \/>\n<meta name=\"twitter:card\" content=\"summary_large_image\" \/>\n<meta name=\"twitter:creator\" content=\"@eldiario_net\" \/>\n<meta name=\"twitter:site\" content=\"@eldiario_net\" \/>\n<meta name=\"twitter:label1\" content=\"Escrito por\" \/>\n\t<meta name=\"twitter:data1\" content=\"Jeanette\" \/>\n\t<meta name=\"twitter:label2\" content=\"Tiempo de lectura\" \/>\n\t<meta name=\"twitter:data2\" content=\"2 minutos\" \/>\n<script type=\"application\/ld+json\" class=\"yoast-schema-graph\">{\"@context\":\"https:\\\/\\\/schema.org\",\"@graph\":[{\"@type\":\"Article\",\"@id\":\"https:\\\/\\\/www.eldiario.net\\\/portal\\\/2021\\\/05\\\/29\\\/50-de-pacientes-presentan-sintomas-de-cepa-brasilena\\\/#article\",\"isPartOf\":{\"@id\":\"https:\\\/\\\/www.eldiario.net\\\/portal\\\/2021\\\/05\\\/29\\\/50-de-pacientes-presentan-sintomas-de-cepa-brasilena\\\/\"},\"author\":{\"name\":\"Jeanette\",\"@id\":\"https:\\\/\\\/www.eldiario.net\\\/portal\\\/#\\\/schema\\\/person\\\/f46445640444750d7d753ccd04ae01b7\"},\"headline\":\"50 % de pacientes presentan s\u00edntomas de cepa brasile\u00f1a\",\"datePublished\":\"2021-05-29T09:51:12+00:00\",\"mainEntityOfPage\":{\"@id\":\"https:\\\/\\\/www.eldiario.net\\\/portal\\\/2021\\\/05\\\/29\\\/50-de-pacientes-presentan-sintomas-de-cepa-brasilena\\\/\"},\"wordCount\":453,\"publisher\":{\"@id\":\"https:\\\/\\\/www.eldiario.net\\\/portal\\\/#organization\"},\"image\":{\"@id\":\"https:\\\/\\\/www.eldiario.net\\\/portal\\\/2021\\\/05\\\/29\\\/50-de-pacientes-presentan-sintomas-de-cepa-brasilena\\\/#primaryimage\"},\"thumbnailUrl\":\"\",\"articleSection\":[\"Nacional\"],\"inLanguage\":\"es\"},{\"@type\":\"WebPage\",\"@id\":\"https:\\\/\\\/www.eldiario.net\\\/portal\\\/2021\\\/05\\\/29\\\/50-de-pacientes-presentan-sintomas-de-cepa-brasilena\\\/\",\"url\":\"https:\\\/\\\/www.eldiario.net\\\/portal\\\/2021\\\/05\\\/29\\\/50-de-pacientes-presentan-sintomas-de-cepa-brasilena\\\/\",\"name\":\"50 % de pacientes presentan s\u00edntomas de cepa brasile\u00f1a - El Diario - Bolivia\",\"isPartOf\":{\"@id\":\"https:\\\/\\\/www.eldiario.net\\\/portal\\\/#website\"},\"primaryImageOfPage\":{\"@id\":\"https:\\\/\\\/www.eldiario.net\\\/portal\\\/2021\\\/05\\\/29\\\/50-de-pacientes-presentan-sintomas-de-cepa-brasilena\\\/#primaryimage\"},\"image\":{\"@id\":\"https:\\\/\\\/www.eldiario.net\\\/portal\\\/2021\\\/05\\\/29\\\/50-de-pacientes-presentan-sintomas-de-cepa-brasilena\\\/#primaryimage\"},\"thumbnailUrl\":\"\",\"datePublished\":\"2021-05-29T09:51:12+00:00\",\"breadcrumb\":{\"@id\":\"https:\\\/\\\/www.eldiario.net\\\/portal\\\/2021\\\/05\\\/29\\\/50-de-pacientes-presentan-sintomas-de-cepa-brasilena\\\/#breadcrumb\"},\"inLanguage\":\"es\",\"potentialAction\":[{\"@type\":\"ReadAction\",\"target\":[\"https:\\\/\\\/www.eldiario.net\\\/portal\\\/2021\\\/05\\\/29\\\/50-de-pacientes-presentan-sintomas-de-cepa-brasilena\\\/\"]}]},{\"@type\":\"ImageObject\",\"inLanguage\":\"es\",\"@id\":\"https:\\\/\\\/www.eldiario.net\\\/portal\\\/2021\\\/05\\\/29\\\/50-de-pacientes-presentan-sintomas-de-cepa-brasilena\\\/#primaryimage\",\"url\":\"\",\"contentUrl\":\"\"},{\"@type\":\"BreadcrumbList\",\"@id\":\"https:\\\/\\\/www.eldiario.net\\\/portal\\\/2021\\\/05\\\/29\\\/50-de-pacientes-presentan-sintomas-de-cepa-brasilena\\\/#breadcrumb\",\"itemListElement\":[{\"@type\":\"ListItem\",\"position\":1,\"name\":\"Portada\",\"item\":\"https:\\\/\\\/www.eldiario.net\\\/portal\\\/\"},{\"@type\":\"ListItem\",\"position\":2,\"name\":\"50 % de pacientes presentan s\u00edntomas de cepa brasile\u00f1a\"}]},{\"@type\":\"WebSite\",\"@id\":\"https:\\\/\\\/www.eldiario.net\\\/portal\\\/#website\",\"url\":\"https:\\\/\\\/www.eldiario.net\\\/portal\\\/\",\"name\":\"El Diario - Decano de la prensa nacional\",\"description\":\"El Diario - Decano de la prensa nacional\",\"publisher\":{\"@id\":\"https:\\\/\\\/www.eldiario.net\\\/portal\\\/#organization\"},\"potentialAction\":[{\"@type\":\"SearchAction\",\"target\":{\"@type\":\"EntryPoint\",\"urlTemplate\":\"https:\\\/\\\/www.eldiario.net\\\/portal\\\/?s={search_term_string}\"},\"query-input\":{\"@type\":\"PropertyValueSpecification\",\"valueRequired\":true,\"valueName\":\"search_term_string\"}}],\"inLanguage\":\"es\"},{\"@type\":\"Organization\",\"@id\":\"https:\\\/\\\/www.eldiario.net\\\/portal\\\/#organization\",\"name\":\"El Diario - Decano de la prensa nacional\",\"url\":\"https:\\\/\\\/www.eldiario.net\\\/portal\\\/\",\"logo\":{\"@type\":\"ImageObject\",\"inLanguage\":\"es\",\"@id\":\"https:\\\/\\\/www.eldiario.net\\\/portal\\\/#\\\/schema\\\/logo\\\/image\\\/\",\"url\":\"https:\\\/\\\/www.eldiario.net\\\/portal\\\/wp-content\\\/uploads\\\/2023\\\/07\\\/logo_ED.jpg\",\"contentUrl\":\"https:\\\/\\\/www.eldiario.net\\\/portal\\\/wp-content\\\/uploads\\\/2023\\\/07\\\/logo_ED.jpg\",\"width\":272,\"height\":52,\"caption\":\"El Diario - Decano de la prensa nacional\"},\"image\":{\"@id\":\"https:\\\/\\\/www.eldiario.net\\\/portal\\\/#\\\/schema\\\/logo\\\/image\\\/\"},\"sameAs\":[\"https:\\\/\\\/www.facebook.com\\\/eldiario.bolivia\\\/\",\"https:\\\/\\\/x.com\\\/eldiario_net\"]},{\"@type\":\"Person\",\"@id\":\"https:\\\/\\\/www.eldiario.net\\\/portal\\\/#\\\/schema\\\/person\\\/f46445640444750d7d753ccd04ae01b7\",\"name\":\"Jeanette\",\"image\":{\"@type\":\"ImageObject\",\"inLanguage\":\"es\",\"@id\":\"https:\\\/\\\/secure.gravatar.com\\\/avatar\\\/3ea2118a5f7dad2b7138b1187a6b7ee55f160b9968b66013c3a3ef39dd7e5798?s=96&d=mm&r=g\",\"url\":\"https:\\\/\\\/secure.gravatar.com\\\/avatar\\\/3ea2118a5f7dad2b7138b1187a6b7ee55f160b9968b66013c3a3ef39dd7e5798?s=96&d=mm&r=g\",\"contentUrl\":\"https:\\\/\\\/secure.gravatar.com\\\/avatar\\\/3ea2118a5f7dad2b7138b1187a6b7ee55f160b9968b66013c3a3ef39dd7e5798?s=96&d=mm&r=g\",\"caption\":\"Jeanette\"},\"sameAs\":[\"https:\\\/\\\/www.eldiario.net\\\/portal\"],\"url\":\"https:\\\/\\\/www.eldiario.net\\\/portal\\\/author\\\/jeanette\\\/\"}]}<\/script>\n<!-- \/ Yoast SEO plugin. -->","yoast_head_json":{"title":"50 % de pacientes presentan s\u00edntomas de cepa brasile\u00f1a - El Diario - Bolivia","robots":{"index":"index","follow":"follow","max-snippet":"max-snippet:-1","max-image-preview":"max-image-preview:large","max-video-preview":"max-video-preview:-1"},"canonical":"https:\/\/www.eldiario.net\/portal\/2021\/05\/29\/50-de-pacientes-presentan-sintomas-de-cepa-brasilena\/","og_locale":"es_ES","og_type":"article","og_title":"50 % de pacientes presentan s\u00edntomas de cepa brasile\u00f1a - El Diario - Bolivia","og_description":"La directora del Hospital Boliviano Holand\u00e9s de la ciudad de El Alto, Maricruz M\u00e9ndez, indic\u00f3 que por lo menos un 50 % de los pacientes internados por covid-19 presentan los s\u00edntomas de la cepa brasile\u00f1a, variante que ser\u00eda m\u00e1s letal en personas j\u00f3venes. La preocupaci\u00f3n de las autoridades en salud de este nosocomio es que [&hellip;]","og_url":"https:\/\/www.eldiario.net\/portal\/2021\/05\/29\/50-de-pacientes-presentan-sintomas-de-cepa-brasilena\/","og_site_name":"El Diario - Bolivia","article_publisher":"https:\/\/www.facebook.com\/eldiario.bolivia\/","article_published_time":"2021-05-29T09:51:12+00:00","author":"Jeanette","twitter_card":"summary_large_image","twitter_creator":"@eldiario_net","twitter_site":"@eldiario_net","twitter_misc":{"Escrito por":"Jeanette","Tiempo de lectura":"2 minutos"},"schema":{"@context":"https:\/\/schema.org","@graph":[{"@type":"Article","@id":"https:\/\/www.eldiario.net\/portal\/2021\/05\/29\/50-de-pacientes-presentan-sintomas-de-cepa-brasilena\/#article","isPartOf":{"@id":"https:\/\/www.eldiario.net\/portal\/2021\/05\/29\/50-de-pacientes-presentan-sintomas-de-cepa-brasilena\/"},"author":{"name":"Jeanette","@id":"https:\/\/www.eldiario.net\/portal\/#\/schema\/person\/f46445640444750d7d753ccd04ae01b7"},"headline":"50 % de pacientes presentan s\u00edntomas de cepa brasile\u00f1a","datePublished":"2021-05-29T09:51:12+00:00","mainEntityOfPage":{"@id":"https:\/\/www.eldiario.net\/portal\/2021\/05\/29\/50-de-pacientes-presentan-sintomas-de-cepa-brasilena\/"},"wordCount":453,"publisher":{"@id":"https:\/\/www.eldiario.net\/portal\/#organization"},"image":{"@id":"https:\/\/www.eldiario.net\/portal\/2021\/05\/29\/50-de-pacientes-presentan-sintomas-de-cepa-brasilena\/#primaryimage"},"thumbnailUrl":"","articleSection":["Nacional"],"inLanguage":"es"},{"@type":"WebPage","@id":"https:\/\/www.eldiario.net\/portal\/2021\/05\/29\/50-de-pacientes-presentan-sintomas-de-cepa-brasilena\/","url":"https:\/\/www.eldiario.net\/portal\/2021\/05\/29\/50-de-pacientes-presentan-sintomas-de-cepa-brasilena\/","name":"50 % de pacientes presentan s\u00edntomas de cepa brasile\u00f1a - El Diario - Bolivia","isPartOf":{"@id":"https:\/\/www.eldiario.net\/portal\/#website"},"primaryImageOfPage":{"@id":"https:\/\/www.eldiario.net\/portal\/2021\/05\/29\/50-de-pacientes-presentan-sintomas-de-cepa-brasilena\/#primaryimage"},"image":{"@id":"https:\/\/www.eldiario.net\/portal\/2021\/05\/29\/50-de-pacientes-presentan-sintomas-de-cepa-brasilena\/#primaryimage"},"thumbnailUrl":"","datePublished":"2021-05-29T09:51:12+00:00","breadcrumb":{"@id":"https:\/\/www.eldiario.net\/portal\/2021\/05\/29\/50-de-pacientes-presentan-sintomas-de-cepa-brasilena\/#breadcrumb"},"inLanguage":"es","potentialAction":[{"@type":"ReadAction","target":["https:\/\/www.eldiario.net\/portal\/2021\/05\/29\/50-de-pacientes-presentan-sintomas-de-cepa-brasilena\/"]}]},{"@type":"ImageObject","inLanguage":"es","@id":"https:\/\/www.eldiario.net\/portal\/2021\/05\/29\/50-de-pacientes-presentan-sintomas-de-cepa-brasilena\/#primaryimage","url":"","contentUrl":""},{"@type":"BreadcrumbList","@id":"https:\/\/www.eldiario.net\/portal\/2021\/05\/29\/50-de-pacientes-presentan-sintomas-de-cepa-brasilena\/#breadcrumb","itemListElement":[{"@type":"ListItem","position":1,"name":"Portada","item":"https:\/\/www.eldiario.net\/portal\/"},{"@type":"ListItem","position":2,"name":"50 % de pacientes presentan s\u00edntomas de cepa brasile\u00f1a"}]},{"@type":"WebSite","@id":"https:\/\/www.eldiario.net\/portal\/#website","url":"https:\/\/www.eldiario.net\/portal\/","name":"El Diario - Decano de la prensa nacional","description":"El Diario - Decano de la prensa nacional","publisher":{"@id":"https:\/\/www.eldiario.net\/portal\/#organization"},"potentialAction":[{"@type":"SearchAction","target":{"@type":"EntryPoint","urlTemplate":"https:\/\/www.eldiario.net\/portal\/?s={search_term_string}"},"query-input":{"@type":"PropertyValueSpecification","valueRequired":true,"valueName":"search_term_string"}}],"inLanguage":"es"},{"@type":"Organization","@id":"https:\/\/www.eldiario.net\/portal\/#organization","name":"El Diario - Decano de la prensa nacional","url":"https:\/\/www.eldiario.net\/portal\/","logo":{"@type":"ImageObject","inLanguage":"es","@id":"https:\/\/www.eldiario.net\/portal\/#\/schema\/logo\/image\/","url":"https:\/\/www.eldiario.net\/portal\/wp-content\/uploads\/2023\/07\/logo_ED.jpg","contentUrl":"https:\/\/www.eldiario.net\/portal\/wp-content\/uploads\/2023\/07\/logo_ED.jpg","width":272,"height":52,"caption":"El Diario - Decano de la prensa nacional"},"image":{"@id":"https:\/\/www.eldiario.net\/portal\/#\/schema\/logo\/image\/"},"sameAs":["https:\/\/www.facebook.com\/eldiario.bolivia\/","https:\/\/x.com\/eldiario_net"]},{"@type":"Person","@id":"https:\/\/www.eldiario.net\/portal\/#\/schema\/person\/f46445640444750d7d753ccd04ae01b7","name":"Jeanette","image":{"@type":"ImageObject","inLanguage":"es","@id":"https:\/\/secure.gravatar.com\/avatar\/3ea2118a5f7dad2b7138b1187a6b7ee55f160b9968b66013c3a3ef39dd7e5798?s=96&d=mm&r=g","url":"https:\/\/secure.gravatar.com\/avatar\/3ea2118a5f7dad2b7138b1187a6b7ee55f160b9968b66013c3a3ef39dd7e5798?s=96&d=mm&r=g","contentUrl":"https:\/\/secure.gravatar.com\/avatar\/3ea2118a5f7dad2b7138b1187a6b7ee55f160b9968b66013c3a3ef39dd7e5798?s=96&d=mm&r=g","caption":"Jeanette"},"sameAs":["https:\/\/www.eldiario.net\/portal"],"url":"https:\/\/www.eldiario.net\/portal\/author\/jeanette\/"}]}},"_links":{"self":[{"href":"https:\/\/www.eldiario.net\/portal\/wp-json\/wp\/v2\/posts\/7055","targetHints":{"allow":["GET"]}}],"collection":[{"href":"https:\/\/www.eldiario.net\/portal\/wp-json\/wp\/v2\/posts"}],"about":[{"href":"https:\/\/www.eldiario.net\/portal\/wp-json\/wp\/v2\/types\/post"}],"author":[{"embeddable":true,"href":"https:\/\/www.eldiario.net\/portal\/wp-json\/wp\/v2\/users\/1"}],"replies":[{"embeddable":true,"href":"https:\/\/www.eldiario.net\/portal\/wp-json\/wp\/v2\/comments?post=7055"}],"version-history":[{"count":0,"href":"https:\/\/www.eldiario.net\/portal\/wp-json\/wp\/v2\/posts\/7055\/revisions"}],"wp:attachment":[{"href":"https:\/\/www.eldiario.net\/portal\/wp-json\/wp\/v2\/media?parent=7055"}],"wp:term":[{"taxonomy":"category","embeddable":true,"href":"https:\/\/www.eldiario.net\/portal\/wp-json\/wp\/v2\/categories?post=7055"},{"taxonomy":"post_tag","embeddable":true,"href":"https:\/\/www.eldiario.net\/portal\/wp-json\/wp\/v2\/tags?post=7055"}],"curies":[{"name":"wp","href":"https:\/\/api.w.org\/{rel}","templated":true}]}}