{"id":7052,"date":"2021-05-29T05:50:05","date_gmt":"2021-05-29T09:50:05","guid":{"rendered":"https:\/\/www.eldiario.net\/portal\/?p=7052"},"modified":"2021-05-29T05:50:05","modified_gmt":"2021-05-29T09:50:05","slug":"tres-medicos-dan-positivo-a-coronavirus","status":"publish","type":"post","link":"https:\/\/www.eldiario.net\/portal\/2021\/05\/29\/tres-medicos-dan-positivo-a-coronavirus\/","title":{"rendered":"Tres m\u00e9dicos dan positivo a coronavirus"},"content":{"rendered":"<p>En las recientes horas se conoci\u00f3 que tres m\u00e9dicos de la ciudad de El Alto dieron positivo al covid-19. Los galenos se encuentran estables, pero bajo cuidados intensivos, inform\u00f3 Max Cayllagua, ejecutivo del Sindicato de Trabajadores en Salud de esa ciudad.<br \/>\nLa preocupaci\u00f3n de los trabajadores del sector que son quienes se encuentran en primera l\u00ednea, debido a su contacto directo con diferentes pacientes que est\u00e1n internados en los diferentes hospitales de referencia, por lo que tienden a contagiarse en cualquier momento, m\u00e1s a\u00fan en esta tercera ola del covid-19, que est\u00e1 llegando a tener mayor letalidad.<br \/>\n\u201cEn el caso de los tres m\u00e9dicos, nosotros hemos hecho que sean tratados de forma inmediata con todas las previsiones del caso, por lo que en el momento se encuentran estables, pero de igual forma nos preocupa, porque ellos ya hab\u00edan recibido las dos vacunas, lo que quiere decir que no estamos siendo protegidos totalmente, por eso exhortamos a la poblaci\u00f3n a que deben tomar en cuenta estos resultados, para que contin\u00faen cuid\u00e1ndose de igual manera\u201d, dijo el dirigente.<br \/>\nAsimismo, se ha podido conocer que debido a los cuidados intensivos a los que fueron sometidos, en el momento los tres m\u00e9dicos se encuentran estables, con la seguridad de que puedan mejorar en los pr\u00f3ximos d\u00edas y de acuerdo con un informe m\u00e9dico puedan volver a sus fuentes de trabajo.<br \/>\nPor otro lado, Cayllagua revel\u00f3 que en el entorno de los trabajadores en salud pertenecientes a los diferentes centros, existe un porcentaje m\u00ednimo que se resisten en recibir las dosis, debido a sus propias creencias, pero que est\u00e1n siendo concientizados, con antecedentes cient\u00edficos que se conocen las cuales protegen, aunque no del todo.<br \/>\nMientras que en el resto de la poblaci\u00f3n entre m\u00e9dicos y enfermeras que cumplen sus labores diarias en los diferentes centros de salud como en los mismos hospitales cuentan con las vacunas correspondientes, pero que de igual manera deben cumplir con todos los protocolos de bioseguridad para garantizar su salud.<br \/>\nEn cuanto a la dotaci\u00f3n de medicamentos e insumos, el dirigente de los trabajadores en salud de El Alto, Max Cayllagua, se\u00f1al\u00f3 que est\u00e1n llegando de manera paulatina de los diferentes centros de salud, as\u00ed como a los mismos hospitales, aunque no de acuerdo con las necesidades, pero esperan que en los pr\u00f3ximo d\u00edas se pueda normalizar este tema.<\/p>\n","protected":false},"excerpt":{"rendered":"<p>En las recientes horas se conoci\u00f3 que tres m\u00e9dicos de la ciudad de El Alto dieron positivo al covid-19. Los galenos se encuentran estables, pero bajo cuidados intensivos, inform\u00f3 Max Cayllagua, ejecutivo del Sindicato de Trabajadores en Salud de esa ciudad. La preocupaci\u00f3n de los trabajadores del sector que son quienes se encuentran en primera [&hellip;]<\/p>\n","protected":false},"author":1,"featured_media":7053,"comment_status":"closed","ping_status":"closed","sticky":false,"template":"","format":"standard","meta":{"_acf_changed":false,"footnotes":""},"categories":[12],"tags":[],"class_list":["post-7052","post","type-post","status-publish","format-standard","has-post-thumbnail","category-nacional"],"acf":{"antetitulo":""},"yoast_head":"<!-- This site is optimized with the Yoast SEO plugin v28.3 - https:\/\/yoast.com\/product\/yoast-seo-wordpress\/ -->\n<title>Tres m\u00e9dicos dan positivo a coronavirus - El Diario - Bolivia<\/title>\n<meta name=\"robots\" content=\"index, follow, max-snippet:-1, max-image-preview:large, max-video-preview:-1\" \/>\n<link rel=\"canonical\" href=\"https:\/\/www.eldiario.net\/portal\/2021\/05\/29\/tres-medicos-dan-positivo-a-coronavirus\/\" \/>\n<meta property=\"og:locale\" content=\"es_ES\" \/>\n<meta property=\"og:type\" content=\"article\" \/>\n<meta property=\"og:title\" content=\"Tres m\u00e9dicos dan positivo a coronavirus - El Diario - Bolivia\" \/>\n<meta property=\"og:description\" content=\"En las recientes horas se conoci\u00f3 que tres m\u00e9dicos de la ciudad de El Alto dieron positivo al covid-19. Los galenos se encuentran estables, pero bajo cuidados intensivos, inform\u00f3 Max Cayllagua, ejecutivo del Sindicato de Trabajadores en Salud de esa ciudad. La preocupaci\u00f3n de los trabajadores del sector que son quienes se encuentran en primera [&hellip;]\" \/>\n<meta property=\"og:url\" content=\"https:\/\/www.eldiario.net\/portal\/2021\/05\/29\/tres-medicos-dan-positivo-a-coronavirus\/\" \/>\n<meta property=\"og:site_name\" content=\"El Diario - Bolivia\" \/>\n<meta property=\"article:publisher\" content=\"https:\/\/www.facebook.com\/eldiario.bolivia\/\" \/>\n<meta property=\"article:published_time\" content=\"2021-05-29T09:50:05+00:00\" \/>\n<meta name=\"author\" content=\"Jeanette\" \/>\n<meta name=\"twitter:card\" content=\"summary_large_image\" \/>\n<meta name=\"twitter:creator\" content=\"@eldiario_net\" \/>\n<meta name=\"twitter:site\" content=\"@eldiario_net\" \/>\n<meta name=\"twitter:label1\" content=\"Escrito por\" \/>\n\t<meta name=\"twitter:data1\" content=\"Jeanette\" \/>\n\t<meta name=\"twitter:label2\" content=\"Tiempo de lectura\" \/>\n\t<meta name=\"twitter:data2\" content=\"2 minutos\" \/>\n<script type=\"application\/ld+json\" class=\"yoast-schema-graph\">{\"@context\":\"https:\\\/\\\/schema.org\",\"@graph\":[{\"@type\":\"Article\",\"@id\":\"https:\\\/\\\/www.eldiario.net\\\/portal\\\/2021\\\/05\\\/29\\\/tres-medicos-dan-positivo-a-coronavirus\\\/#article\",\"isPartOf\":{\"@id\":\"https:\\\/\\\/www.eldiario.net\\\/portal\\\/2021\\\/05\\\/29\\\/tres-medicos-dan-positivo-a-coronavirus\\\/\"},\"author\":{\"name\":\"Jeanette\",\"@id\":\"https:\\\/\\\/www.eldiario.net\\\/portal\\\/#\\\/schema\\\/person\\\/f46445640444750d7d753ccd04ae01b7\"},\"headline\":\"Tres m\u00e9dicos dan positivo a coronavirus\",\"datePublished\":\"2021-05-29T09:50:05+00:00\",\"mainEntityOfPage\":{\"@id\":\"https:\\\/\\\/www.eldiario.net\\\/portal\\\/2021\\\/05\\\/29\\\/tres-medicos-dan-positivo-a-coronavirus\\\/\"},\"wordCount\":420,\"publisher\":{\"@id\":\"https:\\\/\\\/www.eldiario.net\\\/portal\\\/#organization\"},\"image\":{\"@id\":\"https:\\\/\\\/www.eldiario.net\\\/portal\\\/2021\\\/05\\\/29\\\/tres-medicos-dan-positivo-a-coronavirus\\\/#primaryimage\"},\"thumbnailUrl\":\"\",\"articleSection\":[\"Nacional\"],\"inLanguage\":\"es\"},{\"@type\":\"WebPage\",\"@id\":\"https:\\\/\\\/www.eldiario.net\\\/portal\\\/2021\\\/05\\\/29\\\/tres-medicos-dan-positivo-a-coronavirus\\\/\",\"url\":\"https:\\\/\\\/www.eldiario.net\\\/portal\\\/2021\\\/05\\\/29\\\/tres-medicos-dan-positivo-a-coronavirus\\\/\",\"name\":\"Tres m\u00e9dicos dan positivo a coronavirus - El Diario - Bolivia\",\"isPartOf\":{\"@id\":\"https:\\\/\\\/www.eldiario.net\\\/portal\\\/#website\"},\"primaryImageOfPage\":{\"@id\":\"https:\\\/\\\/www.eldiario.net\\\/portal\\\/2021\\\/05\\\/29\\\/tres-medicos-dan-positivo-a-coronavirus\\\/#primaryimage\"},\"image\":{\"@id\":\"https:\\\/\\\/www.eldiario.net\\\/portal\\\/2021\\\/05\\\/29\\\/tres-medicos-dan-positivo-a-coronavirus\\\/#primaryimage\"},\"thumbnailUrl\":\"\",\"datePublished\":\"2021-05-29T09:50:05+00:00\",\"breadcrumb\":{\"@id\":\"https:\\\/\\\/www.eldiario.net\\\/portal\\\/2021\\\/05\\\/29\\\/tres-medicos-dan-positivo-a-coronavirus\\\/#breadcrumb\"},\"inLanguage\":\"es\",\"potentialAction\":[{\"@type\":\"ReadAction\",\"target\":[\"https:\\\/\\\/www.eldiario.net\\\/portal\\\/2021\\\/05\\\/29\\\/tres-medicos-dan-positivo-a-coronavirus\\\/\"]}]},{\"@type\":\"ImageObject\",\"inLanguage\":\"es\",\"@id\":\"https:\\\/\\\/www.eldiario.net\\\/portal\\\/2021\\\/05\\\/29\\\/tres-medicos-dan-positivo-a-coronavirus\\\/#primaryimage\",\"url\":\"\",\"contentUrl\":\"\"},{\"@type\":\"BreadcrumbList\",\"@id\":\"https:\\\/\\\/www.eldiario.net\\\/portal\\\/2021\\\/05\\\/29\\\/tres-medicos-dan-positivo-a-coronavirus\\\/#breadcrumb\",\"itemListElement\":[{\"@type\":\"ListItem\",\"position\":1,\"name\":\"Portada\",\"item\":\"https:\\\/\\\/www.eldiario.net\\\/portal\\\/\"},{\"@type\":\"ListItem\",\"position\":2,\"name\":\"Tres m\u00e9dicos dan positivo a coronavirus\"}]},{\"@type\":\"WebSite\",\"@id\":\"https:\\\/\\\/www.eldiario.net\\\/portal\\\/#website\",\"url\":\"https:\\\/\\\/www.eldiario.net\\\/portal\\\/\",\"name\":\"El Diario - Decano de la prensa nacional\",\"description\":\"El Diario - Decano de la prensa nacional\",\"publisher\":{\"@id\":\"https:\\\/\\\/www.eldiario.net\\\/portal\\\/#organization\"},\"potentialAction\":[{\"@type\":\"SearchAction\",\"target\":{\"@type\":\"EntryPoint\",\"urlTemplate\":\"https:\\\/\\\/www.eldiario.net\\\/portal\\\/?s={search_term_string}\"},\"query-input\":{\"@type\":\"PropertyValueSpecification\",\"valueRequired\":true,\"valueName\":\"search_term_string\"}}],\"inLanguage\":\"es\"},{\"@type\":\"Organization\",\"@id\":\"https:\\\/\\\/www.eldiario.net\\\/portal\\\/#organization\",\"name\":\"El Diario - Decano de la prensa nacional\",\"url\":\"https:\\\/\\\/www.eldiario.net\\\/portal\\\/\",\"logo\":{\"@type\":\"ImageObject\",\"inLanguage\":\"es\",\"@id\":\"https:\\\/\\\/www.eldiario.net\\\/portal\\\/#\\\/schema\\\/logo\\\/image\\\/\",\"url\":\"https:\\\/\\\/www.eldiario.net\\\/portal\\\/wp-content\\\/uploads\\\/2023\\\/07\\\/logo_ED.jpg\",\"contentUrl\":\"https:\\\/\\\/www.eldiario.net\\\/portal\\\/wp-content\\\/uploads\\\/2023\\\/07\\\/logo_ED.jpg\",\"width\":272,\"height\":52,\"caption\":\"El Diario - Decano de la prensa nacional\"},\"image\":{\"@id\":\"https:\\\/\\\/www.eldiario.net\\\/portal\\\/#\\\/schema\\\/logo\\\/image\\\/\"},\"sameAs\":[\"https:\\\/\\\/www.facebook.com\\\/eldiario.bolivia\\\/\",\"https:\\\/\\\/x.com\\\/eldiario_net\"]},{\"@type\":\"Person\",\"@id\":\"https:\\\/\\\/www.eldiario.net\\\/portal\\\/#\\\/schema\\\/person\\\/f46445640444750d7d753ccd04ae01b7\",\"name\":\"Jeanette\",\"image\":{\"@type\":\"ImageObject\",\"inLanguage\":\"es\",\"@id\":\"https:\\\/\\\/secure.gravatar.com\\\/avatar\\\/3ea2118a5f7dad2b7138b1187a6b7ee55f160b9968b66013c3a3ef39dd7e5798?s=96&d=mm&r=g\",\"url\":\"https:\\\/\\\/secure.gravatar.com\\\/avatar\\\/3ea2118a5f7dad2b7138b1187a6b7ee55f160b9968b66013c3a3ef39dd7e5798?s=96&d=mm&r=g\",\"contentUrl\":\"https:\\\/\\\/secure.gravatar.com\\\/avatar\\\/3ea2118a5f7dad2b7138b1187a6b7ee55f160b9968b66013c3a3ef39dd7e5798?s=96&d=mm&r=g\",\"caption\":\"Jeanette\"},\"sameAs\":[\"https:\\\/\\\/www.eldiario.net\\\/portal\"],\"url\":\"https:\\\/\\\/www.eldiario.net\\\/portal\\\/author\\\/jeanette\\\/\"}]}<\/script>\n<!-- \/ Yoast SEO plugin. -->","yoast_head_json":{"title":"Tres m\u00e9dicos dan positivo a coronavirus - El Diario - Bolivia","robots":{"index":"index","follow":"follow","max-snippet":"max-snippet:-1","max-image-preview":"max-image-preview:large","max-video-preview":"max-video-preview:-1"},"canonical":"https:\/\/www.eldiario.net\/portal\/2021\/05\/29\/tres-medicos-dan-positivo-a-coronavirus\/","og_locale":"es_ES","og_type":"article","og_title":"Tres m\u00e9dicos dan positivo a coronavirus - El Diario - Bolivia","og_description":"En las recientes horas se conoci\u00f3 que tres m\u00e9dicos de la ciudad de El Alto dieron positivo al covid-19. Los galenos se encuentran estables, pero bajo cuidados intensivos, inform\u00f3 Max Cayllagua, ejecutivo del Sindicato de Trabajadores en Salud de esa ciudad. La preocupaci\u00f3n de los trabajadores del sector que son quienes se encuentran en primera [&hellip;]","og_url":"https:\/\/www.eldiario.net\/portal\/2021\/05\/29\/tres-medicos-dan-positivo-a-coronavirus\/","og_site_name":"El Diario - Bolivia","article_publisher":"https:\/\/www.facebook.com\/eldiario.bolivia\/","article_published_time":"2021-05-29T09:50:05+00:00","author":"Jeanette","twitter_card":"summary_large_image","twitter_creator":"@eldiario_net","twitter_site":"@eldiario_net","twitter_misc":{"Escrito por":"Jeanette","Tiempo de lectura":"2 minutos"},"schema":{"@context":"https:\/\/schema.org","@graph":[{"@type":"Article","@id":"https:\/\/www.eldiario.net\/portal\/2021\/05\/29\/tres-medicos-dan-positivo-a-coronavirus\/#article","isPartOf":{"@id":"https:\/\/www.eldiario.net\/portal\/2021\/05\/29\/tres-medicos-dan-positivo-a-coronavirus\/"},"author":{"name":"Jeanette","@id":"https:\/\/www.eldiario.net\/portal\/#\/schema\/person\/f46445640444750d7d753ccd04ae01b7"},"headline":"Tres m\u00e9dicos dan positivo a coronavirus","datePublished":"2021-05-29T09:50:05+00:00","mainEntityOfPage":{"@id":"https:\/\/www.eldiario.net\/portal\/2021\/05\/29\/tres-medicos-dan-positivo-a-coronavirus\/"},"wordCount":420,"publisher":{"@id":"https:\/\/www.eldiario.net\/portal\/#organization"},"image":{"@id":"https:\/\/www.eldiario.net\/portal\/2021\/05\/29\/tres-medicos-dan-positivo-a-coronavirus\/#primaryimage"},"thumbnailUrl":"","articleSection":["Nacional"],"inLanguage":"es"},{"@type":"WebPage","@id":"https:\/\/www.eldiario.net\/portal\/2021\/05\/29\/tres-medicos-dan-positivo-a-coronavirus\/","url":"https:\/\/www.eldiario.net\/portal\/2021\/05\/29\/tres-medicos-dan-positivo-a-coronavirus\/","name":"Tres m\u00e9dicos dan positivo a coronavirus - El Diario - Bolivia","isPartOf":{"@id":"https:\/\/www.eldiario.net\/portal\/#website"},"primaryImageOfPage":{"@id":"https:\/\/www.eldiario.net\/portal\/2021\/05\/29\/tres-medicos-dan-positivo-a-coronavirus\/#primaryimage"},"image":{"@id":"https:\/\/www.eldiario.net\/portal\/2021\/05\/29\/tres-medicos-dan-positivo-a-coronavirus\/#primaryimage"},"thumbnailUrl":"","datePublished":"2021-05-29T09:50:05+00:00","breadcrumb":{"@id":"https:\/\/www.eldiario.net\/portal\/2021\/05\/29\/tres-medicos-dan-positivo-a-coronavirus\/#breadcrumb"},"inLanguage":"es","potentialAction":[{"@type":"ReadAction","target":["https:\/\/www.eldiario.net\/portal\/2021\/05\/29\/tres-medicos-dan-positivo-a-coronavirus\/"]}]},{"@type":"ImageObject","inLanguage":"es","@id":"https:\/\/www.eldiario.net\/portal\/2021\/05\/29\/tres-medicos-dan-positivo-a-coronavirus\/#primaryimage","url":"","contentUrl":""},{"@type":"BreadcrumbList","@id":"https:\/\/www.eldiario.net\/portal\/2021\/05\/29\/tres-medicos-dan-positivo-a-coronavirus\/#breadcrumb","itemListElement":[{"@type":"ListItem","position":1,"name":"Portada","item":"https:\/\/www.eldiario.net\/portal\/"},{"@type":"ListItem","position":2,"name":"Tres m\u00e9dicos dan positivo a coronavirus"}]},{"@type":"WebSite","@id":"https:\/\/www.eldiario.net\/portal\/#website","url":"https:\/\/www.eldiario.net\/portal\/","name":"El Diario - Decano de la prensa nacional","description":"El Diario - Decano de la prensa nacional","publisher":{"@id":"https:\/\/www.eldiario.net\/portal\/#organization"},"potentialAction":[{"@type":"SearchAction","target":{"@type":"EntryPoint","urlTemplate":"https:\/\/www.eldiario.net\/portal\/?s={search_term_string}"},"query-input":{"@type":"PropertyValueSpecification","valueRequired":true,"valueName":"search_term_string"}}],"inLanguage":"es"},{"@type":"Organization","@id":"https:\/\/www.eldiario.net\/portal\/#organization","name":"El Diario - Decano de la prensa nacional","url":"https:\/\/www.eldiario.net\/portal\/","logo":{"@type":"ImageObject","inLanguage":"es","@id":"https:\/\/www.eldiario.net\/portal\/#\/schema\/logo\/image\/","url":"https:\/\/www.eldiario.net\/portal\/wp-content\/uploads\/2023\/07\/logo_ED.jpg","contentUrl":"https:\/\/www.eldiario.net\/portal\/wp-content\/uploads\/2023\/07\/logo_ED.jpg","width":272,"height":52,"caption":"El Diario - Decano de la prensa nacional"},"image":{"@id":"https:\/\/www.eldiario.net\/portal\/#\/schema\/logo\/image\/"},"sameAs":["https:\/\/www.facebook.com\/eldiario.bolivia\/","https:\/\/x.com\/eldiario_net"]},{"@type":"Person","@id":"https:\/\/www.eldiario.net\/portal\/#\/schema\/person\/f46445640444750d7d753ccd04ae01b7","name":"Jeanette","image":{"@type":"ImageObject","inLanguage":"es","@id":"https:\/\/secure.gravatar.com\/avatar\/3ea2118a5f7dad2b7138b1187a6b7ee55f160b9968b66013c3a3ef39dd7e5798?s=96&d=mm&r=g","url":"https:\/\/secure.gravatar.com\/avatar\/3ea2118a5f7dad2b7138b1187a6b7ee55f160b9968b66013c3a3ef39dd7e5798?s=96&d=mm&r=g","contentUrl":"https:\/\/secure.gravatar.com\/avatar\/3ea2118a5f7dad2b7138b1187a6b7ee55f160b9968b66013c3a3ef39dd7e5798?s=96&d=mm&r=g","caption":"Jeanette"},"sameAs":["https:\/\/www.eldiario.net\/portal"],"url":"https:\/\/www.eldiario.net\/portal\/author\/jeanette\/"}]}},"_links":{"self":[{"href":"https:\/\/www.eldiario.net\/portal\/wp-json\/wp\/v2\/posts\/7052","targetHints":{"allow":["GET"]}}],"collection":[{"href":"https:\/\/www.eldiario.net\/portal\/wp-json\/wp\/v2\/posts"}],"about":[{"href":"https:\/\/www.eldiario.net\/portal\/wp-json\/wp\/v2\/types\/post"}],"author":[{"embeddable":true,"href":"https:\/\/www.eldiario.net\/portal\/wp-json\/wp\/v2\/users\/1"}],"replies":[{"embeddable":true,"href":"https:\/\/www.eldiario.net\/portal\/wp-json\/wp\/v2\/comments?post=7052"}],"version-history":[{"count":0,"href":"https:\/\/www.eldiario.net\/portal\/wp-json\/wp\/v2\/posts\/7052\/revisions"}],"wp:attachment":[{"href":"https:\/\/www.eldiario.net\/portal\/wp-json\/wp\/v2\/media?parent=7052"}],"wp:term":[{"taxonomy":"category","embeddable":true,"href":"https:\/\/www.eldiario.net\/portal\/wp-json\/wp\/v2\/categories?post=7052"},{"taxonomy":"post_tag","embeddable":true,"href":"https:\/\/www.eldiario.net\/portal\/wp-json\/wp\/v2\/tags?post=7052"}],"curies":[{"name":"wp","href":"https:\/\/api.w.org\/{rel}","templated":true}]}}