{"id":69615,"date":"2022-03-15T05:11:24","date_gmt":"2022-03-15T09:11:24","guid":{"rendered":"https:\/\/www.eldiario.net\/portal\/?p=69615"},"modified":"2022-03-15T05:11:24","modified_gmt":"2022-03-15T09:11:24","slug":"supremo-britanico-deniega-recurso-de-julian-assange","status":"publish","type":"post","link":"https:\/\/www.eldiario.net\/portal\/2022\/03\/15\/supremo-britanico-deniega-recurso-de-julian-assange\/","title":{"rendered":"Supremo brit\u00e1nico deniega  recurso de Julian Assange"},"content":{"rendered":"<p class=\"v1MsoNormal\"><span lang=\"es-419\">Londres.- El Tribunal Supremo de Reino Unido ha denegado al fundador de Wikileaks, Julian Assange, el permiso para apelar contra la decisi\u00f3n de extraditarlo a Estados Unidos, inform\u00f3 ayer el m\u00e1ximo tribunal brit\u00e1nico.<\/span><\/p>\n<p class=\"v1MsoNormal\"><span lang=\"es-419\">Las autoridades estadounidenses quieren que Assange, de 50 a\u00f1os, se enfrente a un juicio por 18 cargos relacionados con la publicaci\u00f3n por parte de WikiLeaks de grandes cantidades de registros militares y cables diplom\u00e1ticos confidenciales de Estados Unidos que, seg\u00fan sostienen, han puesto vidas en peligro.<\/span><\/p>\n<p class=\"v1MsoNormal\"><span lang=\"es-419\">En diciembre, el Tribunal Superior de Londres anul\u00f3 la decisi\u00f3n de un tribunal inferior de que no deb\u00eda ser extraditado debido a sus problemas de salud mental, que presentaban un riesgo de suicidio.<\/span><\/p>\n<p class=\"v1MsoNormal\"><span lang=\"es-419\">Los jueces del Tribunal Superior londinense le denegaron a Assange entonces el permiso para recurrir directamente al Tribunal Supremo sobre su decisi\u00f3n, dejando en manos del propio Supremo la decisi\u00f3n sobre si deb\u00eda atender su recurso.<\/span><\/p>\n<p class=\"v1MsoNormal\"><span lang=\"es-419\">\u00abLa solicitud ha sido rechazada por el Tribunal Supremo y la raz\u00f3n dada es que la solicitud no plantea un punto de derecho discutible\u00bb, dijo un portavoz del tribunal supremo.<\/span><\/p>\n<p class=\"v1MsoNormal\"><span lang=\"es-419\">La decisi\u00f3n de extradici\u00f3n deber\u00e1 ser ratificada ahora por la ministra del Interior brit\u00e1nica, Priti Patel, tras lo cual Assange puede intentar impugnar la decisi\u00f3n mediante una revisi\u00f3n judicial. Una revisi\u00f3n judicial implica que un juez examine la legitimidad de la decisi\u00f3n de un organismo p\u00fablico. (Reuters)<\/span><\/p>\n","protected":false},"excerpt":{"rendered":"<p>Londres.- El Tribunal Supremo de Reino Unido ha denegado al fundador de Wikileaks, Julian Assange, el permiso para apelar contra la decisi\u00f3n de extraditarlo a Estados Unidos, inform\u00f3 ayer el m\u00e1ximo tribunal brit\u00e1nico. Las autoridades estadounidenses quieren que Assange, de 50 a\u00f1os, se enfrente a un juicio por 18 cargos relacionados con la publicaci\u00f3n por [&hellip;]<\/p>\n","protected":false},"author":1,"featured_media":69616,"comment_status":"closed","ping_status":"closed","sticky":false,"template":"","format":"standard","meta":{"_acf_changed":false,"footnotes":""},"categories":[3],"tags":[],"class_list":["post-69615","post","type-post","status-publish","format-standard","has-post-thumbnail","category-internacional"],"acf":{"antetitulo":""},"yoast_head":"<!-- This site is optimized with the Yoast SEO plugin v28.4 - https:\/\/yoast.com\/product\/yoast-seo-wordpress\/ -->\n<title>Supremo brit\u00e1nico deniega recurso de Julian Assange - El Diario - Bolivia<\/title>\n<meta name=\"robots\" content=\"index, follow, max-snippet:-1, max-image-preview:large, max-video-preview:-1\" \/>\n<link rel=\"canonical\" href=\"https:\/\/www.eldiario.net\/portal\/2022\/03\/15\/supremo-britanico-deniega-recurso-de-julian-assange\/\" \/>\n<meta property=\"og:locale\" content=\"es_ES\" \/>\n<meta property=\"og:type\" content=\"article\" \/>\n<meta property=\"og:title\" content=\"Supremo brit\u00e1nico deniega recurso de Julian Assange - El Diario - Bolivia\" \/>\n<meta property=\"og:description\" content=\"Londres.- El Tribunal Supremo de Reino Unido ha denegado al fundador de Wikileaks, Julian Assange, el permiso para apelar contra la decisi\u00f3n de extraditarlo a Estados Unidos, inform\u00f3 ayer el m\u00e1ximo tribunal brit\u00e1nico. Las autoridades estadounidenses quieren que Assange, de 50 a\u00f1os, se enfrente a un juicio por 18 cargos relacionados con la publicaci\u00f3n por [&hellip;]\" \/>\n<meta property=\"og:url\" content=\"https:\/\/www.eldiario.net\/portal\/2022\/03\/15\/supremo-britanico-deniega-recurso-de-julian-assange\/\" \/>\n<meta property=\"og:site_name\" content=\"El Diario - Bolivia\" \/>\n<meta property=\"article:publisher\" content=\"https:\/\/www.facebook.com\/eldiario.bolivia\/\" \/>\n<meta property=\"article:published_time\" content=\"2022-03-15T09:11:24+00:00\" \/>\n<meta name=\"author\" content=\"Jeanette\" \/>\n<meta name=\"twitter:card\" content=\"summary_large_image\" \/>\n<meta name=\"twitter:creator\" content=\"@eldiario_net\" \/>\n<meta name=\"twitter:site\" content=\"@eldiario_net\" \/>\n<meta name=\"twitter:label1\" content=\"Escrito por\" \/>\n\t<meta name=\"twitter:data1\" content=\"Jeanette\" \/>\n\t<meta name=\"twitter:label2\" content=\"Tiempo de lectura\" \/>\n\t<meta name=\"twitter:data2\" content=\"2 minutos\" \/>\n<script type=\"application\/ld+json\" class=\"yoast-schema-graph\">{\"@context\":\"https:\\\/\\\/schema.org\",\"@graph\":[{\"@type\":\"Article\",\"@id\":\"https:\\\/\\\/www.eldiario.net\\\/portal\\\/2022\\\/03\\\/15\\\/supremo-britanico-deniega-recurso-de-julian-assange\\\/#article\",\"isPartOf\":{\"@id\":\"https:\\\/\\\/www.eldiario.net\\\/portal\\\/2022\\\/03\\\/15\\\/supremo-britanico-deniega-recurso-de-julian-assange\\\/\"},\"author\":{\"name\":\"Jeanette\",\"@id\":\"https:\\\/\\\/www.eldiario.net\\\/portal\\\/#\\\/schema\\\/person\\\/2c57cf2b7a7ae032e449e4c9b1019eac\"},\"headline\":\"Supremo brit\u00e1nico deniega recurso de Julian Assange\",\"datePublished\":\"2022-03-15T09:11:24+00:00\",\"mainEntityOfPage\":{\"@id\":\"https:\\\/\\\/www.eldiario.net\\\/portal\\\/2022\\\/03\\\/15\\\/supremo-britanico-deniega-recurso-de-julian-assange\\\/\"},\"wordCount\":253,\"publisher\":{\"@id\":\"https:\\\/\\\/www.eldiario.net\\\/portal\\\/#organization\"},\"image\":{\"@id\":\"https:\\\/\\\/www.eldiario.net\\\/portal\\\/2022\\\/03\\\/15\\\/supremo-britanico-deniega-recurso-de-julian-assange\\\/#primaryimage\"},\"thumbnailUrl\":\"\",\"articleSection\":[\"Internacional\"],\"inLanguage\":\"es\"},{\"@type\":\"WebPage\",\"@id\":\"https:\\\/\\\/www.eldiario.net\\\/portal\\\/2022\\\/03\\\/15\\\/supremo-britanico-deniega-recurso-de-julian-assange\\\/\",\"url\":\"https:\\\/\\\/www.eldiario.net\\\/portal\\\/2022\\\/03\\\/15\\\/supremo-britanico-deniega-recurso-de-julian-assange\\\/\",\"name\":\"Supremo brit\u00e1nico deniega recurso de Julian Assange - El Diario - Bolivia\",\"isPartOf\":{\"@id\":\"https:\\\/\\\/www.eldiario.net\\\/portal\\\/#website\"},\"primaryImageOfPage\":{\"@id\":\"https:\\\/\\\/www.eldiario.net\\\/portal\\\/2022\\\/03\\\/15\\\/supremo-britanico-deniega-recurso-de-julian-assange\\\/#primaryimage\"},\"image\":{\"@id\":\"https:\\\/\\\/www.eldiario.net\\\/portal\\\/2022\\\/03\\\/15\\\/supremo-britanico-deniega-recurso-de-julian-assange\\\/#primaryimage\"},\"thumbnailUrl\":\"\",\"datePublished\":\"2022-03-15T09:11:24+00:00\",\"breadcrumb\":{\"@id\":\"https:\\\/\\\/www.eldiario.net\\\/portal\\\/2022\\\/03\\\/15\\\/supremo-britanico-deniega-recurso-de-julian-assange\\\/#breadcrumb\"},\"inLanguage\":\"es\",\"potentialAction\":[{\"@type\":\"ReadAction\",\"target\":[\"https:\\\/\\\/www.eldiario.net\\\/portal\\\/2022\\\/03\\\/15\\\/supremo-britanico-deniega-recurso-de-julian-assange\\\/\"]}]},{\"@type\":\"ImageObject\",\"inLanguage\":\"es\",\"@id\":\"https:\\\/\\\/www.eldiario.net\\\/portal\\\/2022\\\/03\\\/15\\\/supremo-britanico-deniega-recurso-de-julian-assange\\\/#primaryimage\",\"url\":\"\",\"contentUrl\":\"\"},{\"@type\":\"BreadcrumbList\",\"@id\":\"https:\\\/\\\/www.eldiario.net\\\/portal\\\/2022\\\/03\\\/15\\\/supremo-britanico-deniega-recurso-de-julian-assange\\\/#breadcrumb\",\"itemListElement\":[{\"@type\":\"ListItem\",\"position\":1,\"name\":\"Portada\",\"item\":\"https:\\\/\\\/www.eldiario.net\\\/portal\\\/\"},{\"@type\":\"ListItem\",\"position\":2,\"name\":\"Supremo brit\u00e1nico deniega recurso de Julian Assange\"}]},{\"@type\":\"WebSite\",\"@id\":\"https:\\\/\\\/www.eldiario.net\\\/portal\\\/#website\",\"url\":\"https:\\\/\\\/www.eldiario.net\\\/portal\\\/\",\"name\":\"El Diario - Decano de la prensa nacional\",\"description\":\"El Diario - Decano de la prensa nacional\",\"publisher\":{\"@id\":\"https:\\\/\\\/www.eldiario.net\\\/portal\\\/#organization\"},\"potentialAction\":[{\"@type\":\"SearchAction\",\"target\":{\"@type\":\"EntryPoint\",\"urlTemplate\":\"https:\\\/\\\/www.eldiario.net\\\/portal\\\/?s={search_term_string}\"},\"query-input\":{\"@type\":\"PropertyValueSpecification\",\"valueRequired\":true,\"valueName\":\"search_term_string\"}}],\"inLanguage\":\"es\"},{\"@type\":\"Organization\",\"@id\":\"https:\\\/\\\/www.eldiario.net\\\/portal\\\/#organization\",\"name\":\"El Diario - Decano de la prensa nacional\",\"url\":\"https:\\\/\\\/www.eldiario.net\\\/portal\\\/\",\"logo\":{\"@type\":\"ImageObject\",\"inLanguage\":\"es\",\"@id\":\"https:\\\/\\\/www.eldiario.net\\\/portal\\\/#\\\/schema\\\/logo\\\/image\\\/\",\"url\":\"https:\\\/\\\/www.eldiario.net\\\/portal\\\/wp-content\\\/uploads\\\/2023\\\/07\\\/logo_ED.jpg\",\"contentUrl\":\"https:\\\/\\\/www.eldiario.net\\\/portal\\\/wp-content\\\/uploads\\\/2023\\\/07\\\/logo_ED.jpg\",\"width\":272,\"height\":52,\"caption\":\"El Diario - Decano de la prensa nacional\"},\"image\":{\"@id\":\"https:\\\/\\\/www.eldiario.net\\\/portal\\\/#\\\/schema\\\/logo\\\/image\\\/\"},\"sameAs\":[\"https:\\\/\\\/www.facebook.com\\\/eldiario.bolivia\\\/\",\"https:\\\/\\\/x.com\\\/eldiario_net\"]},{\"@type\":\"Person\",\"@id\":\"https:\\\/\\\/www.eldiario.net\\\/portal\\\/#\\\/schema\\\/person\\\/2c57cf2b7a7ae032e449e4c9b1019eac\",\"name\":\"Jeanette\",\"image\":{\"@type\":\"ImageObject\",\"inLanguage\":\"es\",\"@id\":\"https:\\\/\\\/secure.gravatar.com\\\/avatar\\\/3ea2118a5f7dad2b7138b1187a6b7ee55f160b9968b66013c3a3ef39dd7e5798?s=96&d=mm&r=g\",\"url\":\"https:\\\/\\\/secure.gravatar.com\\\/avatar\\\/3ea2118a5f7dad2b7138b1187a6b7ee55f160b9968b66013c3a3ef39dd7e5798?s=96&d=mm&r=g\",\"contentUrl\":\"https:\\\/\\\/secure.gravatar.com\\\/avatar\\\/3ea2118a5f7dad2b7138b1187a6b7ee55f160b9968b66013c3a3ef39dd7e5798?s=96&d=mm&r=g\",\"caption\":\"Jeanette\"},\"sameAs\":[\"https:\\\/\\\/www.eldiario.net\\\/portal\"],\"url\":\"https:\\\/\\\/www.eldiario.net\\\/portal\\\/author\\\/jeanette\\\/\"}]}<\/script>\n<!-- \/ Yoast SEO plugin. -->","yoast_head_json":{"title":"Supremo brit\u00e1nico deniega recurso de Julian Assange - El Diario - Bolivia","robots":{"index":"index","follow":"follow","max-snippet":"max-snippet:-1","max-image-preview":"max-image-preview:large","max-video-preview":"max-video-preview:-1"},"canonical":"https:\/\/www.eldiario.net\/portal\/2022\/03\/15\/supremo-britanico-deniega-recurso-de-julian-assange\/","og_locale":"es_ES","og_type":"article","og_title":"Supremo brit\u00e1nico deniega recurso de Julian Assange - El Diario - Bolivia","og_description":"Londres.- El Tribunal Supremo de Reino Unido ha denegado al fundador de Wikileaks, Julian Assange, el permiso para apelar contra la decisi\u00f3n de extraditarlo a Estados Unidos, inform\u00f3 ayer el m\u00e1ximo tribunal brit\u00e1nico. Las autoridades estadounidenses quieren que Assange, de 50 a\u00f1os, se enfrente a un juicio por 18 cargos relacionados con la publicaci\u00f3n por [&hellip;]","og_url":"https:\/\/www.eldiario.net\/portal\/2022\/03\/15\/supremo-britanico-deniega-recurso-de-julian-assange\/","og_site_name":"El Diario - Bolivia","article_publisher":"https:\/\/www.facebook.com\/eldiario.bolivia\/","article_published_time":"2022-03-15T09:11:24+00:00","author":"Jeanette","twitter_card":"summary_large_image","twitter_creator":"@eldiario_net","twitter_site":"@eldiario_net","twitter_misc":{"Escrito por":"Jeanette","Tiempo de lectura":"2 minutos"},"schema":{"@context":"https:\/\/schema.org","@graph":[{"@type":"Article","@id":"https:\/\/www.eldiario.net\/portal\/2022\/03\/15\/supremo-britanico-deniega-recurso-de-julian-assange\/#article","isPartOf":{"@id":"https:\/\/www.eldiario.net\/portal\/2022\/03\/15\/supremo-britanico-deniega-recurso-de-julian-assange\/"},"author":{"name":"Jeanette","@id":"https:\/\/www.eldiario.net\/portal\/#\/schema\/person\/2c57cf2b7a7ae032e449e4c9b1019eac"},"headline":"Supremo brit\u00e1nico deniega recurso de Julian Assange","datePublished":"2022-03-15T09:11:24+00:00","mainEntityOfPage":{"@id":"https:\/\/www.eldiario.net\/portal\/2022\/03\/15\/supremo-britanico-deniega-recurso-de-julian-assange\/"},"wordCount":253,"publisher":{"@id":"https:\/\/www.eldiario.net\/portal\/#organization"},"image":{"@id":"https:\/\/www.eldiario.net\/portal\/2022\/03\/15\/supremo-britanico-deniega-recurso-de-julian-assange\/#primaryimage"},"thumbnailUrl":"","articleSection":["Internacional"],"inLanguage":"es"},{"@type":"WebPage","@id":"https:\/\/www.eldiario.net\/portal\/2022\/03\/15\/supremo-britanico-deniega-recurso-de-julian-assange\/","url":"https:\/\/www.eldiario.net\/portal\/2022\/03\/15\/supremo-britanico-deniega-recurso-de-julian-assange\/","name":"Supremo brit\u00e1nico deniega recurso de Julian Assange - El Diario - Bolivia","isPartOf":{"@id":"https:\/\/www.eldiario.net\/portal\/#website"},"primaryImageOfPage":{"@id":"https:\/\/www.eldiario.net\/portal\/2022\/03\/15\/supremo-britanico-deniega-recurso-de-julian-assange\/#primaryimage"},"image":{"@id":"https:\/\/www.eldiario.net\/portal\/2022\/03\/15\/supremo-britanico-deniega-recurso-de-julian-assange\/#primaryimage"},"thumbnailUrl":"","datePublished":"2022-03-15T09:11:24+00:00","breadcrumb":{"@id":"https:\/\/www.eldiario.net\/portal\/2022\/03\/15\/supremo-britanico-deniega-recurso-de-julian-assange\/#breadcrumb"},"inLanguage":"es","potentialAction":[{"@type":"ReadAction","target":["https:\/\/www.eldiario.net\/portal\/2022\/03\/15\/supremo-britanico-deniega-recurso-de-julian-assange\/"]}]},{"@type":"ImageObject","inLanguage":"es","@id":"https:\/\/www.eldiario.net\/portal\/2022\/03\/15\/supremo-britanico-deniega-recurso-de-julian-assange\/#primaryimage","url":"","contentUrl":""},{"@type":"BreadcrumbList","@id":"https:\/\/www.eldiario.net\/portal\/2022\/03\/15\/supremo-britanico-deniega-recurso-de-julian-assange\/#breadcrumb","itemListElement":[{"@type":"ListItem","position":1,"name":"Portada","item":"https:\/\/www.eldiario.net\/portal\/"},{"@type":"ListItem","position":2,"name":"Supremo brit\u00e1nico deniega recurso de Julian Assange"}]},{"@type":"WebSite","@id":"https:\/\/www.eldiario.net\/portal\/#website","url":"https:\/\/www.eldiario.net\/portal\/","name":"El Diario - Decano de la prensa nacional","description":"El Diario - Decano de la prensa nacional","publisher":{"@id":"https:\/\/www.eldiario.net\/portal\/#organization"},"potentialAction":[{"@type":"SearchAction","target":{"@type":"EntryPoint","urlTemplate":"https:\/\/www.eldiario.net\/portal\/?s={search_term_string}"},"query-input":{"@type":"PropertyValueSpecification","valueRequired":true,"valueName":"search_term_string"}}],"inLanguage":"es"},{"@type":"Organization","@id":"https:\/\/www.eldiario.net\/portal\/#organization","name":"El Diario - Decano de la prensa nacional","url":"https:\/\/www.eldiario.net\/portal\/","logo":{"@type":"ImageObject","inLanguage":"es","@id":"https:\/\/www.eldiario.net\/portal\/#\/schema\/logo\/image\/","url":"https:\/\/www.eldiario.net\/portal\/wp-content\/uploads\/2023\/07\/logo_ED.jpg","contentUrl":"https:\/\/www.eldiario.net\/portal\/wp-content\/uploads\/2023\/07\/logo_ED.jpg","width":272,"height":52,"caption":"El Diario - Decano de la prensa nacional"},"image":{"@id":"https:\/\/www.eldiario.net\/portal\/#\/schema\/logo\/image\/"},"sameAs":["https:\/\/www.facebook.com\/eldiario.bolivia\/","https:\/\/x.com\/eldiario_net"]},{"@type":"Person","@id":"https:\/\/www.eldiario.net\/portal\/#\/schema\/person\/2c57cf2b7a7ae032e449e4c9b1019eac","name":"Jeanette","image":{"@type":"ImageObject","inLanguage":"es","@id":"https:\/\/secure.gravatar.com\/avatar\/3ea2118a5f7dad2b7138b1187a6b7ee55f160b9968b66013c3a3ef39dd7e5798?s=96&d=mm&r=g","url":"https:\/\/secure.gravatar.com\/avatar\/3ea2118a5f7dad2b7138b1187a6b7ee55f160b9968b66013c3a3ef39dd7e5798?s=96&d=mm&r=g","contentUrl":"https:\/\/secure.gravatar.com\/avatar\/3ea2118a5f7dad2b7138b1187a6b7ee55f160b9968b66013c3a3ef39dd7e5798?s=96&d=mm&r=g","caption":"Jeanette"},"sameAs":["https:\/\/www.eldiario.net\/portal"],"url":"https:\/\/www.eldiario.net\/portal\/author\/jeanette\/"}]}},"_links":{"self":[{"href":"https:\/\/www.eldiario.net\/portal\/wp-json\/wp\/v2\/posts\/69615","targetHints":{"allow":["GET"]}}],"collection":[{"href":"https:\/\/www.eldiario.net\/portal\/wp-json\/wp\/v2\/posts"}],"about":[{"href":"https:\/\/www.eldiario.net\/portal\/wp-json\/wp\/v2\/types\/post"}],"author":[{"embeddable":true,"href":"https:\/\/www.eldiario.net\/portal\/wp-json\/wp\/v2\/users\/1"}],"replies":[{"embeddable":true,"href":"https:\/\/www.eldiario.net\/portal\/wp-json\/wp\/v2\/comments?post=69615"}],"version-history":[{"count":0,"href":"https:\/\/www.eldiario.net\/portal\/wp-json\/wp\/v2\/posts\/69615\/revisions"}],"wp:attachment":[{"href":"https:\/\/www.eldiario.net\/portal\/wp-json\/wp\/v2\/media?parent=69615"}],"wp:term":[{"taxonomy":"category","embeddable":true,"href":"https:\/\/www.eldiario.net\/portal\/wp-json\/wp\/v2\/categories?post=69615"},{"taxonomy":"post_tag","embeddable":true,"href":"https:\/\/www.eldiario.net\/portal\/wp-json\/wp\/v2\/tags?post=69615"}],"curies":[{"name":"wp","href":"https:\/\/api.w.org\/{rel}","templated":true}]}}