{"id":69612,"date":"2022-03-15T05:10:15","date_gmt":"2022-03-15T09:10:15","guid":{"rendered":"https:\/\/www.eldiario.net\/portal\/?p=69612"},"modified":"2022-03-15T05:10:15","modified_gmt":"2022-03-15T09:10:15","slug":"fuerzas-rusas-no-descarta-tomar-principales-ciudades-de-ucrania","status":"publish","type":"post","link":"https:\/\/www.eldiario.net\/portal\/2022\/03\/15\/fuerzas-rusas-no-descarta-tomar-principales-ciudades-de-ucrania\/","title":{"rendered":"Fuerzas rusas no descarta tomar  principales ciudades de Ucrania"},"content":{"rendered":"<p class=\"v1MsoNormal\"><span lang=\"es-419\">Kiev.- El Gobierno de Rusia afirm\u00f3 ahora que \u00abno descarta\u00bb que sus tropas intenten hacerse con el control de las principales ciudades de Ucrania, en un reconocimiento p\u00fablico que deja claro que el plan del presidente ruso Vladimir Putin va m\u00e1s all\u00e1 de eliminar potenciales amenazas cerca de la frontera com\u00fan.<\/span><\/p>\n<p class=\"v1MsoNormal\"><span lang=\"es-419\">El portavoz del Kremlin, Dimitri Peskov, dijo que \u00abel Ministerio de Defensa no descarta la posibilidad de tener pleno control de los grandes enclaves\u00bb, algunos de los cuales, como Kiev, ya considera \u00abrodeados\u00bb a d\u00eda de hoy, a excepci\u00f3n de v\u00edas que, seg\u00fan Mosc\u00fa, permiten la evacuaci\u00f3n de civiles.<\/span><\/p>\n<p class=\"v1MsoNormal\"><span lang=\"es-419\">Peskov explic\u00f3 que, dentro de estos avances, las Fuerzas Armadas utilizan armamento de precisi\u00f3n y \u00abs\u00f3lo atacan instalaciones de la infraestructura militar y de informaci\u00f3n\u00bb, en contra de lo que aseguran las autoridades ucranianas y organizaciones internacionales como la ONU.<\/span><\/p>\n<p class=\"v1MsoNormal\"><span lang=\"es-419\">El presidente ruso, Vladimir Putin, orden\u00f3 la invasi\u00f3n el 24 de febrero y, seg\u00fan Peskov, la \u00aboperaci\u00f3n especial\u00bb avanza conforme al \u00abplan original\u00bb. As\u00ed, \u00abse completar\u00e1 a tiempo y por completo\u00bb, ha se\u00f1alado el portavoz del Kremlin, seg\u00fan la agencia de noticias TASS.<\/span><\/p>\n<p class=\"v1MsoNormal\"><span lang=\"es-419\">Sin embargo, ha evitado poner fecha a la posible finalizaci\u00f3n de la ofensiva. \u00abNada que decir por ahora\u00bb, se limit\u00f3 a responder Peskov ante los medios. (Europa Press)<\/span><\/p>\n","protected":false},"excerpt":{"rendered":"<p>Kiev.- El Gobierno de Rusia afirm\u00f3 ahora que \u00abno descarta\u00bb que sus tropas intenten hacerse con el control de las principales ciudades de Ucrania, en un reconocimiento p\u00fablico que deja claro que el plan del presidente ruso Vladimir Putin va m\u00e1s all\u00e1 de eliminar potenciales amenazas cerca de la frontera com\u00fan. El portavoz del Kremlin, [&hellip;]<\/p>\n","protected":false},"author":1,"featured_media":69613,"comment_status":"closed","ping_status":"closed","sticky":false,"template":"","format":"standard","meta":{"_acf_changed":false,"footnotes":""},"categories":[3],"tags":[],"class_list":["post-69612","post","type-post","status-publish","format-standard","has-post-thumbnail","category-internacional"],"acf":{"antetitulo":""},"yoast_head":"<!-- This site is optimized with the Yoast SEO plugin v28.4 - https:\/\/yoast.com\/product\/yoast-seo-wordpress\/ -->\n<title>Fuerzas rusas no descarta tomar principales ciudades de Ucrania - El Diario - Bolivia<\/title>\n<meta name=\"robots\" content=\"index, follow, max-snippet:-1, max-image-preview:large, max-video-preview:-1\" \/>\n<link rel=\"canonical\" href=\"https:\/\/www.eldiario.net\/portal\/2022\/03\/15\/fuerzas-rusas-no-descarta-tomar-principales-ciudades-de-ucrania\/\" \/>\n<meta property=\"og:locale\" content=\"es_ES\" \/>\n<meta property=\"og:type\" content=\"article\" \/>\n<meta property=\"og:title\" content=\"Fuerzas rusas no descarta tomar principales ciudades de Ucrania - El Diario - Bolivia\" \/>\n<meta property=\"og:description\" content=\"Kiev.- El Gobierno de Rusia afirm\u00f3 ahora que \u00abno descarta\u00bb que sus tropas intenten hacerse con el control de las principales ciudades de Ucrania, en un reconocimiento p\u00fablico que deja claro que el plan del presidente ruso Vladimir Putin va m\u00e1s all\u00e1 de eliminar potenciales amenazas cerca de la frontera com\u00fan. El portavoz del Kremlin, [&hellip;]\" \/>\n<meta property=\"og:url\" content=\"https:\/\/www.eldiario.net\/portal\/2022\/03\/15\/fuerzas-rusas-no-descarta-tomar-principales-ciudades-de-ucrania\/\" \/>\n<meta property=\"og:site_name\" content=\"El Diario - Bolivia\" \/>\n<meta property=\"article:publisher\" content=\"https:\/\/www.facebook.com\/eldiario.bolivia\/\" \/>\n<meta property=\"article:published_time\" content=\"2022-03-15T09:10:15+00:00\" \/>\n<meta property=\"og:image\" content=\"https:\/\/www.eldiario.net\/portal\/wp-content\/uploads\/2022\/03\/INVASION-RUSA.jpg\" \/>\n\t<meta property=\"og:image:width\" content=\"1280\" \/>\n\t<meta property=\"og:image:height\" content=\"720\" \/>\n\t<meta property=\"og:image:type\" content=\"image\/jpeg\" \/>\n<meta name=\"author\" content=\"Jeanette\" \/>\n<meta name=\"twitter:card\" content=\"summary_large_image\" \/>\n<meta name=\"twitter:creator\" content=\"@eldiario_net\" \/>\n<meta name=\"twitter:site\" content=\"@eldiario_net\" \/>\n<meta name=\"twitter:label1\" content=\"Escrito por\" \/>\n\t<meta name=\"twitter:data1\" content=\"Jeanette\" \/>\n\t<meta name=\"twitter:label2\" content=\"Tiempo de lectura\" \/>\n\t<meta name=\"twitter:data2\" content=\"1 minuto\" \/>\n<script type=\"application\/ld+json\" class=\"yoast-schema-graph\">{\"@context\":\"https:\\\/\\\/schema.org\",\"@graph\":[{\"@type\":\"Article\",\"@id\":\"https:\\\/\\\/www.eldiario.net\\\/portal\\\/2022\\\/03\\\/15\\\/fuerzas-rusas-no-descarta-tomar-principales-ciudades-de-ucrania\\\/#article\",\"isPartOf\":{\"@id\":\"https:\\\/\\\/www.eldiario.net\\\/portal\\\/2022\\\/03\\\/15\\\/fuerzas-rusas-no-descarta-tomar-principales-ciudades-de-ucrania\\\/\"},\"author\":{\"name\":\"Jeanette\",\"@id\":\"https:\\\/\\\/www.eldiario.net\\\/portal\\\/#\\\/schema\\\/person\\\/2c57cf2b7a7ae032e449e4c9b1019eac\"},\"headline\":\"Fuerzas rusas no descarta tomar principales ciudades de Ucrania\",\"datePublished\":\"2022-03-15T09:10:15+00:00\",\"mainEntityOfPage\":{\"@id\":\"https:\\\/\\\/www.eldiario.net\\\/portal\\\/2022\\\/03\\\/15\\\/fuerzas-rusas-no-descarta-tomar-principales-ciudades-de-ucrania\\\/\"},\"wordCount\":237,\"publisher\":{\"@id\":\"https:\\\/\\\/www.eldiario.net\\\/portal\\\/#organization\"},\"image\":{\"@id\":\"https:\\\/\\\/www.eldiario.net\\\/portal\\\/2022\\\/03\\\/15\\\/fuerzas-rusas-no-descarta-tomar-principales-ciudades-de-ucrania\\\/#primaryimage\"},\"thumbnailUrl\":\"https:\\\/\\\/www.eldiario.net\\\/portal\\\/wp-content\\\/uploads\\\/2022\\\/03\\\/INVASION-RUSA.jpg\",\"articleSection\":[\"Internacional\"],\"inLanguage\":\"es\"},{\"@type\":\"WebPage\",\"@id\":\"https:\\\/\\\/www.eldiario.net\\\/portal\\\/2022\\\/03\\\/15\\\/fuerzas-rusas-no-descarta-tomar-principales-ciudades-de-ucrania\\\/\",\"url\":\"https:\\\/\\\/www.eldiario.net\\\/portal\\\/2022\\\/03\\\/15\\\/fuerzas-rusas-no-descarta-tomar-principales-ciudades-de-ucrania\\\/\",\"name\":\"Fuerzas rusas no descarta tomar principales ciudades de Ucrania - El Diario - Bolivia\",\"isPartOf\":{\"@id\":\"https:\\\/\\\/www.eldiario.net\\\/portal\\\/#website\"},\"primaryImageOfPage\":{\"@id\":\"https:\\\/\\\/www.eldiario.net\\\/portal\\\/2022\\\/03\\\/15\\\/fuerzas-rusas-no-descarta-tomar-principales-ciudades-de-ucrania\\\/#primaryimage\"},\"image\":{\"@id\":\"https:\\\/\\\/www.eldiario.net\\\/portal\\\/2022\\\/03\\\/15\\\/fuerzas-rusas-no-descarta-tomar-principales-ciudades-de-ucrania\\\/#primaryimage\"},\"thumbnailUrl\":\"https:\\\/\\\/www.eldiario.net\\\/portal\\\/wp-content\\\/uploads\\\/2022\\\/03\\\/INVASION-RUSA.jpg\",\"datePublished\":\"2022-03-15T09:10:15+00:00\",\"breadcrumb\":{\"@id\":\"https:\\\/\\\/www.eldiario.net\\\/portal\\\/2022\\\/03\\\/15\\\/fuerzas-rusas-no-descarta-tomar-principales-ciudades-de-ucrania\\\/#breadcrumb\"},\"inLanguage\":\"es\",\"potentialAction\":[{\"@type\":\"ReadAction\",\"target\":[\"https:\\\/\\\/www.eldiario.net\\\/portal\\\/2022\\\/03\\\/15\\\/fuerzas-rusas-no-descarta-tomar-principales-ciudades-de-ucrania\\\/\"]}]},{\"@type\":\"ImageObject\",\"inLanguage\":\"es\",\"@id\":\"https:\\\/\\\/www.eldiario.net\\\/portal\\\/2022\\\/03\\\/15\\\/fuerzas-rusas-no-descarta-tomar-principales-ciudades-de-ucrania\\\/#primaryimage\",\"url\":\"https:\\\/\\\/www.eldiario.net\\\/portal\\\/wp-content\\\/uploads\\\/2022\\\/03\\\/INVASION-RUSA.jpg\",\"contentUrl\":\"https:\\\/\\\/www.eldiario.net\\\/portal\\\/wp-content\\\/uploads\\\/2022\\\/03\\\/INVASION-RUSA.jpg\",\"width\":1280,\"height\":720,\"caption\":\"FOTO MUESTRA DA\u00d1OS CAUSADO POR LA INVASI\u00d3N RUSA. EUROPA PRESS\"},{\"@type\":\"BreadcrumbList\",\"@id\":\"https:\\\/\\\/www.eldiario.net\\\/portal\\\/2022\\\/03\\\/15\\\/fuerzas-rusas-no-descarta-tomar-principales-ciudades-de-ucrania\\\/#breadcrumb\",\"itemListElement\":[{\"@type\":\"ListItem\",\"position\":1,\"name\":\"Portada\",\"item\":\"https:\\\/\\\/www.eldiario.net\\\/portal\\\/\"},{\"@type\":\"ListItem\",\"position\":2,\"name\":\"Fuerzas rusas no descarta tomar principales ciudades de Ucrania\"}]},{\"@type\":\"WebSite\",\"@id\":\"https:\\\/\\\/www.eldiario.net\\\/portal\\\/#website\",\"url\":\"https:\\\/\\\/www.eldiario.net\\\/portal\\\/\",\"name\":\"El Diario - Decano de la prensa nacional\",\"description\":\"El Diario - Decano de la prensa nacional\",\"publisher\":{\"@id\":\"https:\\\/\\\/www.eldiario.net\\\/portal\\\/#organization\"},\"potentialAction\":[{\"@type\":\"SearchAction\",\"target\":{\"@type\":\"EntryPoint\",\"urlTemplate\":\"https:\\\/\\\/www.eldiario.net\\\/portal\\\/?s={search_term_string}\"},\"query-input\":{\"@type\":\"PropertyValueSpecification\",\"valueRequired\":true,\"valueName\":\"search_term_string\"}}],\"inLanguage\":\"es\"},{\"@type\":\"Organization\",\"@id\":\"https:\\\/\\\/www.eldiario.net\\\/portal\\\/#organization\",\"name\":\"El Diario - Decano de la prensa nacional\",\"url\":\"https:\\\/\\\/www.eldiario.net\\\/portal\\\/\",\"logo\":{\"@type\":\"ImageObject\",\"inLanguage\":\"es\",\"@id\":\"https:\\\/\\\/www.eldiario.net\\\/portal\\\/#\\\/schema\\\/logo\\\/image\\\/\",\"url\":\"https:\\\/\\\/www.eldiario.net\\\/portal\\\/wp-content\\\/uploads\\\/2023\\\/07\\\/logo_ED.jpg\",\"contentUrl\":\"https:\\\/\\\/www.eldiario.net\\\/portal\\\/wp-content\\\/uploads\\\/2023\\\/07\\\/logo_ED.jpg\",\"width\":272,\"height\":52,\"caption\":\"El Diario - Decano de la prensa nacional\"},\"image\":{\"@id\":\"https:\\\/\\\/www.eldiario.net\\\/portal\\\/#\\\/schema\\\/logo\\\/image\\\/\"},\"sameAs\":[\"https:\\\/\\\/www.facebook.com\\\/eldiario.bolivia\\\/\",\"https:\\\/\\\/x.com\\\/eldiario_net\"]},{\"@type\":\"Person\",\"@id\":\"https:\\\/\\\/www.eldiario.net\\\/portal\\\/#\\\/schema\\\/person\\\/2c57cf2b7a7ae032e449e4c9b1019eac\",\"name\":\"Jeanette\",\"image\":{\"@type\":\"ImageObject\",\"inLanguage\":\"es\",\"@id\":\"https:\\\/\\\/secure.gravatar.com\\\/avatar\\\/3ea2118a5f7dad2b7138b1187a6b7ee55f160b9968b66013c3a3ef39dd7e5798?s=96&d=mm&r=g\",\"url\":\"https:\\\/\\\/secure.gravatar.com\\\/avatar\\\/3ea2118a5f7dad2b7138b1187a6b7ee55f160b9968b66013c3a3ef39dd7e5798?s=96&d=mm&r=g\",\"contentUrl\":\"https:\\\/\\\/secure.gravatar.com\\\/avatar\\\/3ea2118a5f7dad2b7138b1187a6b7ee55f160b9968b66013c3a3ef39dd7e5798?s=96&d=mm&r=g\",\"caption\":\"Jeanette\"},\"sameAs\":[\"https:\\\/\\\/www.eldiario.net\\\/portal\"],\"url\":\"https:\\\/\\\/www.eldiario.net\\\/portal\\\/author\\\/jeanette\\\/\"}]}<\/script>\n<!-- \/ Yoast SEO plugin. -->","yoast_head_json":{"title":"Fuerzas rusas no descarta tomar principales ciudades de Ucrania - El Diario - Bolivia","robots":{"index":"index","follow":"follow","max-snippet":"max-snippet:-1","max-image-preview":"max-image-preview:large","max-video-preview":"max-video-preview:-1"},"canonical":"https:\/\/www.eldiario.net\/portal\/2022\/03\/15\/fuerzas-rusas-no-descarta-tomar-principales-ciudades-de-ucrania\/","og_locale":"es_ES","og_type":"article","og_title":"Fuerzas rusas no descarta tomar principales ciudades de Ucrania - El Diario - Bolivia","og_description":"Kiev.- El Gobierno de Rusia afirm\u00f3 ahora que \u00abno descarta\u00bb que sus tropas intenten hacerse con el control de las principales ciudades de Ucrania, en un reconocimiento p\u00fablico que deja claro que el plan del presidente ruso Vladimir Putin va m\u00e1s all\u00e1 de eliminar potenciales amenazas cerca de la frontera com\u00fan. El portavoz del Kremlin, [&hellip;]","og_url":"https:\/\/www.eldiario.net\/portal\/2022\/03\/15\/fuerzas-rusas-no-descarta-tomar-principales-ciudades-de-ucrania\/","og_site_name":"El Diario - Bolivia","article_publisher":"https:\/\/www.facebook.com\/eldiario.bolivia\/","article_published_time":"2022-03-15T09:10:15+00:00","og_image":[{"width":1280,"height":720,"url":"https:\/\/www.eldiario.net\/portal\/wp-content\/uploads\/2022\/03\/INVASION-RUSA.jpg","type":"image\/jpeg"}],"author":"Jeanette","twitter_card":"summary_large_image","twitter_creator":"@eldiario_net","twitter_site":"@eldiario_net","twitter_misc":{"Escrito por":"Jeanette","Tiempo de lectura":"1 minuto"},"schema":{"@context":"https:\/\/schema.org","@graph":[{"@type":"Article","@id":"https:\/\/www.eldiario.net\/portal\/2022\/03\/15\/fuerzas-rusas-no-descarta-tomar-principales-ciudades-de-ucrania\/#article","isPartOf":{"@id":"https:\/\/www.eldiario.net\/portal\/2022\/03\/15\/fuerzas-rusas-no-descarta-tomar-principales-ciudades-de-ucrania\/"},"author":{"name":"Jeanette","@id":"https:\/\/www.eldiario.net\/portal\/#\/schema\/person\/2c57cf2b7a7ae032e449e4c9b1019eac"},"headline":"Fuerzas rusas no descarta tomar principales ciudades de Ucrania","datePublished":"2022-03-15T09:10:15+00:00","mainEntityOfPage":{"@id":"https:\/\/www.eldiario.net\/portal\/2022\/03\/15\/fuerzas-rusas-no-descarta-tomar-principales-ciudades-de-ucrania\/"},"wordCount":237,"publisher":{"@id":"https:\/\/www.eldiario.net\/portal\/#organization"},"image":{"@id":"https:\/\/www.eldiario.net\/portal\/2022\/03\/15\/fuerzas-rusas-no-descarta-tomar-principales-ciudades-de-ucrania\/#primaryimage"},"thumbnailUrl":"https:\/\/www.eldiario.net\/portal\/wp-content\/uploads\/2022\/03\/INVASION-RUSA.jpg","articleSection":["Internacional"],"inLanguage":"es"},{"@type":"WebPage","@id":"https:\/\/www.eldiario.net\/portal\/2022\/03\/15\/fuerzas-rusas-no-descarta-tomar-principales-ciudades-de-ucrania\/","url":"https:\/\/www.eldiario.net\/portal\/2022\/03\/15\/fuerzas-rusas-no-descarta-tomar-principales-ciudades-de-ucrania\/","name":"Fuerzas rusas no descarta tomar principales ciudades de Ucrania - El Diario - Bolivia","isPartOf":{"@id":"https:\/\/www.eldiario.net\/portal\/#website"},"primaryImageOfPage":{"@id":"https:\/\/www.eldiario.net\/portal\/2022\/03\/15\/fuerzas-rusas-no-descarta-tomar-principales-ciudades-de-ucrania\/#primaryimage"},"image":{"@id":"https:\/\/www.eldiario.net\/portal\/2022\/03\/15\/fuerzas-rusas-no-descarta-tomar-principales-ciudades-de-ucrania\/#primaryimage"},"thumbnailUrl":"https:\/\/www.eldiario.net\/portal\/wp-content\/uploads\/2022\/03\/INVASION-RUSA.jpg","datePublished":"2022-03-15T09:10:15+00:00","breadcrumb":{"@id":"https:\/\/www.eldiario.net\/portal\/2022\/03\/15\/fuerzas-rusas-no-descarta-tomar-principales-ciudades-de-ucrania\/#breadcrumb"},"inLanguage":"es","potentialAction":[{"@type":"ReadAction","target":["https:\/\/www.eldiario.net\/portal\/2022\/03\/15\/fuerzas-rusas-no-descarta-tomar-principales-ciudades-de-ucrania\/"]}]},{"@type":"ImageObject","inLanguage":"es","@id":"https:\/\/www.eldiario.net\/portal\/2022\/03\/15\/fuerzas-rusas-no-descarta-tomar-principales-ciudades-de-ucrania\/#primaryimage","url":"https:\/\/www.eldiario.net\/portal\/wp-content\/uploads\/2022\/03\/INVASION-RUSA.jpg","contentUrl":"https:\/\/www.eldiario.net\/portal\/wp-content\/uploads\/2022\/03\/INVASION-RUSA.jpg","width":1280,"height":720,"caption":"FOTO MUESTRA DA\u00d1OS CAUSADO POR LA INVASI\u00d3N RUSA. EUROPA PRESS"},{"@type":"BreadcrumbList","@id":"https:\/\/www.eldiario.net\/portal\/2022\/03\/15\/fuerzas-rusas-no-descarta-tomar-principales-ciudades-de-ucrania\/#breadcrumb","itemListElement":[{"@type":"ListItem","position":1,"name":"Portada","item":"https:\/\/www.eldiario.net\/portal\/"},{"@type":"ListItem","position":2,"name":"Fuerzas rusas no descarta tomar principales ciudades de Ucrania"}]},{"@type":"WebSite","@id":"https:\/\/www.eldiario.net\/portal\/#website","url":"https:\/\/www.eldiario.net\/portal\/","name":"El Diario - Decano de la prensa nacional","description":"El Diario - Decano de la prensa nacional","publisher":{"@id":"https:\/\/www.eldiario.net\/portal\/#organization"},"potentialAction":[{"@type":"SearchAction","target":{"@type":"EntryPoint","urlTemplate":"https:\/\/www.eldiario.net\/portal\/?s={search_term_string}"},"query-input":{"@type":"PropertyValueSpecification","valueRequired":true,"valueName":"search_term_string"}}],"inLanguage":"es"},{"@type":"Organization","@id":"https:\/\/www.eldiario.net\/portal\/#organization","name":"El Diario - Decano de la prensa nacional","url":"https:\/\/www.eldiario.net\/portal\/","logo":{"@type":"ImageObject","inLanguage":"es","@id":"https:\/\/www.eldiario.net\/portal\/#\/schema\/logo\/image\/","url":"https:\/\/www.eldiario.net\/portal\/wp-content\/uploads\/2023\/07\/logo_ED.jpg","contentUrl":"https:\/\/www.eldiario.net\/portal\/wp-content\/uploads\/2023\/07\/logo_ED.jpg","width":272,"height":52,"caption":"El Diario - Decano de la prensa nacional"},"image":{"@id":"https:\/\/www.eldiario.net\/portal\/#\/schema\/logo\/image\/"},"sameAs":["https:\/\/www.facebook.com\/eldiario.bolivia\/","https:\/\/x.com\/eldiario_net"]},{"@type":"Person","@id":"https:\/\/www.eldiario.net\/portal\/#\/schema\/person\/2c57cf2b7a7ae032e449e4c9b1019eac","name":"Jeanette","image":{"@type":"ImageObject","inLanguage":"es","@id":"https:\/\/secure.gravatar.com\/avatar\/3ea2118a5f7dad2b7138b1187a6b7ee55f160b9968b66013c3a3ef39dd7e5798?s=96&d=mm&r=g","url":"https:\/\/secure.gravatar.com\/avatar\/3ea2118a5f7dad2b7138b1187a6b7ee55f160b9968b66013c3a3ef39dd7e5798?s=96&d=mm&r=g","contentUrl":"https:\/\/secure.gravatar.com\/avatar\/3ea2118a5f7dad2b7138b1187a6b7ee55f160b9968b66013c3a3ef39dd7e5798?s=96&d=mm&r=g","caption":"Jeanette"},"sameAs":["https:\/\/www.eldiario.net\/portal"],"url":"https:\/\/www.eldiario.net\/portal\/author\/jeanette\/"}]}},"_links":{"self":[{"href":"https:\/\/www.eldiario.net\/portal\/wp-json\/wp\/v2\/posts\/69612","targetHints":{"allow":["GET"]}}],"collection":[{"href":"https:\/\/www.eldiario.net\/portal\/wp-json\/wp\/v2\/posts"}],"about":[{"href":"https:\/\/www.eldiario.net\/portal\/wp-json\/wp\/v2\/types\/post"}],"author":[{"embeddable":true,"href":"https:\/\/www.eldiario.net\/portal\/wp-json\/wp\/v2\/users\/1"}],"replies":[{"embeddable":true,"href":"https:\/\/www.eldiario.net\/portal\/wp-json\/wp\/v2\/comments?post=69612"}],"version-history":[{"count":0,"href":"https:\/\/www.eldiario.net\/portal\/wp-json\/wp\/v2\/posts\/69612\/revisions"}],"wp:featuredmedia":[{"embeddable":true,"href":"https:\/\/www.eldiario.net\/portal\/wp-json\/wp\/v2\/media\/69613"}],"wp:attachment":[{"href":"https:\/\/www.eldiario.net\/portal\/wp-json\/wp\/v2\/media?parent=69612"}],"wp:term":[{"taxonomy":"category","embeddable":true,"href":"https:\/\/www.eldiario.net\/portal\/wp-json\/wp\/v2\/categories?post=69612"},{"taxonomy":"post_tag","embeddable":true,"href":"https:\/\/www.eldiario.net\/portal\/wp-json\/wp\/v2\/tags?post=69612"}],"curies":[{"name":"wp","href":"https:\/\/api.w.org\/{rel}","templated":true}]}}