{"id":69599,"date":"2022-03-15T05:03:47","date_gmt":"2022-03-15T09:03:47","guid":{"rendered":"https:\/\/www.eldiario.net\/portal\/?p=69599"},"modified":"2022-03-15T05:03:47","modified_gmt":"2022-03-15T09:03:47","slug":"herramientas-para-mejorar-tus-presentaciones-2","status":"publish","type":"post","link":"https:\/\/www.eldiario.net\/portal\/2022\/03\/15\/herramientas-para-mejorar-tus-presentaciones-2\/","title":{"rendered":"Herramientas para mejorar tus presentaciones"},"content":{"rendered":"<p><strong>Por: Equipo editor<\/strong><\/p>\n<p>&nbsp;<\/p>\n<p>Dedicar tiempo y trabajo a crear tu presentaci\u00f3n, se ver\u00e1 reflejado en el resultado final. Crear un PowerPoint no es lo realmente importante, este es solo uno de los pasos. El proceso creativo de una presentaci\u00f3n multimedia est\u00e1 formado por cuatro fases desde el momento en que se plantea su creaci\u00f3n, hasta que llega a tus estudiantes:<\/p>\n<p>&nbsp;<\/p>\n<ul>\n<li>Planificaci\u00f3n<\/li>\n<li>Estructura<\/li>\n<li>Dise\u00f1o<\/li>\n<li>Exposici\u00f3n<\/li>\n<\/ul>\n<p>&nbsp;<\/p>\n<p><strong>Planificar con antelaci\u00f3n\u00a0la presentaci\u00f3n<\/strong>\u00a0es fundamental, de hecho, no es necesario que tengas abierta la herramienta PowerPoint para empezar. En este caso te aconsejo que\u00a0no la abras\u00a0y que te apoyes en una hoja en blanco y un boli para plasmar y articular todo lo que necesitas. Si no eres de l\u00e1piz y papel, una hoja Word tambi\u00e9n est\u00e1 permitida.<\/p>\n<p>&nbsp;<\/p>\n<p>Lo que nos ocurre cuando nos sentamos a planificar una presentaci\u00f3n, es que nos abordan muchas dudas. Nos cuestionamos aspectos b\u00e1sicos, que son necesarios plantearse para hacer una presentaci\u00f3n eficaz, como por ejemplo:<\/p>\n<p>&nbsp;<\/p>\n<ul>\n<li>\u00bfQu\u00e9 quiero transmitir con mi presentaci\u00f3n? \u00bfQuiero informar, formar, cambiar el pensamiento de los estudiantes, etc.?<\/li>\n<li>\u00bfC\u00f3mo son mis espectadores y qu\u00e9 conocimientos previos tienen sobre la materia? \u00bfQu\u00e9 necesitan y qu\u00e9 les voy a ofrecer?<\/li>\n<li>\u00bfCu\u00e1nto quiero que dure la presentaci\u00f3n?, \u00bfen qu\u00e9 contexto se desarrolla la misma, es una presentaci\u00f3n de clase, de un tema, de un concepto dentro de un tema?<\/li>\n<li>\u00bfD\u00f3nde voy a usar la presentaci\u00f3n, es para utilizarla en clase o es para que la consulten en Aula Virtual?<\/li>\n<li>\u00bfCu\u00e1l es la idea o el mensaje que quiero transmitir a mis estudiantes?<\/li>\n<li>\u00bfQu\u00e9 conocimiento debo poseer para realizar la presentaci\u00f3n?, \u00bfes necesario que me forme y aprenda algo m\u00e1s o tengo todo lo que necesito?<\/li>\n<\/ul>\n<p>&nbsp;<\/p>\n<p><strong>Seleccionar y dar forma a tus ideas<\/strong>\u00a0es el siguiente paso para generar la estructura de tu presentaci\u00f3n. Una vez hayas respondido a todas las cuestiones que te hiciste en la planificaci\u00f3n, es necesario que re\u00fanas toda la informaci\u00f3n y la estructures. Te puedes basar en la estructura m\u00e1s b\u00e1sica utilizada en las presentaciones, compuesta de introducci\u00f3n, cuerpo y conclusiones, desarrollando la parte del cuerpo con la informaci\u00f3n que necesitas transmitir. Esta secci\u00f3n se podr\u00e1 subdividir en otras, pensando el contenido que tendr\u00e1 cada una de ellas, la extensi\u00f3n aproximada, el tiempo de dedicaci\u00f3n del estudiante, etc. Como contenido no solo nos referimos al contenido textual, sino tambi\u00e9n a que\u00a0dediques\u00a0un\u00a0tiempo a pensar\u00a0qu\u00e9 recursos multimedia, citas, ejemplos pr\u00e1cticos, pr\u00e1cticas, etc. vas a plantear en cada uno de ellos.<\/p>\n<p>&nbsp;<\/p>\n<p>En este punto dispones de todo el contenido en bruto de lo que quieres trasladar en tu presentaci\u00f3n, ahora necesitar\u00e1s de un\u00a0dise\u00f1o atractivo\u00a0que haga a tu audiencia ir navegando por la presentaci\u00f3n de forma amigable y con la curiosidad de qu\u00e9 vendr\u00e1 despu\u00e9s. Es importante que a la hora de plasmar la informaci\u00f3n tengas especial cuidado a las fuentes de texto elegidas, su tama\u00f1o, el color, el uso de listas, de gr\u00e1ficos, etc. De la misma manera, tendr\u00e1s que pensar c\u00f3mo incluir los distintos elementos multimedia que quieras proporcionar en la presentaci\u00f3n, como audios, v\u00eddeos, fotos, gr\u00e1ficos, etc. no abusar de ellos y que tengan un sentido l\u00f3gico dentro de la presentaci\u00f3n.<\/p>\n<p>&nbsp;<\/p>\n<p>Recuerda que siempre\u00a0\u201cmenos es m\u00e1s\u201d\u00a0y el objetivo de tu presentaci\u00f3n es conseguir un dise\u00f1o sencillo, atractivo, con un texto legible y un uso racional de los elementos multimedia, siempre con calidad para que los espectadores puedan visualizarlos correctamente.<\/p>\n<p>&nbsp;<\/p>\n<p>La \u00faltima etapa del proceso ser\u00e1 la exposici\u00f3n o compartir la presentaci\u00f3n con tu auditorio donde se cierra y toma sentido todo el trabajo anterior. Si nuestra presentaci\u00f3n est\u00e1 bien realizada, nos servir\u00e1 de gu\u00eda para que los espectadores encuentren la informaci\u00f3n bien estructurada con un dise\u00f1o agradable y limpio y para que les ayude a comprender y afianzar los conocimientos de una manera m\u00e1s atractiva que otros formatos.<\/p>\n<p>&nbsp;<\/p>\n<p><strong>\u00bfC\u00f3mo hacer una buena presentaci\u00f3n?<\/strong><\/p>\n<p>&nbsp;<\/p>\n<p>Es muy com\u00fan que a la hora de trasladar una idea o conocimiento a alguien, se caiga en el error de querer contar todo lo que uno sabe en la presentaci\u00f3n. Normalmente disponemos de un tiempo limitado y mucho conocimiento, datos, im\u00e1genes, etc., que incluir en la presentaci\u00f3n para contar todo. Lo que no nos damos cuenta es que esa saturaci\u00f3n de informaci\u00f3n hace que el p\u00fablico no sea capaz de seguirnos el ritmo y termine desconectando para pensar en sus cosas, que cierre la presentaci\u00f3n para consultarla m\u00e1s adelante (cuando encuentre la motivaci\u00f3n) o directamente que no la vuelva a abrir, buscando la informaci\u00f3n en otro lado.<\/p>\n<p>&nbsp;<\/p>\n<p>Esto nos pasa cuando no pensamos en las necesidades reales de los espectadores y c\u00f3mo reciben ellos la informaci\u00f3n.<\/p>\n<p>&nbsp;<\/p>\n<p>El profesor de psicolog\u00eda de la universidad de Harvard Stephen M.Kosslyn explica en su libro\u00a0<a href=\"https:\/\/books.google.es\/books\/about\/Clear_and_to_the_Point.html?id=N5sSYO20IG0C&amp;redir_esc=y\">Clear and to the Point: 8 Psychological Principles for Compelling PowerPoint Presentations<\/a>\u00a0que existen tres objetivos fundamentales que definen cualquier presentaci\u00f3n con independencia de cu\u00e1l sea su prop\u00f3sito:<\/p>\n<p>&nbsp;<\/p>\n<ul>\n<li>Conectar con el receptor de la presentaci\u00f3n.<\/li>\n<li>Mantener la atenci\u00f3n.<\/li>\n<li>Fomentar la comprensi\u00f3n y el recuerdo del mensaje.<\/li>\n<\/ul>\n<p>&nbsp;<\/p>\n<p>Si cumplimos estos tres objetivos, nos asegura el \u00e9xito de la presentaci\u00f3n que vamos a hacer.<\/p>\n<p><a href=\"https:\/\/www.eldiario.net\/portal\/wp-content\/uploads\/2022\/03\/TE-Tips.png\"><img loading=\"lazy\" decoding=\"async\" class=\"aligncenter size-full wp-image-69601\" src=\"https:\/\/www.eldiario.net\/portal\/wp-content\/uploads\/2022\/03\/TE-Tips.png\" alt=\"\" width=\"474\" height=\"894\" \/><\/a><\/p>\n","protected":false},"excerpt":{"rendered":"<p>Por: Equipo editor &nbsp; Dedicar tiempo y trabajo a crear tu presentaci\u00f3n, se ver\u00e1 reflejado en el resultado final. Crear un PowerPoint no es lo realmente importante, este es solo uno de los pasos. El proceso creativo de una presentaci\u00f3n multimedia est\u00e1 formado por cuatro fases desde el momento en que se plantea su creaci\u00f3n, [&hellip;]<\/p>\n","protected":false},"author":1,"featured_media":69600,"comment_status":"closed","ping_status":"closed","sticky":false,"template":"","format":"standard","meta":{"_acf_changed":false,"footnotes":""},"categories":[43],"tags":[],"class_list":["post-69599","post","type-post","status-publish","format-standard","has-post-thumbnail","category-nuevos-horizontes"],"acf":{"antetitulo":""},"yoast_head":"<!-- This site is optimized with the Yoast SEO plugin v28.4 - https:\/\/yoast.com\/product\/yoast-seo-wordpress\/ -->\n<title>Herramientas para mejorar tus presentaciones - El Diario - Bolivia<\/title>\n<meta name=\"robots\" content=\"index, follow, max-snippet:-1, max-image-preview:large, max-video-preview:-1\" \/>\n<link rel=\"canonical\" href=\"https:\/\/www.eldiario.net\/portal\/2022\/03\/15\/herramientas-para-mejorar-tus-presentaciones-2\/\" \/>\n<meta property=\"og:locale\" content=\"es_ES\" \/>\n<meta property=\"og:type\" content=\"article\" \/>\n<meta property=\"og:title\" content=\"Herramientas para mejorar tus presentaciones - El Diario - Bolivia\" \/>\n<meta property=\"og:description\" content=\"Por: Equipo editor &nbsp; Dedicar tiempo y trabajo a crear tu presentaci\u00f3n, se ver\u00e1 reflejado en el resultado final. Crear un PowerPoint no es lo realmente importante, este es solo uno de los pasos. El proceso creativo de una presentaci\u00f3n multimedia est\u00e1 formado por cuatro fases desde el momento en que se plantea su creaci\u00f3n, [&hellip;]\" \/>\n<meta property=\"og:url\" content=\"https:\/\/www.eldiario.net\/portal\/2022\/03\/15\/herramientas-para-mejorar-tus-presentaciones-2\/\" \/>\n<meta property=\"og:site_name\" content=\"El Diario - Bolivia\" \/>\n<meta property=\"article:publisher\" content=\"https:\/\/www.facebook.com\/eldiario.bolivia\/\" \/>\n<meta property=\"article:published_time\" content=\"2022-03-15T09:03:47+00:00\" \/>\n<meta name=\"author\" content=\"Jeanette\" \/>\n<meta name=\"twitter:card\" content=\"summary_large_image\" \/>\n<meta name=\"twitter:creator\" content=\"@eldiario_net\" \/>\n<meta name=\"twitter:site\" content=\"@eldiario_net\" \/>\n<meta name=\"twitter:label1\" content=\"Escrito por\" \/>\n\t<meta name=\"twitter:data1\" content=\"Jeanette\" \/>\n\t<meta name=\"twitter:label2\" content=\"Tiempo de lectura\" \/>\n\t<meta name=\"twitter:data2\" content=\"5 minutos\" \/>\n<script type=\"application\/ld+json\" class=\"yoast-schema-graph\">{\"@context\":\"https:\\\/\\\/schema.org\",\"@graph\":[{\"@type\":\"Article\",\"@id\":\"https:\\\/\\\/www.eldiario.net\\\/portal\\\/2022\\\/03\\\/15\\\/herramientas-para-mejorar-tus-presentaciones-2\\\/#article\",\"isPartOf\":{\"@id\":\"https:\\\/\\\/www.eldiario.net\\\/portal\\\/2022\\\/03\\\/15\\\/herramientas-para-mejorar-tus-presentaciones-2\\\/\"},\"author\":{\"name\":\"Jeanette\",\"@id\":\"https:\\\/\\\/www.eldiario.net\\\/portal\\\/#\\\/schema\\\/person\\\/2c57cf2b7a7ae032e449e4c9b1019eac\"},\"headline\":\"Herramientas para mejorar tus presentaciones\",\"datePublished\":\"2022-03-15T09:03:47+00:00\",\"mainEntityOfPage\":{\"@id\":\"https:\\\/\\\/www.eldiario.net\\\/portal\\\/2022\\\/03\\\/15\\\/herramientas-para-mejorar-tus-presentaciones-2\\\/\"},\"wordCount\":947,\"publisher\":{\"@id\":\"https:\\\/\\\/www.eldiario.net\\\/portal\\\/#organization\"},\"image\":{\"@id\":\"https:\\\/\\\/www.eldiario.net\\\/portal\\\/2022\\\/03\\\/15\\\/herramientas-para-mejorar-tus-presentaciones-2\\\/#primaryimage\"},\"thumbnailUrl\":\"\",\"articleSection\":[\"Nuevos Horizontes\"],\"inLanguage\":\"es\"},{\"@type\":\"WebPage\",\"@id\":\"https:\\\/\\\/www.eldiario.net\\\/portal\\\/2022\\\/03\\\/15\\\/herramientas-para-mejorar-tus-presentaciones-2\\\/\",\"url\":\"https:\\\/\\\/www.eldiario.net\\\/portal\\\/2022\\\/03\\\/15\\\/herramientas-para-mejorar-tus-presentaciones-2\\\/\",\"name\":\"Herramientas para mejorar tus presentaciones - El Diario - Bolivia\",\"isPartOf\":{\"@id\":\"https:\\\/\\\/www.eldiario.net\\\/portal\\\/#website\"},\"primaryImageOfPage\":{\"@id\":\"https:\\\/\\\/www.eldiario.net\\\/portal\\\/2022\\\/03\\\/15\\\/herramientas-para-mejorar-tus-presentaciones-2\\\/#primaryimage\"},\"image\":{\"@id\":\"https:\\\/\\\/www.eldiario.net\\\/portal\\\/2022\\\/03\\\/15\\\/herramientas-para-mejorar-tus-presentaciones-2\\\/#primaryimage\"},\"thumbnailUrl\":\"\",\"datePublished\":\"2022-03-15T09:03:47+00:00\",\"breadcrumb\":{\"@id\":\"https:\\\/\\\/www.eldiario.net\\\/portal\\\/2022\\\/03\\\/15\\\/herramientas-para-mejorar-tus-presentaciones-2\\\/#breadcrumb\"},\"inLanguage\":\"es\",\"potentialAction\":[{\"@type\":\"ReadAction\",\"target\":[\"https:\\\/\\\/www.eldiario.net\\\/portal\\\/2022\\\/03\\\/15\\\/herramientas-para-mejorar-tus-presentaciones-2\\\/\"]}]},{\"@type\":\"ImageObject\",\"inLanguage\":\"es\",\"@id\":\"https:\\\/\\\/www.eldiario.net\\\/portal\\\/2022\\\/03\\\/15\\\/herramientas-para-mejorar-tus-presentaciones-2\\\/#primaryimage\",\"url\":\"\",\"contentUrl\":\"\"},{\"@type\":\"BreadcrumbList\",\"@id\":\"https:\\\/\\\/www.eldiario.net\\\/portal\\\/2022\\\/03\\\/15\\\/herramientas-para-mejorar-tus-presentaciones-2\\\/#breadcrumb\",\"itemListElement\":[{\"@type\":\"ListItem\",\"position\":1,\"name\":\"Portada\",\"item\":\"https:\\\/\\\/www.eldiario.net\\\/portal\\\/\"},{\"@type\":\"ListItem\",\"position\":2,\"name\":\"Herramientas para mejorar tus presentaciones\"}]},{\"@type\":\"WebSite\",\"@id\":\"https:\\\/\\\/www.eldiario.net\\\/portal\\\/#website\",\"url\":\"https:\\\/\\\/www.eldiario.net\\\/portal\\\/\",\"name\":\"El Diario - Decano de la prensa nacional\",\"description\":\"El Diario - Decano de la prensa nacional\",\"publisher\":{\"@id\":\"https:\\\/\\\/www.eldiario.net\\\/portal\\\/#organization\"},\"potentialAction\":[{\"@type\":\"SearchAction\",\"target\":{\"@type\":\"EntryPoint\",\"urlTemplate\":\"https:\\\/\\\/www.eldiario.net\\\/portal\\\/?s={search_term_string}\"},\"query-input\":{\"@type\":\"PropertyValueSpecification\",\"valueRequired\":true,\"valueName\":\"search_term_string\"}}],\"inLanguage\":\"es\"},{\"@type\":\"Organization\",\"@id\":\"https:\\\/\\\/www.eldiario.net\\\/portal\\\/#organization\",\"name\":\"El Diario - Decano de la prensa nacional\",\"url\":\"https:\\\/\\\/www.eldiario.net\\\/portal\\\/\",\"logo\":{\"@type\":\"ImageObject\",\"inLanguage\":\"es\",\"@id\":\"https:\\\/\\\/www.eldiario.net\\\/portal\\\/#\\\/schema\\\/logo\\\/image\\\/\",\"url\":\"https:\\\/\\\/www.eldiario.net\\\/portal\\\/wp-content\\\/uploads\\\/2023\\\/07\\\/logo_ED.jpg\",\"contentUrl\":\"https:\\\/\\\/www.eldiario.net\\\/portal\\\/wp-content\\\/uploads\\\/2023\\\/07\\\/logo_ED.jpg\",\"width\":272,\"height\":52,\"caption\":\"El Diario - Decano de la prensa nacional\"},\"image\":{\"@id\":\"https:\\\/\\\/www.eldiario.net\\\/portal\\\/#\\\/schema\\\/logo\\\/image\\\/\"},\"sameAs\":[\"https:\\\/\\\/www.facebook.com\\\/eldiario.bolivia\\\/\",\"https:\\\/\\\/x.com\\\/eldiario_net\"]},{\"@type\":\"Person\",\"@id\":\"https:\\\/\\\/www.eldiario.net\\\/portal\\\/#\\\/schema\\\/person\\\/2c57cf2b7a7ae032e449e4c9b1019eac\",\"name\":\"Jeanette\",\"image\":{\"@type\":\"ImageObject\",\"inLanguage\":\"es\",\"@id\":\"https:\\\/\\\/secure.gravatar.com\\\/avatar\\\/3ea2118a5f7dad2b7138b1187a6b7ee55f160b9968b66013c3a3ef39dd7e5798?s=96&d=mm&r=g\",\"url\":\"https:\\\/\\\/secure.gravatar.com\\\/avatar\\\/3ea2118a5f7dad2b7138b1187a6b7ee55f160b9968b66013c3a3ef39dd7e5798?s=96&d=mm&r=g\",\"contentUrl\":\"https:\\\/\\\/secure.gravatar.com\\\/avatar\\\/3ea2118a5f7dad2b7138b1187a6b7ee55f160b9968b66013c3a3ef39dd7e5798?s=96&d=mm&r=g\",\"caption\":\"Jeanette\"},\"sameAs\":[\"https:\\\/\\\/www.eldiario.net\\\/portal\"],\"url\":\"https:\\\/\\\/www.eldiario.net\\\/portal\\\/author\\\/jeanette\\\/\"}]}<\/script>\n<!-- \/ Yoast SEO plugin. -->","yoast_head_json":{"title":"Herramientas para mejorar tus presentaciones - El Diario - Bolivia","robots":{"index":"index","follow":"follow","max-snippet":"max-snippet:-1","max-image-preview":"max-image-preview:large","max-video-preview":"max-video-preview:-1"},"canonical":"https:\/\/www.eldiario.net\/portal\/2022\/03\/15\/herramientas-para-mejorar-tus-presentaciones-2\/","og_locale":"es_ES","og_type":"article","og_title":"Herramientas para mejorar tus presentaciones - El Diario - Bolivia","og_description":"Por: Equipo editor &nbsp; Dedicar tiempo y trabajo a crear tu presentaci\u00f3n, se ver\u00e1 reflejado en el resultado final. Crear un PowerPoint no es lo realmente importante, este es solo uno de los pasos. El proceso creativo de una presentaci\u00f3n multimedia est\u00e1 formado por cuatro fases desde el momento en que se plantea su creaci\u00f3n, [&hellip;]","og_url":"https:\/\/www.eldiario.net\/portal\/2022\/03\/15\/herramientas-para-mejorar-tus-presentaciones-2\/","og_site_name":"El Diario - Bolivia","article_publisher":"https:\/\/www.facebook.com\/eldiario.bolivia\/","article_published_time":"2022-03-15T09:03:47+00:00","author":"Jeanette","twitter_card":"summary_large_image","twitter_creator":"@eldiario_net","twitter_site":"@eldiario_net","twitter_misc":{"Escrito por":"Jeanette","Tiempo de lectura":"5 minutos"},"schema":{"@context":"https:\/\/schema.org","@graph":[{"@type":"Article","@id":"https:\/\/www.eldiario.net\/portal\/2022\/03\/15\/herramientas-para-mejorar-tus-presentaciones-2\/#article","isPartOf":{"@id":"https:\/\/www.eldiario.net\/portal\/2022\/03\/15\/herramientas-para-mejorar-tus-presentaciones-2\/"},"author":{"name":"Jeanette","@id":"https:\/\/www.eldiario.net\/portal\/#\/schema\/person\/2c57cf2b7a7ae032e449e4c9b1019eac"},"headline":"Herramientas para mejorar tus presentaciones","datePublished":"2022-03-15T09:03:47+00:00","mainEntityOfPage":{"@id":"https:\/\/www.eldiario.net\/portal\/2022\/03\/15\/herramientas-para-mejorar-tus-presentaciones-2\/"},"wordCount":947,"publisher":{"@id":"https:\/\/www.eldiario.net\/portal\/#organization"},"image":{"@id":"https:\/\/www.eldiario.net\/portal\/2022\/03\/15\/herramientas-para-mejorar-tus-presentaciones-2\/#primaryimage"},"thumbnailUrl":"","articleSection":["Nuevos Horizontes"],"inLanguage":"es"},{"@type":"WebPage","@id":"https:\/\/www.eldiario.net\/portal\/2022\/03\/15\/herramientas-para-mejorar-tus-presentaciones-2\/","url":"https:\/\/www.eldiario.net\/portal\/2022\/03\/15\/herramientas-para-mejorar-tus-presentaciones-2\/","name":"Herramientas para mejorar tus presentaciones - El Diario - Bolivia","isPartOf":{"@id":"https:\/\/www.eldiario.net\/portal\/#website"},"primaryImageOfPage":{"@id":"https:\/\/www.eldiario.net\/portal\/2022\/03\/15\/herramientas-para-mejorar-tus-presentaciones-2\/#primaryimage"},"image":{"@id":"https:\/\/www.eldiario.net\/portal\/2022\/03\/15\/herramientas-para-mejorar-tus-presentaciones-2\/#primaryimage"},"thumbnailUrl":"","datePublished":"2022-03-15T09:03:47+00:00","breadcrumb":{"@id":"https:\/\/www.eldiario.net\/portal\/2022\/03\/15\/herramientas-para-mejorar-tus-presentaciones-2\/#breadcrumb"},"inLanguage":"es","potentialAction":[{"@type":"ReadAction","target":["https:\/\/www.eldiario.net\/portal\/2022\/03\/15\/herramientas-para-mejorar-tus-presentaciones-2\/"]}]},{"@type":"ImageObject","inLanguage":"es","@id":"https:\/\/www.eldiario.net\/portal\/2022\/03\/15\/herramientas-para-mejorar-tus-presentaciones-2\/#primaryimage","url":"","contentUrl":""},{"@type":"BreadcrumbList","@id":"https:\/\/www.eldiario.net\/portal\/2022\/03\/15\/herramientas-para-mejorar-tus-presentaciones-2\/#breadcrumb","itemListElement":[{"@type":"ListItem","position":1,"name":"Portada","item":"https:\/\/www.eldiario.net\/portal\/"},{"@type":"ListItem","position":2,"name":"Herramientas para mejorar tus presentaciones"}]},{"@type":"WebSite","@id":"https:\/\/www.eldiario.net\/portal\/#website","url":"https:\/\/www.eldiario.net\/portal\/","name":"El Diario - Decano de la prensa nacional","description":"El Diario - Decano de la prensa nacional","publisher":{"@id":"https:\/\/www.eldiario.net\/portal\/#organization"},"potentialAction":[{"@type":"SearchAction","target":{"@type":"EntryPoint","urlTemplate":"https:\/\/www.eldiario.net\/portal\/?s={search_term_string}"},"query-input":{"@type":"PropertyValueSpecification","valueRequired":true,"valueName":"search_term_string"}}],"inLanguage":"es"},{"@type":"Organization","@id":"https:\/\/www.eldiario.net\/portal\/#organization","name":"El Diario - Decano de la prensa nacional","url":"https:\/\/www.eldiario.net\/portal\/","logo":{"@type":"ImageObject","inLanguage":"es","@id":"https:\/\/www.eldiario.net\/portal\/#\/schema\/logo\/image\/","url":"https:\/\/www.eldiario.net\/portal\/wp-content\/uploads\/2023\/07\/logo_ED.jpg","contentUrl":"https:\/\/www.eldiario.net\/portal\/wp-content\/uploads\/2023\/07\/logo_ED.jpg","width":272,"height":52,"caption":"El Diario - Decano de la prensa nacional"},"image":{"@id":"https:\/\/www.eldiario.net\/portal\/#\/schema\/logo\/image\/"},"sameAs":["https:\/\/www.facebook.com\/eldiario.bolivia\/","https:\/\/x.com\/eldiario_net"]},{"@type":"Person","@id":"https:\/\/www.eldiario.net\/portal\/#\/schema\/person\/2c57cf2b7a7ae032e449e4c9b1019eac","name":"Jeanette","image":{"@type":"ImageObject","inLanguage":"es","@id":"https:\/\/secure.gravatar.com\/avatar\/3ea2118a5f7dad2b7138b1187a6b7ee55f160b9968b66013c3a3ef39dd7e5798?s=96&d=mm&r=g","url":"https:\/\/secure.gravatar.com\/avatar\/3ea2118a5f7dad2b7138b1187a6b7ee55f160b9968b66013c3a3ef39dd7e5798?s=96&d=mm&r=g","contentUrl":"https:\/\/secure.gravatar.com\/avatar\/3ea2118a5f7dad2b7138b1187a6b7ee55f160b9968b66013c3a3ef39dd7e5798?s=96&d=mm&r=g","caption":"Jeanette"},"sameAs":["https:\/\/www.eldiario.net\/portal"],"url":"https:\/\/www.eldiario.net\/portal\/author\/jeanette\/"}]}},"_links":{"self":[{"href":"https:\/\/www.eldiario.net\/portal\/wp-json\/wp\/v2\/posts\/69599","targetHints":{"allow":["GET"]}}],"collection":[{"href":"https:\/\/www.eldiario.net\/portal\/wp-json\/wp\/v2\/posts"}],"about":[{"href":"https:\/\/www.eldiario.net\/portal\/wp-json\/wp\/v2\/types\/post"}],"author":[{"embeddable":true,"href":"https:\/\/www.eldiario.net\/portal\/wp-json\/wp\/v2\/users\/1"}],"replies":[{"embeddable":true,"href":"https:\/\/www.eldiario.net\/portal\/wp-json\/wp\/v2\/comments?post=69599"}],"version-history":[{"count":0,"href":"https:\/\/www.eldiario.net\/portal\/wp-json\/wp\/v2\/posts\/69599\/revisions"}],"wp:attachment":[{"href":"https:\/\/www.eldiario.net\/portal\/wp-json\/wp\/v2\/media?parent=69599"}],"wp:term":[{"taxonomy":"category","embeddable":true,"href":"https:\/\/www.eldiario.net\/portal\/wp-json\/wp\/v2\/categories?post=69599"},{"taxonomy":"post_tag","embeddable":true,"href":"https:\/\/www.eldiario.net\/portal\/wp-json\/wp\/v2\/tags?post=69599"}],"curies":[{"name":"wp","href":"https:\/\/api.w.org\/{rel}","templated":true}]}}