{"id":69597,"date":"2022-03-15T04:58:46","date_gmt":"2022-03-15T08:58:46","guid":{"rendered":"https:\/\/www.eldiario.net\/portal\/?p=69597"},"modified":"2022-03-15T04:58:46","modified_gmt":"2022-03-15T08:58:46","slug":"retomar-el-pasado-importa-mucho-para-el-futuro","status":"publish","type":"post","link":"https:\/\/www.eldiario.net\/portal\/2022\/03\/15\/retomar-el-pasado-importa-mucho-para-el-futuro\/","title":{"rendered":"Retomar el pasado importa mucho para el futuro"},"content":{"rendered":"<p><em><span class=\"dropcap \" style=\"background-color: #ffffff; color: #000000; border-color: #ffffff;\">A<\/span>l iniciarse el a\u00f1o 2020, jam\u00e1s pens\u00f3 la humanidad que se adentraba en un tiempo de angustias, sobresaltos, enfermedades y otros males, que por miles de v\u00edctimas condujo a una nueva realidad, la de copar hospitales, cl\u00ednicas y hasta cementerios para atender a quienes cayeron enfermos o perdieron la vida por causa del coronavirus. Como un castigo para la humanidad, el covid-19 se ha cernido sobre todos, sin dar lugar a mengua alguna ni par\u00e9ntesis que permita intervalos que, por primera vez, la humanidad se permiti\u00f3 exigir como un derecho de vida.<\/em><\/p>\n<p><em>Han pasado m\u00e1s de dos a\u00f1os desde que comenz\u00f3 la pandemia que, por etapas, cubri\u00f3 a todos los pa\u00edses, en un tiempo de dolor, l\u00e1grimas y luto. Entonces se comprob\u00f3 una realidad: el mundo estaba solitario, sin apoyo alguno, a\u00fan librado a su suerte, sujeto a consecuencias no esperadas, pero se las deb\u00eda enfrentar. Hubo sufrimiento en la mayor\u00eda de las poblaciones que, ni durante las peores guerras, vivieron momentos tan acentuados de angustia y dolor; tiempo en que se tem\u00eda que el mal no prescribir\u00eda y todos, conscientemente o no, est\u00e1bamos condenados. D\u00edas angustiosos en que se trat\u00f3 de revivir la unidad, jam\u00e1s practicada regularmente, y se esperaba momentos de morigeraci\u00f3n en las conductas, para soportar lo que venga, por falta de remedios inmediatos. La vacunaci\u00f3n se hizo urgente y esas mismas urgencias hicieron que se perdiera la paciencia y hasta las ansias de curarse prontamente.<\/em><\/p>\n<p><em>Se inici\u00f3 el drama en momentos inesperados, en condiciones de vida regular en las que nadie pod\u00eda sopesar las dimensiones del peligro por causa del coronavirus, y hab\u00eda premura por evitar que aumentara el n\u00famero de v\u00edctimas de la pandemia. El drama se hizo tr\u00e1gico por la proliferaci\u00f3n del covid-19, que fue cubriendo amplios territorios del orbe, al extremo de que se lleg\u00f3 a pensar que \u201cel virus puso de rodillas al mundo\u201d. Como consecuencia de ello, fueron intensificadas las investigaciones para encontrar vacunas por el af\u00e1n de encontrar remedios para el mal, lo que con el paso del tiempo ha sido posible en alguna medida.<\/em><\/p>\n<p><em>Llegaron momentos que parecen de tregua y la consigna es prepararse y no permitir que el futuro nos traiga nuevas sorpresas, sino que sean efectivas las realizaciones en los campos de la salud, en todo sentido. Las lecciones son claras y certeras y no se quiere repetir descuidos que puedan hacer que la acci\u00f3n del virus siga causando muerte y dolor. Lo bueno es que parece que todo el mundo ha tomado conciencia de lo vivido y sufrido, para prepararse y, si fuese posible, adelantarse a lo que pueda sobrevenir no solamente en los espacios de la salud sino de la tecnolog\u00eda. El campo m\u00e9dico, cient\u00edfico y cl\u00ednico seguramente ya tom\u00f3 sus recaudos en pos de evitar sorpresas.<\/em><\/p>\n","protected":false},"excerpt":{"rendered":"<p>Al iniciarse el a\u00f1o 2020, jam\u00e1s pens\u00f3 la humanidad que se adentraba en un tiempo de angustias, sobresaltos, enfermedades y otros males, que por miles de v\u00edctimas condujo a una nueva realidad, la de copar hospitales, cl\u00ednicas y hasta cementerios para atender a quienes cayeron enfermos o perdieron la vida por causa del coronavirus. Como [&hellip;]<\/p>\n","protected":false},"author":1,"featured_media":0,"comment_status":"closed","ping_status":"closed","sticky":false,"template":"","format":"standard","meta":{"_acf_changed":false,"footnotes":""},"categories":[4],"tags":[],"class_list":["post-69597","post","type-post","status-publish","format-standard","category-editorial"],"acf":{"antetitulo":""},"yoast_head":"<!-- This site is optimized with the Yoast SEO plugin v28.4 - https:\/\/yoast.com\/product\/yoast-seo-wordpress\/ -->\n<title>Retomar el pasado importa mucho para el futuro - El Diario - Bolivia<\/title>\n<meta name=\"robots\" content=\"index, follow, max-snippet:-1, max-image-preview:large, max-video-preview:-1\" \/>\n<link rel=\"canonical\" href=\"https:\/\/www.eldiario.net\/portal\/2022\/03\/15\/retomar-el-pasado-importa-mucho-para-el-futuro\/\" \/>\n<meta property=\"og:locale\" content=\"es_ES\" \/>\n<meta property=\"og:type\" content=\"article\" \/>\n<meta property=\"og:title\" content=\"Retomar el pasado importa mucho para el futuro - El Diario - Bolivia\" \/>\n<meta property=\"og:description\" content=\"Al iniciarse el a\u00f1o 2020, jam\u00e1s pens\u00f3 la humanidad que se adentraba en un tiempo de angustias, sobresaltos, enfermedades y otros males, que por miles de v\u00edctimas condujo a una nueva realidad, la de copar hospitales, cl\u00ednicas y hasta cementerios para atender a quienes cayeron enfermos o perdieron la vida por causa del coronavirus. Como [&hellip;]\" \/>\n<meta property=\"og:url\" content=\"https:\/\/www.eldiario.net\/portal\/2022\/03\/15\/retomar-el-pasado-importa-mucho-para-el-futuro\/\" \/>\n<meta property=\"og:site_name\" content=\"El Diario - Bolivia\" \/>\n<meta property=\"article:publisher\" content=\"https:\/\/www.facebook.com\/eldiario.bolivia\/\" \/>\n<meta property=\"article:published_time\" content=\"2022-03-15T08:58:46+00:00\" \/>\n<meta name=\"author\" content=\"Jeanette\" \/>\n<meta name=\"twitter:card\" content=\"summary_large_image\" \/>\n<meta name=\"twitter:creator\" content=\"@eldiario_net\" \/>\n<meta name=\"twitter:site\" content=\"@eldiario_net\" \/>\n<meta name=\"twitter:label1\" content=\"Escrito por\" \/>\n\t<meta name=\"twitter:data1\" content=\"Jeanette\" \/>\n\t<meta name=\"twitter:label2\" content=\"Tiempo de lectura\" \/>\n\t<meta name=\"twitter:data2\" content=\"3 minutos\" \/>\n<script type=\"application\/ld+json\" class=\"yoast-schema-graph\">{\"@context\":\"https:\\\/\\\/schema.org\",\"@graph\":[{\"@type\":\"Article\",\"@id\":\"https:\\\/\\\/www.eldiario.net\\\/portal\\\/2022\\\/03\\\/15\\\/retomar-el-pasado-importa-mucho-para-el-futuro\\\/#article\",\"isPartOf\":{\"@id\":\"https:\\\/\\\/www.eldiario.net\\\/portal\\\/2022\\\/03\\\/15\\\/retomar-el-pasado-importa-mucho-para-el-futuro\\\/\"},\"author\":{\"name\":\"Jeanette\",\"@id\":\"https:\\\/\\\/www.eldiario.net\\\/portal\\\/#\\\/schema\\\/person\\\/2c57cf2b7a7ae032e449e4c9b1019eac\"},\"headline\":\"Retomar el pasado importa mucho para el futuro\",\"datePublished\":\"2022-03-15T08:58:46+00:00\",\"mainEntityOfPage\":{\"@id\":\"https:\\\/\\\/www.eldiario.net\\\/portal\\\/2022\\\/03\\\/15\\\/retomar-el-pasado-importa-mucho-para-el-futuro\\\/\"},\"wordCount\":501,\"publisher\":{\"@id\":\"https:\\\/\\\/www.eldiario.net\\\/portal\\\/#organization\"},\"articleSection\":[\"Editorial\"],\"inLanguage\":\"es\"},{\"@type\":\"WebPage\",\"@id\":\"https:\\\/\\\/www.eldiario.net\\\/portal\\\/2022\\\/03\\\/15\\\/retomar-el-pasado-importa-mucho-para-el-futuro\\\/\",\"url\":\"https:\\\/\\\/www.eldiario.net\\\/portal\\\/2022\\\/03\\\/15\\\/retomar-el-pasado-importa-mucho-para-el-futuro\\\/\",\"name\":\"Retomar el pasado importa mucho para el futuro - El Diario - Bolivia\",\"isPartOf\":{\"@id\":\"https:\\\/\\\/www.eldiario.net\\\/portal\\\/#website\"},\"datePublished\":\"2022-03-15T08:58:46+00:00\",\"breadcrumb\":{\"@id\":\"https:\\\/\\\/www.eldiario.net\\\/portal\\\/2022\\\/03\\\/15\\\/retomar-el-pasado-importa-mucho-para-el-futuro\\\/#breadcrumb\"},\"inLanguage\":\"es\",\"potentialAction\":[{\"@type\":\"ReadAction\",\"target\":[\"https:\\\/\\\/www.eldiario.net\\\/portal\\\/2022\\\/03\\\/15\\\/retomar-el-pasado-importa-mucho-para-el-futuro\\\/\"]}]},{\"@type\":\"BreadcrumbList\",\"@id\":\"https:\\\/\\\/www.eldiario.net\\\/portal\\\/2022\\\/03\\\/15\\\/retomar-el-pasado-importa-mucho-para-el-futuro\\\/#breadcrumb\",\"itemListElement\":[{\"@type\":\"ListItem\",\"position\":1,\"name\":\"Portada\",\"item\":\"https:\\\/\\\/www.eldiario.net\\\/portal\\\/\"},{\"@type\":\"ListItem\",\"position\":2,\"name\":\"Retomar el pasado importa mucho para el futuro\"}]},{\"@type\":\"WebSite\",\"@id\":\"https:\\\/\\\/www.eldiario.net\\\/portal\\\/#website\",\"url\":\"https:\\\/\\\/www.eldiario.net\\\/portal\\\/\",\"name\":\"El Diario - Decano de la prensa nacional\",\"description\":\"El Diario - Decano de la prensa nacional\",\"publisher\":{\"@id\":\"https:\\\/\\\/www.eldiario.net\\\/portal\\\/#organization\"},\"potentialAction\":[{\"@type\":\"SearchAction\",\"target\":{\"@type\":\"EntryPoint\",\"urlTemplate\":\"https:\\\/\\\/www.eldiario.net\\\/portal\\\/?s={search_term_string}\"},\"query-input\":{\"@type\":\"PropertyValueSpecification\",\"valueRequired\":true,\"valueName\":\"search_term_string\"}}],\"inLanguage\":\"es\"},{\"@type\":\"Organization\",\"@id\":\"https:\\\/\\\/www.eldiario.net\\\/portal\\\/#organization\",\"name\":\"El Diario - Decano de la prensa nacional\",\"url\":\"https:\\\/\\\/www.eldiario.net\\\/portal\\\/\",\"logo\":{\"@type\":\"ImageObject\",\"inLanguage\":\"es\",\"@id\":\"https:\\\/\\\/www.eldiario.net\\\/portal\\\/#\\\/schema\\\/logo\\\/image\\\/\",\"url\":\"https:\\\/\\\/www.eldiario.net\\\/portal\\\/wp-content\\\/uploads\\\/2023\\\/07\\\/logo_ED.jpg\",\"contentUrl\":\"https:\\\/\\\/www.eldiario.net\\\/portal\\\/wp-content\\\/uploads\\\/2023\\\/07\\\/logo_ED.jpg\",\"width\":272,\"height\":52,\"caption\":\"El Diario - Decano de la prensa nacional\"},\"image\":{\"@id\":\"https:\\\/\\\/www.eldiario.net\\\/portal\\\/#\\\/schema\\\/logo\\\/image\\\/\"},\"sameAs\":[\"https:\\\/\\\/www.facebook.com\\\/eldiario.bolivia\\\/\",\"https:\\\/\\\/x.com\\\/eldiario_net\"]},{\"@type\":\"Person\",\"@id\":\"https:\\\/\\\/www.eldiario.net\\\/portal\\\/#\\\/schema\\\/person\\\/2c57cf2b7a7ae032e449e4c9b1019eac\",\"name\":\"Jeanette\",\"image\":{\"@type\":\"ImageObject\",\"inLanguage\":\"es\",\"@id\":\"https:\\\/\\\/secure.gravatar.com\\\/avatar\\\/3ea2118a5f7dad2b7138b1187a6b7ee55f160b9968b66013c3a3ef39dd7e5798?s=96&d=mm&r=g\",\"url\":\"https:\\\/\\\/secure.gravatar.com\\\/avatar\\\/3ea2118a5f7dad2b7138b1187a6b7ee55f160b9968b66013c3a3ef39dd7e5798?s=96&d=mm&r=g\",\"contentUrl\":\"https:\\\/\\\/secure.gravatar.com\\\/avatar\\\/3ea2118a5f7dad2b7138b1187a6b7ee55f160b9968b66013c3a3ef39dd7e5798?s=96&d=mm&r=g\",\"caption\":\"Jeanette\"},\"sameAs\":[\"https:\\\/\\\/www.eldiario.net\\\/portal\"],\"url\":\"https:\\\/\\\/www.eldiario.net\\\/portal\\\/author\\\/jeanette\\\/\"}]}<\/script>\n<!-- \/ Yoast SEO plugin. -->","yoast_head_json":{"title":"Retomar el pasado importa mucho para el futuro - El Diario - Bolivia","robots":{"index":"index","follow":"follow","max-snippet":"max-snippet:-1","max-image-preview":"max-image-preview:large","max-video-preview":"max-video-preview:-1"},"canonical":"https:\/\/www.eldiario.net\/portal\/2022\/03\/15\/retomar-el-pasado-importa-mucho-para-el-futuro\/","og_locale":"es_ES","og_type":"article","og_title":"Retomar el pasado importa mucho para el futuro - El Diario - Bolivia","og_description":"Al iniciarse el a\u00f1o 2020, jam\u00e1s pens\u00f3 la humanidad que se adentraba en un tiempo de angustias, sobresaltos, enfermedades y otros males, que por miles de v\u00edctimas condujo a una nueva realidad, la de copar hospitales, cl\u00ednicas y hasta cementerios para atender a quienes cayeron enfermos o perdieron la vida por causa del coronavirus. Como [&hellip;]","og_url":"https:\/\/www.eldiario.net\/portal\/2022\/03\/15\/retomar-el-pasado-importa-mucho-para-el-futuro\/","og_site_name":"El Diario - Bolivia","article_publisher":"https:\/\/www.facebook.com\/eldiario.bolivia\/","article_published_time":"2022-03-15T08:58:46+00:00","author":"Jeanette","twitter_card":"summary_large_image","twitter_creator":"@eldiario_net","twitter_site":"@eldiario_net","twitter_misc":{"Escrito por":"Jeanette","Tiempo de lectura":"3 minutos"},"schema":{"@context":"https:\/\/schema.org","@graph":[{"@type":"Article","@id":"https:\/\/www.eldiario.net\/portal\/2022\/03\/15\/retomar-el-pasado-importa-mucho-para-el-futuro\/#article","isPartOf":{"@id":"https:\/\/www.eldiario.net\/portal\/2022\/03\/15\/retomar-el-pasado-importa-mucho-para-el-futuro\/"},"author":{"name":"Jeanette","@id":"https:\/\/www.eldiario.net\/portal\/#\/schema\/person\/2c57cf2b7a7ae032e449e4c9b1019eac"},"headline":"Retomar el pasado importa mucho para el futuro","datePublished":"2022-03-15T08:58:46+00:00","mainEntityOfPage":{"@id":"https:\/\/www.eldiario.net\/portal\/2022\/03\/15\/retomar-el-pasado-importa-mucho-para-el-futuro\/"},"wordCount":501,"publisher":{"@id":"https:\/\/www.eldiario.net\/portal\/#organization"},"articleSection":["Editorial"],"inLanguage":"es"},{"@type":"WebPage","@id":"https:\/\/www.eldiario.net\/portal\/2022\/03\/15\/retomar-el-pasado-importa-mucho-para-el-futuro\/","url":"https:\/\/www.eldiario.net\/portal\/2022\/03\/15\/retomar-el-pasado-importa-mucho-para-el-futuro\/","name":"Retomar el pasado importa mucho para el futuro - El Diario - Bolivia","isPartOf":{"@id":"https:\/\/www.eldiario.net\/portal\/#website"},"datePublished":"2022-03-15T08:58:46+00:00","breadcrumb":{"@id":"https:\/\/www.eldiario.net\/portal\/2022\/03\/15\/retomar-el-pasado-importa-mucho-para-el-futuro\/#breadcrumb"},"inLanguage":"es","potentialAction":[{"@type":"ReadAction","target":["https:\/\/www.eldiario.net\/portal\/2022\/03\/15\/retomar-el-pasado-importa-mucho-para-el-futuro\/"]}]},{"@type":"BreadcrumbList","@id":"https:\/\/www.eldiario.net\/portal\/2022\/03\/15\/retomar-el-pasado-importa-mucho-para-el-futuro\/#breadcrumb","itemListElement":[{"@type":"ListItem","position":1,"name":"Portada","item":"https:\/\/www.eldiario.net\/portal\/"},{"@type":"ListItem","position":2,"name":"Retomar el pasado importa mucho para el futuro"}]},{"@type":"WebSite","@id":"https:\/\/www.eldiario.net\/portal\/#website","url":"https:\/\/www.eldiario.net\/portal\/","name":"El Diario - Decano de la prensa nacional","description":"El Diario - Decano de la prensa nacional","publisher":{"@id":"https:\/\/www.eldiario.net\/portal\/#organization"},"potentialAction":[{"@type":"SearchAction","target":{"@type":"EntryPoint","urlTemplate":"https:\/\/www.eldiario.net\/portal\/?s={search_term_string}"},"query-input":{"@type":"PropertyValueSpecification","valueRequired":true,"valueName":"search_term_string"}}],"inLanguage":"es"},{"@type":"Organization","@id":"https:\/\/www.eldiario.net\/portal\/#organization","name":"El Diario - Decano de la prensa nacional","url":"https:\/\/www.eldiario.net\/portal\/","logo":{"@type":"ImageObject","inLanguage":"es","@id":"https:\/\/www.eldiario.net\/portal\/#\/schema\/logo\/image\/","url":"https:\/\/www.eldiario.net\/portal\/wp-content\/uploads\/2023\/07\/logo_ED.jpg","contentUrl":"https:\/\/www.eldiario.net\/portal\/wp-content\/uploads\/2023\/07\/logo_ED.jpg","width":272,"height":52,"caption":"El Diario - Decano de la prensa nacional"},"image":{"@id":"https:\/\/www.eldiario.net\/portal\/#\/schema\/logo\/image\/"},"sameAs":["https:\/\/www.facebook.com\/eldiario.bolivia\/","https:\/\/x.com\/eldiario_net"]},{"@type":"Person","@id":"https:\/\/www.eldiario.net\/portal\/#\/schema\/person\/2c57cf2b7a7ae032e449e4c9b1019eac","name":"Jeanette","image":{"@type":"ImageObject","inLanguage":"es","@id":"https:\/\/secure.gravatar.com\/avatar\/3ea2118a5f7dad2b7138b1187a6b7ee55f160b9968b66013c3a3ef39dd7e5798?s=96&d=mm&r=g","url":"https:\/\/secure.gravatar.com\/avatar\/3ea2118a5f7dad2b7138b1187a6b7ee55f160b9968b66013c3a3ef39dd7e5798?s=96&d=mm&r=g","contentUrl":"https:\/\/secure.gravatar.com\/avatar\/3ea2118a5f7dad2b7138b1187a6b7ee55f160b9968b66013c3a3ef39dd7e5798?s=96&d=mm&r=g","caption":"Jeanette"},"sameAs":["https:\/\/www.eldiario.net\/portal"],"url":"https:\/\/www.eldiario.net\/portal\/author\/jeanette\/"}]}},"_links":{"self":[{"href":"https:\/\/www.eldiario.net\/portal\/wp-json\/wp\/v2\/posts\/69597","targetHints":{"allow":["GET"]}}],"collection":[{"href":"https:\/\/www.eldiario.net\/portal\/wp-json\/wp\/v2\/posts"}],"about":[{"href":"https:\/\/www.eldiario.net\/portal\/wp-json\/wp\/v2\/types\/post"}],"author":[{"embeddable":true,"href":"https:\/\/www.eldiario.net\/portal\/wp-json\/wp\/v2\/users\/1"}],"replies":[{"embeddable":true,"href":"https:\/\/www.eldiario.net\/portal\/wp-json\/wp\/v2\/comments?post=69597"}],"version-history":[{"count":0,"href":"https:\/\/www.eldiario.net\/portal\/wp-json\/wp\/v2\/posts\/69597\/revisions"}],"wp:attachment":[{"href":"https:\/\/www.eldiario.net\/portal\/wp-json\/wp\/v2\/media?parent=69597"}],"wp:term":[{"taxonomy":"category","embeddable":true,"href":"https:\/\/www.eldiario.net\/portal\/wp-json\/wp\/v2\/categories?post=69597"},{"taxonomy":"post_tag","embeddable":true,"href":"https:\/\/www.eldiario.net\/portal\/wp-json\/wp\/v2\/tags?post=69597"}],"curies":[{"name":"wp","href":"https:\/\/api.w.org\/{rel}","templated":true}]}}