{"id":69390,"date":"2022-03-14T04:51:06","date_gmt":"2022-03-14T08:51:06","guid":{"rendered":"https:\/\/www.eldiario.net\/portal\/?p=69390"},"modified":"2022-03-14T04:51:06","modified_gmt":"2022-03-14T08:51:06","slug":"petro-gutierrez-y-fajardo-lideran-consultas-en-elecciones","status":"publish","type":"post","link":"https:\/\/www.eldiario.net\/portal\/2022\/03\/14\/petro-gutierrez-y-fajardo-lideran-consultas-en-elecciones\/","title":{"rendered":"Petro, Guti\u00e9rrez y Fajardo  lideran consultas en elecciones"},"content":{"rendered":"<p>Bogot\u00e1.- Colombia eligi\u00f3 ayer a los nuevos miembros del Senado, la C\u00e1mara de Representantes y a los candidatos presidenciales de tres coaliciones que tras m\u00e1s del 60 % de los votos est\u00e1 arrasando en la izquierda Gustavo Petro del Pacto Hist\u00f3rico, con m\u00e1s de tres millones de votos, Sergio Fajardo en el centro y Federico Guti\u00e9rrez en la derecha.<br \/>\nSeg\u00fan el recuento, Gustavo Petro lidera la consulta del Pacto Hist\u00f3rico con el 80,26 % y m\u00e1s de tres millones de votos, Federico Guti\u00e9rrez, en el Equipo por Colombia, ha registrado el 54,45 % con 1.552.397 votos y Sergio Fajardo, en la coalici\u00f3n Centro Esperanza, ha obtenido 32,53 % con cerca de medio mill\u00f3n de votos.<br \/>\n\u00abColombia vivi\u00f3 una jornada electoral con transparencia y garant\u00edas. Por primera vez en la historia del pa\u00eds, se abrieron mesas de votaci\u00f3n en las zonas m\u00e1s alejadas para elegir curules de paz\u00bb, subray\u00f3 la Registradur\u00eda Nacional del Estado Civil en su cuenta de Twitter, destacando los curules de paz, 16 esca\u00f1os que est\u00e1n destinados a representantes de las v\u00edctimas del conflicto armado en la C\u00e1mara de Representantes.<br \/>\nTras el cierre de las urnas, el conteo de votos para la C\u00e1mara de Representantes y el Senado est\u00e1 siendo m\u00e1s lento.<br \/>\nEn la C\u00e1mara de Representantes, los primeros puestos son para el Pacto Hist\u00f3rico y el Partido Liberal Colombiano con el 15,25 % y el 14,32 %, respectivamente.<br \/>\nEl Pacto Hist\u00f3rico y el Partido Conservador Colombiano lideran el Senado con 3 % escrutado, cada uno con m\u00e1s del 14 % de los votos, seg\u00fan la Registradur\u00eda Nacional.<br \/>\nCasi 39 millones de ciudadanos estaban llamados a votar este domingo en m\u00e1s de 12.500 centros de votaci\u00f3n repartidos por todo el pa\u00eds, seg\u00fan ha informado la Registradur\u00eda Nacional de Colombia.<br \/>\nEl presidente de Colombia, Iv\u00e1n Duque, emplaz\u00f3 a los colombianos a \u00abrechazar el populismo\u00bb en la votaci\u00f3n de esta jornada electoral en que se elige un nuevo Congreso y a los candidatos de tres plataformas pol\u00edticas de cara a las elecciones presidenciales de mayo.<br \/>\nEn estos comicios se renueva el Senado con 100 asientos elegidos por circunscripci\u00f3n nacional, dos por la circunscripci\u00f3n especial ind\u00edgena y cinco correspondientes al partido Fuerza Alternativa Revolucionaria del Com\u00fan (FARC), conforme a lo recogido en los acuerdos de paz firmados en 2016 con la guerrilla.<br \/>\nEl senador 108\u00ba es el candidato presidencial que obtenga la segunda votaci\u00f3n m\u00e1s alta en las elecciones presidenciales de mayo.<br \/>\nAdem\u00e1s se renueva la C\u00e1mara Representantes: se elegir\u00e1n 172 puestos en circunscripciones departamentales y Bogot\u00e1. Tambi\u00e9n hay una circunscripci\u00f3n internacional de los colombianos en el exterior.<br \/>\nTambi\u00e9n se elige a 16 curules de paz, representantes de las v\u00edctimas del conflicto armado de los 167 municipios de las Circunscripciones Especiales Transitorias de Paz.<br \/>\nIgualmente se deciden pugnas internas de partidos para elegir a candidatos presidenciales para las elecciones de mayo en Equipo por Colombia (derecha), la coalici\u00f3n centrista y el Pacto Hist\u00f3rico (izquierda).<br \/>\nLos vencedores se enfrentar\u00e1n a \u00d3scar Iv\u00e1n Zuluaga, candidato del Centro Democr\u00e1tico, el partido de Gobierno, liderado por \u00c1lvaro Uribe, y al independiente Rodolfo Hern\u00e1ndez en las elecciones del 29 de mayo con una probable segunda vuelta en junio. (Europa Press)<\/p>\n","protected":false},"excerpt":{"rendered":"<p>Bogot\u00e1.- Colombia eligi\u00f3 ayer a los nuevos miembros del Senado, la C\u00e1mara de Representantes y a los candidatos presidenciales de tres coaliciones que tras m\u00e1s del 60 % de los votos est\u00e1 arrasando en la izquierda Gustavo Petro del Pacto Hist\u00f3rico, con m\u00e1s de tres millones de votos, Sergio Fajardo en el centro y Federico [&hellip;]<\/p>\n","protected":false},"author":1,"featured_media":69391,"comment_status":"closed","ping_status":"closed","sticky":false,"template":"","format":"standard","meta":{"_acf_changed":false,"footnotes":""},"categories":[3],"tags":[],"class_list":["post-69390","post","type-post","status-publish","format-standard","has-post-thumbnail","category-internacional"],"acf":{"antetitulo":""},"yoast_head":"<!-- This site is optimized with the Yoast SEO plugin v28.4 - https:\/\/yoast.com\/product\/yoast-seo-wordpress\/ -->\n<title>Petro, Guti\u00e9rrez y Fajardo lideran consultas en elecciones - El Diario - Bolivia<\/title>\n<meta name=\"robots\" content=\"index, follow, max-snippet:-1, max-image-preview:large, max-video-preview:-1\" \/>\n<link rel=\"canonical\" href=\"https:\/\/www.eldiario.net\/portal\/2022\/03\/14\/petro-gutierrez-y-fajardo-lideran-consultas-en-elecciones\/\" \/>\n<meta property=\"og:locale\" content=\"es_ES\" \/>\n<meta property=\"og:type\" content=\"article\" \/>\n<meta property=\"og:title\" content=\"Petro, Guti\u00e9rrez y Fajardo lideran consultas en elecciones - El Diario - Bolivia\" \/>\n<meta property=\"og:description\" content=\"Bogot\u00e1.- Colombia eligi\u00f3 ayer a los nuevos miembros del Senado, la C\u00e1mara de Representantes y a los candidatos presidenciales de tres coaliciones que tras m\u00e1s del 60 % de los votos est\u00e1 arrasando en la izquierda Gustavo Petro del Pacto Hist\u00f3rico, con m\u00e1s de tres millones de votos, Sergio Fajardo en el centro y Federico [&hellip;]\" \/>\n<meta property=\"og:url\" content=\"https:\/\/www.eldiario.net\/portal\/2022\/03\/14\/petro-gutierrez-y-fajardo-lideran-consultas-en-elecciones\/\" \/>\n<meta property=\"og:site_name\" content=\"El Diario - Bolivia\" \/>\n<meta property=\"article:publisher\" content=\"https:\/\/www.facebook.com\/eldiario.bolivia\/\" \/>\n<meta property=\"article:published_time\" content=\"2022-03-14T08:51:06+00:00\" \/>\n<meta name=\"author\" content=\"Jeanette\" \/>\n<meta name=\"twitter:card\" content=\"summary_large_image\" \/>\n<meta name=\"twitter:creator\" content=\"@eldiario_net\" \/>\n<meta name=\"twitter:site\" content=\"@eldiario_net\" \/>\n<meta name=\"twitter:label1\" content=\"Escrito por\" \/>\n\t<meta name=\"twitter:data1\" content=\"Jeanette\" \/>\n\t<meta name=\"twitter:label2\" content=\"Tiempo de lectura\" \/>\n\t<meta name=\"twitter:data2\" content=\"3 minutos\" \/>\n<script type=\"application\/ld+json\" class=\"yoast-schema-graph\">{\"@context\":\"https:\\\/\\\/schema.org\",\"@graph\":[{\"@type\":\"Article\",\"@id\":\"https:\\\/\\\/www.eldiario.net\\\/portal\\\/2022\\\/03\\\/14\\\/petro-gutierrez-y-fajardo-lideran-consultas-en-elecciones\\\/#article\",\"isPartOf\":{\"@id\":\"https:\\\/\\\/www.eldiario.net\\\/portal\\\/2022\\\/03\\\/14\\\/petro-gutierrez-y-fajardo-lideran-consultas-en-elecciones\\\/\"},\"author\":{\"name\":\"Jeanette\",\"@id\":\"https:\\\/\\\/www.eldiario.net\\\/portal\\\/#\\\/schema\\\/person\\\/f46445640444750d7d753ccd04ae01b7\"},\"headline\":\"Petro, Guti\u00e9rrez y Fajardo lideran consultas en elecciones\",\"datePublished\":\"2022-03-14T08:51:06+00:00\",\"mainEntityOfPage\":{\"@id\":\"https:\\\/\\\/www.eldiario.net\\\/portal\\\/2022\\\/03\\\/14\\\/petro-gutierrez-y-fajardo-lideran-consultas-en-elecciones\\\/\"},\"wordCount\":562,\"publisher\":{\"@id\":\"https:\\\/\\\/www.eldiario.net\\\/portal\\\/#organization\"},\"image\":{\"@id\":\"https:\\\/\\\/www.eldiario.net\\\/portal\\\/2022\\\/03\\\/14\\\/petro-gutierrez-y-fajardo-lideran-consultas-en-elecciones\\\/#primaryimage\"},\"thumbnailUrl\":\"\",\"articleSection\":[\"Internacional\"],\"inLanguage\":\"es\"},{\"@type\":\"WebPage\",\"@id\":\"https:\\\/\\\/www.eldiario.net\\\/portal\\\/2022\\\/03\\\/14\\\/petro-gutierrez-y-fajardo-lideran-consultas-en-elecciones\\\/\",\"url\":\"https:\\\/\\\/www.eldiario.net\\\/portal\\\/2022\\\/03\\\/14\\\/petro-gutierrez-y-fajardo-lideran-consultas-en-elecciones\\\/\",\"name\":\"Petro, Guti\u00e9rrez y Fajardo lideran consultas en elecciones - El Diario - Bolivia\",\"isPartOf\":{\"@id\":\"https:\\\/\\\/www.eldiario.net\\\/portal\\\/#website\"},\"primaryImageOfPage\":{\"@id\":\"https:\\\/\\\/www.eldiario.net\\\/portal\\\/2022\\\/03\\\/14\\\/petro-gutierrez-y-fajardo-lideran-consultas-en-elecciones\\\/#primaryimage\"},\"image\":{\"@id\":\"https:\\\/\\\/www.eldiario.net\\\/portal\\\/2022\\\/03\\\/14\\\/petro-gutierrez-y-fajardo-lideran-consultas-en-elecciones\\\/#primaryimage\"},\"thumbnailUrl\":\"\",\"datePublished\":\"2022-03-14T08:51:06+00:00\",\"breadcrumb\":{\"@id\":\"https:\\\/\\\/www.eldiario.net\\\/portal\\\/2022\\\/03\\\/14\\\/petro-gutierrez-y-fajardo-lideran-consultas-en-elecciones\\\/#breadcrumb\"},\"inLanguage\":\"es\",\"potentialAction\":[{\"@type\":\"ReadAction\",\"target\":[\"https:\\\/\\\/www.eldiario.net\\\/portal\\\/2022\\\/03\\\/14\\\/petro-gutierrez-y-fajardo-lideran-consultas-en-elecciones\\\/\"]}]},{\"@type\":\"ImageObject\",\"inLanguage\":\"es\",\"@id\":\"https:\\\/\\\/www.eldiario.net\\\/portal\\\/2022\\\/03\\\/14\\\/petro-gutierrez-y-fajardo-lideran-consultas-en-elecciones\\\/#primaryimage\",\"url\":\"\",\"contentUrl\":\"\"},{\"@type\":\"BreadcrumbList\",\"@id\":\"https:\\\/\\\/www.eldiario.net\\\/portal\\\/2022\\\/03\\\/14\\\/petro-gutierrez-y-fajardo-lideran-consultas-en-elecciones\\\/#breadcrumb\",\"itemListElement\":[{\"@type\":\"ListItem\",\"position\":1,\"name\":\"Portada\",\"item\":\"https:\\\/\\\/www.eldiario.net\\\/portal\\\/\"},{\"@type\":\"ListItem\",\"position\":2,\"name\":\"Petro, Guti\u00e9rrez y Fajardo lideran consultas en elecciones\"}]},{\"@type\":\"WebSite\",\"@id\":\"https:\\\/\\\/www.eldiario.net\\\/portal\\\/#website\",\"url\":\"https:\\\/\\\/www.eldiario.net\\\/portal\\\/\",\"name\":\"El Diario - Decano de la prensa nacional\",\"description\":\"El Diario - Decano de la prensa nacional\",\"publisher\":{\"@id\":\"https:\\\/\\\/www.eldiario.net\\\/portal\\\/#organization\"},\"potentialAction\":[{\"@type\":\"SearchAction\",\"target\":{\"@type\":\"EntryPoint\",\"urlTemplate\":\"https:\\\/\\\/www.eldiario.net\\\/portal\\\/?s={search_term_string}\"},\"query-input\":{\"@type\":\"PropertyValueSpecification\",\"valueRequired\":true,\"valueName\":\"search_term_string\"}}],\"inLanguage\":\"es\"},{\"@type\":\"Organization\",\"@id\":\"https:\\\/\\\/www.eldiario.net\\\/portal\\\/#organization\",\"name\":\"El Diario - Decano de la prensa nacional\",\"url\":\"https:\\\/\\\/www.eldiario.net\\\/portal\\\/\",\"logo\":{\"@type\":\"ImageObject\",\"inLanguage\":\"es\",\"@id\":\"https:\\\/\\\/www.eldiario.net\\\/portal\\\/#\\\/schema\\\/logo\\\/image\\\/\",\"url\":\"https:\\\/\\\/www.eldiario.net\\\/portal\\\/wp-content\\\/uploads\\\/2023\\\/07\\\/logo_ED.jpg\",\"contentUrl\":\"https:\\\/\\\/www.eldiario.net\\\/portal\\\/wp-content\\\/uploads\\\/2023\\\/07\\\/logo_ED.jpg\",\"width\":272,\"height\":52,\"caption\":\"El Diario - Decano de la prensa nacional\"},\"image\":{\"@id\":\"https:\\\/\\\/www.eldiario.net\\\/portal\\\/#\\\/schema\\\/logo\\\/image\\\/\"},\"sameAs\":[\"https:\\\/\\\/www.facebook.com\\\/eldiario.bolivia\\\/\",\"https:\\\/\\\/x.com\\\/eldiario_net\"]},{\"@type\":\"Person\",\"@id\":\"https:\\\/\\\/www.eldiario.net\\\/portal\\\/#\\\/schema\\\/person\\\/f46445640444750d7d753ccd04ae01b7\",\"name\":\"Jeanette\",\"image\":{\"@type\":\"ImageObject\",\"inLanguage\":\"es\",\"@id\":\"https:\\\/\\\/secure.gravatar.com\\\/avatar\\\/3ea2118a5f7dad2b7138b1187a6b7ee55f160b9968b66013c3a3ef39dd7e5798?s=96&d=mm&r=g\",\"url\":\"https:\\\/\\\/secure.gravatar.com\\\/avatar\\\/3ea2118a5f7dad2b7138b1187a6b7ee55f160b9968b66013c3a3ef39dd7e5798?s=96&d=mm&r=g\",\"contentUrl\":\"https:\\\/\\\/secure.gravatar.com\\\/avatar\\\/3ea2118a5f7dad2b7138b1187a6b7ee55f160b9968b66013c3a3ef39dd7e5798?s=96&d=mm&r=g\",\"caption\":\"Jeanette\"},\"sameAs\":[\"https:\\\/\\\/www.eldiario.net\\\/portal\"],\"url\":\"https:\\\/\\\/www.eldiario.net\\\/portal\\\/author\\\/jeanette\\\/\"}]}<\/script>\n<!-- \/ Yoast SEO plugin. -->","yoast_head_json":{"title":"Petro, Guti\u00e9rrez y Fajardo lideran consultas en elecciones - El Diario - Bolivia","robots":{"index":"index","follow":"follow","max-snippet":"max-snippet:-1","max-image-preview":"max-image-preview:large","max-video-preview":"max-video-preview:-1"},"canonical":"https:\/\/www.eldiario.net\/portal\/2022\/03\/14\/petro-gutierrez-y-fajardo-lideran-consultas-en-elecciones\/","og_locale":"es_ES","og_type":"article","og_title":"Petro, Guti\u00e9rrez y Fajardo lideran consultas en elecciones - El Diario - Bolivia","og_description":"Bogot\u00e1.- Colombia eligi\u00f3 ayer a los nuevos miembros del Senado, la C\u00e1mara de Representantes y a los candidatos presidenciales de tres coaliciones que tras m\u00e1s del 60 % de los votos est\u00e1 arrasando en la izquierda Gustavo Petro del Pacto Hist\u00f3rico, con m\u00e1s de tres millones de votos, Sergio Fajardo en el centro y Federico [&hellip;]","og_url":"https:\/\/www.eldiario.net\/portal\/2022\/03\/14\/petro-gutierrez-y-fajardo-lideran-consultas-en-elecciones\/","og_site_name":"El Diario - Bolivia","article_publisher":"https:\/\/www.facebook.com\/eldiario.bolivia\/","article_published_time":"2022-03-14T08:51:06+00:00","author":"Jeanette","twitter_card":"summary_large_image","twitter_creator":"@eldiario_net","twitter_site":"@eldiario_net","twitter_misc":{"Escrito por":"Jeanette","Tiempo de lectura":"3 minutos"},"schema":{"@context":"https:\/\/schema.org","@graph":[{"@type":"Article","@id":"https:\/\/www.eldiario.net\/portal\/2022\/03\/14\/petro-gutierrez-y-fajardo-lideran-consultas-en-elecciones\/#article","isPartOf":{"@id":"https:\/\/www.eldiario.net\/portal\/2022\/03\/14\/petro-gutierrez-y-fajardo-lideran-consultas-en-elecciones\/"},"author":{"name":"Jeanette","@id":"https:\/\/www.eldiario.net\/portal\/#\/schema\/person\/f46445640444750d7d753ccd04ae01b7"},"headline":"Petro, Guti\u00e9rrez y Fajardo lideran consultas en elecciones","datePublished":"2022-03-14T08:51:06+00:00","mainEntityOfPage":{"@id":"https:\/\/www.eldiario.net\/portal\/2022\/03\/14\/petro-gutierrez-y-fajardo-lideran-consultas-en-elecciones\/"},"wordCount":562,"publisher":{"@id":"https:\/\/www.eldiario.net\/portal\/#organization"},"image":{"@id":"https:\/\/www.eldiario.net\/portal\/2022\/03\/14\/petro-gutierrez-y-fajardo-lideran-consultas-en-elecciones\/#primaryimage"},"thumbnailUrl":"","articleSection":["Internacional"],"inLanguage":"es"},{"@type":"WebPage","@id":"https:\/\/www.eldiario.net\/portal\/2022\/03\/14\/petro-gutierrez-y-fajardo-lideran-consultas-en-elecciones\/","url":"https:\/\/www.eldiario.net\/portal\/2022\/03\/14\/petro-gutierrez-y-fajardo-lideran-consultas-en-elecciones\/","name":"Petro, Guti\u00e9rrez y Fajardo lideran consultas en elecciones - El Diario - Bolivia","isPartOf":{"@id":"https:\/\/www.eldiario.net\/portal\/#website"},"primaryImageOfPage":{"@id":"https:\/\/www.eldiario.net\/portal\/2022\/03\/14\/petro-gutierrez-y-fajardo-lideran-consultas-en-elecciones\/#primaryimage"},"image":{"@id":"https:\/\/www.eldiario.net\/portal\/2022\/03\/14\/petro-gutierrez-y-fajardo-lideran-consultas-en-elecciones\/#primaryimage"},"thumbnailUrl":"","datePublished":"2022-03-14T08:51:06+00:00","breadcrumb":{"@id":"https:\/\/www.eldiario.net\/portal\/2022\/03\/14\/petro-gutierrez-y-fajardo-lideran-consultas-en-elecciones\/#breadcrumb"},"inLanguage":"es","potentialAction":[{"@type":"ReadAction","target":["https:\/\/www.eldiario.net\/portal\/2022\/03\/14\/petro-gutierrez-y-fajardo-lideran-consultas-en-elecciones\/"]}]},{"@type":"ImageObject","inLanguage":"es","@id":"https:\/\/www.eldiario.net\/portal\/2022\/03\/14\/petro-gutierrez-y-fajardo-lideran-consultas-en-elecciones\/#primaryimage","url":"","contentUrl":""},{"@type":"BreadcrumbList","@id":"https:\/\/www.eldiario.net\/portal\/2022\/03\/14\/petro-gutierrez-y-fajardo-lideran-consultas-en-elecciones\/#breadcrumb","itemListElement":[{"@type":"ListItem","position":1,"name":"Portada","item":"https:\/\/www.eldiario.net\/portal\/"},{"@type":"ListItem","position":2,"name":"Petro, Guti\u00e9rrez y Fajardo lideran consultas en elecciones"}]},{"@type":"WebSite","@id":"https:\/\/www.eldiario.net\/portal\/#website","url":"https:\/\/www.eldiario.net\/portal\/","name":"El Diario - Decano de la prensa nacional","description":"El Diario - Decano de la prensa nacional","publisher":{"@id":"https:\/\/www.eldiario.net\/portal\/#organization"},"potentialAction":[{"@type":"SearchAction","target":{"@type":"EntryPoint","urlTemplate":"https:\/\/www.eldiario.net\/portal\/?s={search_term_string}"},"query-input":{"@type":"PropertyValueSpecification","valueRequired":true,"valueName":"search_term_string"}}],"inLanguage":"es"},{"@type":"Organization","@id":"https:\/\/www.eldiario.net\/portal\/#organization","name":"El Diario - Decano de la prensa nacional","url":"https:\/\/www.eldiario.net\/portal\/","logo":{"@type":"ImageObject","inLanguage":"es","@id":"https:\/\/www.eldiario.net\/portal\/#\/schema\/logo\/image\/","url":"https:\/\/www.eldiario.net\/portal\/wp-content\/uploads\/2023\/07\/logo_ED.jpg","contentUrl":"https:\/\/www.eldiario.net\/portal\/wp-content\/uploads\/2023\/07\/logo_ED.jpg","width":272,"height":52,"caption":"El Diario - Decano de la prensa nacional"},"image":{"@id":"https:\/\/www.eldiario.net\/portal\/#\/schema\/logo\/image\/"},"sameAs":["https:\/\/www.facebook.com\/eldiario.bolivia\/","https:\/\/x.com\/eldiario_net"]},{"@type":"Person","@id":"https:\/\/www.eldiario.net\/portal\/#\/schema\/person\/f46445640444750d7d753ccd04ae01b7","name":"Jeanette","image":{"@type":"ImageObject","inLanguage":"es","@id":"https:\/\/secure.gravatar.com\/avatar\/3ea2118a5f7dad2b7138b1187a6b7ee55f160b9968b66013c3a3ef39dd7e5798?s=96&d=mm&r=g","url":"https:\/\/secure.gravatar.com\/avatar\/3ea2118a5f7dad2b7138b1187a6b7ee55f160b9968b66013c3a3ef39dd7e5798?s=96&d=mm&r=g","contentUrl":"https:\/\/secure.gravatar.com\/avatar\/3ea2118a5f7dad2b7138b1187a6b7ee55f160b9968b66013c3a3ef39dd7e5798?s=96&d=mm&r=g","caption":"Jeanette"},"sameAs":["https:\/\/www.eldiario.net\/portal"],"url":"https:\/\/www.eldiario.net\/portal\/author\/jeanette\/"}]}},"_links":{"self":[{"href":"https:\/\/www.eldiario.net\/portal\/wp-json\/wp\/v2\/posts\/69390","targetHints":{"allow":["GET"]}}],"collection":[{"href":"https:\/\/www.eldiario.net\/portal\/wp-json\/wp\/v2\/posts"}],"about":[{"href":"https:\/\/www.eldiario.net\/portal\/wp-json\/wp\/v2\/types\/post"}],"author":[{"embeddable":true,"href":"https:\/\/www.eldiario.net\/portal\/wp-json\/wp\/v2\/users\/1"}],"replies":[{"embeddable":true,"href":"https:\/\/www.eldiario.net\/portal\/wp-json\/wp\/v2\/comments?post=69390"}],"version-history":[{"count":0,"href":"https:\/\/www.eldiario.net\/portal\/wp-json\/wp\/v2\/posts\/69390\/revisions"}],"wp:attachment":[{"href":"https:\/\/www.eldiario.net\/portal\/wp-json\/wp\/v2\/media?parent=69390"}],"wp:term":[{"taxonomy":"category","embeddable":true,"href":"https:\/\/www.eldiario.net\/portal\/wp-json\/wp\/v2\/categories?post=69390"},{"taxonomy":"post_tag","embeddable":true,"href":"https:\/\/www.eldiario.net\/portal\/wp-json\/wp\/v2\/tags?post=69390"}],"curies":[{"name":"wp","href":"https:\/\/api.w.org\/{rel}","templated":true}]}}