{"id":69387,"date":"2022-03-14T04:50:00","date_gmt":"2022-03-14T08:50:00","guid":{"rendered":"https:\/\/www.eldiario.net\/portal\/?p=69387"},"modified":"2022-03-14T04:50:00","modified_gmt":"2022-03-14T08:50:00","slug":"en-mariupol-denuncian-mas-de-2-100-residentes-muertos","status":"publish","type":"post","link":"https:\/\/www.eldiario.net\/portal\/2022\/03\/14\/en-mariupol-denuncian-mas-de-2-100-residentes-muertos\/","title":{"rendered":"En Mari\u00fapol denuncian m\u00e1s  de 2.100 residentes muertos"},"content":{"rendered":"<p>Mori\u00fapol.- El Ayuntamiento de la asediada ciudad ucraniana de Mari\u00fapol, denunci\u00f3 ayer que los bombardeos realizados por las fuerzas rusas y las milicias de Donetsk, afines a Mosc\u00fa, han causado la muerte a m\u00e1s de 2.100 residentes.<br \/>\n\u201cCada bombardeo trae una destrucci\u00f3n terrible y se lleva lo m\u00e1s importante que existe que existe: la vida de los residentes pac\u00edficos de Mari\u00fapol. Hasta la fecha, 2.187 residentes de Mari\u00fapol han muerto a causa de los ataques rusos. Memoria eterna para ellos\u201d, se\u00f1al\u00f3 saber el Ayuntamiento en su canal de Telegram, recogido por Unian.<br \/>\nLas autoridades de la ciudad han denunciado adem\u00e1s que Mari\u00fapol ha sido objetivo de al menos 22 bombardeos durante las \u00faltimas 24 horas y m\u00e1s de un centenar en total desde el principio del asedio.<br \/>\nAsimismo, el Ayuntamiento acusa a las fuerzas rusas de haber destruido \u201cpor completo\u201d los hospitales infantiles y la infraestructura de la ciudad, donde residen 400.000 en condiciones dram\u00e1ticas, seg\u00fan las ONG.<br \/>\nMientras, el Comit\u00e9 Internacional de la Cruz Roja (CICR) adverti\u00f3 de que Mari\u00fapol se enfrenta al \u00abpeor escenario posible\u00bb si las partes en conflicto no logran urgentemente un \u00abacuerdo humanitario concreto\u00bb, para el que el CICR se ha ofrecido como mediador neutral.<br \/>\nKiev y las agencias humanitarias advirti\u00f3 del riesgo de \u00abcat\u00e1strofe humanitaria\u00bb por la falta de agua, alimentos y calefacci\u00f3n. \u00abEl tiempo se acaba para cientos de miles de personas atrapadas por los combates\u00bb, ha destacado el CICR. \u00abLa Historia mirar\u00e1 con horror a lo que est\u00e1 ocurriendo ahora en Mari\u00fapol si no se alcanza un acuerdo lo antes posible\u00bb, ha advertido.<br \/>\nLos intentos de abrir un corredor humanitario en firme en Mari\u00fapol, situada en el frente este del conflicto ucraniano, han ca\u00eddo por el momento en saco roto mientras Rusia y Ucrania se acusan mutuamente de incumplir las espor\u00e1dicas declaraciones de alto el fuego para permitir la evacuaci\u00f3n.<br \/>\nAs\u00ed las cosas, el Gobierno ucraniano se encuentra a la espera de recibir confirmaci\u00f3n sobre la llegada a lo largo de hoy de un convoy humanitario a la ciudad con suministros de primera necesidad para la poblaci\u00f3n.<br \/>\nEl presidente de Ucrania, Volodimir Zelenski, inform\u00f3 esta ma\u00f1ana de que, seg\u00fan sus \u00faltimas informaciones, el convoy se encontraba a una distancia aproximada de dos horas de la ciudad y que los esfuerzos diplom\u00e1ticos para la entrada del cargamento ya estaban en marcha. (Europa Press)<\/p>\n","protected":false},"excerpt":{"rendered":"<p>Mori\u00fapol.- El Ayuntamiento de la asediada ciudad ucraniana de Mari\u00fapol, denunci\u00f3 ayer que los bombardeos realizados por las fuerzas rusas y las milicias de Donetsk, afines a Mosc\u00fa, han causado la muerte a m\u00e1s de 2.100 residentes. \u201cCada bombardeo trae una destrucci\u00f3n terrible y se lleva lo m\u00e1s importante que existe que existe: la vida [&hellip;]<\/p>\n","protected":false},"author":1,"featured_media":69388,"comment_status":"closed","ping_status":"closed","sticky":false,"template":"","format":"standard","meta":{"_acf_changed":false,"footnotes":""},"categories":[3],"tags":[],"class_list":["post-69387","post","type-post","status-publish","format-standard","has-post-thumbnail","category-internacional"],"acf":{"antetitulo":""},"yoast_head":"<!-- This site is optimized with the Yoast SEO plugin v28.4 - https:\/\/yoast.com\/product\/yoast-seo-wordpress\/ -->\n<title>En Mari\u00fapol denuncian m\u00e1s de 2.100 residentes muertos - El Diario - Bolivia<\/title>\n<meta name=\"robots\" content=\"index, follow, max-snippet:-1, max-image-preview:large, max-video-preview:-1\" \/>\n<link rel=\"canonical\" href=\"https:\/\/www.eldiario.net\/portal\/2022\/03\/14\/en-mariupol-denuncian-mas-de-2-100-residentes-muertos\/\" \/>\n<meta property=\"og:locale\" content=\"es_ES\" \/>\n<meta property=\"og:type\" content=\"article\" \/>\n<meta property=\"og:title\" content=\"En Mari\u00fapol denuncian m\u00e1s de 2.100 residentes muertos - El Diario - Bolivia\" \/>\n<meta property=\"og:description\" content=\"Mori\u00fapol.- El Ayuntamiento de la asediada ciudad ucraniana de Mari\u00fapol, denunci\u00f3 ayer que los bombardeos realizados por las fuerzas rusas y las milicias de Donetsk, afines a Mosc\u00fa, han causado la muerte a m\u00e1s de 2.100 residentes. \u201cCada bombardeo trae una destrucci\u00f3n terrible y se lleva lo m\u00e1s importante que existe que existe: la vida [&hellip;]\" \/>\n<meta property=\"og:url\" content=\"https:\/\/www.eldiario.net\/portal\/2022\/03\/14\/en-mariupol-denuncian-mas-de-2-100-residentes-muertos\/\" \/>\n<meta property=\"og:site_name\" content=\"El Diario - Bolivia\" \/>\n<meta property=\"article:publisher\" content=\"https:\/\/www.facebook.com\/eldiario.bolivia\/\" \/>\n<meta property=\"article:published_time\" content=\"2022-03-14T08:50:00+00:00\" \/>\n<meta name=\"author\" content=\"Jeanette\" \/>\n<meta name=\"twitter:card\" content=\"summary_large_image\" \/>\n<meta name=\"twitter:creator\" content=\"@eldiario_net\" \/>\n<meta name=\"twitter:site\" content=\"@eldiario_net\" \/>\n<meta name=\"twitter:label1\" content=\"Escrito por\" \/>\n\t<meta name=\"twitter:data1\" content=\"Jeanette\" \/>\n\t<meta name=\"twitter:label2\" content=\"Tiempo de lectura\" \/>\n\t<meta name=\"twitter:data2\" content=\"2 minutos\" \/>\n<script type=\"application\/ld+json\" class=\"yoast-schema-graph\">{\"@context\":\"https:\\\/\\\/schema.org\",\"@graph\":[{\"@type\":\"Article\",\"@id\":\"https:\\\/\\\/www.eldiario.net\\\/portal\\\/2022\\\/03\\\/14\\\/en-mariupol-denuncian-mas-de-2-100-residentes-muertos\\\/#article\",\"isPartOf\":{\"@id\":\"https:\\\/\\\/www.eldiario.net\\\/portal\\\/2022\\\/03\\\/14\\\/en-mariupol-denuncian-mas-de-2-100-residentes-muertos\\\/\"},\"author\":{\"name\":\"Jeanette\",\"@id\":\"https:\\\/\\\/www.eldiario.net\\\/portal\\\/#\\\/schema\\\/person\\\/f46445640444750d7d753ccd04ae01b7\"},\"headline\":\"En Mari\u00fapol denuncian m\u00e1s de 2.100 residentes muertos\",\"datePublished\":\"2022-03-14T08:50:00+00:00\",\"mainEntityOfPage\":{\"@id\":\"https:\\\/\\\/www.eldiario.net\\\/portal\\\/2022\\\/03\\\/14\\\/en-mariupol-denuncian-mas-de-2-100-residentes-muertos\\\/\"},\"wordCount\":422,\"publisher\":{\"@id\":\"https:\\\/\\\/www.eldiario.net\\\/portal\\\/#organization\"},\"image\":{\"@id\":\"https:\\\/\\\/www.eldiario.net\\\/portal\\\/2022\\\/03\\\/14\\\/en-mariupol-denuncian-mas-de-2-100-residentes-muertos\\\/#primaryimage\"},\"thumbnailUrl\":\"\",\"articleSection\":[\"Internacional\"],\"inLanguage\":\"es\"},{\"@type\":\"WebPage\",\"@id\":\"https:\\\/\\\/www.eldiario.net\\\/portal\\\/2022\\\/03\\\/14\\\/en-mariupol-denuncian-mas-de-2-100-residentes-muertos\\\/\",\"url\":\"https:\\\/\\\/www.eldiario.net\\\/portal\\\/2022\\\/03\\\/14\\\/en-mariupol-denuncian-mas-de-2-100-residentes-muertos\\\/\",\"name\":\"En Mari\u00fapol denuncian m\u00e1s de 2.100 residentes muertos - El Diario - Bolivia\",\"isPartOf\":{\"@id\":\"https:\\\/\\\/www.eldiario.net\\\/portal\\\/#website\"},\"primaryImageOfPage\":{\"@id\":\"https:\\\/\\\/www.eldiario.net\\\/portal\\\/2022\\\/03\\\/14\\\/en-mariupol-denuncian-mas-de-2-100-residentes-muertos\\\/#primaryimage\"},\"image\":{\"@id\":\"https:\\\/\\\/www.eldiario.net\\\/portal\\\/2022\\\/03\\\/14\\\/en-mariupol-denuncian-mas-de-2-100-residentes-muertos\\\/#primaryimage\"},\"thumbnailUrl\":\"\",\"datePublished\":\"2022-03-14T08:50:00+00:00\",\"breadcrumb\":{\"@id\":\"https:\\\/\\\/www.eldiario.net\\\/portal\\\/2022\\\/03\\\/14\\\/en-mariupol-denuncian-mas-de-2-100-residentes-muertos\\\/#breadcrumb\"},\"inLanguage\":\"es\",\"potentialAction\":[{\"@type\":\"ReadAction\",\"target\":[\"https:\\\/\\\/www.eldiario.net\\\/portal\\\/2022\\\/03\\\/14\\\/en-mariupol-denuncian-mas-de-2-100-residentes-muertos\\\/\"]}]},{\"@type\":\"ImageObject\",\"inLanguage\":\"es\",\"@id\":\"https:\\\/\\\/www.eldiario.net\\\/portal\\\/2022\\\/03\\\/14\\\/en-mariupol-denuncian-mas-de-2-100-residentes-muertos\\\/#primaryimage\",\"url\":\"\",\"contentUrl\":\"\"},{\"@type\":\"BreadcrumbList\",\"@id\":\"https:\\\/\\\/www.eldiario.net\\\/portal\\\/2022\\\/03\\\/14\\\/en-mariupol-denuncian-mas-de-2-100-residentes-muertos\\\/#breadcrumb\",\"itemListElement\":[{\"@type\":\"ListItem\",\"position\":1,\"name\":\"Portada\",\"item\":\"https:\\\/\\\/www.eldiario.net\\\/portal\\\/\"},{\"@type\":\"ListItem\",\"position\":2,\"name\":\"En Mari\u00fapol denuncian m\u00e1s de 2.100 residentes muertos\"}]},{\"@type\":\"WebSite\",\"@id\":\"https:\\\/\\\/www.eldiario.net\\\/portal\\\/#website\",\"url\":\"https:\\\/\\\/www.eldiario.net\\\/portal\\\/\",\"name\":\"El Diario - Decano de la prensa nacional\",\"description\":\"El Diario - Decano de la prensa nacional\",\"publisher\":{\"@id\":\"https:\\\/\\\/www.eldiario.net\\\/portal\\\/#organization\"},\"potentialAction\":[{\"@type\":\"SearchAction\",\"target\":{\"@type\":\"EntryPoint\",\"urlTemplate\":\"https:\\\/\\\/www.eldiario.net\\\/portal\\\/?s={search_term_string}\"},\"query-input\":{\"@type\":\"PropertyValueSpecification\",\"valueRequired\":true,\"valueName\":\"search_term_string\"}}],\"inLanguage\":\"es\"},{\"@type\":\"Organization\",\"@id\":\"https:\\\/\\\/www.eldiario.net\\\/portal\\\/#organization\",\"name\":\"El Diario - Decano de la prensa nacional\",\"url\":\"https:\\\/\\\/www.eldiario.net\\\/portal\\\/\",\"logo\":{\"@type\":\"ImageObject\",\"inLanguage\":\"es\",\"@id\":\"https:\\\/\\\/www.eldiario.net\\\/portal\\\/#\\\/schema\\\/logo\\\/image\\\/\",\"url\":\"https:\\\/\\\/www.eldiario.net\\\/portal\\\/wp-content\\\/uploads\\\/2023\\\/07\\\/logo_ED.jpg\",\"contentUrl\":\"https:\\\/\\\/www.eldiario.net\\\/portal\\\/wp-content\\\/uploads\\\/2023\\\/07\\\/logo_ED.jpg\",\"width\":272,\"height\":52,\"caption\":\"El Diario - Decano de la prensa nacional\"},\"image\":{\"@id\":\"https:\\\/\\\/www.eldiario.net\\\/portal\\\/#\\\/schema\\\/logo\\\/image\\\/\"},\"sameAs\":[\"https:\\\/\\\/www.facebook.com\\\/eldiario.bolivia\\\/\",\"https:\\\/\\\/x.com\\\/eldiario_net\"]},{\"@type\":\"Person\",\"@id\":\"https:\\\/\\\/www.eldiario.net\\\/portal\\\/#\\\/schema\\\/person\\\/f46445640444750d7d753ccd04ae01b7\",\"name\":\"Jeanette\",\"image\":{\"@type\":\"ImageObject\",\"inLanguage\":\"es\",\"@id\":\"https:\\\/\\\/secure.gravatar.com\\\/avatar\\\/3ea2118a5f7dad2b7138b1187a6b7ee55f160b9968b66013c3a3ef39dd7e5798?s=96&d=mm&r=g\",\"url\":\"https:\\\/\\\/secure.gravatar.com\\\/avatar\\\/3ea2118a5f7dad2b7138b1187a6b7ee55f160b9968b66013c3a3ef39dd7e5798?s=96&d=mm&r=g\",\"contentUrl\":\"https:\\\/\\\/secure.gravatar.com\\\/avatar\\\/3ea2118a5f7dad2b7138b1187a6b7ee55f160b9968b66013c3a3ef39dd7e5798?s=96&d=mm&r=g\",\"caption\":\"Jeanette\"},\"sameAs\":[\"https:\\\/\\\/www.eldiario.net\\\/portal\"],\"url\":\"https:\\\/\\\/www.eldiario.net\\\/portal\\\/author\\\/jeanette\\\/\"}]}<\/script>\n<!-- \/ Yoast SEO plugin. -->","yoast_head_json":{"title":"En Mari\u00fapol denuncian m\u00e1s de 2.100 residentes muertos - El Diario - Bolivia","robots":{"index":"index","follow":"follow","max-snippet":"max-snippet:-1","max-image-preview":"max-image-preview:large","max-video-preview":"max-video-preview:-1"},"canonical":"https:\/\/www.eldiario.net\/portal\/2022\/03\/14\/en-mariupol-denuncian-mas-de-2-100-residentes-muertos\/","og_locale":"es_ES","og_type":"article","og_title":"En Mari\u00fapol denuncian m\u00e1s de 2.100 residentes muertos - El Diario - Bolivia","og_description":"Mori\u00fapol.- El Ayuntamiento de la asediada ciudad ucraniana de Mari\u00fapol, denunci\u00f3 ayer que los bombardeos realizados por las fuerzas rusas y las milicias de Donetsk, afines a Mosc\u00fa, han causado la muerte a m\u00e1s de 2.100 residentes. \u201cCada bombardeo trae una destrucci\u00f3n terrible y se lleva lo m\u00e1s importante que existe que existe: la vida [&hellip;]","og_url":"https:\/\/www.eldiario.net\/portal\/2022\/03\/14\/en-mariupol-denuncian-mas-de-2-100-residentes-muertos\/","og_site_name":"El Diario - Bolivia","article_publisher":"https:\/\/www.facebook.com\/eldiario.bolivia\/","article_published_time":"2022-03-14T08:50:00+00:00","author":"Jeanette","twitter_card":"summary_large_image","twitter_creator":"@eldiario_net","twitter_site":"@eldiario_net","twitter_misc":{"Escrito por":"Jeanette","Tiempo de lectura":"2 minutos"},"schema":{"@context":"https:\/\/schema.org","@graph":[{"@type":"Article","@id":"https:\/\/www.eldiario.net\/portal\/2022\/03\/14\/en-mariupol-denuncian-mas-de-2-100-residentes-muertos\/#article","isPartOf":{"@id":"https:\/\/www.eldiario.net\/portal\/2022\/03\/14\/en-mariupol-denuncian-mas-de-2-100-residentes-muertos\/"},"author":{"name":"Jeanette","@id":"https:\/\/www.eldiario.net\/portal\/#\/schema\/person\/f46445640444750d7d753ccd04ae01b7"},"headline":"En Mari\u00fapol denuncian m\u00e1s de 2.100 residentes muertos","datePublished":"2022-03-14T08:50:00+00:00","mainEntityOfPage":{"@id":"https:\/\/www.eldiario.net\/portal\/2022\/03\/14\/en-mariupol-denuncian-mas-de-2-100-residentes-muertos\/"},"wordCount":422,"publisher":{"@id":"https:\/\/www.eldiario.net\/portal\/#organization"},"image":{"@id":"https:\/\/www.eldiario.net\/portal\/2022\/03\/14\/en-mariupol-denuncian-mas-de-2-100-residentes-muertos\/#primaryimage"},"thumbnailUrl":"","articleSection":["Internacional"],"inLanguage":"es"},{"@type":"WebPage","@id":"https:\/\/www.eldiario.net\/portal\/2022\/03\/14\/en-mariupol-denuncian-mas-de-2-100-residentes-muertos\/","url":"https:\/\/www.eldiario.net\/portal\/2022\/03\/14\/en-mariupol-denuncian-mas-de-2-100-residentes-muertos\/","name":"En Mari\u00fapol denuncian m\u00e1s de 2.100 residentes muertos - El Diario - Bolivia","isPartOf":{"@id":"https:\/\/www.eldiario.net\/portal\/#website"},"primaryImageOfPage":{"@id":"https:\/\/www.eldiario.net\/portal\/2022\/03\/14\/en-mariupol-denuncian-mas-de-2-100-residentes-muertos\/#primaryimage"},"image":{"@id":"https:\/\/www.eldiario.net\/portal\/2022\/03\/14\/en-mariupol-denuncian-mas-de-2-100-residentes-muertos\/#primaryimage"},"thumbnailUrl":"","datePublished":"2022-03-14T08:50:00+00:00","breadcrumb":{"@id":"https:\/\/www.eldiario.net\/portal\/2022\/03\/14\/en-mariupol-denuncian-mas-de-2-100-residentes-muertos\/#breadcrumb"},"inLanguage":"es","potentialAction":[{"@type":"ReadAction","target":["https:\/\/www.eldiario.net\/portal\/2022\/03\/14\/en-mariupol-denuncian-mas-de-2-100-residentes-muertos\/"]}]},{"@type":"ImageObject","inLanguage":"es","@id":"https:\/\/www.eldiario.net\/portal\/2022\/03\/14\/en-mariupol-denuncian-mas-de-2-100-residentes-muertos\/#primaryimage","url":"","contentUrl":""},{"@type":"BreadcrumbList","@id":"https:\/\/www.eldiario.net\/portal\/2022\/03\/14\/en-mariupol-denuncian-mas-de-2-100-residentes-muertos\/#breadcrumb","itemListElement":[{"@type":"ListItem","position":1,"name":"Portada","item":"https:\/\/www.eldiario.net\/portal\/"},{"@type":"ListItem","position":2,"name":"En Mari\u00fapol denuncian m\u00e1s de 2.100 residentes muertos"}]},{"@type":"WebSite","@id":"https:\/\/www.eldiario.net\/portal\/#website","url":"https:\/\/www.eldiario.net\/portal\/","name":"El Diario - Decano de la prensa nacional","description":"El Diario - Decano de la prensa nacional","publisher":{"@id":"https:\/\/www.eldiario.net\/portal\/#organization"},"potentialAction":[{"@type":"SearchAction","target":{"@type":"EntryPoint","urlTemplate":"https:\/\/www.eldiario.net\/portal\/?s={search_term_string}"},"query-input":{"@type":"PropertyValueSpecification","valueRequired":true,"valueName":"search_term_string"}}],"inLanguage":"es"},{"@type":"Organization","@id":"https:\/\/www.eldiario.net\/portal\/#organization","name":"El Diario - Decano de la prensa nacional","url":"https:\/\/www.eldiario.net\/portal\/","logo":{"@type":"ImageObject","inLanguage":"es","@id":"https:\/\/www.eldiario.net\/portal\/#\/schema\/logo\/image\/","url":"https:\/\/www.eldiario.net\/portal\/wp-content\/uploads\/2023\/07\/logo_ED.jpg","contentUrl":"https:\/\/www.eldiario.net\/portal\/wp-content\/uploads\/2023\/07\/logo_ED.jpg","width":272,"height":52,"caption":"El Diario - Decano de la prensa nacional"},"image":{"@id":"https:\/\/www.eldiario.net\/portal\/#\/schema\/logo\/image\/"},"sameAs":["https:\/\/www.facebook.com\/eldiario.bolivia\/","https:\/\/x.com\/eldiario_net"]},{"@type":"Person","@id":"https:\/\/www.eldiario.net\/portal\/#\/schema\/person\/f46445640444750d7d753ccd04ae01b7","name":"Jeanette","image":{"@type":"ImageObject","inLanguage":"es","@id":"https:\/\/secure.gravatar.com\/avatar\/3ea2118a5f7dad2b7138b1187a6b7ee55f160b9968b66013c3a3ef39dd7e5798?s=96&d=mm&r=g","url":"https:\/\/secure.gravatar.com\/avatar\/3ea2118a5f7dad2b7138b1187a6b7ee55f160b9968b66013c3a3ef39dd7e5798?s=96&d=mm&r=g","contentUrl":"https:\/\/secure.gravatar.com\/avatar\/3ea2118a5f7dad2b7138b1187a6b7ee55f160b9968b66013c3a3ef39dd7e5798?s=96&d=mm&r=g","caption":"Jeanette"},"sameAs":["https:\/\/www.eldiario.net\/portal"],"url":"https:\/\/www.eldiario.net\/portal\/author\/jeanette\/"}]}},"_links":{"self":[{"href":"https:\/\/www.eldiario.net\/portal\/wp-json\/wp\/v2\/posts\/69387","targetHints":{"allow":["GET"]}}],"collection":[{"href":"https:\/\/www.eldiario.net\/portal\/wp-json\/wp\/v2\/posts"}],"about":[{"href":"https:\/\/www.eldiario.net\/portal\/wp-json\/wp\/v2\/types\/post"}],"author":[{"embeddable":true,"href":"https:\/\/www.eldiario.net\/portal\/wp-json\/wp\/v2\/users\/1"}],"replies":[{"embeddable":true,"href":"https:\/\/www.eldiario.net\/portal\/wp-json\/wp\/v2\/comments?post=69387"}],"version-history":[{"count":0,"href":"https:\/\/www.eldiario.net\/portal\/wp-json\/wp\/v2\/posts\/69387\/revisions"}],"wp:attachment":[{"href":"https:\/\/www.eldiario.net\/portal\/wp-json\/wp\/v2\/media?parent=69387"}],"wp:term":[{"taxonomy":"category","embeddable":true,"href":"https:\/\/www.eldiario.net\/portal\/wp-json\/wp\/v2\/categories?post=69387"},{"taxonomy":"post_tag","embeddable":true,"href":"https:\/\/www.eldiario.net\/portal\/wp-json\/wp\/v2\/tags?post=69387"}],"curies":[{"name":"wp","href":"https:\/\/api.w.org\/{rel}","templated":true}]}}