{"id":69384,"date":"2022-03-14T04:48:24","date_gmt":"2022-03-14T08:48:24","guid":{"rendered":"https:\/\/www.eldiario.net\/portal\/?p=69384"},"modified":"2022-03-14T04:48:24","modified_gmt":"2022-03-14T08:48:24","slug":"jueza-ordeno-capturar-a-diosdado-cabello","status":"publish","type":"post","link":"https:\/\/www.eldiario.net\/portal\/2022\/03\/14\/jueza-ordeno-capturar-a-diosdado-cabello\/","title":{"rendered":"Jueza orden\u00f3 capturar  a Diosdado Cabello"},"content":{"rendered":"<p>Buenos Aires.- La jueza argentina Mar\u00eda Alejandra Gim\u00e9nez orden\u00f3 la captura del diputado y vicepresidente del Partido Socialista Unido de Venezuela Diosdado Cabello, en caso de que llegue a Argentina, report\u00f3 el diario Clar\u00edn.<br \/>\nEsta orden se emiti\u00f3 debido a informaciones que apuntaban a una posible llegada del n\u00famero dos del chavismo a territorio argentino, espec\u00edficamente a la provincia de Jujuy.<br \/>\nFuentes revelaron a Clar\u00edn que la decisi\u00f3n la tom\u00f3 el viernes la jueza federal subrogante. Esto ante un pedido del Juzgado Federal para el distrito Sur de Nueva York, en el marco de la causa caratulada \u201cS2 11 Cr. 205(AHK)\u201d.<br \/>\nIndicaron adem\u00e1s que la orden de detenci\u00f3n internacional preventiva es con fines de extradici\u00f3n. As\u00ed lo inform\u00f3 la Embajada de Estados Unidos en el exhorto.<br \/>\nEl medio argentino consult\u00f3 a la embajada norteamericana en el pa\u00eds. Sin embargo, no quisieron hacer comentarios.<br \/>\nAdem\u00e1s, el exhorto se\u00f1ala que \u201cse tiene conocimiento, y as\u00ed fue informado, que (Diosdado Cabello) viajar\u00eda a la Rep\u00fablica Argentina aproximadamente el d\u00eda 11 de marzo de 2022, y que ingresar\u00eda al territorio por Jujuy\u201d, informaron fuentes al Clar\u00edn.<br \/>\nPese a esto, no hay informaci\u00f3n oficial de la llegada de Diosdado Cabello al pa\u00eds desde la fecha prevista. Diosdado Cabello habla sobre petr\u00f3leo venezolano.<br \/>\nEl chavista dio unas declaraciones a los medios sobre la posibilidad de que Venezuela venda petr\u00f3leo a Estados Unidos.<br \/>\n\u201cVenezuela tiene el petr\u00f3leo que muchos necesitan, incluido Estados Unidos\u2026pero tienen que pagarlo, deben pagarlo\u201d, dijo.<br \/>\nEn este sentido, agreg\u00f3 que \u201ces importante recordar, porque hubo muchas cr\u00edticas de sectores que se las saben todas, que cuando el comandante Ch\u00e1vez, en el peor momento de las relaciones con Estados Unidos, nosotros le vend\u00edamos petr\u00f3leo\u201d. (El Nacional)<\/p>\n","protected":false},"excerpt":{"rendered":"<p>Buenos Aires.- La jueza argentina Mar\u00eda Alejandra Gim\u00e9nez orden\u00f3 la captura del diputado y vicepresidente del Partido Socialista Unido de Venezuela Diosdado Cabello, en caso de que llegue a Argentina, report\u00f3 el diario Clar\u00edn. Esta orden se emiti\u00f3 debido a informaciones que apuntaban a una posible llegada del n\u00famero dos del chavismo a territorio argentino, [&hellip;]<\/p>\n","protected":false},"author":1,"featured_media":69385,"comment_status":"closed","ping_status":"closed","sticky":false,"template":"","format":"standard","meta":{"_acf_changed":false,"footnotes":""},"categories":[3],"tags":[],"class_list":["post-69384","post","type-post","status-publish","format-standard","has-post-thumbnail","category-internacional"],"acf":{"antetitulo":""},"yoast_head":"<!-- This site is optimized with the Yoast SEO plugin v28.4 - https:\/\/yoast.com\/product\/yoast-seo-wordpress\/ -->\n<title>Jueza orden\u00f3 capturar a Diosdado Cabello - El Diario - Bolivia<\/title>\n<meta name=\"robots\" content=\"index, follow, max-snippet:-1, max-image-preview:large, max-video-preview:-1\" \/>\n<link rel=\"canonical\" href=\"https:\/\/www.eldiario.net\/portal\/2022\/03\/14\/jueza-ordeno-capturar-a-diosdado-cabello\/\" \/>\n<meta property=\"og:locale\" content=\"es_ES\" \/>\n<meta property=\"og:type\" content=\"article\" \/>\n<meta property=\"og:title\" content=\"Jueza orden\u00f3 capturar a Diosdado Cabello - El Diario - Bolivia\" \/>\n<meta property=\"og:description\" content=\"Buenos Aires.- La jueza argentina Mar\u00eda Alejandra Gim\u00e9nez orden\u00f3 la captura del diputado y vicepresidente del Partido Socialista Unido de Venezuela Diosdado Cabello, en caso de que llegue a Argentina, report\u00f3 el diario Clar\u00edn. Esta orden se emiti\u00f3 debido a informaciones que apuntaban a una posible llegada del n\u00famero dos del chavismo a territorio argentino, [&hellip;]\" \/>\n<meta property=\"og:url\" content=\"https:\/\/www.eldiario.net\/portal\/2022\/03\/14\/jueza-ordeno-capturar-a-diosdado-cabello\/\" \/>\n<meta property=\"og:site_name\" content=\"El Diario - Bolivia\" \/>\n<meta property=\"article:publisher\" content=\"https:\/\/www.facebook.com\/eldiario.bolivia\/\" \/>\n<meta property=\"article:published_time\" content=\"2022-03-14T08:48:24+00:00\" \/>\n<meta name=\"author\" content=\"Jeanette\" \/>\n<meta name=\"twitter:card\" content=\"summary_large_image\" \/>\n<meta name=\"twitter:creator\" content=\"@eldiario_net\" \/>\n<meta name=\"twitter:site\" content=\"@eldiario_net\" \/>\n<meta name=\"twitter:label1\" content=\"Escrito por\" \/>\n\t<meta name=\"twitter:data1\" content=\"Jeanette\" \/>\n\t<meta name=\"twitter:label2\" content=\"Tiempo de lectura\" \/>\n\t<meta name=\"twitter:data2\" content=\"2 minutos\" \/>\n<script type=\"application\/ld+json\" class=\"yoast-schema-graph\">{\"@context\":\"https:\\\/\\\/schema.org\",\"@graph\":[{\"@type\":\"Article\",\"@id\":\"https:\\\/\\\/www.eldiario.net\\\/portal\\\/2022\\\/03\\\/14\\\/jueza-ordeno-capturar-a-diosdado-cabello\\\/#article\",\"isPartOf\":{\"@id\":\"https:\\\/\\\/www.eldiario.net\\\/portal\\\/2022\\\/03\\\/14\\\/jueza-ordeno-capturar-a-diosdado-cabello\\\/\"},\"author\":{\"name\":\"Jeanette\",\"@id\":\"https:\\\/\\\/www.eldiario.net\\\/portal\\\/#\\\/schema\\\/person\\\/f46445640444750d7d753ccd04ae01b7\"},\"headline\":\"Jueza orden\u00f3 capturar a Diosdado Cabello\",\"datePublished\":\"2022-03-14T08:48:24+00:00\",\"mainEntityOfPage\":{\"@id\":\"https:\\\/\\\/www.eldiario.net\\\/portal\\\/2022\\\/03\\\/14\\\/jueza-ordeno-capturar-a-diosdado-cabello\\\/\"},\"wordCount\":314,\"publisher\":{\"@id\":\"https:\\\/\\\/www.eldiario.net\\\/portal\\\/#organization\"},\"image\":{\"@id\":\"https:\\\/\\\/www.eldiario.net\\\/portal\\\/2022\\\/03\\\/14\\\/jueza-ordeno-capturar-a-diosdado-cabello\\\/#primaryimage\"},\"thumbnailUrl\":\"\",\"articleSection\":[\"Internacional\"],\"inLanguage\":\"es\"},{\"@type\":\"WebPage\",\"@id\":\"https:\\\/\\\/www.eldiario.net\\\/portal\\\/2022\\\/03\\\/14\\\/jueza-ordeno-capturar-a-diosdado-cabello\\\/\",\"url\":\"https:\\\/\\\/www.eldiario.net\\\/portal\\\/2022\\\/03\\\/14\\\/jueza-ordeno-capturar-a-diosdado-cabello\\\/\",\"name\":\"Jueza orden\u00f3 capturar a Diosdado Cabello - El Diario - Bolivia\",\"isPartOf\":{\"@id\":\"https:\\\/\\\/www.eldiario.net\\\/portal\\\/#website\"},\"primaryImageOfPage\":{\"@id\":\"https:\\\/\\\/www.eldiario.net\\\/portal\\\/2022\\\/03\\\/14\\\/jueza-ordeno-capturar-a-diosdado-cabello\\\/#primaryimage\"},\"image\":{\"@id\":\"https:\\\/\\\/www.eldiario.net\\\/portal\\\/2022\\\/03\\\/14\\\/jueza-ordeno-capturar-a-diosdado-cabello\\\/#primaryimage\"},\"thumbnailUrl\":\"\",\"datePublished\":\"2022-03-14T08:48:24+00:00\",\"breadcrumb\":{\"@id\":\"https:\\\/\\\/www.eldiario.net\\\/portal\\\/2022\\\/03\\\/14\\\/jueza-ordeno-capturar-a-diosdado-cabello\\\/#breadcrumb\"},\"inLanguage\":\"es\",\"potentialAction\":[{\"@type\":\"ReadAction\",\"target\":[\"https:\\\/\\\/www.eldiario.net\\\/portal\\\/2022\\\/03\\\/14\\\/jueza-ordeno-capturar-a-diosdado-cabello\\\/\"]}]},{\"@type\":\"ImageObject\",\"inLanguage\":\"es\",\"@id\":\"https:\\\/\\\/www.eldiario.net\\\/portal\\\/2022\\\/03\\\/14\\\/jueza-ordeno-capturar-a-diosdado-cabello\\\/#primaryimage\",\"url\":\"\",\"contentUrl\":\"\"},{\"@type\":\"BreadcrumbList\",\"@id\":\"https:\\\/\\\/www.eldiario.net\\\/portal\\\/2022\\\/03\\\/14\\\/jueza-ordeno-capturar-a-diosdado-cabello\\\/#breadcrumb\",\"itemListElement\":[{\"@type\":\"ListItem\",\"position\":1,\"name\":\"Portada\",\"item\":\"https:\\\/\\\/www.eldiario.net\\\/portal\\\/\"},{\"@type\":\"ListItem\",\"position\":2,\"name\":\"Jueza orden\u00f3 capturar a Diosdado Cabello\"}]},{\"@type\":\"WebSite\",\"@id\":\"https:\\\/\\\/www.eldiario.net\\\/portal\\\/#website\",\"url\":\"https:\\\/\\\/www.eldiario.net\\\/portal\\\/\",\"name\":\"El Diario - Decano de la prensa nacional\",\"description\":\"El Diario - Decano de la prensa nacional\",\"publisher\":{\"@id\":\"https:\\\/\\\/www.eldiario.net\\\/portal\\\/#organization\"},\"potentialAction\":[{\"@type\":\"SearchAction\",\"target\":{\"@type\":\"EntryPoint\",\"urlTemplate\":\"https:\\\/\\\/www.eldiario.net\\\/portal\\\/?s={search_term_string}\"},\"query-input\":{\"@type\":\"PropertyValueSpecification\",\"valueRequired\":true,\"valueName\":\"search_term_string\"}}],\"inLanguage\":\"es\"},{\"@type\":\"Organization\",\"@id\":\"https:\\\/\\\/www.eldiario.net\\\/portal\\\/#organization\",\"name\":\"El Diario - Decano de la prensa nacional\",\"url\":\"https:\\\/\\\/www.eldiario.net\\\/portal\\\/\",\"logo\":{\"@type\":\"ImageObject\",\"inLanguage\":\"es\",\"@id\":\"https:\\\/\\\/www.eldiario.net\\\/portal\\\/#\\\/schema\\\/logo\\\/image\\\/\",\"url\":\"https:\\\/\\\/www.eldiario.net\\\/portal\\\/wp-content\\\/uploads\\\/2023\\\/07\\\/logo_ED.jpg\",\"contentUrl\":\"https:\\\/\\\/www.eldiario.net\\\/portal\\\/wp-content\\\/uploads\\\/2023\\\/07\\\/logo_ED.jpg\",\"width\":272,\"height\":52,\"caption\":\"El Diario - Decano de la prensa nacional\"},\"image\":{\"@id\":\"https:\\\/\\\/www.eldiario.net\\\/portal\\\/#\\\/schema\\\/logo\\\/image\\\/\"},\"sameAs\":[\"https:\\\/\\\/www.facebook.com\\\/eldiario.bolivia\\\/\",\"https:\\\/\\\/x.com\\\/eldiario_net\"]},{\"@type\":\"Person\",\"@id\":\"https:\\\/\\\/www.eldiario.net\\\/portal\\\/#\\\/schema\\\/person\\\/f46445640444750d7d753ccd04ae01b7\",\"name\":\"Jeanette\",\"image\":{\"@type\":\"ImageObject\",\"inLanguage\":\"es\",\"@id\":\"https:\\\/\\\/secure.gravatar.com\\\/avatar\\\/3ea2118a5f7dad2b7138b1187a6b7ee55f160b9968b66013c3a3ef39dd7e5798?s=96&d=mm&r=g\",\"url\":\"https:\\\/\\\/secure.gravatar.com\\\/avatar\\\/3ea2118a5f7dad2b7138b1187a6b7ee55f160b9968b66013c3a3ef39dd7e5798?s=96&d=mm&r=g\",\"contentUrl\":\"https:\\\/\\\/secure.gravatar.com\\\/avatar\\\/3ea2118a5f7dad2b7138b1187a6b7ee55f160b9968b66013c3a3ef39dd7e5798?s=96&d=mm&r=g\",\"caption\":\"Jeanette\"},\"sameAs\":[\"https:\\\/\\\/www.eldiario.net\\\/portal\"],\"url\":\"https:\\\/\\\/www.eldiario.net\\\/portal\\\/author\\\/jeanette\\\/\"}]}<\/script>\n<!-- \/ Yoast SEO plugin. -->","yoast_head_json":{"title":"Jueza orden\u00f3 capturar a Diosdado Cabello - El Diario - Bolivia","robots":{"index":"index","follow":"follow","max-snippet":"max-snippet:-1","max-image-preview":"max-image-preview:large","max-video-preview":"max-video-preview:-1"},"canonical":"https:\/\/www.eldiario.net\/portal\/2022\/03\/14\/jueza-ordeno-capturar-a-diosdado-cabello\/","og_locale":"es_ES","og_type":"article","og_title":"Jueza orden\u00f3 capturar a Diosdado Cabello - El Diario - Bolivia","og_description":"Buenos Aires.- La jueza argentina Mar\u00eda Alejandra Gim\u00e9nez orden\u00f3 la captura del diputado y vicepresidente del Partido Socialista Unido de Venezuela Diosdado Cabello, en caso de que llegue a Argentina, report\u00f3 el diario Clar\u00edn. Esta orden se emiti\u00f3 debido a informaciones que apuntaban a una posible llegada del n\u00famero dos del chavismo a territorio argentino, [&hellip;]","og_url":"https:\/\/www.eldiario.net\/portal\/2022\/03\/14\/jueza-ordeno-capturar-a-diosdado-cabello\/","og_site_name":"El Diario - Bolivia","article_publisher":"https:\/\/www.facebook.com\/eldiario.bolivia\/","article_published_time":"2022-03-14T08:48:24+00:00","author":"Jeanette","twitter_card":"summary_large_image","twitter_creator":"@eldiario_net","twitter_site":"@eldiario_net","twitter_misc":{"Escrito por":"Jeanette","Tiempo de lectura":"2 minutos"},"schema":{"@context":"https:\/\/schema.org","@graph":[{"@type":"Article","@id":"https:\/\/www.eldiario.net\/portal\/2022\/03\/14\/jueza-ordeno-capturar-a-diosdado-cabello\/#article","isPartOf":{"@id":"https:\/\/www.eldiario.net\/portal\/2022\/03\/14\/jueza-ordeno-capturar-a-diosdado-cabello\/"},"author":{"name":"Jeanette","@id":"https:\/\/www.eldiario.net\/portal\/#\/schema\/person\/f46445640444750d7d753ccd04ae01b7"},"headline":"Jueza orden\u00f3 capturar a Diosdado Cabello","datePublished":"2022-03-14T08:48:24+00:00","mainEntityOfPage":{"@id":"https:\/\/www.eldiario.net\/portal\/2022\/03\/14\/jueza-ordeno-capturar-a-diosdado-cabello\/"},"wordCount":314,"publisher":{"@id":"https:\/\/www.eldiario.net\/portal\/#organization"},"image":{"@id":"https:\/\/www.eldiario.net\/portal\/2022\/03\/14\/jueza-ordeno-capturar-a-diosdado-cabello\/#primaryimage"},"thumbnailUrl":"","articleSection":["Internacional"],"inLanguage":"es"},{"@type":"WebPage","@id":"https:\/\/www.eldiario.net\/portal\/2022\/03\/14\/jueza-ordeno-capturar-a-diosdado-cabello\/","url":"https:\/\/www.eldiario.net\/portal\/2022\/03\/14\/jueza-ordeno-capturar-a-diosdado-cabello\/","name":"Jueza orden\u00f3 capturar a Diosdado Cabello - El Diario - Bolivia","isPartOf":{"@id":"https:\/\/www.eldiario.net\/portal\/#website"},"primaryImageOfPage":{"@id":"https:\/\/www.eldiario.net\/portal\/2022\/03\/14\/jueza-ordeno-capturar-a-diosdado-cabello\/#primaryimage"},"image":{"@id":"https:\/\/www.eldiario.net\/portal\/2022\/03\/14\/jueza-ordeno-capturar-a-diosdado-cabello\/#primaryimage"},"thumbnailUrl":"","datePublished":"2022-03-14T08:48:24+00:00","breadcrumb":{"@id":"https:\/\/www.eldiario.net\/portal\/2022\/03\/14\/jueza-ordeno-capturar-a-diosdado-cabello\/#breadcrumb"},"inLanguage":"es","potentialAction":[{"@type":"ReadAction","target":["https:\/\/www.eldiario.net\/portal\/2022\/03\/14\/jueza-ordeno-capturar-a-diosdado-cabello\/"]}]},{"@type":"ImageObject","inLanguage":"es","@id":"https:\/\/www.eldiario.net\/portal\/2022\/03\/14\/jueza-ordeno-capturar-a-diosdado-cabello\/#primaryimage","url":"","contentUrl":""},{"@type":"BreadcrumbList","@id":"https:\/\/www.eldiario.net\/portal\/2022\/03\/14\/jueza-ordeno-capturar-a-diosdado-cabello\/#breadcrumb","itemListElement":[{"@type":"ListItem","position":1,"name":"Portada","item":"https:\/\/www.eldiario.net\/portal\/"},{"@type":"ListItem","position":2,"name":"Jueza orden\u00f3 capturar a Diosdado Cabello"}]},{"@type":"WebSite","@id":"https:\/\/www.eldiario.net\/portal\/#website","url":"https:\/\/www.eldiario.net\/portal\/","name":"El Diario - Decano de la prensa nacional","description":"El Diario - Decano de la prensa nacional","publisher":{"@id":"https:\/\/www.eldiario.net\/portal\/#organization"},"potentialAction":[{"@type":"SearchAction","target":{"@type":"EntryPoint","urlTemplate":"https:\/\/www.eldiario.net\/portal\/?s={search_term_string}"},"query-input":{"@type":"PropertyValueSpecification","valueRequired":true,"valueName":"search_term_string"}}],"inLanguage":"es"},{"@type":"Organization","@id":"https:\/\/www.eldiario.net\/portal\/#organization","name":"El Diario - Decano de la prensa nacional","url":"https:\/\/www.eldiario.net\/portal\/","logo":{"@type":"ImageObject","inLanguage":"es","@id":"https:\/\/www.eldiario.net\/portal\/#\/schema\/logo\/image\/","url":"https:\/\/www.eldiario.net\/portal\/wp-content\/uploads\/2023\/07\/logo_ED.jpg","contentUrl":"https:\/\/www.eldiario.net\/portal\/wp-content\/uploads\/2023\/07\/logo_ED.jpg","width":272,"height":52,"caption":"El Diario - Decano de la prensa nacional"},"image":{"@id":"https:\/\/www.eldiario.net\/portal\/#\/schema\/logo\/image\/"},"sameAs":["https:\/\/www.facebook.com\/eldiario.bolivia\/","https:\/\/x.com\/eldiario_net"]},{"@type":"Person","@id":"https:\/\/www.eldiario.net\/portal\/#\/schema\/person\/f46445640444750d7d753ccd04ae01b7","name":"Jeanette","image":{"@type":"ImageObject","inLanguage":"es","@id":"https:\/\/secure.gravatar.com\/avatar\/3ea2118a5f7dad2b7138b1187a6b7ee55f160b9968b66013c3a3ef39dd7e5798?s=96&d=mm&r=g","url":"https:\/\/secure.gravatar.com\/avatar\/3ea2118a5f7dad2b7138b1187a6b7ee55f160b9968b66013c3a3ef39dd7e5798?s=96&d=mm&r=g","contentUrl":"https:\/\/secure.gravatar.com\/avatar\/3ea2118a5f7dad2b7138b1187a6b7ee55f160b9968b66013c3a3ef39dd7e5798?s=96&d=mm&r=g","caption":"Jeanette"},"sameAs":["https:\/\/www.eldiario.net\/portal"],"url":"https:\/\/www.eldiario.net\/portal\/author\/jeanette\/"}]}},"_links":{"self":[{"href":"https:\/\/www.eldiario.net\/portal\/wp-json\/wp\/v2\/posts\/69384","targetHints":{"allow":["GET"]}}],"collection":[{"href":"https:\/\/www.eldiario.net\/portal\/wp-json\/wp\/v2\/posts"}],"about":[{"href":"https:\/\/www.eldiario.net\/portal\/wp-json\/wp\/v2\/types\/post"}],"author":[{"embeddable":true,"href":"https:\/\/www.eldiario.net\/portal\/wp-json\/wp\/v2\/users\/1"}],"replies":[{"embeddable":true,"href":"https:\/\/www.eldiario.net\/portal\/wp-json\/wp\/v2\/comments?post=69384"}],"version-history":[{"count":0,"href":"https:\/\/www.eldiario.net\/portal\/wp-json\/wp\/v2\/posts\/69384\/revisions"}],"wp:attachment":[{"href":"https:\/\/www.eldiario.net\/portal\/wp-json\/wp\/v2\/media?parent=69384"}],"wp:term":[{"taxonomy":"category","embeddable":true,"href":"https:\/\/www.eldiario.net\/portal\/wp-json\/wp\/v2\/categories?post=69384"},{"taxonomy":"post_tag","embeddable":true,"href":"https:\/\/www.eldiario.net\/portal\/wp-json\/wp\/v2\/tags?post=69384"}],"curies":[{"name":"wp","href":"https:\/\/api.w.org\/{rel}","templated":true}]}}