{"id":69379,"date":"2022-03-14T04:46:28","date_gmt":"2022-03-14T08:46:28","guid":{"rendered":"https:\/\/www.eldiario.net\/portal\/?p=69379"},"modified":"2022-03-14T04:46:28","modified_gmt":"2022-03-14T08:46:28","slug":"omar-rios","status":"publish","type":"post","link":"https:\/\/www.eldiario.net\/portal\/2022\/03\/14\/omar-rios\/","title":{"rendered":"Omar R\u00edos"},"content":{"rendered":"<p>Los m\u00e1s creyentes pensar\u00e1n que nos ver\u00e1 desde arriba, los m\u00e1s optimistas que est\u00e1 en una mejor vida, los m\u00e1s pragm\u00e1ticos que su ciclo de vida se cumpli\u00f3; sea como fuere una p\u00e9rdida siempre es dolorosa y esta no es la excepci\u00f3n. Omar ha sido uno de los mejores vocalistas y \u201cfrontman\u201d de la \u00faltima \u00e9poca en el pa\u00eds, sin ning\u00fan lugar a duda. Hoy Cvltvral desea hacer su modesto homenaje a un enorme artista y m\u00fasico que por caprichos del destino tuvo que partir antes, dej\u00e1ndonos un legado enorme.<br \/>\nOmar empez\u00f3 a destacar en el \u00e1mbito art\u00edstico junto a su banda Deszaire, considerada por muchos como \u00edcono de la m\u00fasica boliviana. Fue el a\u00f1o \u00b499 cuando empezaron esta larga traves\u00eda musical que tantos \u00e9xitos les dieron. Su recorrer por los escenarios inici\u00f3, a mi gusto, uno de los mejores especiales a Fabulosos C\u00e1dillacs que escuch\u00e9 por aqu\u00e9llos a\u00f1os. Tras el \u00e9xito alcanzado con ese especial, lleg\u00f3 la hora de componer y hacer m\u00fasica propia y es donde la banda explot\u00f3, musicalmente hablando. Teniendo ya un buen tanto de seguidores de su lado, los chicos de Deszaire optaron por empezar a componer y editar m\u00fasica propia lo que signific\u00f3 tener presencia en las listas m\u00e1s destacadas a nivel nacional e internacional.<br \/>\nLlegado el a\u00f1o 2003 debutaron con el disco \u201cMucha Leche\u201d la expectativa era grande por parte del medio y de sus fans y en ning\u00fan momento decepcionaron; cont\u00f3 con la participaci\u00f3n de enormes del rock nacional como el gran Gonzalo G\u00f3mez as\u00ed como el eterno Mart\u00edn Fox. Fue un debut so\u00f1ado, los fans coreaban todos sus temas e iban en un notable aumento en cuanto a su n\u00famero.<br \/>\nPara 2004 sacaron el disco \u201cSexo Seguro\u201d, cuya \u00fanica seguridad que existir\u00eda era que la banda estaba m\u00e1s y m\u00e1s posicionada pero ya no solamente a nivel local; las otras ciudades del pa\u00eds ten\u00edan a Deszaire en el radar y lo que vino fue un vendaval de \u00e9xitos con \u201cXXX\u201d del 2007 y \u201cLibre\u201d en 2012. El curso de la banda con Omar al frente, vocal de la misma, parec\u00eda no tener un l\u00edmite pero lamentablemente los caminos de la vida a veces son complejos de entender y por razones de salud, tuvo que alejarse del escenario.<br \/>\nOmar, luego de una dura batalla personal que tuvo que pasar, al lado de su familia, encontr\u00f3 confort hace pocos d\u00edas y esta es una nota en honor suyo, como gran persona y artista que era. Personalmente tuve la suerte de conocerlo y la \u201cnota\u201d pendiente de hacer muchas m\u00e1s notas pero eso quedar\u00e1 siempre en el recuerdo. En estas palabras exclusivas con Marcelo Aguirre y Rodrigo Bernal, recordamos al querido Omar R\u00edos, enorme m\u00fasico, gran persona y mejor amigo\u2026 Sean todos bienvenidos al show.<\/p>\n<p>Marcelo Aguirre<\/p>\n<p><strong>\u00bfCu\u00e1l habr\u00e1 sido el mayor legado que nos ha dejado Omar?<\/strong><br \/>\nEl mayor legado de Omar, sin duda, es su m\u00fasica, sus letras, sus canciones. \u00c9l siempre ha sido amigo de todo el mundo y ese yo creo que es el mejor recuerdo que tendr\u00e1 la gente que lo conoce y exra\u00f1a.<\/p>\n<p><strong>A nivel personal y profesional \u00bfqu\u00e9 te marc\u00f3 de \u00e9l?<\/strong><br \/>\nPor supuesto que ser\u00eda su constancia, los so\u00f1ador que era y, sobre todo, lo exigente que era con \u00e9l mismo en el estudio. Con sus letras era hasta casi te dir\u00eda obsesivo; se tomaba mucho trabajo en hacerlas, siempre la revisaba mil veces. Era un gran l\u00edder y ahora que repaso todo lo que pasamos juntos, recuerdo todo eso para aplicar a la banda; siempre tomo como ejemplo todo lo que pasamos y c\u00f3mo \u00e9l encaraba las cosas y realmente es algo muy \u00fatil a c\u00f3mo estamos encarando la banda ahora.<\/p>\n<p><strong>\u00bfCu\u00e1l es el momento m\u00e1s memorable que han pasado juntos?<\/strong><br \/>\nSon much\u00edsimos momentos que quedan en mi memoria pero los que m\u00e1s valoro son los que pasaban luego del escenario y las luces; ten\u00edamos momentos para ser nosotros mismo y hablar porque est\u00e1bamos solos. Muchas veces hemos dejado a nuestras familias en ocasiones especiales por las giras y shows y al final nos ten\u00edamos nosotros mismos. Siempre que est\u00e1bamos juntos \u00e9ramos sinceros, eran momento de realidad en los cu\u00e1les habl\u00e1bamos de nuestros sue\u00f1os. Siempre se sentir\u00e1 su ausencia.<\/p>\n<p>Rodrigo Bernal<\/p>\n<p><strong>\u00bfQu\u00e9 es lo que m\u00e1s destacas de Omar como profesional?<\/strong><br \/>\nLo que m\u00e1s destac\u00f3 de Omar c\u00f3mo profesional, es su educaci\u00f3n y su trato con la gente, y que musicalmente era un l\u00edder ejemplar.<\/p>\n<p><strong>\u00bfCu\u00e1l era su mayor virtud como m\u00fasico y compositor?<\/strong><br \/>\nComo m\u00fasico y compositor, su mayor virtud fue el poder de conectar con la gente sin importar clases sociales, lugares, etc. \u00c9l conectaba con su presencia y sus letras.<\/p>\n<p><strong>\u00bfCu\u00e1nto habr\u00e1 aportado al \u00e9xito que logr\u00f3 Deszaire cuando \u00e9l lideraba la parte vocal?<\/strong><br \/>\nPersonalmente y siempre lo dije, para mi Deszaire es Omar R\u00edos, y siempre ser\u00e1 as\u00ed. Lo cual no demerita que Marcelo Aguirre contin\u00fae con el legado que plant\u00f3 inicialmente Omar R\u00edos.<\/p>\n<p><strong>\u00bfCu\u00e1l es el mejor \u201canecdotazo\u201d que tienen juntos?<\/strong><br \/>\nLas mejores an\u00e9cdotas son las que no se cuentan, adem\u00e1s entr\u00e9 a la banda en los \u00faltimos cuatro a\u00f1os, de diez que llevaban juntos. Es decir yo estuve en la \u00faltima etapa con Omar el l\u00edder, vocalista y fundador. Y en esa etapa estaban mucho m\u00e1s tranquilos, porque Deszaire ya era una empresa. Pero recuerdo que en la gira por Bogot\u00e1, Omar era mi compa\u00f1ero de cuarto, y por su forma de ser y la m\u00eda, parec\u00eda un cuarto de ni\u00f1as, por la cantidad de cremitas, perfumes, limas para u\u00f1as, etc., je, je, je. Omar vuela alto que la Suprema Personalidad de Dios te abrace.<\/p>\n","protected":false},"excerpt":{"rendered":"<p>Los m\u00e1s creyentes pensar\u00e1n que nos ver\u00e1 desde arriba, los m\u00e1s optimistas que est\u00e1 en una mejor vida, los m\u00e1s pragm\u00e1ticos que su ciclo de vida se cumpli\u00f3; sea como fuere una p\u00e9rdida siempre es dolorosa y esta no es la excepci\u00f3n. Omar ha sido uno de los mejores vocalistas y \u201cfrontman\u201d de la \u00faltima [&hellip;]<\/p>\n","protected":false},"author":1,"featured_media":69380,"comment_status":"closed","ping_status":"closed","sticky":false,"template":"","format":"standard","meta":{"_acf_changed":false,"footnotes":""},"categories":[8],"tags":[],"class_list":["post-69379","post","type-post","status-publish","format-standard","has-post-thumbnail","category-cultural"],"acf":{"antetitulo":""},"yoast_head":"<!-- This site is optimized with the Yoast SEO plugin v28.4 - https:\/\/yoast.com\/product\/yoast-seo-wordpress\/ -->\n<title>Omar R\u00edos - El Diario - Bolivia<\/title>\n<meta name=\"robots\" content=\"index, follow, max-snippet:-1, max-image-preview:large, max-video-preview:-1\" \/>\n<link rel=\"canonical\" href=\"https:\/\/www.eldiario.net\/portal\/2022\/03\/14\/omar-rios\/\" \/>\n<meta property=\"og:locale\" content=\"es_ES\" \/>\n<meta property=\"og:type\" content=\"article\" \/>\n<meta property=\"og:title\" content=\"Omar R\u00edos - El Diario - Bolivia\" \/>\n<meta property=\"og:description\" content=\"Los m\u00e1s creyentes pensar\u00e1n que nos ver\u00e1 desde arriba, los m\u00e1s optimistas que est\u00e1 en una mejor vida, los m\u00e1s pragm\u00e1ticos que su ciclo de vida se cumpli\u00f3; sea como fuere una p\u00e9rdida siempre es dolorosa y esta no es la excepci\u00f3n. Omar ha sido uno de los mejores vocalistas y \u201cfrontman\u201d de la \u00faltima [&hellip;]\" \/>\n<meta property=\"og:url\" content=\"https:\/\/www.eldiario.net\/portal\/2022\/03\/14\/omar-rios\/\" \/>\n<meta property=\"og:site_name\" content=\"El Diario - Bolivia\" \/>\n<meta property=\"article:publisher\" content=\"https:\/\/www.facebook.com\/eldiario.bolivia\/\" \/>\n<meta property=\"article:published_time\" content=\"2022-03-14T08:46:28+00:00\" \/>\n<meta name=\"author\" content=\"Jeanette\" \/>\n<meta name=\"twitter:card\" content=\"summary_large_image\" \/>\n<meta name=\"twitter:creator\" content=\"@eldiario_net\" \/>\n<meta name=\"twitter:site\" content=\"@eldiario_net\" \/>\n<meta name=\"twitter:label1\" content=\"Escrito por\" \/>\n\t<meta name=\"twitter:data1\" content=\"Jeanette\" \/>\n\t<meta name=\"twitter:label2\" content=\"Tiempo de lectura\" \/>\n\t<meta name=\"twitter:data2\" content=\"5 minutos\" \/>\n<script type=\"application\/ld+json\" class=\"yoast-schema-graph\">{\"@context\":\"https:\\\/\\\/schema.org\",\"@graph\":[{\"@type\":\"Article\",\"@id\":\"https:\\\/\\\/www.eldiario.net\\\/portal\\\/2022\\\/03\\\/14\\\/omar-rios\\\/#article\",\"isPartOf\":{\"@id\":\"https:\\\/\\\/www.eldiario.net\\\/portal\\\/2022\\\/03\\\/14\\\/omar-rios\\\/\"},\"author\":{\"name\":\"Jeanette\",\"@id\":\"https:\\\/\\\/www.eldiario.net\\\/portal\\\/#\\\/schema\\\/person\\\/f46445640444750d7d753ccd04ae01b7\"},\"headline\":\"Omar R\u00edos\",\"datePublished\":\"2022-03-14T08:46:28+00:00\",\"mainEntityOfPage\":{\"@id\":\"https:\\\/\\\/www.eldiario.net\\\/portal\\\/2022\\\/03\\\/14\\\/omar-rios\\\/\"},\"wordCount\":1016,\"publisher\":{\"@id\":\"https:\\\/\\\/www.eldiario.net\\\/portal\\\/#organization\"},\"image\":{\"@id\":\"https:\\\/\\\/www.eldiario.net\\\/portal\\\/2022\\\/03\\\/14\\\/omar-rios\\\/#primaryimage\"},\"thumbnailUrl\":\"\",\"articleSection\":[\"Cultural\"],\"inLanguage\":\"es\"},{\"@type\":\"WebPage\",\"@id\":\"https:\\\/\\\/www.eldiario.net\\\/portal\\\/2022\\\/03\\\/14\\\/omar-rios\\\/\",\"url\":\"https:\\\/\\\/www.eldiario.net\\\/portal\\\/2022\\\/03\\\/14\\\/omar-rios\\\/\",\"name\":\"Omar R\u00edos - El Diario - Bolivia\",\"isPartOf\":{\"@id\":\"https:\\\/\\\/www.eldiario.net\\\/portal\\\/#website\"},\"primaryImageOfPage\":{\"@id\":\"https:\\\/\\\/www.eldiario.net\\\/portal\\\/2022\\\/03\\\/14\\\/omar-rios\\\/#primaryimage\"},\"image\":{\"@id\":\"https:\\\/\\\/www.eldiario.net\\\/portal\\\/2022\\\/03\\\/14\\\/omar-rios\\\/#primaryimage\"},\"thumbnailUrl\":\"\",\"datePublished\":\"2022-03-14T08:46:28+00:00\",\"breadcrumb\":{\"@id\":\"https:\\\/\\\/www.eldiario.net\\\/portal\\\/2022\\\/03\\\/14\\\/omar-rios\\\/#breadcrumb\"},\"inLanguage\":\"es\",\"potentialAction\":[{\"@type\":\"ReadAction\",\"target\":[\"https:\\\/\\\/www.eldiario.net\\\/portal\\\/2022\\\/03\\\/14\\\/omar-rios\\\/\"]}]},{\"@type\":\"ImageObject\",\"inLanguage\":\"es\",\"@id\":\"https:\\\/\\\/www.eldiario.net\\\/portal\\\/2022\\\/03\\\/14\\\/omar-rios\\\/#primaryimage\",\"url\":\"\",\"contentUrl\":\"\"},{\"@type\":\"BreadcrumbList\",\"@id\":\"https:\\\/\\\/www.eldiario.net\\\/portal\\\/2022\\\/03\\\/14\\\/omar-rios\\\/#breadcrumb\",\"itemListElement\":[{\"@type\":\"ListItem\",\"position\":1,\"name\":\"Portada\",\"item\":\"https:\\\/\\\/www.eldiario.net\\\/portal\\\/\"},{\"@type\":\"ListItem\",\"position\":2,\"name\":\"Omar R\u00edos\"}]},{\"@type\":\"WebSite\",\"@id\":\"https:\\\/\\\/www.eldiario.net\\\/portal\\\/#website\",\"url\":\"https:\\\/\\\/www.eldiario.net\\\/portal\\\/\",\"name\":\"El Diario - Decano de la prensa nacional\",\"description\":\"El Diario - Decano de la prensa nacional\",\"publisher\":{\"@id\":\"https:\\\/\\\/www.eldiario.net\\\/portal\\\/#organization\"},\"potentialAction\":[{\"@type\":\"SearchAction\",\"target\":{\"@type\":\"EntryPoint\",\"urlTemplate\":\"https:\\\/\\\/www.eldiario.net\\\/portal\\\/?s={search_term_string}\"},\"query-input\":{\"@type\":\"PropertyValueSpecification\",\"valueRequired\":true,\"valueName\":\"search_term_string\"}}],\"inLanguage\":\"es\"},{\"@type\":\"Organization\",\"@id\":\"https:\\\/\\\/www.eldiario.net\\\/portal\\\/#organization\",\"name\":\"El Diario - Decano de la prensa nacional\",\"url\":\"https:\\\/\\\/www.eldiario.net\\\/portal\\\/\",\"logo\":{\"@type\":\"ImageObject\",\"inLanguage\":\"es\",\"@id\":\"https:\\\/\\\/www.eldiario.net\\\/portal\\\/#\\\/schema\\\/logo\\\/image\\\/\",\"url\":\"https:\\\/\\\/www.eldiario.net\\\/portal\\\/wp-content\\\/uploads\\\/2023\\\/07\\\/logo_ED.jpg\",\"contentUrl\":\"https:\\\/\\\/www.eldiario.net\\\/portal\\\/wp-content\\\/uploads\\\/2023\\\/07\\\/logo_ED.jpg\",\"width\":272,\"height\":52,\"caption\":\"El Diario - Decano de la prensa nacional\"},\"image\":{\"@id\":\"https:\\\/\\\/www.eldiario.net\\\/portal\\\/#\\\/schema\\\/logo\\\/image\\\/\"},\"sameAs\":[\"https:\\\/\\\/www.facebook.com\\\/eldiario.bolivia\\\/\",\"https:\\\/\\\/x.com\\\/eldiario_net\"]},{\"@type\":\"Person\",\"@id\":\"https:\\\/\\\/www.eldiario.net\\\/portal\\\/#\\\/schema\\\/person\\\/f46445640444750d7d753ccd04ae01b7\",\"name\":\"Jeanette\",\"image\":{\"@type\":\"ImageObject\",\"inLanguage\":\"es\",\"@id\":\"https:\\\/\\\/secure.gravatar.com\\\/avatar\\\/3ea2118a5f7dad2b7138b1187a6b7ee55f160b9968b66013c3a3ef39dd7e5798?s=96&d=mm&r=g\",\"url\":\"https:\\\/\\\/secure.gravatar.com\\\/avatar\\\/3ea2118a5f7dad2b7138b1187a6b7ee55f160b9968b66013c3a3ef39dd7e5798?s=96&d=mm&r=g\",\"contentUrl\":\"https:\\\/\\\/secure.gravatar.com\\\/avatar\\\/3ea2118a5f7dad2b7138b1187a6b7ee55f160b9968b66013c3a3ef39dd7e5798?s=96&d=mm&r=g\",\"caption\":\"Jeanette\"},\"sameAs\":[\"https:\\\/\\\/www.eldiario.net\\\/portal\"],\"url\":\"https:\\\/\\\/www.eldiario.net\\\/portal\\\/author\\\/jeanette\\\/\"}]}<\/script>\n<!-- \/ Yoast SEO plugin. -->","yoast_head_json":{"title":"Omar R\u00edos - El Diario - Bolivia","robots":{"index":"index","follow":"follow","max-snippet":"max-snippet:-1","max-image-preview":"max-image-preview:large","max-video-preview":"max-video-preview:-1"},"canonical":"https:\/\/www.eldiario.net\/portal\/2022\/03\/14\/omar-rios\/","og_locale":"es_ES","og_type":"article","og_title":"Omar R\u00edos - El Diario - Bolivia","og_description":"Los m\u00e1s creyentes pensar\u00e1n que nos ver\u00e1 desde arriba, los m\u00e1s optimistas que est\u00e1 en una mejor vida, los m\u00e1s pragm\u00e1ticos que su ciclo de vida se cumpli\u00f3; sea como fuere una p\u00e9rdida siempre es dolorosa y esta no es la excepci\u00f3n. Omar ha sido uno de los mejores vocalistas y \u201cfrontman\u201d de la \u00faltima [&hellip;]","og_url":"https:\/\/www.eldiario.net\/portal\/2022\/03\/14\/omar-rios\/","og_site_name":"El Diario - Bolivia","article_publisher":"https:\/\/www.facebook.com\/eldiario.bolivia\/","article_published_time":"2022-03-14T08:46:28+00:00","author":"Jeanette","twitter_card":"summary_large_image","twitter_creator":"@eldiario_net","twitter_site":"@eldiario_net","twitter_misc":{"Escrito por":"Jeanette","Tiempo de lectura":"5 minutos"},"schema":{"@context":"https:\/\/schema.org","@graph":[{"@type":"Article","@id":"https:\/\/www.eldiario.net\/portal\/2022\/03\/14\/omar-rios\/#article","isPartOf":{"@id":"https:\/\/www.eldiario.net\/portal\/2022\/03\/14\/omar-rios\/"},"author":{"name":"Jeanette","@id":"https:\/\/www.eldiario.net\/portal\/#\/schema\/person\/f46445640444750d7d753ccd04ae01b7"},"headline":"Omar R\u00edos","datePublished":"2022-03-14T08:46:28+00:00","mainEntityOfPage":{"@id":"https:\/\/www.eldiario.net\/portal\/2022\/03\/14\/omar-rios\/"},"wordCount":1016,"publisher":{"@id":"https:\/\/www.eldiario.net\/portal\/#organization"},"image":{"@id":"https:\/\/www.eldiario.net\/portal\/2022\/03\/14\/omar-rios\/#primaryimage"},"thumbnailUrl":"","articleSection":["Cultural"],"inLanguage":"es"},{"@type":"WebPage","@id":"https:\/\/www.eldiario.net\/portal\/2022\/03\/14\/omar-rios\/","url":"https:\/\/www.eldiario.net\/portal\/2022\/03\/14\/omar-rios\/","name":"Omar R\u00edos - El Diario - Bolivia","isPartOf":{"@id":"https:\/\/www.eldiario.net\/portal\/#website"},"primaryImageOfPage":{"@id":"https:\/\/www.eldiario.net\/portal\/2022\/03\/14\/omar-rios\/#primaryimage"},"image":{"@id":"https:\/\/www.eldiario.net\/portal\/2022\/03\/14\/omar-rios\/#primaryimage"},"thumbnailUrl":"","datePublished":"2022-03-14T08:46:28+00:00","breadcrumb":{"@id":"https:\/\/www.eldiario.net\/portal\/2022\/03\/14\/omar-rios\/#breadcrumb"},"inLanguage":"es","potentialAction":[{"@type":"ReadAction","target":["https:\/\/www.eldiario.net\/portal\/2022\/03\/14\/omar-rios\/"]}]},{"@type":"ImageObject","inLanguage":"es","@id":"https:\/\/www.eldiario.net\/portal\/2022\/03\/14\/omar-rios\/#primaryimage","url":"","contentUrl":""},{"@type":"BreadcrumbList","@id":"https:\/\/www.eldiario.net\/portal\/2022\/03\/14\/omar-rios\/#breadcrumb","itemListElement":[{"@type":"ListItem","position":1,"name":"Portada","item":"https:\/\/www.eldiario.net\/portal\/"},{"@type":"ListItem","position":2,"name":"Omar R\u00edos"}]},{"@type":"WebSite","@id":"https:\/\/www.eldiario.net\/portal\/#website","url":"https:\/\/www.eldiario.net\/portal\/","name":"El Diario - Decano de la prensa nacional","description":"El Diario - Decano de la prensa nacional","publisher":{"@id":"https:\/\/www.eldiario.net\/portal\/#organization"},"potentialAction":[{"@type":"SearchAction","target":{"@type":"EntryPoint","urlTemplate":"https:\/\/www.eldiario.net\/portal\/?s={search_term_string}"},"query-input":{"@type":"PropertyValueSpecification","valueRequired":true,"valueName":"search_term_string"}}],"inLanguage":"es"},{"@type":"Organization","@id":"https:\/\/www.eldiario.net\/portal\/#organization","name":"El Diario - Decano de la prensa nacional","url":"https:\/\/www.eldiario.net\/portal\/","logo":{"@type":"ImageObject","inLanguage":"es","@id":"https:\/\/www.eldiario.net\/portal\/#\/schema\/logo\/image\/","url":"https:\/\/www.eldiario.net\/portal\/wp-content\/uploads\/2023\/07\/logo_ED.jpg","contentUrl":"https:\/\/www.eldiario.net\/portal\/wp-content\/uploads\/2023\/07\/logo_ED.jpg","width":272,"height":52,"caption":"El Diario - Decano de la prensa nacional"},"image":{"@id":"https:\/\/www.eldiario.net\/portal\/#\/schema\/logo\/image\/"},"sameAs":["https:\/\/www.facebook.com\/eldiario.bolivia\/","https:\/\/x.com\/eldiario_net"]},{"@type":"Person","@id":"https:\/\/www.eldiario.net\/portal\/#\/schema\/person\/f46445640444750d7d753ccd04ae01b7","name":"Jeanette","image":{"@type":"ImageObject","inLanguage":"es","@id":"https:\/\/secure.gravatar.com\/avatar\/3ea2118a5f7dad2b7138b1187a6b7ee55f160b9968b66013c3a3ef39dd7e5798?s=96&d=mm&r=g","url":"https:\/\/secure.gravatar.com\/avatar\/3ea2118a5f7dad2b7138b1187a6b7ee55f160b9968b66013c3a3ef39dd7e5798?s=96&d=mm&r=g","contentUrl":"https:\/\/secure.gravatar.com\/avatar\/3ea2118a5f7dad2b7138b1187a6b7ee55f160b9968b66013c3a3ef39dd7e5798?s=96&d=mm&r=g","caption":"Jeanette"},"sameAs":["https:\/\/www.eldiario.net\/portal"],"url":"https:\/\/www.eldiario.net\/portal\/author\/jeanette\/"}]}},"_links":{"self":[{"href":"https:\/\/www.eldiario.net\/portal\/wp-json\/wp\/v2\/posts\/69379","targetHints":{"allow":["GET"]}}],"collection":[{"href":"https:\/\/www.eldiario.net\/portal\/wp-json\/wp\/v2\/posts"}],"about":[{"href":"https:\/\/www.eldiario.net\/portal\/wp-json\/wp\/v2\/types\/post"}],"author":[{"embeddable":true,"href":"https:\/\/www.eldiario.net\/portal\/wp-json\/wp\/v2\/users\/1"}],"replies":[{"embeddable":true,"href":"https:\/\/www.eldiario.net\/portal\/wp-json\/wp\/v2\/comments?post=69379"}],"version-history":[{"count":0,"href":"https:\/\/www.eldiario.net\/portal\/wp-json\/wp\/v2\/posts\/69379\/revisions"}],"wp:attachment":[{"href":"https:\/\/www.eldiario.net\/portal\/wp-json\/wp\/v2\/media?parent=69379"}],"wp:term":[{"taxonomy":"category","embeddable":true,"href":"https:\/\/www.eldiario.net\/portal\/wp-json\/wp\/v2\/categories?post=69379"},{"taxonomy":"post_tag","embeddable":true,"href":"https:\/\/www.eldiario.net\/portal\/wp-json\/wp\/v2\/tags?post=69379"}],"curies":[{"name":"wp","href":"https:\/\/api.w.org\/{rel}","templated":true}]}}