{"id":69376,"date":"2022-03-14T04:43:45","date_gmt":"2022-03-14T08:43:45","guid":{"rendered":"https:\/\/www.eldiario.net\/portal\/?p=69376"},"modified":"2022-03-14T04:43:45","modified_gmt":"2022-03-14T08:43:45","slug":"ozuna-regresa-al-trap-con-g-wagon","status":"publish","type":"post","link":"https:\/\/www.eldiario.net\/portal\/2022\/03\/14\/ozuna-regresa-al-trap-con-g-wagon\/","title":{"rendered":"Ozuna regresa al trap con \u201cG-Wagon\u201d"},"content":{"rendered":"<p>A pocos d\u00edas de haber estrenado \u201cDeprimida\u201d, su primer sencillo del 2022, el multigalardonado cantautor de ra\u00edces puertorrique\u00f1as y dominicanas Ozuna sorprende a sus millones de fan\u00e1ticos alrededor del mundo con el nuevo tema, que tambi\u00e9n cuenta con un video musical, dirigido por Fernando Lugo.<br \/>\nLas letras de \u201cG-Wagon\u201d relatan una historia de desamor y despecho que cobran vida en el mel\u00f3dico y emblem\u00e1tico color de voz del polifac\u00e9tico int\u00e9rprete, quien tambi\u00e9n es protagonista en la trama de acci\u00f3n del video musical. Con este nuevo sencillo, Ozuna demuestra nuevamente su pleno dominio del trap latino, estilo con el cual ya colecciona grandes cl\u00e1sicos que se han convertido en favoritos de su fanaticada, tales como \u201cEn la Intimidad\u201d (2016), su colaboraci\u00f3n en el remix de \u201cLa Ocasi\u00f3n\u201d (2016), y el \u201cEl Farsante\u201d (2018), entre muchos otros.<br \/>\n\u201cEl trap es uno de los ritmos con el cual m\u00e1s disfruto trabajar, porque siento que es parte de mi esencia art\u00edstica y me da mucho espacio para ser creativo, adem\u00e1s de que es parte de lo que a mi fanaticada le gusta escuchar de m\u00ed. Por eso sent\u00eda que ya era hora de lanzar \u2018G Wagon\u2019\u201d, expresa el cantante. \u201cPara m\u00ed es muy importante mantenerme creando y fusionando ritmos y estilos junto a mi equipo de productores, para continuar evolucionando musicalmente. Vengo con mucha m\u00fasica nueva y una variedad para complacer los gustos de todo el p\u00fablico\u201d.<br \/>\n\u201cG-Wagon\u201d es un tema creado por Ozuna, en colaboraci\u00f3n con los productores Came Beats y Hi Flow. Entre sus pr\u00f3ximos planes, se espera que su \u00e1lbum Ozutochi tambi\u00e9n salga al mercado en 2022. De este \u00faltimo forma parte el reci\u00e9n estrenado sencillo, \u201cDeprimida\u201d, que en solo dos semanas alcanza m\u00e1s de 44 millones de reproducciones en YouTube.<br \/>\nTras arrancar el a\u00f1o con el \u00e9xito asegurado \u201cSanto\u201d, en colaboraci\u00f3n con Christina Aguilera, y el estreno consecutivo de dos explosivos sencillos, se presume de que el 2022 se perfila como otro gran a\u00f1o en la carrera musical de Ozuna, quien recientemente recibi\u00f3 nuevas certificaciones de la RIAA; por las ventas en Estados Unidos de sus \u00faltimos dos \u00e1lbumes ENOC (2020) 6x multi-platino, y NIBIRU (2019), 4x multi-platino.<\/p>\n","protected":false},"excerpt":{"rendered":"<p>A pocos d\u00edas de haber estrenado \u201cDeprimida\u201d, su primer sencillo del 2022, el multigalardonado cantautor de ra\u00edces puertorrique\u00f1as y dominicanas Ozuna sorprende a sus millones de fan\u00e1ticos alrededor del mundo con el nuevo tema, que tambi\u00e9n cuenta con un video musical, dirigido por Fernando Lugo. Las letras de \u201cG-Wagon\u201d relatan una historia de desamor y [&hellip;]<\/p>\n","protected":false},"author":1,"featured_media":69377,"comment_status":"closed","ping_status":"closed","sticky":false,"template":"","format":"standard","meta":{"_acf_changed":false,"footnotes":""},"categories":[8],"tags":[],"class_list":["post-69376","post","type-post","status-publish","format-standard","has-post-thumbnail","category-cultural"],"acf":{"antetitulo":""},"yoast_head":"<!-- This site is optimized with the Yoast SEO plugin v28.4 - https:\/\/yoast.com\/product\/yoast-seo-wordpress\/ -->\n<title>Ozuna regresa al trap con \u201cG-Wagon\u201d - El Diario - Bolivia<\/title>\n<meta name=\"robots\" content=\"index, follow, max-snippet:-1, max-image-preview:large, max-video-preview:-1\" \/>\n<link rel=\"canonical\" href=\"https:\/\/www.eldiario.net\/portal\/2022\/03\/14\/ozuna-regresa-al-trap-con-g-wagon\/\" \/>\n<meta property=\"og:locale\" content=\"es_ES\" \/>\n<meta property=\"og:type\" content=\"article\" \/>\n<meta property=\"og:title\" content=\"Ozuna regresa al trap con \u201cG-Wagon\u201d - El Diario - Bolivia\" \/>\n<meta property=\"og:description\" content=\"A pocos d\u00edas de haber estrenado \u201cDeprimida\u201d, su primer sencillo del 2022, el multigalardonado cantautor de ra\u00edces puertorrique\u00f1as y dominicanas Ozuna sorprende a sus millones de fan\u00e1ticos alrededor del mundo con el nuevo tema, que tambi\u00e9n cuenta con un video musical, dirigido por Fernando Lugo. Las letras de \u201cG-Wagon\u201d relatan una historia de desamor y [&hellip;]\" \/>\n<meta property=\"og:url\" content=\"https:\/\/www.eldiario.net\/portal\/2022\/03\/14\/ozuna-regresa-al-trap-con-g-wagon\/\" \/>\n<meta property=\"og:site_name\" content=\"El Diario - Bolivia\" \/>\n<meta property=\"article:publisher\" content=\"https:\/\/www.facebook.com\/eldiario.bolivia\/\" \/>\n<meta property=\"article:published_time\" content=\"2022-03-14T08:43:45+00:00\" \/>\n<meta name=\"author\" content=\"Jeanette\" \/>\n<meta name=\"twitter:card\" content=\"summary_large_image\" \/>\n<meta name=\"twitter:creator\" content=\"@eldiario_net\" \/>\n<meta name=\"twitter:site\" content=\"@eldiario_net\" \/>\n<meta name=\"twitter:label1\" content=\"Escrito por\" \/>\n\t<meta name=\"twitter:data1\" content=\"Jeanette\" \/>\n\t<meta name=\"twitter:label2\" content=\"Tiempo de lectura\" \/>\n\t<meta name=\"twitter:data2\" content=\"2 minutos\" \/>\n<script type=\"application\/ld+json\" class=\"yoast-schema-graph\">{\"@context\":\"https:\\\/\\\/schema.org\",\"@graph\":[{\"@type\":\"Article\",\"@id\":\"https:\\\/\\\/www.eldiario.net\\\/portal\\\/2022\\\/03\\\/14\\\/ozuna-regresa-al-trap-con-g-wagon\\\/#article\",\"isPartOf\":{\"@id\":\"https:\\\/\\\/www.eldiario.net\\\/portal\\\/2022\\\/03\\\/14\\\/ozuna-regresa-al-trap-con-g-wagon\\\/\"},\"author\":{\"name\":\"Jeanette\",\"@id\":\"https:\\\/\\\/www.eldiario.net\\\/portal\\\/#\\\/schema\\\/person\\\/f46445640444750d7d753ccd04ae01b7\"},\"headline\":\"Ozuna regresa al trap con \u201cG-Wagon\u201d\",\"datePublished\":\"2022-03-14T08:43:45+00:00\",\"mainEntityOfPage\":{\"@id\":\"https:\\\/\\\/www.eldiario.net\\\/portal\\\/2022\\\/03\\\/14\\\/ozuna-regresa-al-trap-con-g-wagon\\\/\"},\"wordCount\":383,\"publisher\":{\"@id\":\"https:\\\/\\\/www.eldiario.net\\\/portal\\\/#organization\"},\"image\":{\"@id\":\"https:\\\/\\\/www.eldiario.net\\\/portal\\\/2022\\\/03\\\/14\\\/ozuna-regresa-al-trap-con-g-wagon\\\/#primaryimage\"},\"thumbnailUrl\":\"\",\"articleSection\":[\"Cultural\"],\"inLanguage\":\"es\"},{\"@type\":\"WebPage\",\"@id\":\"https:\\\/\\\/www.eldiario.net\\\/portal\\\/2022\\\/03\\\/14\\\/ozuna-regresa-al-trap-con-g-wagon\\\/\",\"url\":\"https:\\\/\\\/www.eldiario.net\\\/portal\\\/2022\\\/03\\\/14\\\/ozuna-regresa-al-trap-con-g-wagon\\\/\",\"name\":\"Ozuna regresa al trap con \u201cG-Wagon\u201d - El Diario - Bolivia\",\"isPartOf\":{\"@id\":\"https:\\\/\\\/www.eldiario.net\\\/portal\\\/#website\"},\"primaryImageOfPage\":{\"@id\":\"https:\\\/\\\/www.eldiario.net\\\/portal\\\/2022\\\/03\\\/14\\\/ozuna-regresa-al-trap-con-g-wagon\\\/#primaryimage\"},\"image\":{\"@id\":\"https:\\\/\\\/www.eldiario.net\\\/portal\\\/2022\\\/03\\\/14\\\/ozuna-regresa-al-trap-con-g-wagon\\\/#primaryimage\"},\"thumbnailUrl\":\"\",\"datePublished\":\"2022-03-14T08:43:45+00:00\",\"breadcrumb\":{\"@id\":\"https:\\\/\\\/www.eldiario.net\\\/portal\\\/2022\\\/03\\\/14\\\/ozuna-regresa-al-trap-con-g-wagon\\\/#breadcrumb\"},\"inLanguage\":\"es\",\"potentialAction\":[{\"@type\":\"ReadAction\",\"target\":[\"https:\\\/\\\/www.eldiario.net\\\/portal\\\/2022\\\/03\\\/14\\\/ozuna-regresa-al-trap-con-g-wagon\\\/\"]}]},{\"@type\":\"ImageObject\",\"inLanguage\":\"es\",\"@id\":\"https:\\\/\\\/www.eldiario.net\\\/portal\\\/2022\\\/03\\\/14\\\/ozuna-regresa-al-trap-con-g-wagon\\\/#primaryimage\",\"url\":\"\",\"contentUrl\":\"\"},{\"@type\":\"BreadcrumbList\",\"@id\":\"https:\\\/\\\/www.eldiario.net\\\/portal\\\/2022\\\/03\\\/14\\\/ozuna-regresa-al-trap-con-g-wagon\\\/#breadcrumb\",\"itemListElement\":[{\"@type\":\"ListItem\",\"position\":1,\"name\":\"Portada\",\"item\":\"https:\\\/\\\/www.eldiario.net\\\/portal\\\/\"},{\"@type\":\"ListItem\",\"position\":2,\"name\":\"Ozuna regresa al trap con \u201cG-Wagon\u201d\"}]},{\"@type\":\"WebSite\",\"@id\":\"https:\\\/\\\/www.eldiario.net\\\/portal\\\/#website\",\"url\":\"https:\\\/\\\/www.eldiario.net\\\/portal\\\/\",\"name\":\"El Diario - Decano de la prensa nacional\",\"description\":\"El Diario - Decano de la prensa nacional\",\"publisher\":{\"@id\":\"https:\\\/\\\/www.eldiario.net\\\/portal\\\/#organization\"},\"potentialAction\":[{\"@type\":\"SearchAction\",\"target\":{\"@type\":\"EntryPoint\",\"urlTemplate\":\"https:\\\/\\\/www.eldiario.net\\\/portal\\\/?s={search_term_string}\"},\"query-input\":{\"@type\":\"PropertyValueSpecification\",\"valueRequired\":true,\"valueName\":\"search_term_string\"}}],\"inLanguage\":\"es\"},{\"@type\":\"Organization\",\"@id\":\"https:\\\/\\\/www.eldiario.net\\\/portal\\\/#organization\",\"name\":\"El Diario - Decano de la prensa nacional\",\"url\":\"https:\\\/\\\/www.eldiario.net\\\/portal\\\/\",\"logo\":{\"@type\":\"ImageObject\",\"inLanguage\":\"es\",\"@id\":\"https:\\\/\\\/www.eldiario.net\\\/portal\\\/#\\\/schema\\\/logo\\\/image\\\/\",\"url\":\"https:\\\/\\\/www.eldiario.net\\\/portal\\\/wp-content\\\/uploads\\\/2023\\\/07\\\/logo_ED.jpg\",\"contentUrl\":\"https:\\\/\\\/www.eldiario.net\\\/portal\\\/wp-content\\\/uploads\\\/2023\\\/07\\\/logo_ED.jpg\",\"width\":272,\"height\":52,\"caption\":\"El Diario - Decano de la prensa nacional\"},\"image\":{\"@id\":\"https:\\\/\\\/www.eldiario.net\\\/portal\\\/#\\\/schema\\\/logo\\\/image\\\/\"},\"sameAs\":[\"https:\\\/\\\/www.facebook.com\\\/eldiario.bolivia\\\/\",\"https:\\\/\\\/x.com\\\/eldiario_net\"]},{\"@type\":\"Person\",\"@id\":\"https:\\\/\\\/www.eldiario.net\\\/portal\\\/#\\\/schema\\\/person\\\/f46445640444750d7d753ccd04ae01b7\",\"name\":\"Jeanette\",\"image\":{\"@type\":\"ImageObject\",\"inLanguage\":\"es\",\"@id\":\"https:\\\/\\\/secure.gravatar.com\\\/avatar\\\/3ea2118a5f7dad2b7138b1187a6b7ee55f160b9968b66013c3a3ef39dd7e5798?s=96&d=mm&r=g\",\"url\":\"https:\\\/\\\/secure.gravatar.com\\\/avatar\\\/3ea2118a5f7dad2b7138b1187a6b7ee55f160b9968b66013c3a3ef39dd7e5798?s=96&d=mm&r=g\",\"contentUrl\":\"https:\\\/\\\/secure.gravatar.com\\\/avatar\\\/3ea2118a5f7dad2b7138b1187a6b7ee55f160b9968b66013c3a3ef39dd7e5798?s=96&d=mm&r=g\",\"caption\":\"Jeanette\"},\"sameAs\":[\"https:\\\/\\\/www.eldiario.net\\\/portal\"],\"url\":\"https:\\\/\\\/www.eldiario.net\\\/portal\\\/author\\\/jeanette\\\/\"}]}<\/script>\n<!-- \/ Yoast SEO plugin. -->","yoast_head_json":{"title":"Ozuna regresa al trap con \u201cG-Wagon\u201d - El Diario - Bolivia","robots":{"index":"index","follow":"follow","max-snippet":"max-snippet:-1","max-image-preview":"max-image-preview:large","max-video-preview":"max-video-preview:-1"},"canonical":"https:\/\/www.eldiario.net\/portal\/2022\/03\/14\/ozuna-regresa-al-trap-con-g-wagon\/","og_locale":"es_ES","og_type":"article","og_title":"Ozuna regresa al trap con \u201cG-Wagon\u201d - El Diario - Bolivia","og_description":"A pocos d\u00edas de haber estrenado \u201cDeprimida\u201d, su primer sencillo del 2022, el multigalardonado cantautor de ra\u00edces puertorrique\u00f1as y dominicanas Ozuna sorprende a sus millones de fan\u00e1ticos alrededor del mundo con el nuevo tema, que tambi\u00e9n cuenta con un video musical, dirigido por Fernando Lugo. Las letras de \u201cG-Wagon\u201d relatan una historia de desamor y [&hellip;]","og_url":"https:\/\/www.eldiario.net\/portal\/2022\/03\/14\/ozuna-regresa-al-trap-con-g-wagon\/","og_site_name":"El Diario - Bolivia","article_publisher":"https:\/\/www.facebook.com\/eldiario.bolivia\/","article_published_time":"2022-03-14T08:43:45+00:00","author":"Jeanette","twitter_card":"summary_large_image","twitter_creator":"@eldiario_net","twitter_site":"@eldiario_net","twitter_misc":{"Escrito por":"Jeanette","Tiempo de lectura":"2 minutos"},"schema":{"@context":"https:\/\/schema.org","@graph":[{"@type":"Article","@id":"https:\/\/www.eldiario.net\/portal\/2022\/03\/14\/ozuna-regresa-al-trap-con-g-wagon\/#article","isPartOf":{"@id":"https:\/\/www.eldiario.net\/portal\/2022\/03\/14\/ozuna-regresa-al-trap-con-g-wagon\/"},"author":{"name":"Jeanette","@id":"https:\/\/www.eldiario.net\/portal\/#\/schema\/person\/f46445640444750d7d753ccd04ae01b7"},"headline":"Ozuna regresa al trap con \u201cG-Wagon\u201d","datePublished":"2022-03-14T08:43:45+00:00","mainEntityOfPage":{"@id":"https:\/\/www.eldiario.net\/portal\/2022\/03\/14\/ozuna-regresa-al-trap-con-g-wagon\/"},"wordCount":383,"publisher":{"@id":"https:\/\/www.eldiario.net\/portal\/#organization"},"image":{"@id":"https:\/\/www.eldiario.net\/portal\/2022\/03\/14\/ozuna-regresa-al-trap-con-g-wagon\/#primaryimage"},"thumbnailUrl":"","articleSection":["Cultural"],"inLanguage":"es"},{"@type":"WebPage","@id":"https:\/\/www.eldiario.net\/portal\/2022\/03\/14\/ozuna-regresa-al-trap-con-g-wagon\/","url":"https:\/\/www.eldiario.net\/portal\/2022\/03\/14\/ozuna-regresa-al-trap-con-g-wagon\/","name":"Ozuna regresa al trap con \u201cG-Wagon\u201d - El Diario - Bolivia","isPartOf":{"@id":"https:\/\/www.eldiario.net\/portal\/#website"},"primaryImageOfPage":{"@id":"https:\/\/www.eldiario.net\/portal\/2022\/03\/14\/ozuna-regresa-al-trap-con-g-wagon\/#primaryimage"},"image":{"@id":"https:\/\/www.eldiario.net\/portal\/2022\/03\/14\/ozuna-regresa-al-trap-con-g-wagon\/#primaryimage"},"thumbnailUrl":"","datePublished":"2022-03-14T08:43:45+00:00","breadcrumb":{"@id":"https:\/\/www.eldiario.net\/portal\/2022\/03\/14\/ozuna-regresa-al-trap-con-g-wagon\/#breadcrumb"},"inLanguage":"es","potentialAction":[{"@type":"ReadAction","target":["https:\/\/www.eldiario.net\/portal\/2022\/03\/14\/ozuna-regresa-al-trap-con-g-wagon\/"]}]},{"@type":"ImageObject","inLanguage":"es","@id":"https:\/\/www.eldiario.net\/portal\/2022\/03\/14\/ozuna-regresa-al-trap-con-g-wagon\/#primaryimage","url":"","contentUrl":""},{"@type":"BreadcrumbList","@id":"https:\/\/www.eldiario.net\/portal\/2022\/03\/14\/ozuna-regresa-al-trap-con-g-wagon\/#breadcrumb","itemListElement":[{"@type":"ListItem","position":1,"name":"Portada","item":"https:\/\/www.eldiario.net\/portal\/"},{"@type":"ListItem","position":2,"name":"Ozuna regresa al trap con \u201cG-Wagon\u201d"}]},{"@type":"WebSite","@id":"https:\/\/www.eldiario.net\/portal\/#website","url":"https:\/\/www.eldiario.net\/portal\/","name":"El Diario - Decano de la prensa nacional","description":"El Diario - Decano de la prensa nacional","publisher":{"@id":"https:\/\/www.eldiario.net\/portal\/#organization"},"potentialAction":[{"@type":"SearchAction","target":{"@type":"EntryPoint","urlTemplate":"https:\/\/www.eldiario.net\/portal\/?s={search_term_string}"},"query-input":{"@type":"PropertyValueSpecification","valueRequired":true,"valueName":"search_term_string"}}],"inLanguage":"es"},{"@type":"Organization","@id":"https:\/\/www.eldiario.net\/portal\/#organization","name":"El Diario - Decano de la prensa nacional","url":"https:\/\/www.eldiario.net\/portal\/","logo":{"@type":"ImageObject","inLanguage":"es","@id":"https:\/\/www.eldiario.net\/portal\/#\/schema\/logo\/image\/","url":"https:\/\/www.eldiario.net\/portal\/wp-content\/uploads\/2023\/07\/logo_ED.jpg","contentUrl":"https:\/\/www.eldiario.net\/portal\/wp-content\/uploads\/2023\/07\/logo_ED.jpg","width":272,"height":52,"caption":"El Diario - Decano de la prensa nacional"},"image":{"@id":"https:\/\/www.eldiario.net\/portal\/#\/schema\/logo\/image\/"},"sameAs":["https:\/\/www.facebook.com\/eldiario.bolivia\/","https:\/\/x.com\/eldiario_net"]},{"@type":"Person","@id":"https:\/\/www.eldiario.net\/portal\/#\/schema\/person\/f46445640444750d7d753ccd04ae01b7","name":"Jeanette","image":{"@type":"ImageObject","inLanguage":"es","@id":"https:\/\/secure.gravatar.com\/avatar\/3ea2118a5f7dad2b7138b1187a6b7ee55f160b9968b66013c3a3ef39dd7e5798?s=96&d=mm&r=g","url":"https:\/\/secure.gravatar.com\/avatar\/3ea2118a5f7dad2b7138b1187a6b7ee55f160b9968b66013c3a3ef39dd7e5798?s=96&d=mm&r=g","contentUrl":"https:\/\/secure.gravatar.com\/avatar\/3ea2118a5f7dad2b7138b1187a6b7ee55f160b9968b66013c3a3ef39dd7e5798?s=96&d=mm&r=g","caption":"Jeanette"},"sameAs":["https:\/\/www.eldiario.net\/portal"],"url":"https:\/\/www.eldiario.net\/portal\/author\/jeanette\/"}]}},"_links":{"self":[{"href":"https:\/\/www.eldiario.net\/portal\/wp-json\/wp\/v2\/posts\/69376","targetHints":{"allow":["GET"]}}],"collection":[{"href":"https:\/\/www.eldiario.net\/portal\/wp-json\/wp\/v2\/posts"}],"about":[{"href":"https:\/\/www.eldiario.net\/portal\/wp-json\/wp\/v2\/types\/post"}],"author":[{"embeddable":true,"href":"https:\/\/www.eldiario.net\/portal\/wp-json\/wp\/v2\/users\/1"}],"replies":[{"embeddable":true,"href":"https:\/\/www.eldiario.net\/portal\/wp-json\/wp\/v2\/comments?post=69376"}],"version-history":[{"count":0,"href":"https:\/\/www.eldiario.net\/portal\/wp-json\/wp\/v2\/posts\/69376\/revisions"}],"wp:attachment":[{"href":"https:\/\/www.eldiario.net\/portal\/wp-json\/wp\/v2\/media?parent=69376"}],"wp:term":[{"taxonomy":"category","embeddable":true,"href":"https:\/\/www.eldiario.net\/portal\/wp-json\/wp\/v2\/categories?post=69376"},{"taxonomy":"post_tag","embeddable":true,"href":"https:\/\/www.eldiario.net\/portal\/wp-json\/wp\/v2\/tags?post=69376"}],"curies":[{"name":"wp","href":"https:\/\/api.w.org\/{rel}","templated":true}]}}