{"id":69367,"date":"2022-03-14T04:41:57","date_gmt":"2022-03-14T08:41:57","guid":{"rendered":"https:\/\/www.eldiario.net\/portal\/?p=69367"},"modified":"2022-03-14T04:41:57","modified_gmt":"2022-03-14T08:41:57","slug":"reportan-455-millones-de-contagios-y-6-millones-de-muertes-por-covid-19","status":"publish","type":"post","link":"https:\/\/www.eldiario.net\/portal\/2022\/03\/14\/reportan-455-millones-de-contagios-y-6-millones-de-muertes-por-covid-19\/","title":{"rendered":"Reportan 455 millones de contagios  y 6 millones de muertes por covid-19"},"content":{"rendered":"<p>El mundo report\u00f3 455 millones de contagios y seis millones de muertes en dos a\u00f1os de pandemia. La Organizaci\u00f3n Mundial de la Salud (OMS) destac\u00f3 los avances nivel cient\u00edfico y retrasos abrumantes en la equidad, acceso a vacunas y tratamientos.<br \/>\nSe cumplieron dos a\u00f1os desde que la Organizaci\u00f3n Mundial de la Salud (OMS) comunic\u00f3 que el mundo entraba en una pandemia de dimensiones desconocidas por la aparici\u00f3n del nuevo coronavirus SARS-CoV-2, mientras hac\u00eda un llamamiento a los pa\u00edses del globo a tomar las medidas sanitarias necesarias para controlar el virus que se esparc\u00eda a un ritmo desenfrenado.<br \/>\nTuvieron que pasar m\u00e1s de tres meses desde los primeros reportes de un brote de una extra\u00f1a neumon\u00eda en la ciudad de Wuhan, en China en diciembre de 2019 y luego miles de muertos e infectados en Asia y Europa para que la entidad sanitaria mundial declarara formalmente el comienzo de una nueva pandemia, que cambi\u00f3 la vida de las personas para siempre.<br \/>\nEn dos a\u00f1os, el mundo contabiliza m\u00e1s de 455 millones de infecciones y seis millones de muertos.<br \/>\nLuego de las cr\u00edticas mundiales impiadosas por haber declarado la pandemia reci\u00e9n el 11 de marzo de 2020, la OMS afirm\u00f3 que lanz\u00f3 la alerta seis semanas antes, pero que pocas personas la escucharon entonces.<br \/>\nFue el 30 de enero de 2020, cuando la agencia sanitaria de las Naciones Unidas declar\u00f3 que la situaci\u00f3n era de \u201cemergencia de salud p\u00fablica de alcance internacional\u201d (PHEIC, en ingl\u00e9s).<br \/>\nFuera de China, nadie hab\u00eda muerto por el coronavirus y hab\u00eda algo menos de 100 infecciones. A pesar de ser el m\u00e1ximo nivel de alerta posible seg\u00fan el Reglamento Sanitario Internacional de la OMS, PHEIC resultaba un concepto demasiado t\u00e9cnico. Adem\u00e1s, este acr\u00f3nimo suena igual que la palabra inglesa \u201cfake\u201d (falso).<br \/>\n\u201cEl mundo estaba obsesionado con la palabra pandemia\u201d, afirm\u00f3 el director de emergencias de la OMS, Michael Ryan. Para \u00e9l, \u201cla alerta lanzada en enero era m\u00e1s importante que el calificativo de marzo\u201d. \u201c\u00bfQu\u00e9 prefiere, que la alerta le diga que se acaba de ahogar o que se avecina una tormenta?\u201d, explic\u00f3 durante una sesi\u00f3n de preguntas en las redes sociales.<br \/>\n\u201cLa gente no escuchaba. D\u00e1bamos la alarma y la gente no reaccionaba\u201d, declar\u00f3. El coronavirus ya estaba presente en varios pa\u00edses, adem\u00e1s de China, y sobre todo en Italia e Ir\u00e1n. En total, se hab\u00edan declarado 118.000 casos en 114 pa\u00edses, con 4.300 fallecidos.<br \/>\n\u201cPerdimos 6 millones de personas en todo el mundo a causa del coronavirus SARS-CoV-2. La cifra de muertos en el continente americano suma 2,6 millones. Eso significa la mayor cantidad de muertes por esta enfermedad que cualquier otro continente haya tenido. Y eso que en Am\u00e9rica solo vive el 13 % de la poblaci\u00f3n mundial\u201d, se\u00f1al\u00f3<br \/>\n\u201cLos centros de salud de las Am\u00e9ricas han reportado m\u00e1s problemas para atender la emergencia del covid-19 que en cualquier lugar del mundo\u201d, se sincer\u00f3 la doctora Carissa Etienne, directora de la Organizaci\u00f3n Panamericana de la Salud (OPS) en una conferencia virtual con periodistas donde estuvo presente Infobae.<br \/>\n\u201cEs una tragedia de dimensiones desproporcionadas que tendr\u00e1 efectos en los siguientes a\u00f1os que vendr\u00e1n. M\u00e1s all\u00e1 de las muertes, la pandemia ha causado tambi\u00e9n devastaci\u00f3n en la salud de otras millones de personas y se sabe que muchas de ellas siguen teniendo problemas y otras, que los tendr\u00e1n de seguro\u201d, sostuvo.<br \/>\n\u201cUn ejemplo de ello son las innumerables consultas que recibimos sobre problemas de salud mental y de cognici\u00f3n. Las tasas de ansiedad en las personas se han disparado un 25 % alrededor del mundo, afectando principalmente a las personas m\u00e1s j\u00f3venes\u201d, agreg\u00f3 la experta ante la consulta de Infobae de qu\u00e9 signific\u00f3 esta pandemia en los \u00faltimos dos a\u00f1os.<br \/>\n\u201cLa pandemia todav\u00eda nos preocupa. En los primeros dos meses de este a\u00f1o, un 63 % de los contagios del mundo tuvieron lugar en este continente debido al surgimiento de la variante del coronavirus \u00f3micron\u201d, apunt\u00f3.<br \/>\n\u201cTodos queremos que se termine la pandemia, pero el optimismo solo no lo har\u00e1. Y es demasiado pronto como para bajar nuestra guardia. Muchos pa\u00edses han bajado la guardia teniendo en cuenta las \u00faltimas cifras de descenso de casos. Pero la pandemia no se ha terminado, y \u00f3micron todav\u00eda es impredecible\u201d, cerr\u00f3 la experta.<br \/>\nLuis C\u00e1mera, especialista cl\u00ednico y uno de los m\u00e9dicos asesores del Gobierno al comienzo de la pandemia resalt\u00f3 a Infobae que \u201cel coronavirus fue una verdadera cat\u00e1strofe para la humanidad. La expectativa del mundo baj\u00f3 dos a\u00f1os en el mundo por la aparici\u00f3n del SARS-CoV-2, que dej\u00f3 a 5,5 millones de ni\u00f1os hu\u00e9rfanos\u201d.<br \/>\nSeg\u00fan C\u00e1mera, Hay que contemplar las enfermedades cr\u00f3nicas que se han complicado en millones de personas y el deterioro econ\u00f3mico, social y mental de la poblaci\u00f3n. Los l\u00edderes del mundo deber\u00edan juntarse para ver c\u00f3mo se soluciona este tremendo problema. Pero en lugar de eso se preparan para entrar en una guerra.<br \/>\n\u201cEl virus ha tenido una gran capacidad de mutaci\u00f3n. Lo sigue haciendo, cada vez con mayor capacidad para infectar. Ha logrado tener mucha eficiencia para contagiar a casi todo el mundo, lo que puede llevar indirectamente a la inmunidad de reba\u00f1o\u201d, indic\u00f3.<br \/>\n\u201cEl virus ha sido un rival enorme, que hasta el d\u00eda no ha sido eliminado. Solo hemos podido combatirlo. Todav\u00eda la pelota la tiene el virus, hablando en t\u00e9rminos futbol\u00edsticos. Las vacunas lograron ayudar a no tener un da\u00f1o mayor\u201d, a\u00f1adi\u00f3 el especialista.<br \/>\nC\u00e1mera concluy\u00f3 que \u201cEn todo mundo se registraron cuarentenas muy estrictas. Pero la virulencia del pat\u00f3geno hizo no alcanzar la eficiencia esperada. Eso fue juzgado en forma negativa por parte de la poblaci\u00f3n en cuanto al manejo de la pandemia. Muchos pa\u00edses, incluida la Argentina, se confundi\u00f3 al enemigo y se culpaba al gobierno de turno por implementar medidas restrictivas\u201d.<br \/>\n\u201cEn ese sentido, el virus nos sac\u00f3 ventaja. Esto sucedi\u00f3 sobre todo en occidente. La coherencia social y conducta de la sociedad ha sido la herramienta clave para combatir la pandemia. All\u00ed nosotros hemos tenido divergencias pol\u00edticas que pudieron alterar este resultado\u201d, dijo. (Indobae)<\/p>\n<p><strong>Coronavirus sigui\u00f3 su evoluci\u00f3n natural<\/strong><\/p>\n<p>\u201cAprendimos much\u00edsimo en estos dos a\u00f1os de pandemia. El coronavirus sigui\u00f3 su evoluci\u00f3n natural, se va autolimitando a los dos de su aparici\u00f3n, report\u00f3 a Infobae el doctor Ricardo Teijeiro, miembro de la Sociedad Argentina de Infectolog\u00eda (SADI), que indic\u00f3 a Infobae.<br \/>\nSu circuito normal comprende el ataque masivo inicial y luego la l\u00f3gica protecci\u00f3n generada por los anticuerpos generados luego del contagio y por la protecci\u00f3n que brindan las vacunas elaboradas en tiempo r\u00e9cord para combatirlo\u201d, asegur\u00f3.<\/p>\n<p><strong>Virus se volver\u00e1 end\u00e9mico<\/strong><\/p>\n<p>Los especialistas afirman que el coronavirus se volver\u00e1 end\u00e9mico por muchos a\u00f1os, cuando cese la pandemia. Cada vez m\u00e1s pa\u00edses est\u00e1n optando por regresar a la normalidad y aprender a convivir con el pat\u00f3geno.<br \/>\nSe han desarrollado vacunas seguras y efectivas y se sabe mejor c\u00f3mo tratar a las personas contagiadas. Dos a\u00f1os despu\u00e9s del inicio de la pandemia, siguen existiendo interrogantes en torno del covid-19, pero los expertos saben mucho m\u00e1s sobre c\u00f3mo controlarlo.<br \/>\nEl virus se propaga principalmente a trav\u00e9s del aire cuando una persona infectada exhala, habla, tose o estornuda. Ese es el motivo por el que las autoridades sanitarias han fomentado el uso de mascarillas y la ventilaci\u00f3n de los espacios, en lugar de centrarse en el consejo de limpiar las superficies, como ocurr\u00eda al inicio.<br \/>\nAdem\u00e1s, el tratamiento para quienes enferman o necesitan ser hospitalizados tambi\u00e9n ha evolucionado. Entre las opciones existentes est\u00e1n los antivirales, como el medicamento remdesivir o las nuevas pastillas desarrolladas por Pfizer y Merck; los f\u00e1rmacos antiinflamatorios, incluyendo esteroides, y, dependiendo de la variante que circule, anticuerpos fabricados en laboratorio para atacar al virus.<br \/>\n\u00abEl mundo nos ha visto aprender en tiempo real c\u00f3mo tratar el covid-19\u00bb, dijo Neil J. Sehgal, profesor adjunto de pol\u00edtica y gesti\u00f3n sanitaria en la Escuela de Salud P\u00fablica de la Universidad de Maryland. Las vacunas contra el coronavirus tambi\u00e9n se han desarrollado en un tiempo r\u00e9cord. Hasta hoy 10 f\u00f3rmulas han recibido la autorizaci\u00f3n de la OMS para su uso de emergencia.<br \/>\nSin embargo, su distribuci\u00f3n ha sido desigual a pesar de un esfuerzo internacional para repartirlas de una forma m\u00e1s justa, y la desinformaci\u00f3n ha alimentado la reticencia a vacunarse. Y el mundo hoy contabiliza solo un 56 % de personas vacunadas con dos dosis contra covid-19.<br \/>\nCient\u00edficos en todo el mundo est\u00e1n realizando estudios para comprender mejor el covid-19 prolongado o Long coronavirus que puede durar meses tras el contagio inicial. Adem\u00e1s, los expertos est\u00e1n atentos para identificar la pr\u00f3xima variante de r\u00e1pida propagaci\u00f3n a medida que el virus mute.<\/p>\n<p><strong>A\u00f1os dif\u00edciles para personal de salud<\/strong><\/p>\n<p>La doctora Liliana V\u00e1zquez, m\u00e9dica infect\u00f3loga, especialista en infectolog\u00eda perinatal y pedi\u00e1trica en Funcei afirm\u00f3 a Infobae que los \u00faltimos dos a\u00f1os fueron muy dif\u00edciles y de mucha angustia para todo el personal de salud y esenciales, principalmente al comienzo de la epidemia.<br \/>\n\u201cSab\u00edamos poco del virus, como se transmit\u00eda, como tratar a los pacientes, quienes ten\u00edan m\u00e1s riesgo de hacer formas graves. Ten\u00edamos que salir de casa, exponernos al virus y vivir con el temor de contagiar a nuestra familia\u201d, dijo.<br \/>\n\u201cUn virus de una familia conocida, pero con un comportamiento distinto con muy r\u00e1pida expansi\u00f3n al mundo entero y que mataba a\u00fan a gente joven y sin enfermedades previas\u201d, remarc\u00f3 la especialista.<br \/>\n\u201cPodemos dividir el comportamiento de virus en un antes y despu\u00e9s de la vacunaci\u00f3n masiva. Despu\u00e9s de lograr que la mayor parte de la poblaci\u00f3n se vacunara, baj\u00f3 la internaci\u00f3n y la mortalidad, aun cuando hubo una alta carga del virus circulante con la \u00faltima variante \u00f3micron. Hubo distintas estrategias en el mundo, creo que la gran mayor\u00eda de los pa\u00edses, hoy hubiera hecho las cosas distintas, indic\u00f3.<br \/>\n\u201cNo hay una sola estrategia v\u00e1lida. Antes de la vacunaci\u00f3n ten\u00edamos que evitar la aglomeraci\u00f3n de gente, ya que la v\u00eda respiratoria es la principal v\u00eda de transmisi\u00f3n. Eso marca distintas estrategias, seg\u00fan las caracter\u00edsticas de cada lugar. Lo que definitivamente no sirve es tener un solo plan para todo el pa\u00eds como tuvimos\u201d, asegur\u00f3 la experta.<\/p>\n<div id='gallery-1' class='gallery galleryid-69367 gallery-columns-3 gallery-size-medium'><figure class='gallery-item'>\n\t\t\t<div class='gallery-icon landscape'>\n\t\t\t\t<a href='https:\/\/www.eldiario.net\/portal\/2022\/03\/14\/reportan-455-millones-de-contagios-y-6-millones-de-muertes-por-covid-19\/inter-25-2-91\/'><img loading=\"lazy\" decoding=\"async\" width=\"300\" height=\"201\" src=\"https:\/\/www.eldiario.net\/portal\/wp-content\/uploads\/2022\/03\/Inter-25-2-5-300x201.jpg\" class=\"attachment-medium size-medium\" alt=\"\" aria-describedby=\"gallery-1-69369\" srcset=\"https:\/\/www.eldiario.net\/portal\/wp-content\/uploads\/2022\/03\/Inter-25-2-5-300x201.jpg 300w, https:\/\/www.eldiario.net\/portal\/wp-content\/uploads\/2022\/03\/Inter-25-2-5-696x466.jpg 696w, https:\/\/www.eldiario.net\/portal\/wp-content\/uploads\/2022\/03\/Inter-25-2-5.jpg 764w\" sizes=\"auto, (max-width: 300px) 100vw, 300px\" \/><\/a>\n\t\t\t<\/div>\n\t\t\t\t<figcaption class='wp-caption-text gallery-caption' id='gallery-1-69369'>\n\t\t\t\tRESIDENTES EN SHANGAI HACEN FILA PARA TESTEARSE POR COVID-19.  REUTERS\n\t\t\t\t<\/figcaption><\/figure><figure class='gallery-item'>\n\t\t\t<div class='gallery-icon landscape'>\n\t\t\t\t<a href='https:\/\/www.eldiario.net\/portal\/2022\/03\/14\/reportan-455-millones-de-contagios-y-6-millones-de-muertes-por-covid-19\/inter-25-4-80\/'><img loading=\"lazy\" decoding=\"async\" width=\"300\" height=\"199\" src=\"https:\/\/www.eldiario.net\/portal\/wp-content\/uploads\/2022\/03\/Inter-25-4-2-300x199.jpg\" class=\"attachment-medium size-medium\" alt=\"\" aria-describedby=\"gallery-1-69371\" srcset=\"https:\/\/www.eldiario.net\/portal\/wp-content\/uploads\/2022\/03\/Inter-25-4-2-300x199.jpg 300w, https:\/\/www.eldiario.net\/portal\/wp-content\/uploads\/2022\/03\/Inter-25-4-2-696x462.jpg 696w, https:\/\/www.eldiario.net\/portal\/wp-content\/uploads\/2022\/03\/Inter-25-4-2.jpg 766w\" sizes=\"auto, (max-width: 300px) 100vw, 300px\" \/><\/a>\n\t\t\t<\/div>\n\t\t\t\t<figcaption class='wp-caption-text gallery-caption' id='gallery-1-69371'>\n\t\t\t\tGR\u00c1FICO EXPLICA LAS DOSIS DE VACUNA ADMINISTRADAS POR CADA 100 PERSONA EN EL MUNDO. INFOBAE\n\t\t\t\t<\/figcaption><\/figure><figure class='gallery-item'>\n\t\t\t<div class='gallery-icon landscape'>\n\t\t\t\t<a href='https:\/\/www.eldiario.net\/portal\/2022\/03\/14\/reportan-455-millones-de-contagios-y-6-millones-de-muertes-por-covid-19\/inter-25-5-60\/'><img loading=\"lazy\" decoding=\"async\" width=\"300\" height=\"167\" src=\"https:\/\/www.eldiario.net\/portal\/wp-content\/uploads\/2022\/03\/Inter-25-5-3-300x167.jpg\" class=\"attachment-medium size-medium\" alt=\"\" aria-describedby=\"gallery-1-69372\" srcset=\"https:\/\/www.eldiario.net\/portal\/wp-content\/uploads\/2022\/03\/Inter-25-5-3-300x167.jpg 300w, https:\/\/www.eldiario.net\/portal\/wp-content\/uploads\/2022\/03\/Inter-25-5-3-696x388.jpg 696w, https:\/\/www.eldiario.net\/portal\/wp-content\/uploads\/2022\/03\/Inter-25-5-3.jpg 769w\" sizes=\"auto, (max-width: 300px) 100vw, 300px\" \/><\/a>\n\t\t\t<\/div>\n\t\t\t\t<figcaption class='wp-caption-text gallery-caption' id='gallery-1-69372'>\n\t\t\t\tLOS SISTEMAS SANITARIOS DE TODO EL MUNDO SE VIERON AFECTADOS POR EL CORONAVIRUS.  FRANCO FAFASULI\n\t\t\t\t<\/figcaption><\/figure>\n\t\t<\/div>\n\n","protected":false},"excerpt":{"rendered":"<p>El mundo report\u00f3 455 millones de contagios y seis millones de muertes en dos a\u00f1os de pandemia. La Organizaci\u00f3n Mundial de la Salud (OMS) destac\u00f3 los avances nivel cient\u00edfico y retrasos abrumantes en la equidad, acceso a vacunas y tratamientos. Se cumplieron dos a\u00f1os desde que la Organizaci\u00f3n Mundial de la Salud (OMS) comunic\u00f3 que [&hellip;]<\/p>\n","protected":false},"author":1,"featured_media":69368,"comment_status":"closed","ping_status":"closed","sticky":false,"template":"","format":"standard","meta":{"_acf_changed":false,"footnotes":""},"categories":[3],"tags":[],"class_list":["post-69367","post","type-post","status-publish","format-standard","has-post-thumbnail","category-internacional"],"acf":{"antetitulo":""},"yoast_head":"<!-- This site is optimized with the Yoast SEO plugin v28.4 - https:\/\/yoast.com\/product\/yoast-seo-wordpress\/ -->\n<title>Reportan 455 millones de contagios y 6 millones de muertes por covid-19 - El Diario - Bolivia<\/title>\n<meta name=\"robots\" content=\"index, follow, max-snippet:-1, max-image-preview:large, max-video-preview:-1\" \/>\n<link rel=\"canonical\" href=\"https:\/\/www.eldiario.net\/portal\/2022\/03\/14\/reportan-455-millones-de-contagios-y-6-millones-de-muertes-por-covid-19\/\" \/>\n<meta property=\"og:locale\" content=\"es_ES\" \/>\n<meta property=\"og:type\" content=\"article\" \/>\n<meta property=\"og:title\" content=\"Reportan 455 millones de contagios y 6 millones de muertes por covid-19 - El Diario - Bolivia\" \/>\n<meta property=\"og:description\" content=\"El mundo report\u00f3 455 millones de contagios y seis millones de muertes en dos a\u00f1os de pandemia. La Organizaci\u00f3n Mundial de la Salud (OMS) destac\u00f3 los avances nivel cient\u00edfico y retrasos abrumantes en la equidad, acceso a vacunas y tratamientos. Se cumplieron dos a\u00f1os desde que la Organizaci\u00f3n Mundial de la Salud (OMS) comunic\u00f3 que [&hellip;]\" \/>\n<meta property=\"og:url\" content=\"https:\/\/www.eldiario.net\/portal\/2022\/03\/14\/reportan-455-millones-de-contagios-y-6-millones-de-muertes-por-covid-19\/\" \/>\n<meta property=\"og:site_name\" content=\"El Diario - Bolivia\" \/>\n<meta property=\"article:publisher\" content=\"https:\/\/www.facebook.com\/eldiario.bolivia\/\" \/>\n<meta property=\"article:published_time\" content=\"2022-03-14T08:41:57+00:00\" \/>\n<meta name=\"author\" content=\"Jeanette\" \/>\n<meta name=\"twitter:card\" content=\"summary_large_image\" \/>\n<meta name=\"twitter:creator\" content=\"@eldiario_net\" \/>\n<meta name=\"twitter:site\" content=\"@eldiario_net\" \/>\n<meta name=\"twitter:label1\" content=\"Escrito por\" \/>\n\t<meta name=\"twitter:data1\" content=\"Jeanette\" \/>\n\t<meta name=\"twitter:label2\" content=\"Tiempo de lectura\" \/>\n\t<meta name=\"twitter:data2\" content=\"9 minutos\" \/>\n<script type=\"application\/ld+json\" class=\"yoast-schema-graph\">{\"@context\":\"https:\\\/\\\/schema.org\",\"@graph\":[{\"@type\":\"Article\",\"@id\":\"https:\\\/\\\/www.eldiario.net\\\/portal\\\/2022\\\/03\\\/14\\\/reportan-455-millones-de-contagios-y-6-millones-de-muertes-por-covid-19\\\/#article\",\"isPartOf\":{\"@id\":\"https:\\\/\\\/www.eldiario.net\\\/portal\\\/2022\\\/03\\\/14\\\/reportan-455-millones-de-contagios-y-6-millones-de-muertes-por-covid-19\\\/\"},\"author\":{\"name\":\"Jeanette\",\"@id\":\"https:\\\/\\\/www.eldiario.net\\\/portal\\\/#\\\/schema\\\/person\\\/f46445640444750d7d753ccd04ae01b7\"},\"headline\":\"Reportan 455 millones de contagios y 6 millones de muertes por covid-19\",\"datePublished\":\"2022-03-14T08:41:57+00:00\",\"mainEntityOfPage\":{\"@id\":\"https:\\\/\\\/www.eldiario.net\\\/portal\\\/2022\\\/03\\\/14\\\/reportan-455-millones-de-contagios-y-6-millones-de-muertes-por-covid-19\\\/\"},\"wordCount\":1822,\"publisher\":{\"@id\":\"https:\\\/\\\/www.eldiario.net\\\/portal\\\/#organization\"},\"image\":{\"@id\":\"https:\\\/\\\/www.eldiario.net\\\/portal\\\/2022\\\/03\\\/14\\\/reportan-455-millones-de-contagios-y-6-millones-de-muertes-por-covid-19\\\/#primaryimage\"},\"thumbnailUrl\":\"\",\"articleSection\":[\"Internacional\"],\"inLanguage\":\"es\"},{\"@type\":\"WebPage\",\"@id\":\"https:\\\/\\\/www.eldiario.net\\\/portal\\\/2022\\\/03\\\/14\\\/reportan-455-millones-de-contagios-y-6-millones-de-muertes-por-covid-19\\\/\",\"url\":\"https:\\\/\\\/www.eldiario.net\\\/portal\\\/2022\\\/03\\\/14\\\/reportan-455-millones-de-contagios-y-6-millones-de-muertes-por-covid-19\\\/\",\"name\":\"Reportan 455 millones de contagios y 6 millones de muertes por covid-19 - El Diario - Bolivia\",\"isPartOf\":{\"@id\":\"https:\\\/\\\/www.eldiario.net\\\/portal\\\/#website\"},\"primaryImageOfPage\":{\"@id\":\"https:\\\/\\\/www.eldiario.net\\\/portal\\\/2022\\\/03\\\/14\\\/reportan-455-millones-de-contagios-y-6-millones-de-muertes-por-covid-19\\\/#primaryimage\"},\"image\":{\"@id\":\"https:\\\/\\\/www.eldiario.net\\\/portal\\\/2022\\\/03\\\/14\\\/reportan-455-millones-de-contagios-y-6-millones-de-muertes-por-covid-19\\\/#primaryimage\"},\"thumbnailUrl\":\"\",\"datePublished\":\"2022-03-14T08:41:57+00:00\",\"breadcrumb\":{\"@id\":\"https:\\\/\\\/www.eldiario.net\\\/portal\\\/2022\\\/03\\\/14\\\/reportan-455-millones-de-contagios-y-6-millones-de-muertes-por-covid-19\\\/#breadcrumb\"},\"inLanguage\":\"es\",\"potentialAction\":[{\"@type\":\"ReadAction\",\"target\":[\"https:\\\/\\\/www.eldiario.net\\\/portal\\\/2022\\\/03\\\/14\\\/reportan-455-millones-de-contagios-y-6-millones-de-muertes-por-covid-19\\\/\"]}]},{\"@type\":\"ImageObject\",\"inLanguage\":\"es\",\"@id\":\"https:\\\/\\\/www.eldiario.net\\\/portal\\\/2022\\\/03\\\/14\\\/reportan-455-millones-de-contagios-y-6-millones-de-muertes-por-covid-19\\\/#primaryimage\",\"url\":\"\",\"contentUrl\":\"\"},{\"@type\":\"BreadcrumbList\",\"@id\":\"https:\\\/\\\/www.eldiario.net\\\/portal\\\/2022\\\/03\\\/14\\\/reportan-455-millones-de-contagios-y-6-millones-de-muertes-por-covid-19\\\/#breadcrumb\",\"itemListElement\":[{\"@type\":\"ListItem\",\"position\":1,\"name\":\"Portada\",\"item\":\"https:\\\/\\\/www.eldiario.net\\\/portal\\\/\"},{\"@type\":\"ListItem\",\"position\":2,\"name\":\"Reportan 455 millones de contagios y 6 millones de muertes por covid-19\"}]},{\"@type\":\"WebSite\",\"@id\":\"https:\\\/\\\/www.eldiario.net\\\/portal\\\/#website\",\"url\":\"https:\\\/\\\/www.eldiario.net\\\/portal\\\/\",\"name\":\"El Diario - Decano de la prensa nacional\",\"description\":\"El Diario - Decano de la prensa nacional\",\"publisher\":{\"@id\":\"https:\\\/\\\/www.eldiario.net\\\/portal\\\/#organization\"},\"potentialAction\":[{\"@type\":\"SearchAction\",\"target\":{\"@type\":\"EntryPoint\",\"urlTemplate\":\"https:\\\/\\\/www.eldiario.net\\\/portal\\\/?s={search_term_string}\"},\"query-input\":{\"@type\":\"PropertyValueSpecification\",\"valueRequired\":true,\"valueName\":\"search_term_string\"}}],\"inLanguage\":\"es\"},{\"@type\":\"Organization\",\"@id\":\"https:\\\/\\\/www.eldiario.net\\\/portal\\\/#organization\",\"name\":\"El Diario - Decano de la prensa nacional\",\"url\":\"https:\\\/\\\/www.eldiario.net\\\/portal\\\/\",\"logo\":{\"@type\":\"ImageObject\",\"inLanguage\":\"es\",\"@id\":\"https:\\\/\\\/www.eldiario.net\\\/portal\\\/#\\\/schema\\\/logo\\\/image\\\/\",\"url\":\"https:\\\/\\\/www.eldiario.net\\\/portal\\\/wp-content\\\/uploads\\\/2023\\\/07\\\/logo_ED.jpg\",\"contentUrl\":\"https:\\\/\\\/www.eldiario.net\\\/portal\\\/wp-content\\\/uploads\\\/2023\\\/07\\\/logo_ED.jpg\",\"width\":272,\"height\":52,\"caption\":\"El Diario - Decano de la prensa nacional\"},\"image\":{\"@id\":\"https:\\\/\\\/www.eldiario.net\\\/portal\\\/#\\\/schema\\\/logo\\\/image\\\/\"},\"sameAs\":[\"https:\\\/\\\/www.facebook.com\\\/eldiario.bolivia\\\/\",\"https:\\\/\\\/x.com\\\/eldiario_net\"]},{\"@type\":\"Person\",\"@id\":\"https:\\\/\\\/www.eldiario.net\\\/portal\\\/#\\\/schema\\\/person\\\/f46445640444750d7d753ccd04ae01b7\",\"name\":\"Jeanette\",\"image\":{\"@type\":\"ImageObject\",\"inLanguage\":\"es\",\"@id\":\"https:\\\/\\\/secure.gravatar.com\\\/avatar\\\/3ea2118a5f7dad2b7138b1187a6b7ee55f160b9968b66013c3a3ef39dd7e5798?s=96&d=mm&r=g\",\"url\":\"https:\\\/\\\/secure.gravatar.com\\\/avatar\\\/3ea2118a5f7dad2b7138b1187a6b7ee55f160b9968b66013c3a3ef39dd7e5798?s=96&d=mm&r=g\",\"contentUrl\":\"https:\\\/\\\/secure.gravatar.com\\\/avatar\\\/3ea2118a5f7dad2b7138b1187a6b7ee55f160b9968b66013c3a3ef39dd7e5798?s=96&d=mm&r=g\",\"caption\":\"Jeanette\"},\"sameAs\":[\"https:\\\/\\\/www.eldiario.net\\\/portal\"],\"url\":\"https:\\\/\\\/www.eldiario.net\\\/portal\\\/author\\\/jeanette\\\/\"}]}<\/script>\n<!-- \/ Yoast SEO plugin. -->","yoast_head_json":{"title":"Reportan 455 millones de contagios y 6 millones de muertes por covid-19 - El Diario - Bolivia","robots":{"index":"index","follow":"follow","max-snippet":"max-snippet:-1","max-image-preview":"max-image-preview:large","max-video-preview":"max-video-preview:-1"},"canonical":"https:\/\/www.eldiario.net\/portal\/2022\/03\/14\/reportan-455-millones-de-contagios-y-6-millones-de-muertes-por-covid-19\/","og_locale":"es_ES","og_type":"article","og_title":"Reportan 455 millones de contagios y 6 millones de muertes por covid-19 - El Diario - Bolivia","og_description":"El mundo report\u00f3 455 millones de contagios y seis millones de muertes en dos a\u00f1os de pandemia. La Organizaci\u00f3n Mundial de la Salud (OMS) destac\u00f3 los avances nivel cient\u00edfico y retrasos abrumantes en la equidad, acceso a vacunas y tratamientos. Se cumplieron dos a\u00f1os desde que la Organizaci\u00f3n Mundial de la Salud (OMS) comunic\u00f3 que [&hellip;]","og_url":"https:\/\/www.eldiario.net\/portal\/2022\/03\/14\/reportan-455-millones-de-contagios-y-6-millones-de-muertes-por-covid-19\/","og_site_name":"El Diario - Bolivia","article_publisher":"https:\/\/www.facebook.com\/eldiario.bolivia\/","article_published_time":"2022-03-14T08:41:57+00:00","author":"Jeanette","twitter_card":"summary_large_image","twitter_creator":"@eldiario_net","twitter_site":"@eldiario_net","twitter_misc":{"Escrito por":"Jeanette","Tiempo de lectura":"9 minutos"},"schema":{"@context":"https:\/\/schema.org","@graph":[{"@type":"Article","@id":"https:\/\/www.eldiario.net\/portal\/2022\/03\/14\/reportan-455-millones-de-contagios-y-6-millones-de-muertes-por-covid-19\/#article","isPartOf":{"@id":"https:\/\/www.eldiario.net\/portal\/2022\/03\/14\/reportan-455-millones-de-contagios-y-6-millones-de-muertes-por-covid-19\/"},"author":{"name":"Jeanette","@id":"https:\/\/www.eldiario.net\/portal\/#\/schema\/person\/f46445640444750d7d753ccd04ae01b7"},"headline":"Reportan 455 millones de contagios y 6 millones de muertes por covid-19","datePublished":"2022-03-14T08:41:57+00:00","mainEntityOfPage":{"@id":"https:\/\/www.eldiario.net\/portal\/2022\/03\/14\/reportan-455-millones-de-contagios-y-6-millones-de-muertes-por-covid-19\/"},"wordCount":1822,"publisher":{"@id":"https:\/\/www.eldiario.net\/portal\/#organization"},"image":{"@id":"https:\/\/www.eldiario.net\/portal\/2022\/03\/14\/reportan-455-millones-de-contagios-y-6-millones-de-muertes-por-covid-19\/#primaryimage"},"thumbnailUrl":"","articleSection":["Internacional"],"inLanguage":"es"},{"@type":"WebPage","@id":"https:\/\/www.eldiario.net\/portal\/2022\/03\/14\/reportan-455-millones-de-contagios-y-6-millones-de-muertes-por-covid-19\/","url":"https:\/\/www.eldiario.net\/portal\/2022\/03\/14\/reportan-455-millones-de-contagios-y-6-millones-de-muertes-por-covid-19\/","name":"Reportan 455 millones de contagios y 6 millones de muertes por covid-19 - El Diario - Bolivia","isPartOf":{"@id":"https:\/\/www.eldiario.net\/portal\/#website"},"primaryImageOfPage":{"@id":"https:\/\/www.eldiario.net\/portal\/2022\/03\/14\/reportan-455-millones-de-contagios-y-6-millones-de-muertes-por-covid-19\/#primaryimage"},"image":{"@id":"https:\/\/www.eldiario.net\/portal\/2022\/03\/14\/reportan-455-millones-de-contagios-y-6-millones-de-muertes-por-covid-19\/#primaryimage"},"thumbnailUrl":"","datePublished":"2022-03-14T08:41:57+00:00","breadcrumb":{"@id":"https:\/\/www.eldiario.net\/portal\/2022\/03\/14\/reportan-455-millones-de-contagios-y-6-millones-de-muertes-por-covid-19\/#breadcrumb"},"inLanguage":"es","potentialAction":[{"@type":"ReadAction","target":["https:\/\/www.eldiario.net\/portal\/2022\/03\/14\/reportan-455-millones-de-contagios-y-6-millones-de-muertes-por-covid-19\/"]}]},{"@type":"ImageObject","inLanguage":"es","@id":"https:\/\/www.eldiario.net\/portal\/2022\/03\/14\/reportan-455-millones-de-contagios-y-6-millones-de-muertes-por-covid-19\/#primaryimage","url":"","contentUrl":""},{"@type":"BreadcrumbList","@id":"https:\/\/www.eldiario.net\/portal\/2022\/03\/14\/reportan-455-millones-de-contagios-y-6-millones-de-muertes-por-covid-19\/#breadcrumb","itemListElement":[{"@type":"ListItem","position":1,"name":"Portada","item":"https:\/\/www.eldiario.net\/portal\/"},{"@type":"ListItem","position":2,"name":"Reportan 455 millones de contagios y 6 millones de muertes por covid-19"}]},{"@type":"WebSite","@id":"https:\/\/www.eldiario.net\/portal\/#website","url":"https:\/\/www.eldiario.net\/portal\/","name":"El Diario - Decano de la prensa nacional","description":"El Diario - Decano de la prensa nacional","publisher":{"@id":"https:\/\/www.eldiario.net\/portal\/#organization"},"potentialAction":[{"@type":"SearchAction","target":{"@type":"EntryPoint","urlTemplate":"https:\/\/www.eldiario.net\/portal\/?s={search_term_string}"},"query-input":{"@type":"PropertyValueSpecification","valueRequired":true,"valueName":"search_term_string"}}],"inLanguage":"es"},{"@type":"Organization","@id":"https:\/\/www.eldiario.net\/portal\/#organization","name":"El Diario - Decano de la prensa nacional","url":"https:\/\/www.eldiario.net\/portal\/","logo":{"@type":"ImageObject","inLanguage":"es","@id":"https:\/\/www.eldiario.net\/portal\/#\/schema\/logo\/image\/","url":"https:\/\/www.eldiario.net\/portal\/wp-content\/uploads\/2023\/07\/logo_ED.jpg","contentUrl":"https:\/\/www.eldiario.net\/portal\/wp-content\/uploads\/2023\/07\/logo_ED.jpg","width":272,"height":52,"caption":"El Diario - Decano de la prensa nacional"},"image":{"@id":"https:\/\/www.eldiario.net\/portal\/#\/schema\/logo\/image\/"},"sameAs":["https:\/\/www.facebook.com\/eldiario.bolivia\/","https:\/\/x.com\/eldiario_net"]},{"@type":"Person","@id":"https:\/\/www.eldiario.net\/portal\/#\/schema\/person\/f46445640444750d7d753ccd04ae01b7","name":"Jeanette","image":{"@type":"ImageObject","inLanguage":"es","@id":"https:\/\/secure.gravatar.com\/avatar\/3ea2118a5f7dad2b7138b1187a6b7ee55f160b9968b66013c3a3ef39dd7e5798?s=96&d=mm&r=g","url":"https:\/\/secure.gravatar.com\/avatar\/3ea2118a5f7dad2b7138b1187a6b7ee55f160b9968b66013c3a3ef39dd7e5798?s=96&d=mm&r=g","contentUrl":"https:\/\/secure.gravatar.com\/avatar\/3ea2118a5f7dad2b7138b1187a6b7ee55f160b9968b66013c3a3ef39dd7e5798?s=96&d=mm&r=g","caption":"Jeanette"},"sameAs":["https:\/\/www.eldiario.net\/portal"],"url":"https:\/\/www.eldiario.net\/portal\/author\/jeanette\/"}]}},"_links":{"self":[{"href":"https:\/\/www.eldiario.net\/portal\/wp-json\/wp\/v2\/posts\/69367","targetHints":{"allow":["GET"]}}],"collection":[{"href":"https:\/\/www.eldiario.net\/portal\/wp-json\/wp\/v2\/posts"}],"about":[{"href":"https:\/\/www.eldiario.net\/portal\/wp-json\/wp\/v2\/types\/post"}],"author":[{"embeddable":true,"href":"https:\/\/www.eldiario.net\/portal\/wp-json\/wp\/v2\/users\/1"}],"replies":[{"embeddable":true,"href":"https:\/\/www.eldiario.net\/portal\/wp-json\/wp\/v2\/comments?post=69367"}],"version-history":[{"count":0,"href":"https:\/\/www.eldiario.net\/portal\/wp-json\/wp\/v2\/posts\/69367\/revisions"}],"wp:attachment":[{"href":"https:\/\/www.eldiario.net\/portal\/wp-json\/wp\/v2\/media?parent=69367"}],"wp:term":[{"taxonomy":"category","embeddable":true,"href":"https:\/\/www.eldiario.net\/portal\/wp-json\/wp\/v2\/categories?post=69367"},{"taxonomy":"post_tag","embeddable":true,"href":"https:\/\/www.eldiario.net\/portal\/wp-json\/wp\/v2\/tags?post=69367"}],"curies":[{"name":"wp","href":"https:\/\/api.w.org\/{rel}","templated":true}]}}