{"id":69364,"date":"2022-03-14T04:34:23","date_gmt":"2022-03-14T08:34:23","guid":{"rendered":"https:\/\/www.eldiario.net\/portal\/?p=69364"},"modified":"2022-03-14T04:34:23","modified_gmt":"2022-03-14T08:34:23","slug":"aurora-tambien-se-saco-la-mufa-en-el-clasico","status":"publish","type":"post","link":"https:\/\/www.eldiario.net\/portal\/2022\/03\/14\/aurora-tambien-se-saco-la-mufa-en-el-clasico\/","title":{"rendered":"Aurora tambi\u00e9n se sac\u00f3  la mufa en el cl\u00e1sico"},"content":{"rendered":"<p>Aurora alcanz\u00f3 su primer triunfo en el torneo Apertura en la tercera presentaci\u00f3n de los celestes bajo la direcci\u00f3n t\u00e9cnica de Francisco Arg\u00fcello con un estrecho marcador de 1-0, anotando los tres puntos delante de su tradicional rival, Wilstermann, alej\u00e1ndose de los \u00faltimos lugares en el grupo \u201cA\u201d.<br \/>\nEl ciclo de Arg\u00fcello encontr\u00f3 la victoria gracias al empuje que colocaron los jugadores y con esa misma actitud defendieron esa diferencia en el marcador. El Equipo del Pueblo est\u00e1 con seis puntos, marcando distancia de cuatro unidades frente a los colistas, Real Santa Cruz y Guabir\u00e1.<br \/>\nEl 1-0 fue anotado con una definici\u00f3n de Denis Pinto dentro del \u00e1rea, tras un servicio desde el costado de Leandro Maygua. Pinto empuj\u00f3 la pelota en medio de los centrales que dejaron que el delantero pueda darle direcci\u00f3n a su remate de cabeza.<br \/>\nLos celestes tuvieron su mejor rendimiento en el primer tiempo, generado ocasiones de peligro con disparos de larga distancia de \u00c1lvaro Quiroga y Maygua que exigieron al arquero Luis C\u00e1rdenas. El mismo Pinto tuvo la oportunidad de llegar a su segunda conquista cuando ingres\u00f3 con fuerza al \u00e1rea y propin\u00f3 un frentazo que fue directo a la posici\u00f3n del guardameta.<br \/>\nWilstermann estaba desesperado por igualar el partido. Desde el inicio de las acciones cont\u00f3 con la participaci\u00f3n de Cristian Ch\u00e1vez, quien se encarg\u00f3 de hacer las conexiones ofensivas. Uno de sus centros lleg\u00f3 a la posici\u00f3n de Carlos \u00c1\u00f1ez, quien defini\u00f3 en el primer palo, pero el arquero Agust\u00edn Cousillas coloc\u00f3 el cuerpo para cerrar el \u00e1ngulo.<br \/>\nLa segunda mitad del cotejo fue jugada con un nivel parejo, con una menor cantidad de acciones de peligro en relaci\u00f3n a la primera parte. La magnitud de las oportunidades de los 45 minutos iniciales qued\u00f3 como un recuerdo en el complemento. Con la presi\u00f3n de los aviadores sobre el arco de Cousillas finaliz\u00f3 las acciones, dejando a los rojos, con siete puntos, fuera de la zona de los cuatro primeros lugares.<\/p>\n<p><strong>APG<\/strong><\/p>\n<p>&nbsp;<\/p>\n","protected":false},"excerpt":{"rendered":"<p>Aurora alcanz\u00f3 su primer triunfo en el torneo Apertura en la tercera presentaci\u00f3n de los celestes bajo la direcci\u00f3n t\u00e9cnica de Francisco Arg\u00fcello con un estrecho marcador de 1-0, anotando los tres puntos delante de su tradicional rival, Wilstermann, alej\u00e1ndose de los \u00faltimos lugares en el grupo \u201cA\u201d. El ciclo de Arg\u00fcello encontr\u00f3 la victoria [&hellip;]<\/p>\n","protected":false},"author":1,"featured_media":69365,"comment_status":"closed","ping_status":"closed","sticky":false,"template":"","format":"standard","meta":{"_acf_changed":false,"footnotes":""},"categories":[6],"tags":[],"class_list":["post-69364","post","type-post","status-publish","format-standard","has-post-thumbnail","category-deportes"],"acf":{"antetitulo":""},"yoast_head":"<!-- This site is optimized with the Yoast SEO plugin v28.3 - https:\/\/yoast.com\/product\/yoast-seo-wordpress\/ -->\n<title>Aurora tambi\u00e9n se sac\u00f3 la mufa en el cl\u00e1sico - El Diario - Bolivia<\/title>\n<meta name=\"robots\" content=\"index, follow, max-snippet:-1, max-image-preview:large, max-video-preview:-1\" \/>\n<link rel=\"canonical\" href=\"https:\/\/www.eldiario.net\/portal\/2022\/03\/14\/aurora-tambien-se-saco-la-mufa-en-el-clasico\/\" \/>\n<meta property=\"og:locale\" content=\"es_ES\" \/>\n<meta property=\"og:type\" content=\"article\" \/>\n<meta property=\"og:title\" content=\"Aurora tambi\u00e9n se sac\u00f3 la mufa en el cl\u00e1sico - El Diario - Bolivia\" \/>\n<meta property=\"og:description\" content=\"Aurora alcanz\u00f3 su primer triunfo en el torneo Apertura en la tercera presentaci\u00f3n de los celestes bajo la direcci\u00f3n t\u00e9cnica de Francisco Arg\u00fcello con un estrecho marcador de 1-0, anotando los tres puntos delante de su tradicional rival, Wilstermann, alej\u00e1ndose de los \u00faltimos lugares en el grupo \u201cA\u201d. El ciclo de Arg\u00fcello encontr\u00f3 la victoria [&hellip;]\" \/>\n<meta property=\"og:url\" content=\"https:\/\/www.eldiario.net\/portal\/2022\/03\/14\/aurora-tambien-se-saco-la-mufa-en-el-clasico\/\" \/>\n<meta property=\"og:site_name\" content=\"El Diario - Bolivia\" \/>\n<meta property=\"article:publisher\" content=\"https:\/\/www.facebook.com\/eldiario.bolivia\/\" \/>\n<meta property=\"article:published_time\" content=\"2022-03-14T08:34:23+00:00\" \/>\n<meta property=\"og:image\" content=\"https:\/\/www.eldiario.net\/portal\/wp-content\/uploads\/2022\/03\/pag-2-foto-1-7-scaled-1.jpg\" \/>\n\t<meta property=\"og:image:width\" content=\"2560\" \/>\n\t<meta property=\"og:image:height\" content=\"1908\" \/>\n\t<meta property=\"og:image:type\" content=\"image\/jpeg\" \/>\n<meta name=\"author\" content=\"Jeanette\" \/>\n<meta name=\"twitter:card\" content=\"summary_large_image\" \/>\n<meta name=\"twitter:creator\" content=\"@eldiario_net\" \/>\n<meta name=\"twitter:site\" content=\"@eldiario_net\" \/>\n<meta name=\"twitter:label1\" content=\"Escrito por\" \/>\n\t<meta name=\"twitter:data1\" content=\"Jeanette\" \/>\n\t<meta name=\"twitter:label2\" content=\"Tiempo de lectura\" \/>\n\t<meta name=\"twitter:data2\" content=\"2 minutos\" \/>\n<script type=\"application\/ld+json\" class=\"yoast-schema-graph\">{\"@context\":\"https:\\\/\\\/schema.org\",\"@graph\":[{\"@type\":\"Article\",\"@id\":\"https:\\\/\\\/www.eldiario.net\\\/portal\\\/2022\\\/03\\\/14\\\/aurora-tambien-se-saco-la-mufa-en-el-clasico\\\/#article\",\"isPartOf\":{\"@id\":\"https:\\\/\\\/www.eldiario.net\\\/portal\\\/2022\\\/03\\\/14\\\/aurora-tambien-se-saco-la-mufa-en-el-clasico\\\/\"},\"author\":{\"name\":\"Jeanette\",\"@id\":\"https:\\\/\\\/www.eldiario.net\\\/portal\\\/#\\\/schema\\\/person\\\/f46445640444750d7d753ccd04ae01b7\"},\"headline\":\"Aurora tambi\u00e9n se sac\u00f3 la mufa en el cl\u00e1sico\",\"datePublished\":\"2022-03-14T08:34:23+00:00\",\"mainEntityOfPage\":{\"@id\":\"https:\\\/\\\/www.eldiario.net\\\/portal\\\/2022\\\/03\\\/14\\\/aurora-tambien-se-saco-la-mufa-en-el-clasico\\\/\"},\"wordCount\":356,\"publisher\":{\"@id\":\"https:\\\/\\\/www.eldiario.net\\\/portal\\\/#organization\"},\"image\":{\"@id\":\"https:\\\/\\\/www.eldiario.net\\\/portal\\\/2022\\\/03\\\/14\\\/aurora-tambien-se-saco-la-mufa-en-el-clasico\\\/#primaryimage\"},\"thumbnailUrl\":\"https:\\\/\\\/www.eldiario.net\\\/portal\\\/wp-content\\\/uploads\\\/2022\\\/03\\\/pag-2-foto-1-7-scaled-1.jpg\",\"articleSection\":[\"Deportes\"],\"inLanguage\":\"es\"},{\"@type\":\"WebPage\",\"@id\":\"https:\\\/\\\/www.eldiario.net\\\/portal\\\/2022\\\/03\\\/14\\\/aurora-tambien-se-saco-la-mufa-en-el-clasico\\\/\",\"url\":\"https:\\\/\\\/www.eldiario.net\\\/portal\\\/2022\\\/03\\\/14\\\/aurora-tambien-se-saco-la-mufa-en-el-clasico\\\/\",\"name\":\"Aurora tambi\u00e9n se sac\u00f3 la mufa en el cl\u00e1sico - El Diario - Bolivia\",\"isPartOf\":{\"@id\":\"https:\\\/\\\/www.eldiario.net\\\/portal\\\/#website\"},\"primaryImageOfPage\":{\"@id\":\"https:\\\/\\\/www.eldiario.net\\\/portal\\\/2022\\\/03\\\/14\\\/aurora-tambien-se-saco-la-mufa-en-el-clasico\\\/#primaryimage\"},\"image\":{\"@id\":\"https:\\\/\\\/www.eldiario.net\\\/portal\\\/2022\\\/03\\\/14\\\/aurora-tambien-se-saco-la-mufa-en-el-clasico\\\/#primaryimage\"},\"thumbnailUrl\":\"https:\\\/\\\/www.eldiario.net\\\/portal\\\/wp-content\\\/uploads\\\/2022\\\/03\\\/pag-2-foto-1-7-scaled-1.jpg\",\"datePublished\":\"2022-03-14T08:34:23+00:00\",\"breadcrumb\":{\"@id\":\"https:\\\/\\\/www.eldiario.net\\\/portal\\\/2022\\\/03\\\/14\\\/aurora-tambien-se-saco-la-mufa-en-el-clasico\\\/#breadcrumb\"},\"inLanguage\":\"es\",\"potentialAction\":[{\"@type\":\"ReadAction\",\"target\":[\"https:\\\/\\\/www.eldiario.net\\\/portal\\\/2022\\\/03\\\/14\\\/aurora-tambien-se-saco-la-mufa-en-el-clasico\\\/\"]}]},{\"@type\":\"ImageObject\",\"inLanguage\":\"es\",\"@id\":\"https:\\\/\\\/www.eldiario.net\\\/portal\\\/2022\\\/03\\\/14\\\/aurora-tambien-se-saco-la-mufa-en-el-clasico\\\/#primaryimage\",\"url\":\"https:\\\/\\\/www.eldiario.net\\\/portal\\\/wp-content\\\/uploads\\\/2022\\\/03\\\/pag-2-foto-1-7-scaled-1.jpg\",\"contentUrl\":\"https:\\\/\\\/www.eldiario.net\\\/portal\\\/wp-content\\\/uploads\\\/2022\\\/03\\\/pag-2-foto-1-7-scaled-1.jpg\",\"width\":2560,\"height\":1908,\"caption\":\"El atacante Pinto celebra tras anotar el \u00fanico gol del partido, ayer en Cochabamba, arriba el rostro del DT Ponce es elocuente.\"},{\"@type\":\"BreadcrumbList\",\"@id\":\"https:\\\/\\\/www.eldiario.net\\\/portal\\\/2022\\\/03\\\/14\\\/aurora-tambien-se-saco-la-mufa-en-el-clasico\\\/#breadcrumb\",\"itemListElement\":[{\"@type\":\"ListItem\",\"position\":1,\"name\":\"Portada\",\"item\":\"https:\\\/\\\/www.eldiario.net\\\/portal\\\/\"},{\"@type\":\"ListItem\",\"position\":2,\"name\":\"Aurora tambi\u00e9n se sac\u00f3 la mufa en el cl\u00e1sico\"}]},{\"@type\":\"WebSite\",\"@id\":\"https:\\\/\\\/www.eldiario.net\\\/portal\\\/#website\",\"url\":\"https:\\\/\\\/www.eldiario.net\\\/portal\\\/\",\"name\":\"El Diario - Decano de la prensa nacional\",\"description\":\"El Diario - Decano de la prensa nacional\",\"publisher\":{\"@id\":\"https:\\\/\\\/www.eldiario.net\\\/portal\\\/#organization\"},\"potentialAction\":[{\"@type\":\"SearchAction\",\"target\":{\"@type\":\"EntryPoint\",\"urlTemplate\":\"https:\\\/\\\/www.eldiario.net\\\/portal\\\/?s={search_term_string}\"},\"query-input\":{\"@type\":\"PropertyValueSpecification\",\"valueRequired\":true,\"valueName\":\"search_term_string\"}}],\"inLanguage\":\"es\"},{\"@type\":\"Organization\",\"@id\":\"https:\\\/\\\/www.eldiario.net\\\/portal\\\/#organization\",\"name\":\"El Diario - Decano de la prensa nacional\",\"url\":\"https:\\\/\\\/www.eldiario.net\\\/portal\\\/\",\"logo\":{\"@type\":\"ImageObject\",\"inLanguage\":\"es\",\"@id\":\"https:\\\/\\\/www.eldiario.net\\\/portal\\\/#\\\/schema\\\/logo\\\/image\\\/\",\"url\":\"https:\\\/\\\/www.eldiario.net\\\/portal\\\/wp-content\\\/uploads\\\/2023\\\/07\\\/logo_ED.jpg\",\"contentUrl\":\"https:\\\/\\\/www.eldiario.net\\\/portal\\\/wp-content\\\/uploads\\\/2023\\\/07\\\/logo_ED.jpg\",\"width\":272,\"height\":52,\"caption\":\"El Diario - Decano de la prensa nacional\"},\"image\":{\"@id\":\"https:\\\/\\\/www.eldiario.net\\\/portal\\\/#\\\/schema\\\/logo\\\/image\\\/\"},\"sameAs\":[\"https:\\\/\\\/www.facebook.com\\\/eldiario.bolivia\\\/\",\"https:\\\/\\\/x.com\\\/eldiario_net\"]},{\"@type\":\"Person\",\"@id\":\"https:\\\/\\\/www.eldiario.net\\\/portal\\\/#\\\/schema\\\/person\\\/f46445640444750d7d753ccd04ae01b7\",\"name\":\"Jeanette\",\"image\":{\"@type\":\"ImageObject\",\"inLanguage\":\"es\",\"@id\":\"https:\\\/\\\/secure.gravatar.com\\\/avatar\\\/3ea2118a5f7dad2b7138b1187a6b7ee55f160b9968b66013c3a3ef39dd7e5798?s=96&d=mm&r=g\",\"url\":\"https:\\\/\\\/secure.gravatar.com\\\/avatar\\\/3ea2118a5f7dad2b7138b1187a6b7ee55f160b9968b66013c3a3ef39dd7e5798?s=96&d=mm&r=g\",\"contentUrl\":\"https:\\\/\\\/secure.gravatar.com\\\/avatar\\\/3ea2118a5f7dad2b7138b1187a6b7ee55f160b9968b66013c3a3ef39dd7e5798?s=96&d=mm&r=g\",\"caption\":\"Jeanette\"},\"sameAs\":[\"https:\\\/\\\/www.eldiario.net\\\/portal\"],\"url\":\"https:\\\/\\\/www.eldiario.net\\\/portal\\\/author\\\/jeanette\\\/\"}]}<\/script>\n<!-- \/ Yoast SEO plugin. -->","yoast_head_json":{"title":"Aurora tambi\u00e9n se sac\u00f3 la mufa en el cl\u00e1sico - El Diario - Bolivia","robots":{"index":"index","follow":"follow","max-snippet":"max-snippet:-1","max-image-preview":"max-image-preview:large","max-video-preview":"max-video-preview:-1"},"canonical":"https:\/\/www.eldiario.net\/portal\/2022\/03\/14\/aurora-tambien-se-saco-la-mufa-en-el-clasico\/","og_locale":"es_ES","og_type":"article","og_title":"Aurora tambi\u00e9n se sac\u00f3 la mufa en el cl\u00e1sico - El Diario - Bolivia","og_description":"Aurora alcanz\u00f3 su primer triunfo en el torneo Apertura en la tercera presentaci\u00f3n de los celestes bajo la direcci\u00f3n t\u00e9cnica de Francisco Arg\u00fcello con un estrecho marcador de 1-0, anotando los tres puntos delante de su tradicional rival, Wilstermann, alej\u00e1ndose de los \u00faltimos lugares en el grupo \u201cA\u201d. El ciclo de Arg\u00fcello encontr\u00f3 la victoria [&hellip;]","og_url":"https:\/\/www.eldiario.net\/portal\/2022\/03\/14\/aurora-tambien-se-saco-la-mufa-en-el-clasico\/","og_site_name":"El Diario - Bolivia","article_publisher":"https:\/\/www.facebook.com\/eldiario.bolivia\/","article_published_time":"2022-03-14T08:34:23+00:00","og_image":[{"width":2560,"height":1908,"url":"https:\/\/www.eldiario.net\/portal\/wp-content\/uploads\/2022\/03\/pag-2-foto-1-7-scaled-1.jpg","type":"image\/jpeg"}],"author":"Jeanette","twitter_card":"summary_large_image","twitter_creator":"@eldiario_net","twitter_site":"@eldiario_net","twitter_misc":{"Escrito por":"Jeanette","Tiempo de lectura":"2 minutos"},"schema":{"@context":"https:\/\/schema.org","@graph":[{"@type":"Article","@id":"https:\/\/www.eldiario.net\/portal\/2022\/03\/14\/aurora-tambien-se-saco-la-mufa-en-el-clasico\/#article","isPartOf":{"@id":"https:\/\/www.eldiario.net\/portal\/2022\/03\/14\/aurora-tambien-se-saco-la-mufa-en-el-clasico\/"},"author":{"name":"Jeanette","@id":"https:\/\/www.eldiario.net\/portal\/#\/schema\/person\/f46445640444750d7d753ccd04ae01b7"},"headline":"Aurora tambi\u00e9n se sac\u00f3 la mufa en el cl\u00e1sico","datePublished":"2022-03-14T08:34:23+00:00","mainEntityOfPage":{"@id":"https:\/\/www.eldiario.net\/portal\/2022\/03\/14\/aurora-tambien-se-saco-la-mufa-en-el-clasico\/"},"wordCount":356,"publisher":{"@id":"https:\/\/www.eldiario.net\/portal\/#organization"},"image":{"@id":"https:\/\/www.eldiario.net\/portal\/2022\/03\/14\/aurora-tambien-se-saco-la-mufa-en-el-clasico\/#primaryimage"},"thumbnailUrl":"https:\/\/www.eldiario.net\/portal\/wp-content\/uploads\/2022\/03\/pag-2-foto-1-7-scaled-1.jpg","articleSection":["Deportes"],"inLanguage":"es"},{"@type":"WebPage","@id":"https:\/\/www.eldiario.net\/portal\/2022\/03\/14\/aurora-tambien-se-saco-la-mufa-en-el-clasico\/","url":"https:\/\/www.eldiario.net\/portal\/2022\/03\/14\/aurora-tambien-se-saco-la-mufa-en-el-clasico\/","name":"Aurora tambi\u00e9n se sac\u00f3 la mufa en el cl\u00e1sico - El Diario - Bolivia","isPartOf":{"@id":"https:\/\/www.eldiario.net\/portal\/#website"},"primaryImageOfPage":{"@id":"https:\/\/www.eldiario.net\/portal\/2022\/03\/14\/aurora-tambien-se-saco-la-mufa-en-el-clasico\/#primaryimage"},"image":{"@id":"https:\/\/www.eldiario.net\/portal\/2022\/03\/14\/aurora-tambien-se-saco-la-mufa-en-el-clasico\/#primaryimage"},"thumbnailUrl":"https:\/\/www.eldiario.net\/portal\/wp-content\/uploads\/2022\/03\/pag-2-foto-1-7-scaled-1.jpg","datePublished":"2022-03-14T08:34:23+00:00","breadcrumb":{"@id":"https:\/\/www.eldiario.net\/portal\/2022\/03\/14\/aurora-tambien-se-saco-la-mufa-en-el-clasico\/#breadcrumb"},"inLanguage":"es","potentialAction":[{"@type":"ReadAction","target":["https:\/\/www.eldiario.net\/portal\/2022\/03\/14\/aurora-tambien-se-saco-la-mufa-en-el-clasico\/"]}]},{"@type":"ImageObject","inLanguage":"es","@id":"https:\/\/www.eldiario.net\/portal\/2022\/03\/14\/aurora-tambien-se-saco-la-mufa-en-el-clasico\/#primaryimage","url":"https:\/\/www.eldiario.net\/portal\/wp-content\/uploads\/2022\/03\/pag-2-foto-1-7-scaled-1.jpg","contentUrl":"https:\/\/www.eldiario.net\/portal\/wp-content\/uploads\/2022\/03\/pag-2-foto-1-7-scaled-1.jpg","width":2560,"height":1908,"caption":"El atacante Pinto celebra tras anotar el \u00fanico gol del partido, ayer en Cochabamba, arriba el rostro del DT Ponce es elocuente."},{"@type":"BreadcrumbList","@id":"https:\/\/www.eldiario.net\/portal\/2022\/03\/14\/aurora-tambien-se-saco-la-mufa-en-el-clasico\/#breadcrumb","itemListElement":[{"@type":"ListItem","position":1,"name":"Portada","item":"https:\/\/www.eldiario.net\/portal\/"},{"@type":"ListItem","position":2,"name":"Aurora tambi\u00e9n se sac\u00f3 la mufa en el cl\u00e1sico"}]},{"@type":"WebSite","@id":"https:\/\/www.eldiario.net\/portal\/#website","url":"https:\/\/www.eldiario.net\/portal\/","name":"El Diario - Decano de la prensa nacional","description":"El Diario - Decano de la prensa nacional","publisher":{"@id":"https:\/\/www.eldiario.net\/portal\/#organization"},"potentialAction":[{"@type":"SearchAction","target":{"@type":"EntryPoint","urlTemplate":"https:\/\/www.eldiario.net\/portal\/?s={search_term_string}"},"query-input":{"@type":"PropertyValueSpecification","valueRequired":true,"valueName":"search_term_string"}}],"inLanguage":"es"},{"@type":"Organization","@id":"https:\/\/www.eldiario.net\/portal\/#organization","name":"El Diario - Decano de la prensa nacional","url":"https:\/\/www.eldiario.net\/portal\/","logo":{"@type":"ImageObject","inLanguage":"es","@id":"https:\/\/www.eldiario.net\/portal\/#\/schema\/logo\/image\/","url":"https:\/\/www.eldiario.net\/portal\/wp-content\/uploads\/2023\/07\/logo_ED.jpg","contentUrl":"https:\/\/www.eldiario.net\/portal\/wp-content\/uploads\/2023\/07\/logo_ED.jpg","width":272,"height":52,"caption":"El Diario - Decano de la prensa nacional"},"image":{"@id":"https:\/\/www.eldiario.net\/portal\/#\/schema\/logo\/image\/"},"sameAs":["https:\/\/www.facebook.com\/eldiario.bolivia\/","https:\/\/x.com\/eldiario_net"]},{"@type":"Person","@id":"https:\/\/www.eldiario.net\/portal\/#\/schema\/person\/f46445640444750d7d753ccd04ae01b7","name":"Jeanette","image":{"@type":"ImageObject","inLanguage":"es","@id":"https:\/\/secure.gravatar.com\/avatar\/3ea2118a5f7dad2b7138b1187a6b7ee55f160b9968b66013c3a3ef39dd7e5798?s=96&d=mm&r=g","url":"https:\/\/secure.gravatar.com\/avatar\/3ea2118a5f7dad2b7138b1187a6b7ee55f160b9968b66013c3a3ef39dd7e5798?s=96&d=mm&r=g","contentUrl":"https:\/\/secure.gravatar.com\/avatar\/3ea2118a5f7dad2b7138b1187a6b7ee55f160b9968b66013c3a3ef39dd7e5798?s=96&d=mm&r=g","caption":"Jeanette"},"sameAs":["https:\/\/www.eldiario.net\/portal"],"url":"https:\/\/www.eldiario.net\/portal\/author\/jeanette\/"}]}},"_links":{"self":[{"href":"https:\/\/www.eldiario.net\/portal\/wp-json\/wp\/v2\/posts\/69364","targetHints":{"allow":["GET"]}}],"collection":[{"href":"https:\/\/www.eldiario.net\/portal\/wp-json\/wp\/v2\/posts"}],"about":[{"href":"https:\/\/www.eldiario.net\/portal\/wp-json\/wp\/v2\/types\/post"}],"author":[{"embeddable":true,"href":"https:\/\/www.eldiario.net\/portal\/wp-json\/wp\/v2\/users\/1"}],"replies":[{"embeddable":true,"href":"https:\/\/www.eldiario.net\/portal\/wp-json\/wp\/v2\/comments?post=69364"}],"version-history":[{"count":0,"href":"https:\/\/www.eldiario.net\/portal\/wp-json\/wp\/v2\/posts\/69364\/revisions"}],"wp:featuredmedia":[{"embeddable":true,"href":"https:\/\/www.eldiario.net\/portal\/wp-json\/wp\/v2\/media\/69365"}],"wp:attachment":[{"href":"https:\/\/www.eldiario.net\/portal\/wp-json\/wp\/v2\/media?parent=69364"}],"wp:term":[{"taxonomy":"category","embeddable":true,"href":"https:\/\/www.eldiario.net\/portal\/wp-json\/wp\/v2\/categories?post=69364"},{"taxonomy":"post_tag","embeddable":true,"href":"https:\/\/www.eldiario.net\/portal\/wp-json\/wp\/v2\/tags?post=69364"}],"curies":[{"name":"wp","href":"https:\/\/api.w.org\/{rel}","templated":true}]}}