{"id":69358,"date":"2022-03-14T04:30:31","date_gmt":"2022-03-14T08:30:31","guid":{"rendered":"https:\/\/www.eldiario.net\/portal\/?p=69358"},"modified":"2022-03-14T04:30:31","modified_gmt":"2022-03-14T08:30:31","slug":"dellien-campeon-del-challenger-con-garra","status":"publish","type":"post","link":"https:\/\/www.eldiario.net\/portal\/2022\/03\/14\/dellien-campeon-del-challenger-con-garra\/","title":{"rendered":"Dellien, campe\u00f3n del Challenger con garra"},"content":{"rendered":"<p>En un partido emocionante de principio a fin, el tenista boliviano Hugo Dellien se consagr\u00f3 campe\u00f3n por segunda vez del Challenger de Santiago al vencer en la final al chileno Alejandro Tabilo por 6-3, 4-6 y 6-4. Conquist\u00f3 su vigesimocuarto t\u00edtulo en su carrera como tenista profesional.<br \/>\nAnte una abarrotada cancha central del Club Manquehue, donde la afici\u00f3n hizo sentir bastante la local\u00eda de su representante, ambos mostraron un gran tenis a lo largo de las 2 horas y 11 minutos de juego que hubo.<br \/>\nNo hab\u00eda favoritos para este duelo por el nivel y ranking que tienen: Dellien se encuentra en el puesto 101\u00b0 y Tabilo en el 96\u00b0.<br \/>\nUn radiante sol acompa\u00f1\u00f3 la jornada dominical que dio temperaturas altas (31 grados cent\u00edgrados) durante el encuentro que por segunda vez puso enfrente a ambos. La primera ocasi\u00f3n fue en la primera ronda de la qualy (clasificaci\u00f3n) del Abierto de Australia 2021, donde el boliviano se impuso por 6-1 y 6-0.<br \/>\nEl encuentro comenz\u00f3 un poco at\u00edpico porque ambos se rompieron sus servicios en los dos primeros games y a partir de ah\u00ed cada uno mantuvo su saque hasta el 3-3.<br \/>\nEn el s\u00e9ptimo juego el nacido en Trinidad gan\u00f3 en su servicio, pero en el siguiente no permiti\u00f3 que el chileno haga lo propio y sac\u00f3 una ventaja de 5-3 para posteriormente ganar el set (6-3).<br \/>\nLa segunda cancha fue mucho m\u00e1s pareja. Ninguno perdi\u00f3 la concentraci\u00f3n e hizo prevalecer su servicio.<br \/>\nPara ese momento la afici\u00f3n se hizo sentir m\u00e1s dando \u00e1nimos al trasandino y poniendo presi\u00f3n sobre el boliviano.<br \/>\nCada uno mostr\u00f3 una gran calidad en su juego, tanto en los saques como en las devoluciones y as\u00ed llegaron hasta el 4-4.<br \/>\nEn ese instante Tabilo gan\u00f3 en su servicio y luego le quebr\u00f3 al boliviano para imponerse por 6-4.<br \/>\nEn el tercer y definitivo set Dellien no tuvo un buen inicio. La concentraci\u00f3n que tuvo se fue perdiendo poco a poco y cometi\u00f3 errores no forzados.<br \/>\nAs\u00ed Tabilo se puso arriba por 2-0, pero en los siguientes games el boliviano se repuso para remontar el marcador y ponerse en ventaja por 3-2 y la ampli\u00f3 a 4-2.<br \/>\nDespu\u00e9s cada uno mantuvo su saque hasta que Dellien gan\u00f3 por 6-4 ante los aplausos de la gente.<br \/>\nEste nuevo t\u00edtulo se suma al impresionante palmar\u00e9s que tiene a sus 28 a\u00f1os de edad. Signific\u00f3 su vigesimocuarto como tenista profesional y el octavo de nivel Challenger, mientras que los otros 16 son Futures.<br \/>\nTambi\u00e9n es la segunda vez que Dellien conquista el Challenger de Santiago. La primera fue 2019 tras vencer en la final a Tung-Lin Wu de Taip\u00e9i: 5-7, 7-6(1) y 6-1.<br \/>\nAdem\u00e1s, es el primer torneo que gana en lo que va del a\u00f1o. Los dos \u00faltimos que logr\u00f3 fueron el Challenger de Montevideo y el Challenger de Lima en 2021.<\/p>\n<p>8 T\u00cdTULOS<br \/>\ntiene el boliviano Dellien en torneos Challenger. En total gan\u00f3 25 t\u00edtulos en toda su carrera internacional.<\/p>\n","protected":false},"excerpt":{"rendered":"<p>En un partido emocionante de principio a fin, el tenista boliviano Hugo Dellien se consagr\u00f3 campe\u00f3n por segunda vez del Challenger de Santiago al vencer en la final al chileno Alejandro Tabilo por 6-3, 4-6 y 6-4. Conquist\u00f3 su vigesimocuarto t\u00edtulo en su carrera como tenista profesional. Ante una abarrotada cancha central del Club Manquehue, [&hellip;]<\/p>\n","protected":false},"author":1,"featured_media":69359,"comment_status":"closed","ping_status":"closed","sticky":false,"template":"","format":"standard","meta":{"_acf_changed":false,"footnotes":""},"categories":[6],"tags":[],"class_list":["post-69358","post","type-post","status-publish","format-standard","has-post-thumbnail","category-deportes"],"acf":{"antetitulo":""},"yoast_head":"<!-- This site is optimized with the Yoast SEO plugin v28.3 - https:\/\/yoast.com\/product\/yoast-seo-wordpress\/ -->\n<title>Dellien, campe\u00f3n del Challenger con garra - El Diario - Bolivia<\/title>\n<meta name=\"robots\" content=\"index, follow, max-snippet:-1, max-image-preview:large, max-video-preview:-1\" \/>\n<link rel=\"canonical\" href=\"https:\/\/www.eldiario.net\/portal\/2022\/03\/14\/dellien-campeon-del-challenger-con-garra\/\" \/>\n<meta property=\"og:locale\" content=\"es_ES\" \/>\n<meta property=\"og:type\" content=\"article\" \/>\n<meta property=\"og:title\" content=\"Dellien, campe\u00f3n del Challenger con garra - El Diario - Bolivia\" \/>\n<meta property=\"og:description\" content=\"En un partido emocionante de principio a fin, el tenista boliviano Hugo Dellien se consagr\u00f3 campe\u00f3n por segunda vez del Challenger de Santiago al vencer en la final al chileno Alejandro Tabilo por 6-3, 4-6 y 6-4. Conquist\u00f3 su vigesimocuarto t\u00edtulo en su carrera como tenista profesional. Ante una abarrotada cancha central del Club Manquehue, [&hellip;]\" \/>\n<meta property=\"og:url\" content=\"https:\/\/www.eldiario.net\/portal\/2022\/03\/14\/dellien-campeon-del-challenger-con-garra\/\" \/>\n<meta property=\"og:site_name\" content=\"El Diario - Bolivia\" \/>\n<meta property=\"article:publisher\" content=\"https:\/\/www.facebook.com\/eldiario.bolivia\/\" \/>\n<meta property=\"article:published_time\" content=\"2022-03-14T08:30:31+00:00\" \/>\n<meta name=\"author\" content=\"Jeanette\" \/>\n<meta name=\"twitter:card\" content=\"summary_large_image\" \/>\n<meta name=\"twitter:creator\" content=\"@eldiario_net\" \/>\n<meta name=\"twitter:site\" content=\"@eldiario_net\" \/>\n<meta name=\"twitter:label1\" content=\"Escrito por\" \/>\n\t<meta name=\"twitter:data1\" content=\"Jeanette\" \/>\n\t<meta name=\"twitter:label2\" content=\"Tiempo de lectura\" \/>\n\t<meta name=\"twitter:data2\" content=\"3 minutos\" \/>\n<script type=\"application\/ld+json\" class=\"yoast-schema-graph\">{\"@context\":\"https:\\\/\\\/schema.org\",\"@graph\":[{\"@type\":\"Article\",\"@id\":\"https:\\\/\\\/www.eldiario.net\\\/portal\\\/2022\\\/03\\\/14\\\/dellien-campeon-del-challenger-con-garra\\\/#article\",\"isPartOf\":{\"@id\":\"https:\\\/\\\/www.eldiario.net\\\/portal\\\/2022\\\/03\\\/14\\\/dellien-campeon-del-challenger-con-garra\\\/\"},\"author\":{\"name\":\"Jeanette\",\"@id\":\"https:\\\/\\\/www.eldiario.net\\\/portal\\\/#\\\/schema\\\/person\\\/f46445640444750d7d753ccd04ae01b7\"},\"headline\":\"Dellien, campe\u00f3n del Challenger con garra\",\"datePublished\":\"2022-03-14T08:30:31+00:00\",\"mainEntityOfPage\":{\"@id\":\"https:\\\/\\\/www.eldiario.net\\\/portal\\\/2022\\\/03\\\/14\\\/dellien-campeon-del-challenger-con-garra\\\/\"},\"wordCount\":514,\"publisher\":{\"@id\":\"https:\\\/\\\/www.eldiario.net\\\/portal\\\/#organization\"},\"image\":{\"@id\":\"https:\\\/\\\/www.eldiario.net\\\/portal\\\/2022\\\/03\\\/14\\\/dellien-campeon-del-challenger-con-garra\\\/#primaryimage\"},\"thumbnailUrl\":\"\",\"articleSection\":[\"Deportes\"],\"inLanguage\":\"es\"},{\"@type\":\"WebPage\",\"@id\":\"https:\\\/\\\/www.eldiario.net\\\/portal\\\/2022\\\/03\\\/14\\\/dellien-campeon-del-challenger-con-garra\\\/\",\"url\":\"https:\\\/\\\/www.eldiario.net\\\/portal\\\/2022\\\/03\\\/14\\\/dellien-campeon-del-challenger-con-garra\\\/\",\"name\":\"Dellien, campe\u00f3n del Challenger con garra - El Diario - Bolivia\",\"isPartOf\":{\"@id\":\"https:\\\/\\\/www.eldiario.net\\\/portal\\\/#website\"},\"primaryImageOfPage\":{\"@id\":\"https:\\\/\\\/www.eldiario.net\\\/portal\\\/2022\\\/03\\\/14\\\/dellien-campeon-del-challenger-con-garra\\\/#primaryimage\"},\"image\":{\"@id\":\"https:\\\/\\\/www.eldiario.net\\\/portal\\\/2022\\\/03\\\/14\\\/dellien-campeon-del-challenger-con-garra\\\/#primaryimage\"},\"thumbnailUrl\":\"\",\"datePublished\":\"2022-03-14T08:30:31+00:00\",\"breadcrumb\":{\"@id\":\"https:\\\/\\\/www.eldiario.net\\\/portal\\\/2022\\\/03\\\/14\\\/dellien-campeon-del-challenger-con-garra\\\/#breadcrumb\"},\"inLanguage\":\"es\",\"potentialAction\":[{\"@type\":\"ReadAction\",\"target\":[\"https:\\\/\\\/www.eldiario.net\\\/portal\\\/2022\\\/03\\\/14\\\/dellien-campeon-del-challenger-con-garra\\\/\"]}]},{\"@type\":\"ImageObject\",\"inLanguage\":\"es\",\"@id\":\"https:\\\/\\\/www.eldiario.net\\\/portal\\\/2022\\\/03\\\/14\\\/dellien-campeon-del-challenger-con-garra\\\/#primaryimage\",\"url\":\"\",\"contentUrl\":\"\"},{\"@type\":\"BreadcrumbList\",\"@id\":\"https:\\\/\\\/www.eldiario.net\\\/portal\\\/2022\\\/03\\\/14\\\/dellien-campeon-del-challenger-con-garra\\\/#breadcrumb\",\"itemListElement\":[{\"@type\":\"ListItem\",\"position\":1,\"name\":\"Portada\",\"item\":\"https:\\\/\\\/www.eldiario.net\\\/portal\\\/\"},{\"@type\":\"ListItem\",\"position\":2,\"name\":\"Dellien, campe\u00f3n del Challenger con garra\"}]},{\"@type\":\"WebSite\",\"@id\":\"https:\\\/\\\/www.eldiario.net\\\/portal\\\/#website\",\"url\":\"https:\\\/\\\/www.eldiario.net\\\/portal\\\/\",\"name\":\"El Diario - Decano de la prensa nacional\",\"description\":\"El Diario - Decano de la prensa nacional\",\"publisher\":{\"@id\":\"https:\\\/\\\/www.eldiario.net\\\/portal\\\/#organization\"},\"potentialAction\":[{\"@type\":\"SearchAction\",\"target\":{\"@type\":\"EntryPoint\",\"urlTemplate\":\"https:\\\/\\\/www.eldiario.net\\\/portal\\\/?s={search_term_string}\"},\"query-input\":{\"@type\":\"PropertyValueSpecification\",\"valueRequired\":true,\"valueName\":\"search_term_string\"}}],\"inLanguage\":\"es\"},{\"@type\":\"Organization\",\"@id\":\"https:\\\/\\\/www.eldiario.net\\\/portal\\\/#organization\",\"name\":\"El Diario - Decano de la prensa nacional\",\"url\":\"https:\\\/\\\/www.eldiario.net\\\/portal\\\/\",\"logo\":{\"@type\":\"ImageObject\",\"inLanguage\":\"es\",\"@id\":\"https:\\\/\\\/www.eldiario.net\\\/portal\\\/#\\\/schema\\\/logo\\\/image\\\/\",\"url\":\"https:\\\/\\\/www.eldiario.net\\\/portal\\\/wp-content\\\/uploads\\\/2023\\\/07\\\/logo_ED.jpg\",\"contentUrl\":\"https:\\\/\\\/www.eldiario.net\\\/portal\\\/wp-content\\\/uploads\\\/2023\\\/07\\\/logo_ED.jpg\",\"width\":272,\"height\":52,\"caption\":\"El Diario - Decano de la prensa nacional\"},\"image\":{\"@id\":\"https:\\\/\\\/www.eldiario.net\\\/portal\\\/#\\\/schema\\\/logo\\\/image\\\/\"},\"sameAs\":[\"https:\\\/\\\/www.facebook.com\\\/eldiario.bolivia\\\/\",\"https:\\\/\\\/x.com\\\/eldiario_net\"]},{\"@type\":\"Person\",\"@id\":\"https:\\\/\\\/www.eldiario.net\\\/portal\\\/#\\\/schema\\\/person\\\/f46445640444750d7d753ccd04ae01b7\",\"name\":\"Jeanette\",\"image\":{\"@type\":\"ImageObject\",\"inLanguage\":\"es\",\"@id\":\"https:\\\/\\\/secure.gravatar.com\\\/avatar\\\/3ea2118a5f7dad2b7138b1187a6b7ee55f160b9968b66013c3a3ef39dd7e5798?s=96&d=mm&r=g\",\"url\":\"https:\\\/\\\/secure.gravatar.com\\\/avatar\\\/3ea2118a5f7dad2b7138b1187a6b7ee55f160b9968b66013c3a3ef39dd7e5798?s=96&d=mm&r=g\",\"contentUrl\":\"https:\\\/\\\/secure.gravatar.com\\\/avatar\\\/3ea2118a5f7dad2b7138b1187a6b7ee55f160b9968b66013c3a3ef39dd7e5798?s=96&d=mm&r=g\",\"caption\":\"Jeanette\"},\"sameAs\":[\"https:\\\/\\\/www.eldiario.net\\\/portal\"],\"url\":\"https:\\\/\\\/www.eldiario.net\\\/portal\\\/author\\\/jeanette\\\/\"}]}<\/script>\n<!-- \/ Yoast SEO plugin. -->","yoast_head_json":{"title":"Dellien, campe\u00f3n del Challenger con garra - El Diario - Bolivia","robots":{"index":"index","follow":"follow","max-snippet":"max-snippet:-1","max-image-preview":"max-image-preview:large","max-video-preview":"max-video-preview:-1"},"canonical":"https:\/\/www.eldiario.net\/portal\/2022\/03\/14\/dellien-campeon-del-challenger-con-garra\/","og_locale":"es_ES","og_type":"article","og_title":"Dellien, campe\u00f3n del Challenger con garra - El Diario - Bolivia","og_description":"En un partido emocionante de principio a fin, el tenista boliviano Hugo Dellien se consagr\u00f3 campe\u00f3n por segunda vez del Challenger de Santiago al vencer en la final al chileno Alejandro Tabilo por 6-3, 4-6 y 6-4. Conquist\u00f3 su vigesimocuarto t\u00edtulo en su carrera como tenista profesional. Ante una abarrotada cancha central del Club Manquehue, [&hellip;]","og_url":"https:\/\/www.eldiario.net\/portal\/2022\/03\/14\/dellien-campeon-del-challenger-con-garra\/","og_site_name":"El Diario - Bolivia","article_publisher":"https:\/\/www.facebook.com\/eldiario.bolivia\/","article_published_time":"2022-03-14T08:30:31+00:00","author":"Jeanette","twitter_card":"summary_large_image","twitter_creator":"@eldiario_net","twitter_site":"@eldiario_net","twitter_misc":{"Escrito por":"Jeanette","Tiempo de lectura":"3 minutos"},"schema":{"@context":"https:\/\/schema.org","@graph":[{"@type":"Article","@id":"https:\/\/www.eldiario.net\/portal\/2022\/03\/14\/dellien-campeon-del-challenger-con-garra\/#article","isPartOf":{"@id":"https:\/\/www.eldiario.net\/portal\/2022\/03\/14\/dellien-campeon-del-challenger-con-garra\/"},"author":{"name":"Jeanette","@id":"https:\/\/www.eldiario.net\/portal\/#\/schema\/person\/f46445640444750d7d753ccd04ae01b7"},"headline":"Dellien, campe\u00f3n del Challenger con garra","datePublished":"2022-03-14T08:30:31+00:00","mainEntityOfPage":{"@id":"https:\/\/www.eldiario.net\/portal\/2022\/03\/14\/dellien-campeon-del-challenger-con-garra\/"},"wordCount":514,"publisher":{"@id":"https:\/\/www.eldiario.net\/portal\/#organization"},"image":{"@id":"https:\/\/www.eldiario.net\/portal\/2022\/03\/14\/dellien-campeon-del-challenger-con-garra\/#primaryimage"},"thumbnailUrl":"","articleSection":["Deportes"],"inLanguage":"es"},{"@type":"WebPage","@id":"https:\/\/www.eldiario.net\/portal\/2022\/03\/14\/dellien-campeon-del-challenger-con-garra\/","url":"https:\/\/www.eldiario.net\/portal\/2022\/03\/14\/dellien-campeon-del-challenger-con-garra\/","name":"Dellien, campe\u00f3n del Challenger con garra - El Diario - Bolivia","isPartOf":{"@id":"https:\/\/www.eldiario.net\/portal\/#website"},"primaryImageOfPage":{"@id":"https:\/\/www.eldiario.net\/portal\/2022\/03\/14\/dellien-campeon-del-challenger-con-garra\/#primaryimage"},"image":{"@id":"https:\/\/www.eldiario.net\/portal\/2022\/03\/14\/dellien-campeon-del-challenger-con-garra\/#primaryimage"},"thumbnailUrl":"","datePublished":"2022-03-14T08:30:31+00:00","breadcrumb":{"@id":"https:\/\/www.eldiario.net\/portal\/2022\/03\/14\/dellien-campeon-del-challenger-con-garra\/#breadcrumb"},"inLanguage":"es","potentialAction":[{"@type":"ReadAction","target":["https:\/\/www.eldiario.net\/portal\/2022\/03\/14\/dellien-campeon-del-challenger-con-garra\/"]}]},{"@type":"ImageObject","inLanguage":"es","@id":"https:\/\/www.eldiario.net\/portal\/2022\/03\/14\/dellien-campeon-del-challenger-con-garra\/#primaryimage","url":"","contentUrl":""},{"@type":"BreadcrumbList","@id":"https:\/\/www.eldiario.net\/portal\/2022\/03\/14\/dellien-campeon-del-challenger-con-garra\/#breadcrumb","itemListElement":[{"@type":"ListItem","position":1,"name":"Portada","item":"https:\/\/www.eldiario.net\/portal\/"},{"@type":"ListItem","position":2,"name":"Dellien, campe\u00f3n del Challenger con garra"}]},{"@type":"WebSite","@id":"https:\/\/www.eldiario.net\/portal\/#website","url":"https:\/\/www.eldiario.net\/portal\/","name":"El Diario - Decano de la prensa nacional","description":"El Diario - Decano de la prensa nacional","publisher":{"@id":"https:\/\/www.eldiario.net\/portal\/#organization"},"potentialAction":[{"@type":"SearchAction","target":{"@type":"EntryPoint","urlTemplate":"https:\/\/www.eldiario.net\/portal\/?s={search_term_string}"},"query-input":{"@type":"PropertyValueSpecification","valueRequired":true,"valueName":"search_term_string"}}],"inLanguage":"es"},{"@type":"Organization","@id":"https:\/\/www.eldiario.net\/portal\/#organization","name":"El Diario - Decano de la prensa nacional","url":"https:\/\/www.eldiario.net\/portal\/","logo":{"@type":"ImageObject","inLanguage":"es","@id":"https:\/\/www.eldiario.net\/portal\/#\/schema\/logo\/image\/","url":"https:\/\/www.eldiario.net\/portal\/wp-content\/uploads\/2023\/07\/logo_ED.jpg","contentUrl":"https:\/\/www.eldiario.net\/portal\/wp-content\/uploads\/2023\/07\/logo_ED.jpg","width":272,"height":52,"caption":"El Diario - Decano de la prensa nacional"},"image":{"@id":"https:\/\/www.eldiario.net\/portal\/#\/schema\/logo\/image\/"},"sameAs":["https:\/\/www.facebook.com\/eldiario.bolivia\/","https:\/\/x.com\/eldiario_net"]},{"@type":"Person","@id":"https:\/\/www.eldiario.net\/portal\/#\/schema\/person\/f46445640444750d7d753ccd04ae01b7","name":"Jeanette","image":{"@type":"ImageObject","inLanguage":"es","@id":"https:\/\/secure.gravatar.com\/avatar\/3ea2118a5f7dad2b7138b1187a6b7ee55f160b9968b66013c3a3ef39dd7e5798?s=96&d=mm&r=g","url":"https:\/\/secure.gravatar.com\/avatar\/3ea2118a5f7dad2b7138b1187a6b7ee55f160b9968b66013c3a3ef39dd7e5798?s=96&d=mm&r=g","contentUrl":"https:\/\/secure.gravatar.com\/avatar\/3ea2118a5f7dad2b7138b1187a6b7ee55f160b9968b66013c3a3ef39dd7e5798?s=96&d=mm&r=g","caption":"Jeanette"},"sameAs":["https:\/\/www.eldiario.net\/portal"],"url":"https:\/\/www.eldiario.net\/portal\/author\/jeanette\/"}]}},"_links":{"self":[{"href":"https:\/\/www.eldiario.net\/portal\/wp-json\/wp\/v2\/posts\/69358","targetHints":{"allow":["GET"]}}],"collection":[{"href":"https:\/\/www.eldiario.net\/portal\/wp-json\/wp\/v2\/posts"}],"about":[{"href":"https:\/\/www.eldiario.net\/portal\/wp-json\/wp\/v2\/types\/post"}],"author":[{"embeddable":true,"href":"https:\/\/www.eldiario.net\/portal\/wp-json\/wp\/v2\/users\/1"}],"replies":[{"embeddable":true,"href":"https:\/\/www.eldiario.net\/portal\/wp-json\/wp\/v2\/comments?post=69358"}],"version-history":[{"count":0,"href":"https:\/\/www.eldiario.net\/portal\/wp-json\/wp\/v2\/posts\/69358\/revisions"}],"wp:attachment":[{"href":"https:\/\/www.eldiario.net\/portal\/wp-json\/wp\/v2\/media?parent=69358"}],"wp:term":[{"taxonomy":"category","embeddable":true,"href":"https:\/\/www.eldiario.net\/portal\/wp-json\/wp\/v2\/categories?post=69358"},{"taxonomy":"post_tag","embeddable":true,"href":"https:\/\/www.eldiario.net\/portal\/wp-json\/wp\/v2\/tags?post=69358"}],"curies":[{"name":"wp","href":"https:\/\/api.w.org\/{rel}","templated":true}]}}