{"id":69351,"date":"2022-03-14T04:28:26","date_gmt":"2022-03-14T08:28:26","guid":{"rendered":"https:\/\/www.eldiario.net\/portal\/?p=69351"},"modified":"2022-03-14T04:28:26","modified_gmt":"2022-03-14T08:28:26","slug":"the-strongest-vs-bolivar-un-duelo-electrizante","status":"publish","type":"post","link":"https:\/\/www.eldiario.net\/portal\/2022\/03\/14\/the-strongest-vs-bolivar-un-duelo-electrizante\/","title":{"rendered":"The Strongest vs Bol\u00edvar, un duelo electrizante"},"content":{"rendered":"<p>Ser\u00e1 un partido imperdible. The Strongest y Bol\u00edvar jugar\u00e1n el Cl\u00e1sico Pace\u00f1o, esta noche (19:00), en el estadio Hernando Siles, en un duelo sin tregua por los tres puntos y por subir a la punta en sus respectivos grupos antes de ingresar en el receso del campeonato.<br \/>\nEste ser\u00e1 el primer choque que sostendr\u00e1n estos clubes en la temporada, un partido que la afici\u00f3n esperaba ver en la tercera fase de la Copa Libertadores de Am\u00e9rica, pero s\u00f3lo el Tigre qued\u00f3 de pie para seguir en carrera internacional.<br \/>\nLos atigrados llegan con la motivaci\u00f3n de empatar con Universidad Cat\u00f3lica (Ecuador) -el mismo rival que tuvo Bol\u00edvar- a un gol, en Quito, en el primer partido de la tercera fase de la Libertadores y en medio de estos cotejos internacionales aparece la Academia para subir la expectativa alrededor del desenlace de este encuentro.<br \/>\nEl equipo oro y negro trat\u00f3 de reprogramar este cl\u00e1sico para finales de mes, su solicitud fue rechazada provocando que el entrenador Cristian Diaz trate de armar un elenco competitivo para encarar los dos frentes y salir victorioso.<br \/>\nPor expulsi\u00f3n, el extremo Cristian Esparza y el delantero Mart\u00edn Prost quedaron suspendidos y ser\u00e1n bajas para el juego de vuelta contra la \u201cU\u201d ecuatoriana, pero est\u00e1n a disposici\u00f3n del cuerpo t\u00e9cnico para jugar el cl\u00e1sico. El elenco de Achumani presentar\u00e1 un plantel mixto entre alternos y titulares.<br \/>\nCon la eliminaci\u00f3n de la Libertadores, la Academia s\u00f3lo tiene ojos para el torneo local. Los bolivaristas quiere tomarse la revancha por la frustraci\u00f3n generada por esta temprana salida.<br \/>\nLos celestes, con diez puntos, compiten con Blooming (13) por quedarse con el primer lugar en el grupo \u201cB\u201d, mientras el cuadro de Achumani trata de recuperar el primer sitio del cual fue desplazado por Mcepal Vinto Palmaflor, que con su triunfo pas\u00f3 a ser el puntero con 13 puntos, con dos de diferencia.<br \/>\nLa producci\u00f3n celeste todav\u00eda muestra lagunas. El pasado fin de semana igual\u00f3 con Real Tomayapo a un gol en Tarija, llenando de incertidumbre al equipo del entrenador Antonio Zago, quien tuvo toda la semana pensando en el duelo de esta noche.<br \/>\nTambi\u00e9n hubo divisi\u00f3n de honores en el cotejo de los atigrados ante Nacional Potos\u00ed (1-1) en la pasada fecha, resignando puntos en condici\u00f3n de local y las cr\u00edticas estuvieron servidas sobre el entrenador Cristian D\u00edaz.<br \/>\nEl \u00e1rbitro cruce\u00f1o Juan Nelio Garc\u00eda controlar\u00e1 las acciones del partido, asistido desde los costados por Rub\u00e9n Flores y Edwin Paredes.<\/p>\n<p>221 CL\u00c1SICOS<\/p>\n<p>Se jugaron entre Bol\u00edvar y The Strongest. La Academia venci\u00f3 en 89 oportunidades, mientras que el Tigre en 58; se regitraron 74 empates entre ambos contrincantes.<\/p>\n<p>ESTADIO: Hernando Siles<\/p>\n<p>Hrs. 19:00<\/p>\n<p>Arbitro: Juan Nelio Garc\u00eda (Santa Cruz) asistido por Rub\u00e9n Flores y Edwin Paredes.<\/p>\n<blockquote><p>\u00abSin desmerecer los otros cl\u00e1sicos, para m\u00ed (el pace\u00f1o) es el m\u00e1s importante, es un partido con mucha trascendencia por los jugadores, instituciones y tambi\u00e9n a nivel internacional. \u00bb MART\u00cdN PROST &#8211; THE STRONGEST<\/p>\n<p>\u00abIncitamos a todos a que llenen el estadio para apoyarnos. Se juega el cl\u00e1sico pace\u00f1o, trabajamos para obtener la victoria. Ser\u00e1 mi primera experiencia. \u00bb Bruno Savio &#8211; Bol\u00edvar<\/p>\n<p>\u00abEs un cl\u00e1sico que los dos queremos ganar, nosotros vamos partido a partido, el de la copa libertadores lo tenemos el jueves y es de suma importancia.\u00bb CRISTIAN ESPARZA &#8211; THE STRONGEST<\/p><\/blockquote>\n<p>EL DATO<\/p>\n<p>El m\u00e1ximo goleador de la historia de Cl\u00e1sicos la tiene el uruguayo William Ferreira, con 23 goles; le sigue Pablo Escobar con 21; tercero es Fernando Salinas con 17; despu\u00e9s Jorge Hirano 16 y Carlos Borja con 14 dianas.<\/p>\n<figure id=\"attachment_69353\" aria-describedby=\"caption-attachment-69353\" style=\"width: 300px\" class=\"wp-caption aligncenter\"><a href=\"https:\/\/www.eldiario.net\/portal\/wp-content\/uploads\/2022\/03\/pag-4-y-5-foto-3-costado-scaled-1.jpg\"><img loading=\"lazy\" decoding=\"async\" class=\"size-medium wp-image-69353\" src=\"https:\/\/www.eldiario.net\/portal\/wp-content\/uploads\/2022\/03\/pag-4-y-5-foto-3-costado-300x220.jpg\" alt=\"\" width=\"300\" height=\"220\" \/><\/a><figcaption id=\"caption-attachment-69353\" class=\"wp-caption-text\">Incidencias del partido jugado entre Bol\u00edvar Vs Deportivo Lara correspondiente a la fase 1 de la Copa Libertadores en el estadio Hernando Siles. FOTO\/Daniel MIRANDA\/APG<\/figcaption><\/figure>\n","protected":false},"excerpt":{"rendered":"<p>Ser\u00e1 un partido imperdible. The Strongest y Bol\u00edvar jugar\u00e1n el Cl\u00e1sico Pace\u00f1o, esta noche (19:00), en el estadio Hernando Siles, en un duelo sin tregua por los tres puntos y por subir a la punta en sus respectivos grupos antes de ingresar en el receso del campeonato. Este ser\u00e1 el primer choque que sostendr\u00e1n estos [&hellip;]<\/p>\n","protected":false},"author":1,"featured_media":69352,"comment_status":"closed","ping_status":"closed","sticky":false,"template":"","format":"standard","meta":{"_acf_changed":false,"footnotes":""},"categories":[6],"tags":[],"class_list":["post-69351","post","type-post","status-publish","format-standard","has-post-thumbnail","category-deportes"],"acf":{"antetitulo":""},"yoast_head":"<!-- This site is optimized with the Yoast SEO plugin v28.3 - https:\/\/yoast.com\/product\/yoast-seo-wordpress\/ -->\n<title>The Strongest vs Bol\u00edvar, un duelo electrizante - El Diario - Bolivia<\/title>\n<meta name=\"robots\" content=\"index, follow, max-snippet:-1, max-image-preview:large, max-video-preview:-1\" \/>\n<link rel=\"canonical\" href=\"https:\/\/www.eldiario.net\/portal\/2022\/03\/14\/the-strongest-vs-bolivar-un-duelo-electrizante\/\" \/>\n<meta property=\"og:locale\" content=\"es_ES\" \/>\n<meta property=\"og:type\" content=\"article\" \/>\n<meta property=\"og:title\" content=\"The Strongest vs Bol\u00edvar, un duelo electrizante - El Diario - Bolivia\" \/>\n<meta property=\"og:description\" content=\"Ser\u00e1 un partido imperdible. The Strongest y Bol\u00edvar jugar\u00e1n el Cl\u00e1sico Pace\u00f1o, esta noche (19:00), en el estadio Hernando Siles, en un duelo sin tregua por los tres puntos y por subir a la punta en sus respectivos grupos antes de ingresar en el receso del campeonato. Este ser\u00e1 el primer choque que sostendr\u00e1n estos [&hellip;]\" \/>\n<meta property=\"og:url\" content=\"https:\/\/www.eldiario.net\/portal\/2022\/03\/14\/the-strongest-vs-bolivar-un-duelo-electrizante\/\" \/>\n<meta property=\"og:site_name\" content=\"El Diario - Bolivia\" \/>\n<meta property=\"article:publisher\" content=\"https:\/\/www.facebook.com\/eldiario.bolivia\/\" \/>\n<meta property=\"article:published_time\" content=\"2022-03-14T08:28:26+00:00\" \/>\n<meta name=\"author\" content=\"Jeanette\" \/>\n<meta name=\"twitter:card\" content=\"summary_large_image\" \/>\n<meta name=\"twitter:creator\" content=\"@eldiario_net\" \/>\n<meta name=\"twitter:site\" content=\"@eldiario_net\" \/>\n<meta name=\"twitter:label1\" content=\"Escrito por\" \/>\n\t<meta name=\"twitter:data1\" content=\"Jeanette\" \/>\n\t<meta name=\"twitter:label2\" content=\"Tiempo de lectura\" \/>\n\t<meta name=\"twitter:data2\" content=\"4 minutos\" \/>\n<script type=\"application\/ld+json\" class=\"yoast-schema-graph\">{\"@context\":\"https:\\\/\\\/schema.org\",\"@graph\":[{\"@type\":\"Article\",\"@id\":\"https:\\\/\\\/www.eldiario.net\\\/portal\\\/2022\\\/03\\\/14\\\/the-strongest-vs-bolivar-un-duelo-electrizante\\\/#article\",\"isPartOf\":{\"@id\":\"https:\\\/\\\/www.eldiario.net\\\/portal\\\/2022\\\/03\\\/14\\\/the-strongest-vs-bolivar-un-duelo-electrizante\\\/\"},\"author\":{\"name\":\"Jeanette\",\"@id\":\"https:\\\/\\\/www.eldiario.net\\\/portal\\\/#\\\/schema\\\/person\\\/f46445640444750d7d753ccd04ae01b7\"},\"headline\":\"The Strongest vs Bol\u00edvar, un duelo electrizante\",\"datePublished\":\"2022-03-14T08:28:26+00:00\",\"mainEntityOfPage\":{\"@id\":\"https:\\\/\\\/www.eldiario.net\\\/portal\\\/2022\\\/03\\\/14\\\/the-strongest-vs-bolivar-un-duelo-electrizante\\\/\"},\"wordCount\":665,\"publisher\":{\"@id\":\"https:\\\/\\\/www.eldiario.net\\\/portal\\\/#organization\"},\"image\":{\"@id\":\"https:\\\/\\\/www.eldiario.net\\\/portal\\\/2022\\\/03\\\/14\\\/the-strongest-vs-bolivar-un-duelo-electrizante\\\/#primaryimage\"},\"thumbnailUrl\":\"\",\"articleSection\":[\"Deportes\"],\"inLanguage\":\"es\"},{\"@type\":\"WebPage\",\"@id\":\"https:\\\/\\\/www.eldiario.net\\\/portal\\\/2022\\\/03\\\/14\\\/the-strongest-vs-bolivar-un-duelo-electrizante\\\/\",\"url\":\"https:\\\/\\\/www.eldiario.net\\\/portal\\\/2022\\\/03\\\/14\\\/the-strongest-vs-bolivar-un-duelo-electrizante\\\/\",\"name\":\"The Strongest vs Bol\u00edvar, un duelo electrizante - El Diario - Bolivia\",\"isPartOf\":{\"@id\":\"https:\\\/\\\/www.eldiario.net\\\/portal\\\/#website\"},\"primaryImageOfPage\":{\"@id\":\"https:\\\/\\\/www.eldiario.net\\\/portal\\\/2022\\\/03\\\/14\\\/the-strongest-vs-bolivar-un-duelo-electrizante\\\/#primaryimage\"},\"image\":{\"@id\":\"https:\\\/\\\/www.eldiario.net\\\/portal\\\/2022\\\/03\\\/14\\\/the-strongest-vs-bolivar-un-duelo-electrizante\\\/#primaryimage\"},\"thumbnailUrl\":\"\",\"datePublished\":\"2022-03-14T08:28:26+00:00\",\"breadcrumb\":{\"@id\":\"https:\\\/\\\/www.eldiario.net\\\/portal\\\/2022\\\/03\\\/14\\\/the-strongest-vs-bolivar-un-duelo-electrizante\\\/#breadcrumb\"},\"inLanguage\":\"es\",\"potentialAction\":[{\"@type\":\"ReadAction\",\"target\":[\"https:\\\/\\\/www.eldiario.net\\\/portal\\\/2022\\\/03\\\/14\\\/the-strongest-vs-bolivar-un-duelo-electrizante\\\/\"]}]},{\"@type\":\"ImageObject\",\"inLanguage\":\"es\",\"@id\":\"https:\\\/\\\/www.eldiario.net\\\/portal\\\/2022\\\/03\\\/14\\\/the-strongest-vs-bolivar-un-duelo-electrizante\\\/#primaryimage\",\"url\":\"\",\"contentUrl\":\"\"},{\"@type\":\"BreadcrumbList\",\"@id\":\"https:\\\/\\\/www.eldiario.net\\\/portal\\\/2022\\\/03\\\/14\\\/the-strongest-vs-bolivar-un-duelo-electrizante\\\/#breadcrumb\",\"itemListElement\":[{\"@type\":\"ListItem\",\"position\":1,\"name\":\"Portada\",\"item\":\"https:\\\/\\\/www.eldiario.net\\\/portal\\\/\"},{\"@type\":\"ListItem\",\"position\":2,\"name\":\"The Strongest vs Bol\u00edvar, un duelo electrizante\"}]},{\"@type\":\"WebSite\",\"@id\":\"https:\\\/\\\/www.eldiario.net\\\/portal\\\/#website\",\"url\":\"https:\\\/\\\/www.eldiario.net\\\/portal\\\/\",\"name\":\"El Diario - Decano de la prensa nacional\",\"description\":\"El Diario - Decano de la prensa nacional\",\"publisher\":{\"@id\":\"https:\\\/\\\/www.eldiario.net\\\/portal\\\/#organization\"},\"potentialAction\":[{\"@type\":\"SearchAction\",\"target\":{\"@type\":\"EntryPoint\",\"urlTemplate\":\"https:\\\/\\\/www.eldiario.net\\\/portal\\\/?s={search_term_string}\"},\"query-input\":{\"@type\":\"PropertyValueSpecification\",\"valueRequired\":true,\"valueName\":\"search_term_string\"}}],\"inLanguage\":\"es\"},{\"@type\":\"Organization\",\"@id\":\"https:\\\/\\\/www.eldiario.net\\\/portal\\\/#organization\",\"name\":\"El Diario - Decano de la prensa nacional\",\"url\":\"https:\\\/\\\/www.eldiario.net\\\/portal\\\/\",\"logo\":{\"@type\":\"ImageObject\",\"inLanguage\":\"es\",\"@id\":\"https:\\\/\\\/www.eldiario.net\\\/portal\\\/#\\\/schema\\\/logo\\\/image\\\/\",\"url\":\"https:\\\/\\\/www.eldiario.net\\\/portal\\\/wp-content\\\/uploads\\\/2023\\\/07\\\/logo_ED.jpg\",\"contentUrl\":\"https:\\\/\\\/www.eldiario.net\\\/portal\\\/wp-content\\\/uploads\\\/2023\\\/07\\\/logo_ED.jpg\",\"width\":272,\"height\":52,\"caption\":\"El Diario - Decano de la prensa nacional\"},\"image\":{\"@id\":\"https:\\\/\\\/www.eldiario.net\\\/portal\\\/#\\\/schema\\\/logo\\\/image\\\/\"},\"sameAs\":[\"https:\\\/\\\/www.facebook.com\\\/eldiario.bolivia\\\/\",\"https:\\\/\\\/x.com\\\/eldiario_net\"]},{\"@type\":\"Person\",\"@id\":\"https:\\\/\\\/www.eldiario.net\\\/portal\\\/#\\\/schema\\\/person\\\/f46445640444750d7d753ccd04ae01b7\",\"name\":\"Jeanette\",\"image\":{\"@type\":\"ImageObject\",\"inLanguage\":\"es\",\"@id\":\"https:\\\/\\\/secure.gravatar.com\\\/avatar\\\/3ea2118a5f7dad2b7138b1187a6b7ee55f160b9968b66013c3a3ef39dd7e5798?s=96&d=mm&r=g\",\"url\":\"https:\\\/\\\/secure.gravatar.com\\\/avatar\\\/3ea2118a5f7dad2b7138b1187a6b7ee55f160b9968b66013c3a3ef39dd7e5798?s=96&d=mm&r=g\",\"contentUrl\":\"https:\\\/\\\/secure.gravatar.com\\\/avatar\\\/3ea2118a5f7dad2b7138b1187a6b7ee55f160b9968b66013c3a3ef39dd7e5798?s=96&d=mm&r=g\",\"caption\":\"Jeanette\"},\"sameAs\":[\"https:\\\/\\\/www.eldiario.net\\\/portal\"],\"url\":\"https:\\\/\\\/www.eldiario.net\\\/portal\\\/author\\\/jeanette\\\/\"}]}<\/script>\n<!-- \/ Yoast SEO plugin. -->","yoast_head_json":{"title":"The Strongest vs Bol\u00edvar, un duelo electrizante - El Diario - Bolivia","robots":{"index":"index","follow":"follow","max-snippet":"max-snippet:-1","max-image-preview":"max-image-preview:large","max-video-preview":"max-video-preview:-1"},"canonical":"https:\/\/www.eldiario.net\/portal\/2022\/03\/14\/the-strongest-vs-bolivar-un-duelo-electrizante\/","og_locale":"es_ES","og_type":"article","og_title":"The Strongest vs Bol\u00edvar, un duelo electrizante - El Diario - Bolivia","og_description":"Ser\u00e1 un partido imperdible. The Strongest y Bol\u00edvar jugar\u00e1n el Cl\u00e1sico Pace\u00f1o, esta noche (19:00), en el estadio Hernando Siles, en un duelo sin tregua por los tres puntos y por subir a la punta en sus respectivos grupos antes de ingresar en el receso del campeonato. Este ser\u00e1 el primer choque que sostendr\u00e1n estos [&hellip;]","og_url":"https:\/\/www.eldiario.net\/portal\/2022\/03\/14\/the-strongest-vs-bolivar-un-duelo-electrizante\/","og_site_name":"El Diario - Bolivia","article_publisher":"https:\/\/www.facebook.com\/eldiario.bolivia\/","article_published_time":"2022-03-14T08:28:26+00:00","author":"Jeanette","twitter_card":"summary_large_image","twitter_creator":"@eldiario_net","twitter_site":"@eldiario_net","twitter_misc":{"Escrito por":"Jeanette","Tiempo de lectura":"4 minutos"},"schema":{"@context":"https:\/\/schema.org","@graph":[{"@type":"Article","@id":"https:\/\/www.eldiario.net\/portal\/2022\/03\/14\/the-strongest-vs-bolivar-un-duelo-electrizante\/#article","isPartOf":{"@id":"https:\/\/www.eldiario.net\/portal\/2022\/03\/14\/the-strongest-vs-bolivar-un-duelo-electrizante\/"},"author":{"name":"Jeanette","@id":"https:\/\/www.eldiario.net\/portal\/#\/schema\/person\/f46445640444750d7d753ccd04ae01b7"},"headline":"The Strongest vs Bol\u00edvar, un duelo electrizante","datePublished":"2022-03-14T08:28:26+00:00","mainEntityOfPage":{"@id":"https:\/\/www.eldiario.net\/portal\/2022\/03\/14\/the-strongest-vs-bolivar-un-duelo-electrizante\/"},"wordCount":665,"publisher":{"@id":"https:\/\/www.eldiario.net\/portal\/#organization"},"image":{"@id":"https:\/\/www.eldiario.net\/portal\/2022\/03\/14\/the-strongest-vs-bolivar-un-duelo-electrizante\/#primaryimage"},"thumbnailUrl":"","articleSection":["Deportes"],"inLanguage":"es"},{"@type":"WebPage","@id":"https:\/\/www.eldiario.net\/portal\/2022\/03\/14\/the-strongest-vs-bolivar-un-duelo-electrizante\/","url":"https:\/\/www.eldiario.net\/portal\/2022\/03\/14\/the-strongest-vs-bolivar-un-duelo-electrizante\/","name":"The Strongest vs Bol\u00edvar, un duelo electrizante - El Diario - Bolivia","isPartOf":{"@id":"https:\/\/www.eldiario.net\/portal\/#website"},"primaryImageOfPage":{"@id":"https:\/\/www.eldiario.net\/portal\/2022\/03\/14\/the-strongest-vs-bolivar-un-duelo-electrizante\/#primaryimage"},"image":{"@id":"https:\/\/www.eldiario.net\/portal\/2022\/03\/14\/the-strongest-vs-bolivar-un-duelo-electrizante\/#primaryimage"},"thumbnailUrl":"","datePublished":"2022-03-14T08:28:26+00:00","breadcrumb":{"@id":"https:\/\/www.eldiario.net\/portal\/2022\/03\/14\/the-strongest-vs-bolivar-un-duelo-electrizante\/#breadcrumb"},"inLanguage":"es","potentialAction":[{"@type":"ReadAction","target":["https:\/\/www.eldiario.net\/portal\/2022\/03\/14\/the-strongest-vs-bolivar-un-duelo-electrizante\/"]}]},{"@type":"ImageObject","inLanguage":"es","@id":"https:\/\/www.eldiario.net\/portal\/2022\/03\/14\/the-strongest-vs-bolivar-un-duelo-electrizante\/#primaryimage","url":"","contentUrl":""},{"@type":"BreadcrumbList","@id":"https:\/\/www.eldiario.net\/portal\/2022\/03\/14\/the-strongest-vs-bolivar-un-duelo-electrizante\/#breadcrumb","itemListElement":[{"@type":"ListItem","position":1,"name":"Portada","item":"https:\/\/www.eldiario.net\/portal\/"},{"@type":"ListItem","position":2,"name":"The Strongest vs Bol\u00edvar, un duelo electrizante"}]},{"@type":"WebSite","@id":"https:\/\/www.eldiario.net\/portal\/#website","url":"https:\/\/www.eldiario.net\/portal\/","name":"El Diario - Decano de la prensa nacional","description":"El Diario - Decano de la prensa nacional","publisher":{"@id":"https:\/\/www.eldiario.net\/portal\/#organization"},"potentialAction":[{"@type":"SearchAction","target":{"@type":"EntryPoint","urlTemplate":"https:\/\/www.eldiario.net\/portal\/?s={search_term_string}"},"query-input":{"@type":"PropertyValueSpecification","valueRequired":true,"valueName":"search_term_string"}}],"inLanguage":"es"},{"@type":"Organization","@id":"https:\/\/www.eldiario.net\/portal\/#organization","name":"El Diario - Decano de la prensa nacional","url":"https:\/\/www.eldiario.net\/portal\/","logo":{"@type":"ImageObject","inLanguage":"es","@id":"https:\/\/www.eldiario.net\/portal\/#\/schema\/logo\/image\/","url":"https:\/\/www.eldiario.net\/portal\/wp-content\/uploads\/2023\/07\/logo_ED.jpg","contentUrl":"https:\/\/www.eldiario.net\/portal\/wp-content\/uploads\/2023\/07\/logo_ED.jpg","width":272,"height":52,"caption":"El Diario - Decano de la prensa nacional"},"image":{"@id":"https:\/\/www.eldiario.net\/portal\/#\/schema\/logo\/image\/"},"sameAs":["https:\/\/www.facebook.com\/eldiario.bolivia\/","https:\/\/x.com\/eldiario_net"]},{"@type":"Person","@id":"https:\/\/www.eldiario.net\/portal\/#\/schema\/person\/f46445640444750d7d753ccd04ae01b7","name":"Jeanette","image":{"@type":"ImageObject","inLanguage":"es","@id":"https:\/\/secure.gravatar.com\/avatar\/3ea2118a5f7dad2b7138b1187a6b7ee55f160b9968b66013c3a3ef39dd7e5798?s=96&d=mm&r=g","url":"https:\/\/secure.gravatar.com\/avatar\/3ea2118a5f7dad2b7138b1187a6b7ee55f160b9968b66013c3a3ef39dd7e5798?s=96&d=mm&r=g","contentUrl":"https:\/\/secure.gravatar.com\/avatar\/3ea2118a5f7dad2b7138b1187a6b7ee55f160b9968b66013c3a3ef39dd7e5798?s=96&d=mm&r=g","caption":"Jeanette"},"sameAs":["https:\/\/www.eldiario.net\/portal"],"url":"https:\/\/www.eldiario.net\/portal\/author\/jeanette\/"}]}},"_links":{"self":[{"href":"https:\/\/www.eldiario.net\/portal\/wp-json\/wp\/v2\/posts\/69351","targetHints":{"allow":["GET"]}}],"collection":[{"href":"https:\/\/www.eldiario.net\/portal\/wp-json\/wp\/v2\/posts"}],"about":[{"href":"https:\/\/www.eldiario.net\/portal\/wp-json\/wp\/v2\/types\/post"}],"author":[{"embeddable":true,"href":"https:\/\/www.eldiario.net\/portal\/wp-json\/wp\/v2\/users\/1"}],"replies":[{"embeddable":true,"href":"https:\/\/www.eldiario.net\/portal\/wp-json\/wp\/v2\/comments?post=69351"}],"version-history":[{"count":0,"href":"https:\/\/www.eldiario.net\/portal\/wp-json\/wp\/v2\/posts\/69351\/revisions"}],"wp:attachment":[{"href":"https:\/\/www.eldiario.net\/portal\/wp-json\/wp\/v2\/media?parent=69351"}],"wp:term":[{"taxonomy":"category","embeddable":true,"href":"https:\/\/www.eldiario.net\/portal\/wp-json\/wp\/v2\/categories?post=69351"},{"taxonomy":"post_tag","embeddable":true,"href":"https:\/\/www.eldiario.net\/portal\/wp-json\/wp\/v2\/tags?post=69351"}],"curies":[{"name":"wp","href":"https:\/\/api.w.org\/{rel}","templated":true}]}}