{"id":69348,"date":"2022-03-14T04:20:58","date_gmt":"2022-03-14T08:20:58","guid":{"rendered":"https:\/\/www.eldiario.net\/portal\/?p=69348"},"modified":"2022-03-14T04:20:58","modified_gmt":"2022-03-14T08:20:58","slug":"bolivar-tiene-paternidad-pero-no-ha-podido-ganar-desde-2020","status":"publish","type":"post","link":"https:\/\/www.eldiario.net\/portal\/2022\/03\/14\/bolivar-tiene-paternidad-pero-no-ha-podido-ganar-desde-2020\/","title":{"rendered":"Bol\u00edvar tiene paternidad, pero no ha podido ganar desde 2020"},"content":{"rendered":"<p>Es el cl\u00e1sico 222 en la historia profesional. Bol\u00edvar y The Strongest marcan diferencia con una fuerte cantidad de cl\u00e1sicos disputados, siendo as\u00ed el mejor del pa\u00eds.<br \/>\nCon realidades distintas en cada cl\u00e1sico, atigrados y celestes conocen muy bien este tipo de cotejos hay que ganarlos. Sobre todo, Bol\u00edvar, un club que no gana este lance desde el 2020, dos a\u00f1os sin saber de triunfos sobre su tradicional rival.<br \/>\nEmpero, los n\u00fameros dicen que Bol\u00edvar lleva todav\u00eda una paternidad sobre The Strongest.<br \/>\nEn la historia del profesionalismo del f\u00fatbol en Bolivia, Bol\u00edvar y The Strongest rivalizaron 221 ocasiones, los triunfos acad\u00e9micos fueron de 89, sobre 58 del cuadro de Achumani; empates hubo en 74 compromisos.<br \/>\nEn cuanto a goles, Bol\u00edvar es el m\u00e1s goleador con 331 tantos anotados, mientras que The Strongest suma 280 goles convertidos.<br \/>\nSin contar con el profesionalismo, tomando en cuenta los encuentros por diferentes torneos y situaciones, Bol\u00edvar y The Strongest protagonizaron en toda su historia 403 partidos, Bol\u00edvar gan\u00f3 en 168 oportunidades; mientras que The Strongest lo hizo en 103 ocasiones; empates se registraron en 132 oportunidades.<br \/>\nEn materia de goles, Bol\u00edvar hizo 658 contra 547 que anot\u00f3 The Strongest. As\u00ed, los n\u00fameros le dan otro tinte especial a este duelo de los \u201cgigantes pace\u00f1os\u201d.<br \/>\nEL QUE M\u00c1S JUG\u00d3<br \/>\nDentro de la tabla hist\u00f3rica de futbolistas que m\u00e1s participaron en el cl\u00e1sico pace\u00f1o, el jugador Vladimir Soria, es el m\u00e1ximo referente, jugando 84 partidos en Bol\u00edvar, exclusivamente. En el segundo lugar se encuentra Carlos Borja, con 83 compromisos, tambi\u00e9n en Bol\u00edvar. El tercero es \u00d3scar S\u00e1nchez (+), quien jug\u00f3 70 compromisos, 45 en el Tigre y 25 en la Academia.<br \/>\nMarco Sandy es el siguiente en la lista, con 55 compromiso, seguido de Tito Monta\u00f1o, quien acumul\u00f3 50 (21 en The Strongest y 29 en Bol\u00edvar); le sigue Miguel Rimba con 49; despu\u00e9s Miguel Mercado 48 (47 en Bol\u00edvar y 1 en The Strongest).<br \/>\nUno de los jugadores que iba a alcanzar alguna cifra hist\u00f3rica era Daniel Vaca, quien sum\u00f3 42 compromisos hasta su retiro del cuadro aurinegro.<\/p>\n","protected":false},"excerpt":{"rendered":"<p>Es el cl\u00e1sico 222 en la historia profesional. Bol\u00edvar y The Strongest marcan diferencia con una fuerte cantidad de cl\u00e1sicos disputados, siendo as\u00ed el mejor del pa\u00eds. Con realidades distintas en cada cl\u00e1sico, atigrados y celestes conocen muy bien este tipo de cotejos hay que ganarlos. Sobre todo, Bol\u00edvar, un club que no gana este [&hellip;]<\/p>\n","protected":false},"author":1,"featured_media":69349,"comment_status":"closed","ping_status":"closed","sticky":false,"template":"","format":"standard","meta":{"_acf_changed":false,"footnotes":""},"categories":[6],"tags":[],"class_list":["post-69348","post","type-post","status-publish","format-standard","has-post-thumbnail","category-deportes"],"acf":{"antetitulo":""},"yoast_head":"<!-- This site is optimized with the Yoast SEO plugin v28.3 - https:\/\/yoast.com\/product\/yoast-seo-wordpress\/ -->\n<title>Bol\u00edvar tiene paternidad, pero no ha podido ganar desde 2020 - El Diario - Bolivia<\/title>\n<meta name=\"robots\" content=\"index, follow, max-snippet:-1, max-image-preview:large, max-video-preview:-1\" \/>\n<link rel=\"canonical\" href=\"https:\/\/www.eldiario.net\/portal\/2022\/03\/14\/bolivar-tiene-paternidad-pero-no-ha-podido-ganar-desde-2020\/\" \/>\n<meta property=\"og:locale\" content=\"es_ES\" \/>\n<meta property=\"og:type\" content=\"article\" \/>\n<meta property=\"og:title\" content=\"Bol\u00edvar tiene paternidad, pero no ha podido ganar desde 2020 - El Diario - Bolivia\" \/>\n<meta property=\"og:description\" content=\"Es el cl\u00e1sico 222 en la historia profesional. Bol\u00edvar y The Strongest marcan diferencia con una fuerte cantidad de cl\u00e1sicos disputados, siendo as\u00ed el mejor del pa\u00eds. Con realidades distintas en cada cl\u00e1sico, atigrados y celestes conocen muy bien este tipo de cotejos hay que ganarlos. Sobre todo, Bol\u00edvar, un club que no gana este [&hellip;]\" \/>\n<meta property=\"og:url\" content=\"https:\/\/www.eldiario.net\/portal\/2022\/03\/14\/bolivar-tiene-paternidad-pero-no-ha-podido-ganar-desde-2020\/\" \/>\n<meta property=\"og:site_name\" content=\"El Diario - Bolivia\" \/>\n<meta property=\"article:publisher\" content=\"https:\/\/www.facebook.com\/eldiario.bolivia\/\" \/>\n<meta property=\"article:published_time\" content=\"2022-03-14T08:20:58+00:00\" \/>\n<meta name=\"author\" content=\"Jeanette\" \/>\n<meta name=\"twitter:card\" content=\"summary_large_image\" \/>\n<meta name=\"twitter:creator\" content=\"@eldiario_net\" \/>\n<meta name=\"twitter:site\" content=\"@eldiario_net\" \/>\n<meta name=\"twitter:label1\" content=\"Escrito por\" \/>\n\t<meta name=\"twitter:data1\" content=\"Jeanette\" \/>\n\t<meta name=\"twitter:label2\" content=\"Tiempo de lectura\" \/>\n\t<meta name=\"twitter:data2\" content=\"2 minutos\" \/>\n<script type=\"application\/ld+json\" class=\"yoast-schema-graph\">{\"@context\":\"https:\\\/\\\/schema.org\",\"@graph\":[{\"@type\":\"Article\",\"@id\":\"https:\\\/\\\/www.eldiario.net\\\/portal\\\/2022\\\/03\\\/14\\\/bolivar-tiene-paternidad-pero-no-ha-podido-ganar-desde-2020\\\/#article\",\"isPartOf\":{\"@id\":\"https:\\\/\\\/www.eldiario.net\\\/portal\\\/2022\\\/03\\\/14\\\/bolivar-tiene-paternidad-pero-no-ha-podido-ganar-desde-2020\\\/\"},\"author\":{\"name\":\"Jeanette\",\"@id\":\"https:\\\/\\\/www.eldiario.net\\\/portal\\\/#\\\/schema\\\/person\\\/f46445640444750d7d753ccd04ae01b7\"},\"headline\":\"Bol\u00edvar tiene paternidad, pero no ha podido ganar desde 2020\",\"datePublished\":\"2022-03-14T08:20:58+00:00\",\"mainEntityOfPage\":{\"@id\":\"https:\\\/\\\/www.eldiario.net\\\/portal\\\/2022\\\/03\\\/14\\\/bolivar-tiene-paternidad-pero-no-ha-podido-ganar-desde-2020\\\/\"},\"wordCount\":359,\"publisher\":{\"@id\":\"https:\\\/\\\/www.eldiario.net\\\/portal\\\/#organization\"},\"image\":{\"@id\":\"https:\\\/\\\/www.eldiario.net\\\/portal\\\/2022\\\/03\\\/14\\\/bolivar-tiene-paternidad-pero-no-ha-podido-ganar-desde-2020\\\/#primaryimage\"},\"thumbnailUrl\":\"\",\"articleSection\":[\"Deportes\"],\"inLanguage\":\"es\"},{\"@type\":\"WebPage\",\"@id\":\"https:\\\/\\\/www.eldiario.net\\\/portal\\\/2022\\\/03\\\/14\\\/bolivar-tiene-paternidad-pero-no-ha-podido-ganar-desde-2020\\\/\",\"url\":\"https:\\\/\\\/www.eldiario.net\\\/portal\\\/2022\\\/03\\\/14\\\/bolivar-tiene-paternidad-pero-no-ha-podido-ganar-desde-2020\\\/\",\"name\":\"Bol\u00edvar tiene paternidad, pero no ha podido ganar desde 2020 - El Diario - Bolivia\",\"isPartOf\":{\"@id\":\"https:\\\/\\\/www.eldiario.net\\\/portal\\\/#website\"},\"primaryImageOfPage\":{\"@id\":\"https:\\\/\\\/www.eldiario.net\\\/portal\\\/2022\\\/03\\\/14\\\/bolivar-tiene-paternidad-pero-no-ha-podido-ganar-desde-2020\\\/#primaryimage\"},\"image\":{\"@id\":\"https:\\\/\\\/www.eldiario.net\\\/portal\\\/2022\\\/03\\\/14\\\/bolivar-tiene-paternidad-pero-no-ha-podido-ganar-desde-2020\\\/#primaryimage\"},\"thumbnailUrl\":\"\",\"datePublished\":\"2022-03-14T08:20:58+00:00\",\"breadcrumb\":{\"@id\":\"https:\\\/\\\/www.eldiario.net\\\/portal\\\/2022\\\/03\\\/14\\\/bolivar-tiene-paternidad-pero-no-ha-podido-ganar-desde-2020\\\/#breadcrumb\"},\"inLanguage\":\"es\",\"potentialAction\":[{\"@type\":\"ReadAction\",\"target\":[\"https:\\\/\\\/www.eldiario.net\\\/portal\\\/2022\\\/03\\\/14\\\/bolivar-tiene-paternidad-pero-no-ha-podido-ganar-desde-2020\\\/\"]}]},{\"@type\":\"ImageObject\",\"inLanguage\":\"es\",\"@id\":\"https:\\\/\\\/www.eldiario.net\\\/portal\\\/2022\\\/03\\\/14\\\/bolivar-tiene-paternidad-pero-no-ha-podido-ganar-desde-2020\\\/#primaryimage\",\"url\":\"\",\"contentUrl\":\"\"},{\"@type\":\"BreadcrumbList\",\"@id\":\"https:\\\/\\\/www.eldiario.net\\\/portal\\\/2022\\\/03\\\/14\\\/bolivar-tiene-paternidad-pero-no-ha-podido-ganar-desde-2020\\\/#breadcrumb\",\"itemListElement\":[{\"@type\":\"ListItem\",\"position\":1,\"name\":\"Portada\",\"item\":\"https:\\\/\\\/www.eldiario.net\\\/portal\\\/\"},{\"@type\":\"ListItem\",\"position\":2,\"name\":\"Bol\u00edvar tiene paternidad, pero no ha podido ganar desde 2020\"}]},{\"@type\":\"WebSite\",\"@id\":\"https:\\\/\\\/www.eldiario.net\\\/portal\\\/#website\",\"url\":\"https:\\\/\\\/www.eldiario.net\\\/portal\\\/\",\"name\":\"El Diario - Decano de la prensa nacional\",\"description\":\"El Diario - Decano de la prensa nacional\",\"publisher\":{\"@id\":\"https:\\\/\\\/www.eldiario.net\\\/portal\\\/#organization\"},\"potentialAction\":[{\"@type\":\"SearchAction\",\"target\":{\"@type\":\"EntryPoint\",\"urlTemplate\":\"https:\\\/\\\/www.eldiario.net\\\/portal\\\/?s={search_term_string}\"},\"query-input\":{\"@type\":\"PropertyValueSpecification\",\"valueRequired\":true,\"valueName\":\"search_term_string\"}}],\"inLanguage\":\"es\"},{\"@type\":\"Organization\",\"@id\":\"https:\\\/\\\/www.eldiario.net\\\/portal\\\/#organization\",\"name\":\"El Diario - Decano de la prensa nacional\",\"url\":\"https:\\\/\\\/www.eldiario.net\\\/portal\\\/\",\"logo\":{\"@type\":\"ImageObject\",\"inLanguage\":\"es\",\"@id\":\"https:\\\/\\\/www.eldiario.net\\\/portal\\\/#\\\/schema\\\/logo\\\/image\\\/\",\"url\":\"https:\\\/\\\/www.eldiario.net\\\/portal\\\/wp-content\\\/uploads\\\/2023\\\/07\\\/logo_ED.jpg\",\"contentUrl\":\"https:\\\/\\\/www.eldiario.net\\\/portal\\\/wp-content\\\/uploads\\\/2023\\\/07\\\/logo_ED.jpg\",\"width\":272,\"height\":52,\"caption\":\"El Diario - Decano de la prensa nacional\"},\"image\":{\"@id\":\"https:\\\/\\\/www.eldiario.net\\\/portal\\\/#\\\/schema\\\/logo\\\/image\\\/\"},\"sameAs\":[\"https:\\\/\\\/www.facebook.com\\\/eldiario.bolivia\\\/\",\"https:\\\/\\\/x.com\\\/eldiario_net\"]},{\"@type\":\"Person\",\"@id\":\"https:\\\/\\\/www.eldiario.net\\\/portal\\\/#\\\/schema\\\/person\\\/f46445640444750d7d753ccd04ae01b7\",\"name\":\"Jeanette\",\"image\":{\"@type\":\"ImageObject\",\"inLanguage\":\"es\",\"@id\":\"https:\\\/\\\/secure.gravatar.com\\\/avatar\\\/3ea2118a5f7dad2b7138b1187a6b7ee55f160b9968b66013c3a3ef39dd7e5798?s=96&d=mm&r=g\",\"url\":\"https:\\\/\\\/secure.gravatar.com\\\/avatar\\\/3ea2118a5f7dad2b7138b1187a6b7ee55f160b9968b66013c3a3ef39dd7e5798?s=96&d=mm&r=g\",\"contentUrl\":\"https:\\\/\\\/secure.gravatar.com\\\/avatar\\\/3ea2118a5f7dad2b7138b1187a6b7ee55f160b9968b66013c3a3ef39dd7e5798?s=96&d=mm&r=g\",\"caption\":\"Jeanette\"},\"sameAs\":[\"https:\\\/\\\/www.eldiario.net\\\/portal\"],\"url\":\"https:\\\/\\\/www.eldiario.net\\\/portal\\\/author\\\/jeanette\\\/\"}]}<\/script>\n<!-- \/ Yoast SEO plugin. -->","yoast_head_json":{"title":"Bol\u00edvar tiene paternidad, pero no ha podido ganar desde 2020 - El Diario - Bolivia","robots":{"index":"index","follow":"follow","max-snippet":"max-snippet:-1","max-image-preview":"max-image-preview:large","max-video-preview":"max-video-preview:-1"},"canonical":"https:\/\/www.eldiario.net\/portal\/2022\/03\/14\/bolivar-tiene-paternidad-pero-no-ha-podido-ganar-desde-2020\/","og_locale":"es_ES","og_type":"article","og_title":"Bol\u00edvar tiene paternidad, pero no ha podido ganar desde 2020 - El Diario - Bolivia","og_description":"Es el cl\u00e1sico 222 en la historia profesional. Bol\u00edvar y The Strongest marcan diferencia con una fuerte cantidad de cl\u00e1sicos disputados, siendo as\u00ed el mejor del pa\u00eds. Con realidades distintas en cada cl\u00e1sico, atigrados y celestes conocen muy bien este tipo de cotejos hay que ganarlos. Sobre todo, Bol\u00edvar, un club que no gana este [&hellip;]","og_url":"https:\/\/www.eldiario.net\/portal\/2022\/03\/14\/bolivar-tiene-paternidad-pero-no-ha-podido-ganar-desde-2020\/","og_site_name":"El Diario - Bolivia","article_publisher":"https:\/\/www.facebook.com\/eldiario.bolivia\/","article_published_time":"2022-03-14T08:20:58+00:00","author":"Jeanette","twitter_card":"summary_large_image","twitter_creator":"@eldiario_net","twitter_site":"@eldiario_net","twitter_misc":{"Escrito por":"Jeanette","Tiempo de lectura":"2 minutos"},"schema":{"@context":"https:\/\/schema.org","@graph":[{"@type":"Article","@id":"https:\/\/www.eldiario.net\/portal\/2022\/03\/14\/bolivar-tiene-paternidad-pero-no-ha-podido-ganar-desde-2020\/#article","isPartOf":{"@id":"https:\/\/www.eldiario.net\/portal\/2022\/03\/14\/bolivar-tiene-paternidad-pero-no-ha-podido-ganar-desde-2020\/"},"author":{"name":"Jeanette","@id":"https:\/\/www.eldiario.net\/portal\/#\/schema\/person\/f46445640444750d7d753ccd04ae01b7"},"headline":"Bol\u00edvar tiene paternidad, pero no ha podido ganar desde 2020","datePublished":"2022-03-14T08:20:58+00:00","mainEntityOfPage":{"@id":"https:\/\/www.eldiario.net\/portal\/2022\/03\/14\/bolivar-tiene-paternidad-pero-no-ha-podido-ganar-desde-2020\/"},"wordCount":359,"publisher":{"@id":"https:\/\/www.eldiario.net\/portal\/#organization"},"image":{"@id":"https:\/\/www.eldiario.net\/portal\/2022\/03\/14\/bolivar-tiene-paternidad-pero-no-ha-podido-ganar-desde-2020\/#primaryimage"},"thumbnailUrl":"","articleSection":["Deportes"],"inLanguage":"es"},{"@type":"WebPage","@id":"https:\/\/www.eldiario.net\/portal\/2022\/03\/14\/bolivar-tiene-paternidad-pero-no-ha-podido-ganar-desde-2020\/","url":"https:\/\/www.eldiario.net\/portal\/2022\/03\/14\/bolivar-tiene-paternidad-pero-no-ha-podido-ganar-desde-2020\/","name":"Bol\u00edvar tiene paternidad, pero no ha podido ganar desde 2020 - El Diario - Bolivia","isPartOf":{"@id":"https:\/\/www.eldiario.net\/portal\/#website"},"primaryImageOfPage":{"@id":"https:\/\/www.eldiario.net\/portal\/2022\/03\/14\/bolivar-tiene-paternidad-pero-no-ha-podido-ganar-desde-2020\/#primaryimage"},"image":{"@id":"https:\/\/www.eldiario.net\/portal\/2022\/03\/14\/bolivar-tiene-paternidad-pero-no-ha-podido-ganar-desde-2020\/#primaryimage"},"thumbnailUrl":"","datePublished":"2022-03-14T08:20:58+00:00","breadcrumb":{"@id":"https:\/\/www.eldiario.net\/portal\/2022\/03\/14\/bolivar-tiene-paternidad-pero-no-ha-podido-ganar-desde-2020\/#breadcrumb"},"inLanguage":"es","potentialAction":[{"@type":"ReadAction","target":["https:\/\/www.eldiario.net\/portal\/2022\/03\/14\/bolivar-tiene-paternidad-pero-no-ha-podido-ganar-desde-2020\/"]}]},{"@type":"ImageObject","inLanguage":"es","@id":"https:\/\/www.eldiario.net\/portal\/2022\/03\/14\/bolivar-tiene-paternidad-pero-no-ha-podido-ganar-desde-2020\/#primaryimage","url":"","contentUrl":""},{"@type":"BreadcrumbList","@id":"https:\/\/www.eldiario.net\/portal\/2022\/03\/14\/bolivar-tiene-paternidad-pero-no-ha-podido-ganar-desde-2020\/#breadcrumb","itemListElement":[{"@type":"ListItem","position":1,"name":"Portada","item":"https:\/\/www.eldiario.net\/portal\/"},{"@type":"ListItem","position":2,"name":"Bol\u00edvar tiene paternidad, pero no ha podido ganar desde 2020"}]},{"@type":"WebSite","@id":"https:\/\/www.eldiario.net\/portal\/#website","url":"https:\/\/www.eldiario.net\/portal\/","name":"El Diario - Decano de la prensa nacional","description":"El Diario - Decano de la prensa nacional","publisher":{"@id":"https:\/\/www.eldiario.net\/portal\/#organization"},"potentialAction":[{"@type":"SearchAction","target":{"@type":"EntryPoint","urlTemplate":"https:\/\/www.eldiario.net\/portal\/?s={search_term_string}"},"query-input":{"@type":"PropertyValueSpecification","valueRequired":true,"valueName":"search_term_string"}}],"inLanguage":"es"},{"@type":"Organization","@id":"https:\/\/www.eldiario.net\/portal\/#organization","name":"El Diario - Decano de la prensa nacional","url":"https:\/\/www.eldiario.net\/portal\/","logo":{"@type":"ImageObject","inLanguage":"es","@id":"https:\/\/www.eldiario.net\/portal\/#\/schema\/logo\/image\/","url":"https:\/\/www.eldiario.net\/portal\/wp-content\/uploads\/2023\/07\/logo_ED.jpg","contentUrl":"https:\/\/www.eldiario.net\/portal\/wp-content\/uploads\/2023\/07\/logo_ED.jpg","width":272,"height":52,"caption":"El Diario - Decano de la prensa nacional"},"image":{"@id":"https:\/\/www.eldiario.net\/portal\/#\/schema\/logo\/image\/"},"sameAs":["https:\/\/www.facebook.com\/eldiario.bolivia\/","https:\/\/x.com\/eldiario_net"]},{"@type":"Person","@id":"https:\/\/www.eldiario.net\/portal\/#\/schema\/person\/f46445640444750d7d753ccd04ae01b7","name":"Jeanette","image":{"@type":"ImageObject","inLanguage":"es","@id":"https:\/\/secure.gravatar.com\/avatar\/3ea2118a5f7dad2b7138b1187a6b7ee55f160b9968b66013c3a3ef39dd7e5798?s=96&d=mm&r=g","url":"https:\/\/secure.gravatar.com\/avatar\/3ea2118a5f7dad2b7138b1187a6b7ee55f160b9968b66013c3a3ef39dd7e5798?s=96&d=mm&r=g","contentUrl":"https:\/\/secure.gravatar.com\/avatar\/3ea2118a5f7dad2b7138b1187a6b7ee55f160b9968b66013c3a3ef39dd7e5798?s=96&d=mm&r=g","caption":"Jeanette"},"sameAs":["https:\/\/www.eldiario.net\/portal"],"url":"https:\/\/www.eldiario.net\/portal\/author\/jeanette\/"}]}},"_links":{"self":[{"href":"https:\/\/www.eldiario.net\/portal\/wp-json\/wp\/v2\/posts\/69348","targetHints":{"allow":["GET"]}}],"collection":[{"href":"https:\/\/www.eldiario.net\/portal\/wp-json\/wp\/v2\/posts"}],"about":[{"href":"https:\/\/www.eldiario.net\/portal\/wp-json\/wp\/v2\/types\/post"}],"author":[{"embeddable":true,"href":"https:\/\/www.eldiario.net\/portal\/wp-json\/wp\/v2\/users\/1"}],"replies":[{"embeddable":true,"href":"https:\/\/www.eldiario.net\/portal\/wp-json\/wp\/v2\/comments?post=69348"}],"version-history":[{"count":0,"href":"https:\/\/www.eldiario.net\/portal\/wp-json\/wp\/v2\/posts\/69348\/revisions"}],"wp:attachment":[{"href":"https:\/\/www.eldiario.net\/portal\/wp-json\/wp\/v2\/media?parent=69348"}],"wp:term":[{"taxonomy":"category","embeddable":true,"href":"https:\/\/www.eldiario.net\/portal\/wp-json\/wp\/v2\/categories?post=69348"},{"taxonomy":"post_tag","embeddable":true,"href":"https:\/\/www.eldiario.net\/portal\/wp-json\/wp\/v2\/tags?post=69348"}],"curies":[{"name":"wp","href":"https:\/\/api.w.org\/{rel}","templated":true}]}}