{"id":69190,"date":"2022-03-13T04:51:12","date_gmt":"2022-03-13T08:51:12","guid":{"rendered":"https:\/\/www.eldiario.net\/portal\/?p=69190"},"modified":"2022-03-13T04:51:12","modified_gmt":"2022-03-13T08:51:12","slug":"vaticano-protesta-por-expulsion-de-su-embajador","status":"publish","type":"post","link":"https:\/\/www.eldiario.net\/portal\/2022\/03\/13\/vaticano-protesta-por-expulsion-de-su-embajador\/","title":{"rendered":"Vaticano protesta por  expulsi\u00f3n de su embajador"},"content":{"rendered":"<p>Ciudad del Vaticano.- El Vaticano protest\u00f3 ayer ante Nicaragua por la expulsi\u00f3n efectiva de su embajador en Managua, diciendo que la acci\u00f3n unilateral era injustificada e incomprensible, manifest\u00f3 en un comunicado.<br \/>\nEl arzobispo Waldemar Sommertag, quien era embajador desde 2018, tuvo que abandonar repentinamente el pa\u00eds esta semana luego de que el gobierno del presidente Daniel Ortega retirara su aprobaci\u00f3n diplom\u00e1tica al enviado, lo que en lenguaje diplom\u00e1tico se conoce como agr\u00e9ment.<br \/>\nSommertag hab\u00eda criticado el alejamiento de la democracia del pa\u00eds centroamericano.<br \/>\n\u201c(La Santa Sede) Convencida de que esta grave e injustificada decisi\u00f3n unilateral no refleja los sentimientos del pueblo de Nicaragua, profundamente cristiano\u201d, dijo el Vaticano en un comunicado.<br \/>\nFue la \u00faltima de una serie de acciones tomadas contra Sommertag por parte del Gobierno de Ortega.<br \/>\nEn noviembre, Ortega despoj\u00f3 a Sommertag de su t\u00edtulo y funci\u00f3n como decano del cuerpo diplom\u00e1tico, en lo que los diplom\u00e1ticos consideraron una represalia por los comentarios de los dirigentes de la Iglesia local que criticaban al Gobierno.<br \/>\nEn muchos pa\u00edses de tradici\u00f3n cat\u00f3lica, el cargo de decano lo ocupa autom\u00e1ticamente el enviado del Vaticano, conocido como nuncio, independientemente del tiempo que lleve en el pa\u00eds.<br \/>\nSommertag, un polaco de 54 a\u00f1os, ha apoyado abiertamente a la Iglesia local en su posici\u00f3n de defensa de la democracia en el pa\u00eds.<br \/>\nOrtega, un exl\u00edder guerrillero marxista de la era de la Guerra Fr\u00eda que ha ocupado el cargo desde 2007, obtuvo un cuarto mandato consecutivo en noviembre despu\u00e9s de encarcelar a sus competidoras pol\u00edticos antes de unas elecciones que fueron ampliamente condenadas al no ser consideradas libres.<br \/>\nLa conferencia de obispos cat\u00f3licos de Nicaragua emiti\u00f3 un comunicado antes de las elecciones que dec\u00eda que el pa\u00eds carec\u00eda de \u201clas condiciones b\u00e1sicas e indispensables para celebrar elecciones libres, justas y transparentes\u201d.<br \/>\nLa arquidi\u00f3cesis de Managua tambi\u00e9n hab\u00eda denunciado lo que calific\u00f3 de violaci\u00f3n sistem\u00e1tica de los derechos pol\u00edticos y constitucionales, as\u00ed como \u201camenazas a la Iglesia Cat\u00f3lica (y) ofensas a sus sacerdotes y obispos\u201d. (Reuters)<\/p>\n","protected":false},"excerpt":{"rendered":"<p>Ciudad del Vaticano.- El Vaticano protest\u00f3 ayer ante Nicaragua por la expulsi\u00f3n efectiva de su embajador en Managua, diciendo que la acci\u00f3n unilateral era injustificada e incomprensible, manifest\u00f3 en un comunicado. El arzobispo Waldemar Sommertag, quien era embajador desde 2018, tuvo que abandonar repentinamente el pa\u00eds esta semana luego de que el gobierno del presidente [&hellip;]<\/p>\n","protected":false},"author":1,"featured_media":0,"comment_status":"closed","ping_status":"closed","sticky":false,"template":"","format":"standard","meta":{"_acf_changed":false,"footnotes":""},"categories":[3],"tags":[],"class_list":["post-69190","post","type-post","status-publish","format-standard","category-internacional"],"acf":{"antetitulo":""},"yoast_head":"<!-- This site is optimized with the Yoast SEO plugin v28.3 - https:\/\/yoast.com\/product\/yoast-seo-wordpress\/ -->\n<title>Vaticano protesta por expulsi\u00f3n de su embajador - El Diario - Bolivia<\/title>\n<meta name=\"robots\" content=\"index, follow, max-snippet:-1, max-image-preview:large, max-video-preview:-1\" \/>\n<link rel=\"canonical\" href=\"https:\/\/www.eldiario.net\/portal\/2022\/03\/13\/vaticano-protesta-por-expulsion-de-su-embajador\/\" \/>\n<meta property=\"og:locale\" content=\"es_ES\" \/>\n<meta property=\"og:type\" content=\"article\" \/>\n<meta property=\"og:title\" content=\"Vaticano protesta por expulsi\u00f3n de su embajador - El Diario - Bolivia\" \/>\n<meta property=\"og:description\" content=\"Ciudad del Vaticano.- El Vaticano protest\u00f3 ayer ante Nicaragua por la expulsi\u00f3n efectiva de su embajador en Managua, diciendo que la acci\u00f3n unilateral era injustificada e incomprensible, manifest\u00f3 en un comunicado. El arzobispo Waldemar Sommertag, quien era embajador desde 2018, tuvo que abandonar repentinamente el pa\u00eds esta semana luego de que el gobierno del presidente [&hellip;]\" \/>\n<meta property=\"og:url\" content=\"https:\/\/www.eldiario.net\/portal\/2022\/03\/13\/vaticano-protesta-por-expulsion-de-su-embajador\/\" \/>\n<meta property=\"og:site_name\" content=\"El Diario - Bolivia\" \/>\n<meta property=\"article:publisher\" content=\"https:\/\/www.facebook.com\/eldiario.bolivia\/\" \/>\n<meta property=\"article:published_time\" content=\"2022-03-13T08:51:12+00:00\" \/>\n<meta name=\"author\" content=\"Jeanette\" \/>\n<meta name=\"twitter:card\" content=\"summary_large_image\" \/>\n<meta name=\"twitter:creator\" content=\"@eldiario_net\" \/>\n<meta name=\"twitter:site\" content=\"@eldiario_net\" \/>\n<meta name=\"twitter:label1\" content=\"Escrito por\" \/>\n\t<meta name=\"twitter:data1\" content=\"Jeanette\" \/>\n\t<meta name=\"twitter:label2\" content=\"Tiempo de lectura\" \/>\n\t<meta name=\"twitter:data2\" content=\"2 minutos\" \/>\n<script type=\"application\/ld+json\" class=\"yoast-schema-graph\">{\"@context\":\"https:\\\/\\\/schema.org\",\"@graph\":[{\"@type\":\"Article\",\"@id\":\"https:\\\/\\\/www.eldiario.net\\\/portal\\\/2022\\\/03\\\/13\\\/vaticano-protesta-por-expulsion-de-su-embajador\\\/#article\",\"isPartOf\":{\"@id\":\"https:\\\/\\\/www.eldiario.net\\\/portal\\\/2022\\\/03\\\/13\\\/vaticano-protesta-por-expulsion-de-su-embajador\\\/\"},\"author\":{\"name\":\"Jeanette\",\"@id\":\"https:\\\/\\\/www.eldiario.net\\\/portal\\\/#\\\/schema\\\/person\\\/f46445640444750d7d753ccd04ae01b7\"},\"headline\":\"Vaticano protesta por expulsi\u00f3n de su embajador\",\"datePublished\":\"2022-03-13T08:51:12+00:00\",\"mainEntityOfPage\":{\"@id\":\"https:\\\/\\\/www.eldiario.net\\\/portal\\\/2022\\\/03\\\/13\\\/vaticano-protesta-por-expulsion-de-su-embajador\\\/\"},\"wordCount\":375,\"publisher\":{\"@id\":\"https:\\\/\\\/www.eldiario.net\\\/portal\\\/#organization\"},\"articleSection\":[\"Internacional\"],\"inLanguage\":\"es\"},{\"@type\":\"WebPage\",\"@id\":\"https:\\\/\\\/www.eldiario.net\\\/portal\\\/2022\\\/03\\\/13\\\/vaticano-protesta-por-expulsion-de-su-embajador\\\/\",\"url\":\"https:\\\/\\\/www.eldiario.net\\\/portal\\\/2022\\\/03\\\/13\\\/vaticano-protesta-por-expulsion-de-su-embajador\\\/\",\"name\":\"Vaticano protesta por expulsi\u00f3n de su embajador - El Diario - Bolivia\",\"isPartOf\":{\"@id\":\"https:\\\/\\\/www.eldiario.net\\\/portal\\\/#website\"},\"datePublished\":\"2022-03-13T08:51:12+00:00\",\"breadcrumb\":{\"@id\":\"https:\\\/\\\/www.eldiario.net\\\/portal\\\/2022\\\/03\\\/13\\\/vaticano-protesta-por-expulsion-de-su-embajador\\\/#breadcrumb\"},\"inLanguage\":\"es\",\"potentialAction\":[{\"@type\":\"ReadAction\",\"target\":[\"https:\\\/\\\/www.eldiario.net\\\/portal\\\/2022\\\/03\\\/13\\\/vaticano-protesta-por-expulsion-de-su-embajador\\\/\"]}]},{\"@type\":\"BreadcrumbList\",\"@id\":\"https:\\\/\\\/www.eldiario.net\\\/portal\\\/2022\\\/03\\\/13\\\/vaticano-protesta-por-expulsion-de-su-embajador\\\/#breadcrumb\",\"itemListElement\":[{\"@type\":\"ListItem\",\"position\":1,\"name\":\"Portada\",\"item\":\"https:\\\/\\\/www.eldiario.net\\\/portal\\\/\"},{\"@type\":\"ListItem\",\"position\":2,\"name\":\"Vaticano protesta por expulsi\u00f3n de su embajador\"}]},{\"@type\":\"WebSite\",\"@id\":\"https:\\\/\\\/www.eldiario.net\\\/portal\\\/#website\",\"url\":\"https:\\\/\\\/www.eldiario.net\\\/portal\\\/\",\"name\":\"El Diario - Decano de la prensa nacional\",\"description\":\"El Diario - Decano de la prensa nacional\",\"publisher\":{\"@id\":\"https:\\\/\\\/www.eldiario.net\\\/portal\\\/#organization\"},\"potentialAction\":[{\"@type\":\"SearchAction\",\"target\":{\"@type\":\"EntryPoint\",\"urlTemplate\":\"https:\\\/\\\/www.eldiario.net\\\/portal\\\/?s={search_term_string}\"},\"query-input\":{\"@type\":\"PropertyValueSpecification\",\"valueRequired\":true,\"valueName\":\"search_term_string\"}}],\"inLanguage\":\"es\"},{\"@type\":\"Organization\",\"@id\":\"https:\\\/\\\/www.eldiario.net\\\/portal\\\/#organization\",\"name\":\"El Diario - Decano de la prensa nacional\",\"url\":\"https:\\\/\\\/www.eldiario.net\\\/portal\\\/\",\"logo\":{\"@type\":\"ImageObject\",\"inLanguage\":\"es\",\"@id\":\"https:\\\/\\\/www.eldiario.net\\\/portal\\\/#\\\/schema\\\/logo\\\/image\\\/\",\"url\":\"https:\\\/\\\/www.eldiario.net\\\/portal\\\/wp-content\\\/uploads\\\/2023\\\/07\\\/logo_ED.jpg\",\"contentUrl\":\"https:\\\/\\\/www.eldiario.net\\\/portal\\\/wp-content\\\/uploads\\\/2023\\\/07\\\/logo_ED.jpg\",\"width\":272,\"height\":52,\"caption\":\"El Diario - Decano de la prensa nacional\"},\"image\":{\"@id\":\"https:\\\/\\\/www.eldiario.net\\\/portal\\\/#\\\/schema\\\/logo\\\/image\\\/\"},\"sameAs\":[\"https:\\\/\\\/www.facebook.com\\\/eldiario.bolivia\\\/\",\"https:\\\/\\\/x.com\\\/eldiario_net\"]},{\"@type\":\"Person\",\"@id\":\"https:\\\/\\\/www.eldiario.net\\\/portal\\\/#\\\/schema\\\/person\\\/f46445640444750d7d753ccd04ae01b7\",\"name\":\"Jeanette\",\"image\":{\"@type\":\"ImageObject\",\"inLanguage\":\"es\",\"@id\":\"https:\\\/\\\/secure.gravatar.com\\\/avatar\\\/3ea2118a5f7dad2b7138b1187a6b7ee55f160b9968b66013c3a3ef39dd7e5798?s=96&d=mm&r=g\",\"url\":\"https:\\\/\\\/secure.gravatar.com\\\/avatar\\\/3ea2118a5f7dad2b7138b1187a6b7ee55f160b9968b66013c3a3ef39dd7e5798?s=96&d=mm&r=g\",\"contentUrl\":\"https:\\\/\\\/secure.gravatar.com\\\/avatar\\\/3ea2118a5f7dad2b7138b1187a6b7ee55f160b9968b66013c3a3ef39dd7e5798?s=96&d=mm&r=g\",\"caption\":\"Jeanette\"},\"sameAs\":[\"https:\\\/\\\/www.eldiario.net\\\/portal\"],\"url\":\"https:\\\/\\\/www.eldiario.net\\\/portal\\\/author\\\/jeanette\\\/\"}]}<\/script>\n<!-- \/ Yoast SEO plugin. -->","yoast_head_json":{"title":"Vaticano protesta por expulsi\u00f3n de su embajador - El Diario - Bolivia","robots":{"index":"index","follow":"follow","max-snippet":"max-snippet:-1","max-image-preview":"max-image-preview:large","max-video-preview":"max-video-preview:-1"},"canonical":"https:\/\/www.eldiario.net\/portal\/2022\/03\/13\/vaticano-protesta-por-expulsion-de-su-embajador\/","og_locale":"es_ES","og_type":"article","og_title":"Vaticano protesta por expulsi\u00f3n de su embajador - El Diario - Bolivia","og_description":"Ciudad del Vaticano.- El Vaticano protest\u00f3 ayer ante Nicaragua por la expulsi\u00f3n efectiva de su embajador en Managua, diciendo que la acci\u00f3n unilateral era injustificada e incomprensible, manifest\u00f3 en un comunicado. El arzobispo Waldemar Sommertag, quien era embajador desde 2018, tuvo que abandonar repentinamente el pa\u00eds esta semana luego de que el gobierno del presidente [&hellip;]","og_url":"https:\/\/www.eldiario.net\/portal\/2022\/03\/13\/vaticano-protesta-por-expulsion-de-su-embajador\/","og_site_name":"El Diario - Bolivia","article_publisher":"https:\/\/www.facebook.com\/eldiario.bolivia\/","article_published_time":"2022-03-13T08:51:12+00:00","author":"Jeanette","twitter_card":"summary_large_image","twitter_creator":"@eldiario_net","twitter_site":"@eldiario_net","twitter_misc":{"Escrito por":"Jeanette","Tiempo de lectura":"2 minutos"},"schema":{"@context":"https:\/\/schema.org","@graph":[{"@type":"Article","@id":"https:\/\/www.eldiario.net\/portal\/2022\/03\/13\/vaticano-protesta-por-expulsion-de-su-embajador\/#article","isPartOf":{"@id":"https:\/\/www.eldiario.net\/portal\/2022\/03\/13\/vaticano-protesta-por-expulsion-de-su-embajador\/"},"author":{"name":"Jeanette","@id":"https:\/\/www.eldiario.net\/portal\/#\/schema\/person\/f46445640444750d7d753ccd04ae01b7"},"headline":"Vaticano protesta por expulsi\u00f3n de su embajador","datePublished":"2022-03-13T08:51:12+00:00","mainEntityOfPage":{"@id":"https:\/\/www.eldiario.net\/portal\/2022\/03\/13\/vaticano-protesta-por-expulsion-de-su-embajador\/"},"wordCount":375,"publisher":{"@id":"https:\/\/www.eldiario.net\/portal\/#organization"},"articleSection":["Internacional"],"inLanguage":"es"},{"@type":"WebPage","@id":"https:\/\/www.eldiario.net\/portal\/2022\/03\/13\/vaticano-protesta-por-expulsion-de-su-embajador\/","url":"https:\/\/www.eldiario.net\/portal\/2022\/03\/13\/vaticano-protesta-por-expulsion-de-su-embajador\/","name":"Vaticano protesta por expulsi\u00f3n de su embajador - El Diario - Bolivia","isPartOf":{"@id":"https:\/\/www.eldiario.net\/portal\/#website"},"datePublished":"2022-03-13T08:51:12+00:00","breadcrumb":{"@id":"https:\/\/www.eldiario.net\/portal\/2022\/03\/13\/vaticano-protesta-por-expulsion-de-su-embajador\/#breadcrumb"},"inLanguage":"es","potentialAction":[{"@type":"ReadAction","target":["https:\/\/www.eldiario.net\/portal\/2022\/03\/13\/vaticano-protesta-por-expulsion-de-su-embajador\/"]}]},{"@type":"BreadcrumbList","@id":"https:\/\/www.eldiario.net\/portal\/2022\/03\/13\/vaticano-protesta-por-expulsion-de-su-embajador\/#breadcrumb","itemListElement":[{"@type":"ListItem","position":1,"name":"Portada","item":"https:\/\/www.eldiario.net\/portal\/"},{"@type":"ListItem","position":2,"name":"Vaticano protesta por expulsi\u00f3n de su embajador"}]},{"@type":"WebSite","@id":"https:\/\/www.eldiario.net\/portal\/#website","url":"https:\/\/www.eldiario.net\/portal\/","name":"El Diario - Decano de la prensa nacional","description":"El Diario - Decano de la prensa nacional","publisher":{"@id":"https:\/\/www.eldiario.net\/portal\/#organization"},"potentialAction":[{"@type":"SearchAction","target":{"@type":"EntryPoint","urlTemplate":"https:\/\/www.eldiario.net\/portal\/?s={search_term_string}"},"query-input":{"@type":"PropertyValueSpecification","valueRequired":true,"valueName":"search_term_string"}}],"inLanguage":"es"},{"@type":"Organization","@id":"https:\/\/www.eldiario.net\/portal\/#organization","name":"El Diario - Decano de la prensa nacional","url":"https:\/\/www.eldiario.net\/portal\/","logo":{"@type":"ImageObject","inLanguage":"es","@id":"https:\/\/www.eldiario.net\/portal\/#\/schema\/logo\/image\/","url":"https:\/\/www.eldiario.net\/portal\/wp-content\/uploads\/2023\/07\/logo_ED.jpg","contentUrl":"https:\/\/www.eldiario.net\/portal\/wp-content\/uploads\/2023\/07\/logo_ED.jpg","width":272,"height":52,"caption":"El Diario - Decano de la prensa nacional"},"image":{"@id":"https:\/\/www.eldiario.net\/portal\/#\/schema\/logo\/image\/"},"sameAs":["https:\/\/www.facebook.com\/eldiario.bolivia\/","https:\/\/x.com\/eldiario_net"]},{"@type":"Person","@id":"https:\/\/www.eldiario.net\/portal\/#\/schema\/person\/f46445640444750d7d753ccd04ae01b7","name":"Jeanette","image":{"@type":"ImageObject","inLanguage":"es","@id":"https:\/\/secure.gravatar.com\/avatar\/3ea2118a5f7dad2b7138b1187a6b7ee55f160b9968b66013c3a3ef39dd7e5798?s=96&d=mm&r=g","url":"https:\/\/secure.gravatar.com\/avatar\/3ea2118a5f7dad2b7138b1187a6b7ee55f160b9968b66013c3a3ef39dd7e5798?s=96&d=mm&r=g","contentUrl":"https:\/\/secure.gravatar.com\/avatar\/3ea2118a5f7dad2b7138b1187a6b7ee55f160b9968b66013c3a3ef39dd7e5798?s=96&d=mm&r=g","caption":"Jeanette"},"sameAs":["https:\/\/www.eldiario.net\/portal"],"url":"https:\/\/www.eldiario.net\/portal\/author\/jeanette\/"}]}},"_links":{"self":[{"href":"https:\/\/www.eldiario.net\/portal\/wp-json\/wp\/v2\/posts\/69190","targetHints":{"allow":["GET"]}}],"collection":[{"href":"https:\/\/www.eldiario.net\/portal\/wp-json\/wp\/v2\/posts"}],"about":[{"href":"https:\/\/www.eldiario.net\/portal\/wp-json\/wp\/v2\/types\/post"}],"author":[{"embeddable":true,"href":"https:\/\/www.eldiario.net\/portal\/wp-json\/wp\/v2\/users\/1"}],"replies":[{"embeddable":true,"href":"https:\/\/www.eldiario.net\/portal\/wp-json\/wp\/v2\/comments?post=69190"}],"version-history":[{"count":0,"href":"https:\/\/www.eldiario.net\/portal\/wp-json\/wp\/v2\/posts\/69190\/revisions"}],"wp:attachment":[{"href":"https:\/\/www.eldiario.net\/portal\/wp-json\/wp\/v2\/media?parent=69190"}],"wp:term":[{"taxonomy":"category","embeddable":true,"href":"https:\/\/www.eldiario.net\/portal\/wp-json\/wp\/v2\/categories?post=69190"},{"taxonomy":"post_tag","embeddable":true,"href":"https:\/\/www.eldiario.net\/portal\/wp-json\/wp\/v2\/tags?post=69190"}],"curies":[{"name":"wp","href":"https:\/\/api.w.org\/{rel}","templated":true}]}}