{"id":69187,"date":"2022-03-13T04:50:30","date_gmt":"2022-03-13T08:50:30","guid":{"rendered":"https:\/\/www.eldiario.net\/portal\/?p=69187"},"modified":"2022-03-13T04:50:30","modified_gmt":"2022-03-13T08:50:30","slug":"el-gran-movimiento-la-paz-sinfonia-de-una-ciudad","status":"publish","type":"post","link":"https:\/\/www.eldiario.net\/portal\/2022\/03\/13\/el-gran-movimiento-la-paz-sinfonia-de-una-ciudad\/","title":{"rendered":"El gran movimiento: La Paz, sinfon\u00eda de una ciudad"},"content":{"rendered":"<p>Y la gente lo repudia; no puede con \u00e9l. Para los curas es un endemoniado, y una oveja descarriada seg\u00fan los evangelistas; para las viejas es un brujo. Pero seg\u00fan los brujos no lo es. Y seg\u00fan mi abuela, es una criatura de los mundos infiernos. Para unos es una bestia, para otros un animal, y para aquellos un leproso. Los literatos no le han hecho caso y tampoco los poetas; pero alguien por ah\u00ed, seguramente, ya sabr\u00e1 ocuparse de \u00e9l.<br \/>\nJaime S\u00e1enz, El aparapita de La Paz<\/p>\n<p>Elder hab\u00eda llegado a la ciudad con sus cuates el Gallo y el Gato en una marcha con los mineros de Huanuni, y en una entrevista que le hacen para la televisi\u00f3n lo reconocen como el actor principal de Viejo calavera, pel\u00edcula debut del director Kiro Russo. Con este agudo gui\u00f1o metaf\u00edlmico se vincula la mencionada pel\u00edcula con su nuevo esfuerzo cinematogr\u00e1fico, El gran movimiento.<br \/>\nEsta vez nos mudamos de los socavones mineros del altiplano, al hoyo de La Paz, metr\u00f3polis andina por excelencia, y seguiremos los renqueantes andares de Elder y la dulce y sabia mirada de Max, por las quebradas y hondonadas de una ciudad monta\u00f1a, ciudad mirador, de la ciudad con topograf\u00eda m\u00e1s abrupta y peculiar de todo el orbe.<br \/>\nLa trama sigue al incomprendido y vilipendiado Elder, alter ego de Ticona, en su degradaci\u00f3n corporal y espiritual, mientras trata de ganarse el pan y licor cotidiano, sin acertar cual es el mal que lo aqueja, para ello sus amigos, su entra\u00f1able madrina \u201cMam\u00e1\u201d Pancha y el ambulante curandero Max, buscar\u00e1n la insondable sanaci\u00f3n del protagonista.<br \/>\nEl viaje de los personajes, que es a la vez el viaje, b\u00fasqueda y el encuentro del realizador, nos transporta a un di\u00e1logo del presente con el pasado, del ahora con la tradici\u00f3n. A trav\u00e9s de la direcci\u00f3n de Russo, su visi\u00f3n y sus personajes, a trav\u00e9s del teleobjetivezco lente de Pablo Paniagua, a trav\u00e9s de La Paz del avizor ojo del locacionista Fernando Ballivi\u00e1n, El gran movimiento entabla una conversaci\u00f3n de t\u00fa a t\u00fa con eminentes artistas de la pace\u00f1idad como el Jorge Sanjin\u00e9s de La naci\u00f3n clandestina, el Arturo Borda de los lienzos El filicidio, El yatiri o las naturalezas y ca\u00f1adones de Chuquiago Marka y, c\u00f3mo no, el Jaime Saenz bodeguero y sus aparapitas.<br \/>\nEl humor, el \u201cmal\u201d de altura, el copete, la amistad, lo on\u00edrico, los telef\u00e9ricos, la danza, la solidaridad en la indigencia y otros condimentos abrazan a los personajes por mercados, tambos, callejones, meandros, bosquecillos y las descascaradas y desfachatadas edificaciones de la ciudad. Todo esto queda hilvanado con destreza por los otros protagonistas \u201ct\u00e9cnicos\u201d de la cinta que son: el omniabarcante lente de la c\u00e1mara, una sofisticada y cl\u00ednica mezcla sonora que combinan colores y sonidos, texturas y ruidos, hendiduras y vociferaciones de la urbe, acompa\u00f1ados de un perfecto fondo musical de Miguel Llanque.<br \/>\nAunque se nota un salto hacia adelante, una atrevida segunda jugada, El gran movimiento conserva motivos y rasgos distintivos del realizador, como el inalienable amor por los primeros maestros rusos (Pudovkin, Vertov, Kuleshov, Eisenstein), ese hermoso guilty pleasure por el \u00edtalo disco de los tempranos ochentas y, como no, la evoluci\u00f3n del actor fetiche, Julio C\u00e9sar Ticona, el Elder, que carga en su espalda no solo las verduras del mercado, sino el \u201cpeso\u201d de su segundo largometraje como protagonista.<br \/>\nA todo lo anterior cabe sumarle nuevas complicidades con ese cine \u201cvoyeur\u201d de los 70s como ser The Conversation (La conversaci\u00f3n, 1974) del Francis Ford Coppola m\u00e1s intimista, compartiendo un paciente, cadencioso y casi abstracto intro a punta de acompasado zoom que te va acercando a las pulsiones, ruidos y furias de la urbe a la que apuntan, a la ciudad a la que vigilan.<br \/>\nEl nombre del filme, as\u00ed como la enfermedad de Elder, son grandes misterios que nos envuelven y no se revelan con sencillez. Quiz\u00e1s la pista para desvelar dichos misterios, es que los autores acogieron los ajayus de Walter Ruttmann y de Dziga Vertov, para cien a\u00f1os despu\u00e9s, ser los hombres de la c\u00e1mara que plasman en celuloide: La Paz, sinfon\u00eda de una ciudad.<\/p>\n<p><em>Hoy en Cvltvral tenemos como invitado a otro de tantos grandes amigos de la casa como es el escritor pace\u00f1o \u00c1lvaro Loayza, enraizado en las ra\u00edces pace\u00f1as, valga la redundancia, que nos deleita en esta oportunidad con una excelente rese\u00f1a sobre la recientemente estrenada pel\u00edcula de Kiro Russo \u201cEl Gran Movimiento\u201d, una de las mejores en los \u00faltimos a\u00f1os\u2026 Sean todos bienvenidos al show.<\/em><\/p>\n","protected":false},"excerpt":{"rendered":"<p>Y la gente lo repudia; no puede con \u00e9l. Para los curas es un endemoniado, y una oveja descarriada seg\u00fan los evangelistas; para las viejas es un brujo. Pero seg\u00fan los brujos no lo es. Y seg\u00fan mi abuela, es una criatura de los mundos infiernos. Para unos es una bestia, para otros un animal, [&hellip;]<\/p>\n","protected":false},"author":1,"featured_media":69188,"comment_status":"closed","ping_status":"closed","sticky":false,"template":"","format":"standard","meta":{"_acf_changed":false,"footnotes":""},"categories":[8],"tags":[],"class_list":["post-69187","post","type-post","status-publish","format-standard","has-post-thumbnail","category-cultural"],"acf":{"antetitulo":""},"yoast_head":"<!-- This site is optimized with the Yoast SEO plugin v28.3 - https:\/\/yoast.com\/product\/yoast-seo-wordpress\/ -->\n<title>El gran movimiento: La Paz, sinfon\u00eda de una ciudad - El Diario - Bolivia<\/title>\n<meta name=\"robots\" content=\"index, follow, max-snippet:-1, max-image-preview:large, max-video-preview:-1\" \/>\n<link rel=\"canonical\" href=\"https:\/\/www.eldiario.net\/portal\/2022\/03\/13\/el-gran-movimiento-la-paz-sinfonia-de-una-ciudad\/\" \/>\n<meta property=\"og:locale\" content=\"es_ES\" \/>\n<meta property=\"og:type\" content=\"article\" \/>\n<meta property=\"og:title\" content=\"El gran movimiento: La Paz, sinfon\u00eda de una ciudad - El Diario - Bolivia\" \/>\n<meta property=\"og:description\" content=\"Y la gente lo repudia; no puede con \u00e9l. Para los curas es un endemoniado, y una oveja descarriada seg\u00fan los evangelistas; para las viejas es un brujo. Pero seg\u00fan los brujos no lo es. Y seg\u00fan mi abuela, es una criatura de los mundos infiernos. Para unos es una bestia, para otros un animal, [&hellip;]\" \/>\n<meta property=\"og:url\" content=\"https:\/\/www.eldiario.net\/portal\/2022\/03\/13\/el-gran-movimiento-la-paz-sinfonia-de-una-ciudad\/\" \/>\n<meta property=\"og:site_name\" content=\"El Diario - Bolivia\" \/>\n<meta property=\"article:publisher\" content=\"https:\/\/www.facebook.com\/eldiario.bolivia\/\" \/>\n<meta property=\"article:published_time\" content=\"2022-03-13T08:50:30+00:00\" \/>\n<meta name=\"author\" content=\"Jeanette\" \/>\n<meta name=\"twitter:card\" content=\"summary_large_image\" \/>\n<meta name=\"twitter:creator\" content=\"@eldiario_net\" \/>\n<meta name=\"twitter:site\" content=\"@eldiario_net\" \/>\n<meta name=\"twitter:label1\" content=\"Escrito por\" \/>\n\t<meta name=\"twitter:data1\" content=\"Jeanette\" \/>\n\t<meta name=\"twitter:label2\" content=\"Tiempo de lectura\" \/>\n\t<meta name=\"twitter:data2\" content=\"4 minutos\" \/>\n<script type=\"application\/ld+json\" class=\"yoast-schema-graph\">{\"@context\":\"https:\\\/\\\/schema.org\",\"@graph\":[{\"@type\":\"Article\",\"@id\":\"https:\\\/\\\/www.eldiario.net\\\/portal\\\/2022\\\/03\\\/13\\\/el-gran-movimiento-la-paz-sinfonia-de-una-ciudad\\\/#article\",\"isPartOf\":{\"@id\":\"https:\\\/\\\/www.eldiario.net\\\/portal\\\/2022\\\/03\\\/13\\\/el-gran-movimiento-la-paz-sinfonia-de-una-ciudad\\\/\"},\"author\":{\"name\":\"Jeanette\",\"@id\":\"https:\\\/\\\/www.eldiario.net\\\/portal\\\/#\\\/schema\\\/person\\\/f46445640444750d7d753ccd04ae01b7\"},\"headline\":\"El gran movimiento: La Paz, sinfon\u00eda de una ciudad\",\"datePublished\":\"2022-03-13T08:50:30+00:00\",\"mainEntityOfPage\":{\"@id\":\"https:\\\/\\\/www.eldiario.net\\\/portal\\\/2022\\\/03\\\/13\\\/el-gran-movimiento-la-paz-sinfonia-de-una-ciudad\\\/\"},\"wordCount\":813,\"publisher\":{\"@id\":\"https:\\\/\\\/www.eldiario.net\\\/portal\\\/#organization\"},\"image\":{\"@id\":\"https:\\\/\\\/www.eldiario.net\\\/portal\\\/2022\\\/03\\\/13\\\/el-gran-movimiento-la-paz-sinfonia-de-una-ciudad\\\/#primaryimage\"},\"thumbnailUrl\":\"\",\"articleSection\":[\"Cultural\"],\"inLanguage\":\"es\"},{\"@type\":\"WebPage\",\"@id\":\"https:\\\/\\\/www.eldiario.net\\\/portal\\\/2022\\\/03\\\/13\\\/el-gran-movimiento-la-paz-sinfonia-de-una-ciudad\\\/\",\"url\":\"https:\\\/\\\/www.eldiario.net\\\/portal\\\/2022\\\/03\\\/13\\\/el-gran-movimiento-la-paz-sinfonia-de-una-ciudad\\\/\",\"name\":\"El gran movimiento: La Paz, sinfon\u00eda de una ciudad - El Diario - Bolivia\",\"isPartOf\":{\"@id\":\"https:\\\/\\\/www.eldiario.net\\\/portal\\\/#website\"},\"primaryImageOfPage\":{\"@id\":\"https:\\\/\\\/www.eldiario.net\\\/portal\\\/2022\\\/03\\\/13\\\/el-gran-movimiento-la-paz-sinfonia-de-una-ciudad\\\/#primaryimage\"},\"image\":{\"@id\":\"https:\\\/\\\/www.eldiario.net\\\/portal\\\/2022\\\/03\\\/13\\\/el-gran-movimiento-la-paz-sinfonia-de-una-ciudad\\\/#primaryimage\"},\"thumbnailUrl\":\"\",\"datePublished\":\"2022-03-13T08:50:30+00:00\",\"breadcrumb\":{\"@id\":\"https:\\\/\\\/www.eldiario.net\\\/portal\\\/2022\\\/03\\\/13\\\/el-gran-movimiento-la-paz-sinfonia-de-una-ciudad\\\/#breadcrumb\"},\"inLanguage\":\"es\",\"potentialAction\":[{\"@type\":\"ReadAction\",\"target\":[\"https:\\\/\\\/www.eldiario.net\\\/portal\\\/2022\\\/03\\\/13\\\/el-gran-movimiento-la-paz-sinfonia-de-una-ciudad\\\/\"]}]},{\"@type\":\"ImageObject\",\"inLanguage\":\"es\",\"@id\":\"https:\\\/\\\/www.eldiario.net\\\/portal\\\/2022\\\/03\\\/13\\\/el-gran-movimiento-la-paz-sinfonia-de-una-ciudad\\\/#primaryimage\",\"url\":\"\",\"contentUrl\":\"\"},{\"@type\":\"BreadcrumbList\",\"@id\":\"https:\\\/\\\/www.eldiario.net\\\/portal\\\/2022\\\/03\\\/13\\\/el-gran-movimiento-la-paz-sinfonia-de-una-ciudad\\\/#breadcrumb\",\"itemListElement\":[{\"@type\":\"ListItem\",\"position\":1,\"name\":\"Portada\",\"item\":\"https:\\\/\\\/www.eldiario.net\\\/portal\\\/\"},{\"@type\":\"ListItem\",\"position\":2,\"name\":\"El gran movimiento: La Paz, sinfon\u00eda de una ciudad\"}]},{\"@type\":\"WebSite\",\"@id\":\"https:\\\/\\\/www.eldiario.net\\\/portal\\\/#website\",\"url\":\"https:\\\/\\\/www.eldiario.net\\\/portal\\\/\",\"name\":\"El Diario - Decano de la prensa nacional\",\"description\":\"El Diario - Decano de la prensa nacional\",\"publisher\":{\"@id\":\"https:\\\/\\\/www.eldiario.net\\\/portal\\\/#organization\"},\"potentialAction\":[{\"@type\":\"SearchAction\",\"target\":{\"@type\":\"EntryPoint\",\"urlTemplate\":\"https:\\\/\\\/www.eldiario.net\\\/portal\\\/?s={search_term_string}\"},\"query-input\":{\"@type\":\"PropertyValueSpecification\",\"valueRequired\":true,\"valueName\":\"search_term_string\"}}],\"inLanguage\":\"es\"},{\"@type\":\"Organization\",\"@id\":\"https:\\\/\\\/www.eldiario.net\\\/portal\\\/#organization\",\"name\":\"El Diario - Decano de la prensa nacional\",\"url\":\"https:\\\/\\\/www.eldiario.net\\\/portal\\\/\",\"logo\":{\"@type\":\"ImageObject\",\"inLanguage\":\"es\",\"@id\":\"https:\\\/\\\/www.eldiario.net\\\/portal\\\/#\\\/schema\\\/logo\\\/image\\\/\",\"url\":\"https:\\\/\\\/www.eldiario.net\\\/portal\\\/wp-content\\\/uploads\\\/2023\\\/07\\\/logo_ED.jpg\",\"contentUrl\":\"https:\\\/\\\/www.eldiario.net\\\/portal\\\/wp-content\\\/uploads\\\/2023\\\/07\\\/logo_ED.jpg\",\"width\":272,\"height\":52,\"caption\":\"El Diario - Decano de la prensa nacional\"},\"image\":{\"@id\":\"https:\\\/\\\/www.eldiario.net\\\/portal\\\/#\\\/schema\\\/logo\\\/image\\\/\"},\"sameAs\":[\"https:\\\/\\\/www.facebook.com\\\/eldiario.bolivia\\\/\",\"https:\\\/\\\/x.com\\\/eldiario_net\"]},{\"@type\":\"Person\",\"@id\":\"https:\\\/\\\/www.eldiario.net\\\/portal\\\/#\\\/schema\\\/person\\\/f46445640444750d7d753ccd04ae01b7\",\"name\":\"Jeanette\",\"image\":{\"@type\":\"ImageObject\",\"inLanguage\":\"es\",\"@id\":\"https:\\\/\\\/secure.gravatar.com\\\/avatar\\\/3ea2118a5f7dad2b7138b1187a6b7ee55f160b9968b66013c3a3ef39dd7e5798?s=96&d=mm&r=g\",\"url\":\"https:\\\/\\\/secure.gravatar.com\\\/avatar\\\/3ea2118a5f7dad2b7138b1187a6b7ee55f160b9968b66013c3a3ef39dd7e5798?s=96&d=mm&r=g\",\"contentUrl\":\"https:\\\/\\\/secure.gravatar.com\\\/avatar\\\/3ea2118a5f7dad2b7138b1187a6b7ee55f160b9968b66013c3a3ef39dd7e5798?s=96&d=mm&r=g\",\"caption\":\"Jeanette\"},\"sameAs\":[\"https:\\\/\\\/www.eldiario.net\\\/portal\"],\"url\":\"https:\\\/\\\/www.eldiario.net\\\/portal\\\/author\\\/jeanette\\\/\"}]}<\/script>\n<!-- \/ Yoast SEO plugin. -->","yoast_head_json":{"title":"El gran movimiento: La Paz, sinfon\u00eda de una ciudad - El Diario - Bolivia","robots":{"index":"index","follow":"follow","max-snippet":"max-snippet:-1","max-image-preview":"max-image-preview:large","max-video-preview":"max-video-preview:-1"},"canonical":"https:\/\/www.eldiario.net\/portal\/2022\/03\/13\/el-gran-movimiento-la-paz-sinfonia-de-una-ciudad\/","og_locale":"es_ES","og_type":"article","og_title":"El gran movimiento: La Paz, sinfon\u00eda de una ciudad - El Diario - Bolivia","og_description":"Y la gente lo repudia; no puede con \u00e9l. Para los curas es un endemoniado, y una oveja descarriada seg\u00fan los evangelistas; para las viejas es un brujo. Pero seg\u00fan los brujos no lo es. Y seg\u00fan mi abuela, es una criatura de los mundos infiernos. Para unos es una bestia, para otros un animal, [&hellip;]","og_url":"https:\/\/www.eldiario.net\/portal\/2022\/03\/13\/el-gran-movimiento-la-paz-sinfonia-de-una-ciudad\/","og_site_name":"El Diario - Bolivia","article_publisher":"https:\/\/www.facebook.com\/eldiario.bolivia\/","article_published_time":"2022-03-13T08:50:30+00:00","author":"Jeanette","twitter_card":"summary_large_image","twitter_creator":"@eldiario_net","twitter_site":"@eldiario_net","twitter_misc":{"Escrito por":"Jeanette","Tiempo de lectura":"4 minutos"},"schema":{"@context":"https:\/\/schema.org","@graph":[{"@type":"Article","@id":"https:\/\/www.eldiario.net\/portal\/2022\/03\/13\/el-gran-movimiento-la-paz-sinfonia-de-una-ciudad\/#article","isPartOf":{"@id":"https:\/\/www.eldiario.net\/portal\/2022\/03\/13\/el-gran-movimiento-la-paz-sinfonia-de-una-ciudad\/"},"author":{"name":"Jeanette","@id":"https:\/\/www.eldiario.net\/portal\/#\/schema\/person\/f46445640444750d7d753ccd04ae01b7"},"headline":"El gran movimiento: La Paz, sinfon\u00eda de una ciudad","datePublished":"2022-03-13T08:50:30+00:00","mainEntityOfPage":{"@id":"https:\/\/www.eldiario.net\/portal\/2022\/03\/13\/el-gran-movimiento-la-paz-sinfonia-de-una-ciudad\/"},"wordCount":813,"publisher":{"@id":"https:\/\/www.eldiario.net\/portal\/#organization"},"image":{"@id":"https:\/\/www.eldiario.net\/portal\/2022\/03\/13\/el-gran-movimiento-la-paz-sinfonia-de-una-ciudad\/#primaryimage"},"thumbnailUrl":"","articleSection":["Cultural"],"inLanguage":"es"},{"@type":"WebPage","@id":"https:\/\/www.eldiario.net\/portal\/2022\/03\/13\/el-gran-movimiento-la-paz-sinfonia-de-una-ciudad\/","url":"https:\/\/www.eldiario.net\/portal\/2022\/03\/13\/el-gran-movimiento-la-paz-sinfonia-de-una-ciudad\/","name":"El gran movimiento: La Paz, sinfon\u00eda de una ciudad - El Diario - Bolivia","isPartOf":{"@id":"https:\/\/www.eldiario.net\/portal\/#website"},"primaryImageOfPage":{"@id":"https:\/\/www.eldiario.net\/portal\/2022\/03\/13\/el-gran-movimiento-la-paz-sinfonia-de-una-ciudad\/#primaryimage"},"image":{"@id":"https:\/\/www.eldiario.net\/portal\/2022\/03\/13\/el-gran-movimiento-la-paz-sinfonia-de-una-ciudad\/#primaryimage"},"thumbnailUrl":"","datePublished":"2022-03-13T08:50:30+00:00","breadcrumb":{"@id":"https:\/\/www.eldiario.net\/portal\/2022\/03\/13\/el-gran-movimiento-la-paz-sinfonia-de-una-ciudad\/#breadcrumb"},"inLanguage":"es","potentialAction":[{"@type":"ReadAction","target":["https:\/\/www.eldiario.net\/portal\/2022\/03\/13\/el-gran-movimiento-la-paz-sinfonia-de-una-ciudad\/"]}]},{"@type":"ImageObject","inLanguage":"es","@id":"https:\/\/www.eldiario.net\/portal\/2022\/03\/13\/el-gran-movimiento-la-paz-sinfonia-de-una-ciudad\/#primaryimage","url":"","contentUrl":""},{"@type":"BreadcrumbList","@id":"https:\/\/www.eldiario.net\/portal\/2022\/03\/13\/el-gran-movimiento-la-paz-sinfonia-de-una-ciudad\/#breadcrumb","itemListElement":[{"@type":"ListItem","position":1,"name":"Portada","item":"https:\/\/www.eldiario.net\/portal\/"},{"@type":"ListItem","position":2,"name":"El gran movimiento: La Paz, sinfon\u00eda de una ciudad"}]},{"@type":"WebSite","@id":"https:\/\/www.eldiario.net\/portal\/#website","url":"https:\/\/www.eldiario.net\/portal\/","name":"El Diario - Decano de la prensa nacional","description":"El Diario - Decano de la prensa nacional","publisher":{"@id":"https:\/\/www.eldiario.net\/portal\/#organization"},"potentialAction":[{"@type":"SearchAction","target":{"@type":"EntryPoint","urlTemplate":"https:\/\/www.eldiario.net\/portal\/?s={search_term_string}"},"query-input":{"@type":"PropertyValueSpecification","valueRequired":true,"valueName":"search_term_string"}}],"inLanguage":"es"},{"@type":"Organization","@id":"https:\/\/www.eldiario.net\/portal\/#organization","name":"El Diario - Decano de la prensa nacional","url":"https:\/\/www.eldiario.net\/portal\/","logo":{"@type":"ImageObject","inLanguage":"es","@id":"https:\/\/www.eldiario.net\/portal\/#\/schema\/logo\/image\/","url":"https:\/\/www.eldiario.net\/portal\/wp-content\/uploads\/2023\/07\/logo_ED.jpg","contentUrl":"https:\/\/www.eldiario.net\/portal\/wp-content\/uploads\/2023\/07\/logo_ED.jpg","width":272,"height":52,"caption":"El Diario - Decano de la prensa nacional"},"image":{"@id":"https:\/\/www.eldiario.net\/portal\/#\/schema\/logo\/image\/"},"sameAs":["https:\/\/www.facebook.com\/eldiario.bolivia\/","https:\/\/x.com\/eldiario_net"]},{"@type":"Person","@id":"https:\/\/www.eldiario.net\/portal\/#\/schema\/person\/f46445640444750d7d753ccd04ae01b7","name":"Jeanette","image":{"@type":"ImageObject","inLanguage":"es","@id":"https:\/\/secure.gravatar.com\/avatar\/3ea2118a5f7dad2b7138b1187a6b7ee55f160b9968b66013c3a3ef39dd7e5798?s=96&d=mm&r=g","url":"https:\/\/secure.gravatar.com\/avatar\/3ea2118a5f7dad2b7138b1187a6b7ee55f160b9968b66013c3a3ef39dd7e5798?s=96&d=mm&r=g","contentUrl":"https:\/\/secure.gravatar.com\/avatar\/3ea2118a5f7dad2b7138b1187a6b7ee55f160b9968b66013c3a3ef39dd7e5798?s=96&d=mm&r=g","caption":"Jeanette"},"sameAs":["https:\/\/www.eldiario.net\/portal"],"url":"https:\/\/www.eldiario.net\/portal\/author\/jeanette\/"}]}},"_links":{"self":[{"href":"https:\/\/www.eldiario.net\/portal\/wp-json\/wp\/v2\/posts\/69187","targetHints":{"allow":["GET"]}}],"collection":[{"href":"https:\/\/www.eldiario.net\/portal\/wp-json\/wp\/v2\/posts"}],"about":[{"href":"https:\/\/www.eldiario.net\/portal\/wp-json\/wp\/v2\/types\/post"}],"author":[{"embeddable":true,"href":"https:\/\/www.eldiario.net\/portal\/wp-json\/wp\/v2\/users\/1"}],"replies":[{"embeddable":true,"href":"https:\/\/www.eldiario.net\/portal\/wp-json\/wp\/v2\/comments?post=69187"}],"version-history":[{"count":0,"href":"https:\/\/www.eldiario.net\/portal\/wp-json\/wp\/v2\/posts\/69187\/revisions"}],"wp:attachment":[{"href":"https:\/\/www.eldiario.net\/portal\/wp-json\/wp\/v2\/media?parent=69187"}],"wp:term":[{"taxonomy":"category","embeddable":true,"href":"https:\/\/www.eldiario.net\/portal\/wp-json\/wp\/v2\/categories?post=69187"},{"taxonomy":"post_tag","embeddable":true,"href":"https:\/\/www.eldiario.net\/portal\/wp-json\/wp\/v2\/tags?post=69187"}],"curies":[{"name":"wp","href":"https:\/\/api.w.org\/{rel}","templated":true}]}}